{"id":583273,"date":"2023-04-18T08:25:29","date_gmt":"2023-04-18T06:25:29","guid":{"rendered":"https:\/\/theplayoffs.news\/fr\/?p=583273"},"modified":"2023-04-18T08:25:29","modified_gmt":"2023-04-18T06:25:29","slug":"jacob-degrom-sort-sur-blessure","status":"publish","type":"post","link":"https:\/\/theplayoffs.news\/fr\/actualite-mlb\/jacob-degrom-sort-sur-blessure\/","title":{"rendered":"Jacob deGrom\u00a0sort sur blessure\u00a0!"},"content":{"rendered":"<p style=\"text-align: justify\"><a href=\"https:\/\/theplayoffs.news\/fr\/joueur\/jacob-degrom-mlb-65592\/\" class=\"trk-cta-link\" data-cta-trk='{\"ctaType\":\"Link\",\"ctaSubType\":\"main\"}'>Jacob deGrom<\/a> a d&ucirc; laisser sa place hier soir contre les <a href=\"https:\/\/theplayoffs.news\/fr\/equipe\/kansas-city-royals-mlb\/\" class=\"trk-cta-link\" data-cta-trk='{\"ctaType\":\"Link\",\"ctaSubType\":\"main\"}'>Royals de Kansas City<\/a> en raison d&rsquo;une douleur au poignet droit. Il devrait &ecirc;tre r&eacute;&eacute;valu&eacute; dans la journ&eacute;e.<\/p><p><img loading=\"lazy\" decoding=\"async\" class=\"alignnone wp-image-583274 size-full\" src=\"https:\/\/theplayoffs.news\/fr\/wp-content\/uploads\/2023\/04\/Degrom.jpg\" alt=\"Jacob deGrom\" width=\"1920\" height=\"1277\" srcset=\"https:\/\/theplayoffs.news\/fr\/wp-content\/uploads\/2023\/04\/Degrom.jpg 1920w, https:\/\/theplayoffs.news\/fr\/wp-content\/uploads\/2023\/04\/Degrom-300x200.jpg 300w, https:\/\/theplayoffs.news\/fr\/wp-content\/uploads\/2023\/04\/Degrom-1030x685.jpg 1030w, https:\/\/theplayoffs.news\/fr\/wp-content\/uploads\/2023\/04\/Degrom-768x511.jpg 768w, https:\/\/theplayoffs.news\/fr\/wp-content\/uploads\/2023\/04\/Degrom-1536x1022.jpg 1536w, https:\/\/theplayoffs.news\/fr\/wp-content\/uploads\/2023\/04\/Degrom-1500x998.jpg 1500w, https:\/\/theplayoffs.news\/fr\/wp-content\/uploads\/2023\/04\/Degrom-705x469.jpg 705w, https:\/\/theplayoffs.news\/fr\/wp-content\/uploads\/2023\/04\/Degrom-1320x878.jpg 1320w\" sizes=\"auto, (max-width: 1920px) 100vw, 1920px\" \/><\/p><h3 style=\"text-align: justify\">Jacob deGrom&nbsp;: &laquo;&nbsp;Pas d&rsquo;inqui&eacute;tude&nbsp;&raquo;<\/h3><p style=\"text-align: justify\">Durant la recontre entre les <a href=\"https:\/\/theplayoffs.news\/fr\/equipe\/texas-rangers-mlb\/\" class=\"trk-cta-link\" data-cta-trk='{\"ctaType\":\"Link\",\"ctaSubType\":\"main\"}'>Texas Rangers<\/a> et les Royals de Kansas City, Jacob deGrom a fait part d&rsquo;une douleur &agrave; son poignet droit au staff m&eacute;dical de la franchise du Texas. Aucun risque n&rsquo;a alors &eacute;t&eacute; pris par ces derniers.<\/p><blockquote>\n<p style=\"text-align: justify\">&laquo;&nbsp;Je l&rsquo;ai senti se chauffer un peu (en parlant de son poignet). J&rsquo;ai pens&eacute; que &ccedil;a passerait. Nous avons jou&eacute; intelligemment. Est-ce que j&rsquo;aurais pu jouer un peu plus&nbsp;? Probablement. Mais &ccedil;a tra&icirc;nait, et c&rsquo;est devenu pire au cours de la rencontre. Je veux simplement jouer la s&eacute;curit&eacute;. Nous avons une longue saison devant nous.&nbsp;&raquo; Jacob deGrom<\/p>\n<\/blockquote><p style=\"text-align: justify\">Jacob deGrom a toutefois lanc&eacute; pendant 4 manches, avec aucun coup s&ucirc;r conc&eacute;d&eacute;, un but sur base et surtout 5 retraits au marbre. Il f&ucirc;t finalement remplac&eacute; par <a href=\"https:\/\/theplayoffs.news\/fr\/joueur\/dane-dunning-mlb-72160\/\" class=\"trk-cta-link\" data-cta-trk='{\"ctaType\":\"Link\",\"ctaSubType\":\"main\"}'>Dane Dunning<\/a> qui suivra les pas de son Ace en lan&ccedil;ant 4.1 manches pour un r&eacute;sultat assez similaire, un coup s&ucirc;r, un but sur base et 5 retraits au marbre. Au final les Texas Rangers remporteront le match sur le score de 4 &agrave; 0.<\/p><p>&nbsp;<\/p><p>[cloudflare_stream_videoplayer idvid=&nbsp;&raquo;fcd82a962afb4773cd03c8da74f642f6&Prime;]<\/p><p>&nbsp;<\/p><p style=\"text-align: justify\">L&rsquo;heure n&rsquo;est pas &agrave; l&rsquo;inqui&eacute;tude comme l&rsquo;a soulign&eacute; Jacob deGrom &agrave; l&rsquo;issue du match.<\/p><blockquote>\n<p style=\"text-align: justify\">&laquo;&nbsp;Honn&ecirc;tement, je ne suis pas inquiet. J&rsquo;aimerais pouvoir &ecirc;tre pr&eacute;sent pour mon prochain d&eacute;part, mais nous verrons &ccedil;a demain.&nbsp;&raquo; Jacob deGrom<\/p>\n<\/blockquote><p style=\"text-align: justify\">M&ecirc;me son de cloche du c&ocirc;t&eacute; de <a href=\"https:\/\/fr.wikipedia.org\/wiki\/Bruce_Bochy\" class=\"trk-cta-link\" data-cta-trk='{\"ctaType\":\"Link\",\"ctaSubType\":\"main\"}'>Bruce Bochy<\/a>&nbsp; qui souhaite attendre les r&eacute;sultats des analyses d&rsquo;aujourd&rsquo;hui pour communiquer un peu plus en d&eacute;tail sur la suite de cette blessure.<\/p><p style=\"text-align: justify\">Souvent min&eacute; par les blessures, Jacob deGrom ne souhaite donc pas prendre de risques inutiles en ce d&eacute;but de saison.<\/p>\n","protected":false},"excerpt":{"rendered":"","protected":false},"author":180309823,"featured_media":583274,"comment_status":"open","ping_status":"closed","sticky":false,"template":"","format":"standard","meta":{"inline_featured_image":false,"kia_subtitle":"","_mux_skip_reasons":[],"proofreadBy":0,"footnotes":""},"categories":[188,9],"tags":[4782,1478,2487,461],"sport":[2786],"saison":[3453],"class_list":["post-583273","post","type-post","status-publish","format-standard","has-post-thumbnail","hentry","category-actualite-mlb","category-mlb","tag-bruce-bochy","tag-dane-dunning","tag-jacob-degrom","tag-texas-rangers","sport-mlb","saison-3453"],"acf":[],"yoast_head":"<!-- This site is optimized with the Yoast SEO plugin v24.2 - https:\/\/yoast.com\/wordpress\/plugins\/seo\/ -->\n<title>Jacob deGrom&nbsp;sort sur blessure&nbsp;! - The Playoffs FR<\/title>\n<meta name=\"robots\" content=\"index, follow, max-snippet:-1, max-image-preview:large, max-video-preview:-1\" \/>\n<link rel=\"canonical\" href=\"https:\/\/theplayoffs.news\/fr\/actualite-mlb\/jacob-degrom-sort-sur-blessure\/\" \/>\n<meta property=\"og:locale\" content=\"fr_FR\" \/>\n<meta property=\"og:type\" content=\"article\" \/>\n<meta property=\"og:title\" content=\"Jacob deGrom&nbsp;sort sur blessure&nbsp;! - The Playoffs FR\" \/>\n<meta property=\"og:url\" content=\"https:\/\/theplayoffs.news\/fr\/actualite-mlb\/jacob-degrom-sort-sur-blessure\/\" \/>\n<meta property=\"og:site_name\" content=\"The Playoffs FR\" \/>\n<meta property=\"article:publisher\" content=\"https:\/\/www.facebook.com\/TheFreeAgentFR\/\" \/>\n<meta property=\"article:modified_time\" content=\"2023-04-18T08:25:29+02:00\" \/>\n<meta property=\"og:image\" content=\"https:\/\/theplayoffs.news\/fr\/wp-content\/uploads\/2023\/04\/Degrom.jpg\" \/>\n\t<meta property=\"og:image:width\" content=\"1920\" \/>\n\t<meta property=\"og:image:height\" content=\"1277\" \/>\n\t<meta property=\"og:image:type\" content=\"image\/jpeg\" \/>\n<meta name=\"author\" content=\"Nicolas Blanchard\" \/>\n<meta name=\"twitter:card\" content=\"summary_large_image\" \/>\n<meta name=\"twitter:creator\" content=\"@TheFreeAgentFR\" \/>\n<meta name=\"twitter:site\" content=\"@TheFreeAgentFR\" \/>\n<meta name=\"twitter:label1\" content=\"\u00c9crit par\" \/>\n\t<meta name=\"twitter:data1\" content=\"Nicolas Blanchard\" \/>\n\t<meta name=\"twitter:label2\" content=\"Dur\u00e9e de lecture estim\u00e9e\" \/>\n\t<meta name=\"twitter:data2\" content=\"2 minutes\" \/>\n<script type=\"application\/ld+json\" class=\"yoast-schema-graph\">{\"@context\":\"https:\/\/schema.org\",\"@graph\":[{\"@type\":\"WebPage\",\"@id\":\"https:\/\/theplayoffs.news\/fr\/actualite-mlb\/jacob-degrom-sort-sur-blessure\/\",\"url\":\"https:\/\/theplayoffs.news\/fr\/actualite-mlb\/jacob-degrom-sort-sur-blessure\/\",\"name\":\"Jacob deGrom\u00a0sort sur blessure\u00a0! - The Playoffs FR\",\"isPartOf\":{\"@id\":\"https:\/\/theplayoffs.news\/fr\/#website\"},\"primaryImageOfPage\":{\"@id\":\"https:\/\/theplayoffs.news\/fr\/actualite-mlb\/jacob-degrom-sort-sur-blessure\/#primaryimage\"},\"image\":{\"@id\":\"https:\/\/theplayoffs.news\/fr\/actualite-mlb\/jacob-degrom-sort-sur-blessure\/#primaryimage\"},\"thumbnailUrl\":\"https:\/\/theplayoffs.news\/fr\/wp-content\/uploads\/2023\/04\/Degrom.jpg\",\"datePublished\":\"2023-04-18T06:25:29+00:00\",\"dateModified\":\"2023-04-18T06:25:29+00:00\",\"author\":{\"@id\":\"https:\/\/theplayoffs.news\/fr\/#\/schema\/person\/940879031feb6d5e27cf3c6b69917900\"},\"breadcrumb\":{\"@id\":\"https:\/\/theplayoffs.news\/fr\/actualite-mlb\/jacob-degrom-sort-sur-blessure\/#breadcrumb\"},\"inLanguage\":\"fr-FR\",\"potentialAction\":[{\"@type\":\"ReadAction\",\"target\":[\"https:\/\/theplayoffs.news\/fr\/actualite-mlb\/jacob-degrom-sort-sur-blessure\/\"]}]},{\"@type\":\"ImageObject\",\"inLanguage\":\"fr-FR\",\"@id\":\"https:\/\/theplayoffs.news\/fr\/actualite-mlb\/jacob-degrom-sort-sur-blessure\/#primaryimage\",\"url\":\"https:\/\/theplayoffs.news\/fr\/wp-content\/uploads\/2023\/04\/Degrom.jpg\",\"contentUrl\":\"https:\/\/theplayoffs.news\/fr\/wp-content\/uploads\/2023\/04\/Degrom.jpg\",\"width\":1920,\"height\":1277},{\"@type\":\"BreadcrumbList\",\"@id\":\"https:\/\/theplayoffs.news\/fr\/actualite-mlb\/jacob-degrom-sort-sur-blessure\/#breadcrumb\",\"itemListElement\":[{\"@type\":\"ListItem\",\"position\":1,\"name\":\"Accueil\",\"item\":\"https:\/\/theplayoffs.news\/fr\/\"},{\"@type\":\"ListItem\",\"position\":2,\"name\":\"Jacob deGrom\u00a0sort sur blessure\u00a0!\"}]},{\"@type\":\"WebSite\",\"@id\":\"https:\/\/theplayoffs.news\/fr\/#website\",\"url\":\"https:\/\/theplayoffs.news\/fr\/\",\"name\":\"The Playoffs FR\",\"description\":\"NBA-NFL-NHL-MLB\",\"potentialAction\":[{\"@type\":\"SearchAction\",\"target\":{\"@type\":\"EntryPoint\",\"urlTemplate\":\"https:\/\/theplayoffs.news\/fr\/?s={search_term_string}\"},\"query-input\":{\"@type\":\"PropertyValueSpecification\",\"valueRequired\":true,\"valueName\":\"search_term_string\"}}],\"inLanguage\":\"fr-FR\"},{\"@type\":\"Person\",\"@id\":\"https:\/\/theplayoffs.news\/fr\/#\/schema\/person\/940879031feb6d5e27cf3c6b69917900\",\"name\":\"Nicolas Blanchard\",\"image\":{\"@type\":\"ImageObject\",\"inLanguage\":\"fr-FR\",\"@id\":\"https:\/\/theplayoffs.news\/fr\/#\/schema\/person\/image\/\",\"url\":\"https:\/\/secure.gravatar.com\/avatar\/98953498460526f9290cb098aaa573c5e0a48837b1ca5807dd22cace83810899?s=96&d=mm&r=g\",\"contentUrl\":\"https:\/\/secure.gravatar.com\/avatar\/98953498460526f9290cb098aaa573c5e0a48837b1ca5807dd22cace83810899?s=96&d=mm&r=g\",\"caption\":\"Nicolas Blanchard\"},\"description\":\"Fan de MLB depuis une dizaine d\u2019ann\u00e9es, je suis tomb\u00e9 amoureux des Chicago Cubs lorsque j\u2019ai vu Bill Murray c\u00e9l\u00e9brer ce premier sacre depuis 108 ans. Mon premier contact avec le Sport US s\u2019est fait lorsque je suis tomb\u00e9 sur une VHS d\u2019Allen Iverson et se fut la r\u00e9v\u00e9lation. Je suis devenu r\u00e9dacteur depuis maintenant 4 ans et cela m\u2019apporte une nouvelle vision du Sport US \u00e0 la fois analytique et bien plus globale (et oui il faut couvrir toutes les \u00e9quipes m\u00eame les chaussettes rouges de Boston).\",\"url\":\"https:\/\/theplayoffs.news\/fr\/author\/nico4017\/\"}]}<\/script>\n<!-- \/ Yoast SEO plugin. -->","yoast_head_json":{"title":"Jacob deGrom&nbsp;sort sur blessure&nbsp;! - The Playoffs FR","robots":{"index":"index","follow":"follow","max-snippet":"max-snippet:-1","max-image-preview":"max-image-preview:large","max-video-preview":"max-video-preview:-1"},"canonical":"https:\/\/theplayoffs.news\/fr\/actualite-mlb\/jacob-degrom-sort-sur-blessure\/","og_locale":"fr_FR","og_type":"article","og_title":"Jacob deGrom&nbsp;sort sur blessure&nbsp;! - The Playoffs FR","og_url":"https:\/\/theplayoffs.news\/fr\/actualite-mlb\/jacob-degrom-sort-sur-blessure\/","og_site_name":"The Playoffs FR","article_publisher":"https:\/\/www.facebook.com\/TheFreeAgentFR\/","og_image":[{"width":1920,"height":1277,"url":"https:\/\/theplayoffs.news\/fr\/wp-content\/uploads\/2023\/04\/Degrom.jpg","type":"image\/jpeg"}],"author":"Nicolas Blanchard","twitter_card":"summary_large_image","twitter_creator":"@TheFreeAgentFR","twitter_site":"@TheFreeAgentFR","twitter_misc":{"\u00c9crit par":"Nicolas Blanchard","Dur\u00e9e de lecture estim\u00e9e":"2 minutes"},"schema":{"@context":"https:\/\/schema.org","@graph":[{"@type":"WebPage","@id":"https:\/\/theplayoffs.news\/fr\/actualite-mlb\/jacob-degrom-sort-sur-blessure\/","url":"https:\/\/theplayoffs.news\/fr\/actualite-mlb\/jacob-degrom-sort-sur-blessure\/","name":"Jacob deGrom\u00a0sort sur blessure\u00a0! - The Playoffs FR","isPartOf":{"@id":"https:\/\/theplayoffs.news\/fr\/#website"},"primaryImageOfPage":{"@id":"https:\/\/theplayoffs.news\/fr\/actualite-mlb\/jacob-degrom-sort-sur-blessure\/#primaryimage"},"image":{"@id":"https:\/\/theplayoffs.news\/fr\/actualite-mlb\/jacob-degrom-sort-sur-blessure\/#primaryimage"},"thumbnailUrl":"https:\/\/theplayoffs.news\/fr\/wp-content\/uploads\/2023\/04\/Degrom.jpg","datePublished":"2023-04-18T06:25:29+00:00","dateModified":"2023-04-18T06:25:29+00:00","author":{"@id":"https:\/\/theplayoffs.news\/fr\/#\/schema\/person\/940879031feb6d5e27cf3c6b69917900"},"breadcrumb":{"@id":"https:\/\/theplayoffs.news\/fr\/actualite-mlb\/jacob-degrom-sort-sur-blessure\/#breadcrumb"},"inLanguage":"fr-FR","potentialAction":[{"@type":"ReadAction","target":["https:\/\/theplayoffs.news\/fr\/actualite-mlb\/jacob-degrom-sort-sur-blessure\/"]}]},{"@type":"ImageObject","inLanguage":"fr-FR","@id":"https:\/\/theplayoffs.news\/fr\/actualite-mlb\/jacob-degrom-sort-sur-blessure\/#primaryimage","url":"https:\/\/theplayoffs.news\/fr\/wp-content\/uploads\/2023\/04\/Degrom.jpg","contentUrl":"https:\/\/theplayoffs.news\/fr\/wp-content\/uploads\/2023\/04\/Degrom.jpg","width":1920,"height":1277},{"@type":"BreadcrumbList","@id":"https:\/\/theplayoffs.news\/fr\/actualite-mlb\/jacob-degrom-sort-sur-blessure\/#breadcrumb","itemListElement":[{"@type":"ListItem","position":1,"name":"Accueil","item":"https:\/\/theplayoffs.news\/fr\/"},{"@type":"ListItem","position":2,"name":"Jacob deGrom\u00a0sort sur blessure\u00a0!"}]},{"@type":"WebSite","@id":"https:\/\/theplayoffs.news\/fr\/#website","url":"https:\/\/theplayoffs.news\/fr\/","name":"The Playoffs FR","description":"NBA-NFL-NHL-MLB","potentialAction":[{"@type":"SearchAction","target":{"@type":"EntryPoint","urlTemplate":"https:\/\/theplayoffs.news\/fr\/?s={search_term_string}"},"query-input":{"@type":"PropertyValueSpecification","valueRequired":true,"valueName":"search_term_string"}}],"inLanguage":"fr-FR"},{"@type":"Person","@id":"https:\/\/theplayoffs.news\/fr\/#\/schema\/person\/940879031feb6d5e27cf3c6b69917900","name":"Nicolas Blanchard","image":{"@type":"ImageObject","inLanguage":"fr-FR","@id":"https:\/\/theplayoffs.news\/fr\/#\/schema\/person\/image\/","url":"https:\/\/secure.gravatar.com\/avatar\/98953498460526f9290cb098aaa573c5e0a48837b1ca5807dd22cace83810899?s=96&d=mm&r=g","contentUrl":"https:\/\/secure.gravatar.com\/avatar\/98953498460526f9290cb098aaa573c5e0a48837b1ca5807dd22cace83810899?s=96&d=mm&r=g","caption":"Nicolas Blanchard"},"description":"Fan de MLB depuis une dizaine d\u2019ann\u00e9es, je suis tomb\u00e9 amoureux des Chicago Cubs lorsque j\u2019ai vu Bill Murray c\u00e9l\u00e9brer ce premier sacre depuis 108 ans. Mon premier contact avec le Sport US s\u2019est fait lorsque je suis tomb\u00e9 sur une VHS d\u2019Allen Iverson et se fut la r\u00e9v\u00e9lation. Je suis devenu r\u00e9dacteur depuis maintenant 4 ans et cela m\u2019apporte une nouvelle vision du Sport US \u00e0 la fois analytique et bien plus globale (et oui il faut couvrir toutes les \u00e9quipes m\u00eame les chaussettes rouges de Boston).","url":"https:\/\/theplayoffs.news\/fr\/author\/nico4017\/"}]}},"_links":{"self":[{"href":"https:\/\/theplayoffs.news\/fr\/wp-json\/wp\/v2\/posts\/583273","targetHints":{"allow":["GET"]}}],"collection":[{"href":"https:\/\/theplayoffs.news\/fr\/wp-json\/wp\/v2\/posts"}],"about":[{"href":"https:\/\/theplayoffs.news\/fr\/wp-json\/wp\/v2\/types\/post"}],"author":[{"embeddable":true,"href":"https:\/\/theplayoffs.news\/fr\/wp-json\/wp\/v2\/users\/180309823"}],"replies":[{"embeddable":true,"href":"https:\/\/theplayoffs.news\/fr\/wp-json\/wp\/v2\/comments?post=583273"}],"version-history":[{"count":3,"href":"https:\/\/theplayoffs.news\/fr\/wp-json\/wp\/v2\/posts\/583273\/revisions"}],"predecessor-version":[{"id":583281,"href":"https:\/\/theplayoffs.news\/fr\/wp-json\/wp\/v2\/posts\/583273\/revisions\/583281"}],"wp:featuredmedia":[{"embeddable":true,"href":"https:\/\/theplayoffs.news\/fr\/wp-json\/wp\/v2\/media\/583274"}],"wp:attachment":[{"href":"https:\/\/theplayoffs.news\/fr\/wp-json\/wp\/v2\/media?parent=583273"}],"wp:term":[{"taxonomy":"category","embeddable":true,"href":"https:\/\/theplayoffs.news\/fr\/wp-json\/wp\/v2\/categories?post=583273"},{"taxonomy":"post_tag","embeddable":true,"href":"https:\/\/theplayoffs.news\/fr\/wp-json\/wp\/v2\/tags?post=583273"},{"taxonomy":"sport","embeddable":true,"href":"https:\/\/theplayoffs.news\/fr\/wp-json\/wp\/v2\/sport?post=583273"},{"taxonomy":"saison","embeddable":true,"href":"https:\/\/theplayoffs.news\/fr\/wp-json\/wp\/v2\/saison?post=583273"}],"curies":[{"name":"wp","href":"https:\/\/api.w.org\/{rel}","templated":true}]}}