{"id":583085,"date":"2023-04-17T15:35:38","date_gmt":"2023-04-17T13:35:38","guid":{"rendered":"https:\/\/theplayoffs.news\/fr\/?p=583085"},"modified":"2023-04-17T15:35:39","modified_gmt":"2023-04-17T13:35:39","slug":"josh-jacobs-evan-engram-ne-participeront-pas-programmes-pre-saison","status":"publish","type":"post","link":"https:\/\/theplayoffs.news\/fr\/actualite-nfl\/josh-jacobs-evan-engram-ne-participeront-pas-programmes-pre-saison\/","title":{"rendered":"Josh Jacobs et Evan Engram ne participeront pas aux programmes de pr\u00e9-saison"},"content":{"rendered":"<h2>Dans la foul&eacute;e de Lamar Jackson et de Saquon Barkley, <a href=\"https:\/\/twitter.com\/TomPelissero\/status\/1647944711108272128?s=20\" class=\"trk-cta-link\" data-cta-trk='{\"ctaType\":\"Link\",\"ctaSubType\":\"main\"}'><span class=\"css-901oao css-16my406 r-poiln3 r-bcqeeo r-qvutc0\">Josh Jacobs et<\/span><\/a><span class=\"css-901oao css-16my406 r-poiln3 r-bcqeeo r-qvutc0\"><a href=\"https:\/\/twitter.com\/TomPelissero\/status\/1647944711108272128?s=20\" class=\"trk-cta-link\" data-cta-trk='{\"ctaType\":\"Link\",\"ctaSubType\":\"main\"}'> Evan Engram<\/a> ne devraient pas participer aux programmes bas&eacute;s sur le volontariat d&rsquo;inter-saison de leur franchises.<\/span><\/h2><p>Les deux joueurs des Raiders et des Jaguars ont tous deux &eacute;t&eacute; plac&eacute;s sous le franchise tag avant la date limite d&eacute;but mars.<\/p><p>Les deux joueurs devraient recevoir de gros ch&egrave;ques, <a href=\"https:\/\/theplayoffs.news\/fr\/joueur\/josh-jacobs-nfl-8094730\/\" class=\"trk-cta-link\" data-cta-trk='{\"ctaType\":\"Link\",\"ctaSubType\":\"main\"}'><strong>Josh Jacobs<\/strong><\/a> gagnant 10,091 millions de dollars et Engram 11,345 millions de dollars, s&rsquo;ils signaient leurs offres.<\/p><p>Les Raiders et les Jaguars ont une continuit&eacute; dans leurs sch&eacute;mas offensifs, ce qui signifie que Jacobs et Engram ne manqueront pas grand-chose pendant cette &eacute;tape de l&rsquo;intersaison. La phase I du programme est principalement ax&eacute;e sur le conditionnement, une composante que les deux athl&egrave;tes peuvent g&eacute;rer individuellement.<\/p><p>Sur les six joueurs avec un franchise tag en mars &ndash; Josh Jacobs, Engram, Lamar Jackson (Ravens), Saquon Barkley (Giants), Tony Pollard (Cowboys) et Daron Payne (Commanders), Tony Pollard a sign&eacute; son offre, s&rsquo;engageant &agrave; un contrat d&rsquo;un an avec les Cowboys. Pendant ce temps, Daron Payne a accept&eacute; un contrat de quatre ans avec les Commanders, quelques jours seulement apr&egrave;s avoir &eacute;t&eacute; tagu&eacute; par l&rsquo;&eacute;quipe.<\/p><p>Bien que sauter le programme volontaire d&rsquo;intersaison ne soit pas une d&eacute;cision inhabituelle, cela soul&egrave;ve des questions sur l&rsquo;engagement &agrave; long terme de Josh Jacobs et Engram envers leurs &eacute;quipes respectives. Les deux athl&egrave;tes sont sans aucun doute des &eacute;l&eacute;ments talentueux et importants de leurs franchises, mais leur refus de signer l&rsquo;appel d&rsquo;offres pourrait faire allusion &agrave; des diff&eacute;rends contractuels potentiels ou &agrave; une insatisfaction face &agrave; leur situation actuelle.<\/p>\n","protected":false},"excerpt":{"rendered":"","protected":false},"author":13,"featured_media":519688,"comment_status":"open","ping_status":"closed","sticky":false,"template":"","format":"standard","meta":{"inline_featured_image":false,"kia_subtitle":"","_mux_skip_reasons":[],"proofreadBy":0,"footnotes":""},"categories":[118,40],"tags":[2847,510,2530,796],"sport":[],"saison":[],"class_list":["post-583085","post","type-post","status-publish","format-standard","has-post-thumbnail","hentry","category-actualite-nfl","category-nfl","tag-evan-engram","tag-jacksonville-jaguars","tag-josh-jacobs","tag-las-vegas-raiders"],"acf":[],"yoast_head":"<!-- This site is optimized with the Yoast SEO plugin v24.2 - https:\/\/yoast.com\/wordpress\/plugins\/seo\/ -->\n<title>Josh Jacobs et Evan Engram ne participeront pas aux programmes de pr&eacute;-saison - The Playoffs FR<\/title>\n<meta name=\"robots\" content=\"index, follow, max-snippet:-1, max-image-preview:large, max-video-preview:-1\" \/>\n<link rel=\"canonical\" href=\"https:\/\/theplayoffs.news\/fr\/actualite-nfl\/josh-jacobs-evan-engram-ne-participeront-pas-programmes-pre-saison\/\" \/>\n<meta property=\"og:locale\" content=\"fr_FR\" \/>\n<meta property=\"og:type\" content=\"article\" \/>\n<meta property=\"og:title\" content=\"Josh Jacobs et Evan Engram ne participeront pas aux programmes de pr&eacute;-saison - The Playoffs FR\" \/>\n<meta property=\"og:url\" content=\"https:\/\/theplayoffs.news\/fr\/actualite-nfl\/josh-jacobs-evan-engram-ne-participeront-pas-programmes-pre-saison\/\" \/>\n<meta property=\"og:site_name\" content=\"The Playoffs FR\" \/>\n<meta property=\"article:publisher\" content=\"https:\/\/www.facebook.com\/TheFreeAgentFR\/\" \/>\n<meta property=\"article:modified_time\" content=\"2023-04-17T15:35:39+02:00\" \/>\n<meta property=\"og:image\" content=\"https:\/\/theplayoffs.news\/fr\/wp-content\/uploads\/2023\/01\/Josh-Jacobs.jpg\" \/>\n\t<meta property=\"og:image:width\" content=\"1920\" \/>\n\t<meta property=\"og:image:height\" content=\"1280\" \/>\n\t<meta property=\"og:image:type\" content=\"image\/jpeg\" \/>\n<meta name=\"author\" content=\"Charles Taudin\" \/>\n<meta name=\"twitter:card\" content=\"summary_large_image\" \/>\n<meta name=\"twitter:creator\" content=\"@TheFreeAgentFR\" \/>\n<meta name=\"twitter:site\" content=\"@TheFreeAgentFR\" \/>\n<meta name=\"twitter:label1\" content=\"\u00c9crit par\" \/>\n\t<meta name=\"twitter:data1\" content=\"Charles Taudin\" \/>\n\t<meta name=\"twitter:label2\" content=\"Dur\u00e9e de lecture estim\u00e9e\" \/>\n\t<meta name=\"twitter:data2\" content=\"1 minute\" \/>\n<script type=\"application\/ld+json\" class=\"yoast-schema-graph\">{\"@context\":\"https:\/\/schema.org\",\"@graph\":[{\"@type\":\"WebPage\",\"@id\":\"https:\/\/theplayoffs.news\/fr\/actualite-nfl\/josh-jacobs-evan-engram-ne-participeront-pas-programmes-pre-saison\/\",\"url\":\"https:\/\/theplayoffs.news\/fr\/actualite-nfl\/josh-jacobs-evan-engram-ne-participeront-pas-programmes-pre-saison\/\",\"name\":\"Josh Jacobs et Evan Engram ne participeront pas aux programmes de pr\u00e9-saison - The Playoffs FR\",\"isPartOf\":{\"@id\":\"https:\/\/theplayoffs.news\/fr\/#website\"},\"primaryImageOfPage\":{\"@id\":\"https:\/\/theplayoffs.news\/fr\/actualite-nfl\/josh-jacobs-evan-engram-ne-participeront-pas-programmes-pre-saison\/#primaryimage\"},\"image\":{\"@id\":\"https:\/\/theplayoffs.news\/fr\/actualite-nfl\/josh-jacobs-evan-engram-ne-participeront-pas-programmes-pre-saison\/#primaryimage\"},\"thumbnailUrl\":\"https:\/\/theplayoffs.news\/fr\/wp-content\/uploads\/2023\/01\/Josh-Jacobs.jpg\",\"datePublished\":\"2023-04-17T13:35:38+00:00\",\"dateModified\":\"2023-04-17T13:35:39+00:00\",\"author\":{\"@id\":\"https:\/\/theplayoffs.news\/fr\/#\/schema\/person\/eee5b69ad5d3c51cabe881c839dbe133\"},\"breadcrumb\":{\"@id\":\"https:\/\/theplayoffs.news\/fr\/actualite-nfl\/josh-jacobs-evan-engram-ne-participeront-pas-programmes-pre-saison\/#breadcrumb\"},\"inLanguage\":\"fr-FR\",\"potentialAction\":[{\"@type\":\"ReadAction\",\"target\":[\"https:\/\/theplayoffs.news\/fr\/actualite-nfl\/josh-jacobs-evan-engram-ne-participeront-pas-programmes-pre-saison\/\"]}]},{\"@type\":\"ImageObject\",\"inLanguage\":\"fr-FR\",\"@id\":\"https:\/\/theplayoffs.news\/fr\/actualite-nfl\/josh-jacobs-evan-engram-ne-participeront-pas-programmes-pre-saison\/#primaryimage\",\"url\":\"https:\/\/theplayoffs.news\/fr\/wp-content\/uploads\/2023\/01\/Josh-Jacobs.jpg\",\"contentUrl\":\"https:\/\/theplayoffs.news\/fr\/wp-content\/uploads\/2023\/01\/Josh-Jacobs.jpg\",\"width\":1920,\"height\":1280,\"caption\":\"Josh Jacobs\"},{\"@type\":\"BreadcrumbList\",\"@id\":\"https:\/\/theplayoffs.news\/fr\/actualite-nfl\/josh-jacobs-evan-engram-ne-participeront-pas-programmes-pre-saison\/#breadcrumb\",\"itemListElement\":[{\"@type\":\"ListItem\",\"position\":1,\"name\":\"Accueil\",\"item\":\"https:\/\/theplayoffs.news\/fr\/\"},{\"@type\":\"ListItem\",\"position\":2,\"name\":\"Josh Jacobs et Evan Engram ne participeront pas aux programmes de pr\u00e9-saison\"}]},{\"@type\":\"WebSite\",\"@id\":\"https:\/\/theplayoffs.news\/fr\/#website\",\"url\":\"https:\/\/theplayoffs.news\/fr\/\",\"name\":\"The Playoffs FR\",\"description\":\"NBA-NFL-NHL-MLB\",\"potentialAction\":[{\"@type\":\"SearchAction\",\"target\":{\"@type\":\"EntryPoint\",\"urlTemplate\":\"https:\/\/theplayoffs.news\/fr\/?s={search_term_string}\"},\"query-input\":{\"@type\":\"PropertyValueSpecification\",\"valueRequired\":true,\"valueName\":\"search_term_string\"}}],\"inLanguage\":\"fr-FR\"},{\"@type\":\"Person\",\"@id\":\"https:\/\/theplayoffs.news\/fr\/#\/schema\/person\/eee5b69ad5d3c51cabe881c839dbe133\",\"name\":\"Charles Taudin\",\"image\":{\"@type\":\"ImageObject\",\"inLanguage\":\"fr-FR\",\"@id\":\"https:\/\/theplayoffs.news\/fr\/#\/schema\/person\/image\/\",\"url\":\"https:\/\/secure.gravatar.com\/avatar\/59a1e772205ce9fd255edfcafc93013736822e20261f294c5753b20c41ede9f2?s=96&d=mm&r=g\",\"contentUrl\":\"https:\/\/secure.gravatar.com\/avatar\/59a1e772205ce9fd255edfcafc93013736822e20261f294c5753b20c41ede9f2?s=96&d=mm&r=g\",\"caption\":\"Charles Taudin\"},\"description\":\"R\u00e9dacteur en chef global de The Playoffs, j\u2019ai cr\u00e9\u00e9 The Free Agent, devenu The Playoffs FR, en 2020 durant la pand\u00e9mie. Amoureux depuis des ann\u00e9es des 4 sports majeurs am\u00e9ricains, j\u2019organise maintenant la strat\u00e9gie \u00e9ditoriale et les r\u00e9seaux sociaux de l\u2019ensemble des versions de The Playoffs. Il m\u2019arrive encore d\u2019\u00e9crire sur certains sports que j\u2019affectionne particuli\u00e8rement comme la NFL ou la MLB. Si vous devez retenir qu\u2019une chose : Eli Manning est le vrai GOAT pour avoir battu deux fois Tom Brady.\",\"sameAs\":[\"https:\/\/www.instagram.com\/ctaudin_\/\"],\"url\":\"https:\/\/theplayoffs.news\/fr\/author\/charles-taudin\/\"}]}<\/script>\n<!-- \/ Yoast SEO plugin. -->","yoast_head_json":{"title":"Josh Jacobs et Evan Engram ne participeront pas aux programmes de pr&eacute;-saison - The Playoffs FR","robots":{"index":"index","follow":"follow","max-snippet":"max-snippet:-1","max-image-preview":"max-image-preview:large","max-video-preview":"max-video-preview:-1"},"canonical":"https:\/\/theplayoffs.news\/fr\/actualite-nfl\/josh-jacobs-evan-engram-ne-participeront-pas-programmes-pre-saison\/","og_locale":"fr_FR","og_type":"article","og_title":"Josh Jacobs et Evan Engram ne participeront pas aux programmes de pr&eacute;-saison - The Playoffs FR","og_url":"https:\/\/theplayoffs.news\/fr\/actualite-nfl\/josh-jacobs-evan-engram-ne-participeront-pas-programmes-pre-saison\/","og_site_name":"The Playoffs FR","article_publisher":"https:\/\/www.facebook.com\/TheFreeAgentFR\/","article_modified_time":"2023-04-17T13:35:39+00:00","og_image":[{"width":1920,"height":1280,"url":"https:\/\/theplayoffs.news\/fr\/wp-content\/uploads\/2023\/01\/Josh-Jacobs.jpg","type":"image\/jpeg"}],"author":"Charles Taudin","twitter_card":"summary_large_image","twitter_creator":"@TheFreeAgentFR","twitter_site":"@TheFreeAgentFR","twitter_misc":{"\u00c9crit par":"Charles Taudin","Dur\u00e9e de lecture estim\u00e9e":"1 minute"},"schema":{"@context":"https:\/\/schema.org","@graph":[{"@type":"WebPage","@id":"https:\/\/theplayoffs.news\/fr\/actualite-nfl\/josh-jacobs-evan-engram-ne-participeront-pas-programmes-pre-saison\/","url":"https:\/\/theplayoffs.news\/fr\/actualite-nfl\/josh-jacobs-evan-engram-ne-participeront-pas-programmes-pre-saison\/","name":"Josh Jacobs et Evan Engram ne participeront pas aux programmes de pr\u00e9-saison - The Playoffs FR","isPartOf":{"@id":"https:\/\/theplayoffs.news\/fr\/#website"},"primaryImageOfPage":{"@id":"https:\/\/theplayoffs.news\/fr\/actualite-nfl\/josh-jacobs-evan-engram-ne-participeront-pas-programmes-pre-saison\/#primaryimage"},"image":{"@id":"https:\/\/theplayoffs.news\/fr\/actualite-nfl\/josh-jacobs-evan-engram-ne-participeront-pas-programmes-pre-saison\/#primaryimage"},"thumbnailUrl":"https:\/\/theplayoffs.news\/fr\/wp-content\/uploads\/2023\/01\/Josh-Jacobs.jpg","datePublished":"2023-04-17T13:35:38+00:00","dateModified":"2023-04-17T13:35:39+00:00","author":{"@id":"https:\/\/theplayoffs.news\/fr\/#\/schema\/person\/eee5b69ad5d3c51cabe881c839dbe133"},"breadcrumb":{"@id":"https:\/\/theplayoffs.news\/fr\/actualite-nfl\/josh-jacobs-evan-engram-ne-participeront-pas-programmes-pre-saison\/#breadcrumb"},"inLanguage":"fr-FR","potentialAction":[{"@type":"ReadAction","target":["https:\/\/theplayoffs.news\/fr\/actualite-nfl\/josh-jacobs-evan-engram-ne-participeront-pas-programmes-pre-saison\/"]}]},{"@type":"ImageObject","inLanguage":"fr-FR","@id":"https:\/\/theplayoffs.news\/fr\/actualite-nfl\/josh-jacobs-evan-engram-ne-participeront-pas-programmes-pre-saison\/#primaryimage","url":"https:\/\/theplayoffs.news\/fr\/wp-content\/uploads\/2023\/01\/Josh-Jacobs.jpg","contentUrl":"https:\/\/theplayoffs.news\/fr\/wp-content\/uploads\/2023\/01\/Josh-Jacobs.jpg","width":1920,"height":1280,"caption":"Josh Jacobs"},{"@type":"BreadcrumbList","@id":"https:\/\/theplayoffs.news\/fr\/actualite-nfl\/josh-jacobs-evan-engram-ne-participeront-pas-programmes-pre-saison\/#breadcrumb","itemListElement":[{"@type":"ListItem","position":1,"name":"Accueil","item":"https:\/\/theplayoffs.news\/fr\/"},{"@type":"ListItem","position":2,"name":"Josh Jacobs et Evan Engram ne participeront pas aux programmes de pr\u00e9-saison"}]},{"@type":"WebSite","@id":"https:\/\/theplayoffs.news\/fr\/#website","url":"https:\/\/theplayoffs.news\/fr\/","name":"The Playoffs FR","description":"NBA-NFL-NHL-MLB","potentialAction":[{"@type":"SearchAction","target":{"@type":"EntryPoint","urlTemplate":"https:\/\/theplayoffs.news\/fr\/?s={search_term_string}"},"query-input":{"@type":"PropertyValueSpecification","valueRequired":true,"valueName":"search_term_string"}}],"inLanguage":"fr-FR"},{"@type":"Person","@id":"https:\/\/theplayoffs.news\/fr\/#\/schema\/person\/eee5b69ad5d3c51cabe881c839dbe133","name":"Charles Taudin","image":{"@type":"ImageObject","inLanguage":"fr-FR","@id":"https:\/\/theplayoffs.news\/fr\/#\/schema\/person\/image\/","url":"https:\/\/secure.gravatar.com\/avatar\/59a1e772205ce9fd255edfcafc93013736822e20261f294c5753b20c41ede9f2?s=96&d=mm&r=g","contentUrl":"https:\/\/secure.gravatar.com\/avatar\/59a1e772205ce9fd255edfcafc93013736822e20261f294c5753b20c41ede9f2?s=96&d=mm&r=g","caption":"Charles Taudin"},"description":"R\u00e9dacteur en chef global de The Playoffs, j\u2019ai cr\u00e9\u00e9 The Free Agent, devenu The Playoffs FR, en 2020 durant la pand\u00e9mie. Amoureux depuis des ann\u00e9es des 4 sports majeurs am\u00e9ricains, j\u2019organise maintenant la strat\u00e9gie \u00e9ditoriale et les r\u00e9seaux sociaux de l\u2019ensemble des versions de The Playoffs. Il m\u2019arrive encore d\u2019\u00e9crire sur certains sports que j\u2019affectionne particuli\u00e8rement comme la NFL ou la MLB. Si vous devez retenir qu\u2019une chose : Eli Manning est le vrai GOAT pour avoir battu deux fois Tom Brady.","sameAs":["https:\/\/www.instagram.com\/ctaudin_\/"],"url":"https:\/\/theplayoffs.news\/fr\/author\/charles-taudin\/"}]}},"_links":{"self":[{"href":"https:\/\/theplayoffs.news\/fr\/wp-json\/wp\/v2\/posts\/583085","targetHints":{"allow":["GET"]}}],"collection":[{"href":"https:\/\/theplayoffs.news\/fr\/wp-json\/wp\/v2\/posts"}],"about":[{"href":"https:\/\/theplayoffs.news\/fr\/wp-json\/wp\/v2\/types\/post"}],"author":[{"embeddable":true,"href":"https:\/\/theplayoffs.news\/fr\/wp-json\/wp\/v2\/users\/13"}],"replies":[{"embeddable":true,"href":"https:\/\/theplayoffs.news\/fr\/wp-json\/wp\/v2\/comments?post=583085"}],"version-history":[{"count":2,"href":"https:\/\/theplayoffs.news\/fr\/wp-json\/wp\/v2\/posts\/583085\/revisions"}],"predecessor-version":[{"id":583089,"href":"https:\/\/theplayoffs.news\/fr\/wp-json\/wp\/v2\/posts\/583085\/revisions\/583089"}],"wp:featuredmedia":[{"embeddable":true,"href":"https:\/\/theplayoffs.news\/fr\/wp-json\/wp\/v2\/media\/519688"}],"wp:attachment":[{"href":"https:\/\/theplayoffs.news\/fr\/wp-json\/wp\/v2\/media?parent=583085"}],"wp:term":[{"taxonomy":"category","embeddable":true,"href":"https:\/\/theplayoffs.news\/fr\/wp-json\/wp\/v2\/categories?post=583085"},{"taxonomy":"post_tag","embeddable":true,"href":"https:\/\/theplayoffs.news\/fr\/wp-json\/wp\/v2\/tags?post=583085"},{"taxonomy":"sport","embeddable":true,"href":"https:\/\/theplayoffs.news\/fr\/wp-json\/wp\/v2\/sport?post=583085"},{"taxonomy":"saison","embeddable":true,"href":"https:\/\/theplayoffs.news\/fr\/wp-json\/wp\/v2\/saison?post=583085"}],"curies":[{"name":"wp","href":"https:\/\/api.w.org\/{rel}","templated":true}]}}