{"id":582548,"date":"2023-04-15T19:18:10","date_gmt":"2023-04-15T17:18:10","guid":{"rendered":"https:\/\/theplayoffs.news\/fr\/?p=582548"},"modified":"2023-04-15T19:18:10","modified_gmt":"2023-04-15T17:18:10","slug":"blue-jackets-separent-brad-larsen","status":"publish","type":"post","link":"https:\/\/theplayoffs.news\/fr\/actualite-nhl\/blue-jackets-separent-brad-larsen\/","title":{"rendered":"Les Blue Jackets se s\u00e9parent de Brad Larsen apr\u00e8s 2 saisons n\u00e9gatives"},"content":{"rendered":"<h2>Les Blue Jackets de Columbus ont d&eacute;cid&eacute; de se s&eacute;parer de l&rsquo;entra&icirc;neur en chef Brad Larsen apr&egrave;s seulement deux saisons &agrave; la barre.<\/h2><p>L&rsquo;annonce a &eacute;t&eacute; faite samedi, apr&egrave;s une saison 2022-23 d&eacute;cevante qui a vu l&rsquo;&eacute;quipe terminer avec un bilan de 25-48-9 et la deuxi&egrave;me pire de la LNH. En plus de l&acirc;cher Larsen, le club a &eacute;galement choisi de ne pas renouveler le contrat de l&rsquo;entra&icirc;neur des gardiens Manny Legace.<\/p><p>Larsen, qui avait encore un an sur son contrat, a r&eacute;ussi &agrave; mener les Blue Jackets &agrave; un bilan de proche des 50% la saison derni&egrave;re avec un bilan de 37-38-7. Cependant, une s&eacute;rie de blessures au cours de la saison 2022-23 a fait d&eacute;railler les progr&egrave;s de l&rsquo;&eacute;quipe. Avec un bilan combin&eacute; de 62-86-16 sous Larsen, les Blue Jackets entreprendront maintenant leur deuxi&egrave;me recherche d&rsquo;entra&icirc;neurs en trois ans.<\/p><p>L&rsquo;avenir de l&rsquo;&eacute;quipe est d&eacute;sormais entre les mains du directeur g&eacute;n&eacute;ral Jarmo Kek&auml;l&auml;inen, qui a peut-&ecirc;tre d&eacute;j&agrave; un candidat potentiel en t&ecirc;te. Entre-temps, les entra&icirc;neurs adjoints Pascal Vincent et Steve McCarthy demeureront au sein de l&rsquo;organisation. Une priorit&eacute; cl&eacute; pour les Blue Jackets &agrave; l&rsquo;avenir sera de remettre les carri&egrave;res de l&rsquo;ailier gauche <a href=\"https:\/\/theplayoffs.news\/fr\/joueur\/patrik-laine-nhl-8049640\/\" class=\"trk-cta-link\" data-cta-trk='{\"ctaType\":\"Link\",\"ctaSubType\":\"main\"}'><strong>Patrik Laine<\/strong><\/a> et du gardien de but Elvis Merzlikins sur les rails.<\/p><p>La performance de Merzlikins, en particulier, a &eacute;t&eacute; une source de pr&eacute;occupation. Son d&eacute;clin graduel au cours des derni&egrave;res saisons a abouti &agrave; l&rsquo;une des pires performances de gardien de but de la ligue cette saison. Merzlikins entretient une relation &eacute;troite avec Legace, qu&rsquo;il consid&egrave;re comme une &laquo;&nbsp;figure paternelle&nbsp;&raquo; apr&egrave;s la mort tragique de Matiss Kivlenieks au domicile de Legace en juillet 2021.<\/p><p>La saison difficile des Blue Jackets a pris fin avec une d&eacute;faite de 5-2 contre les Sabres de Buffalo vendredi. Apr&egrave;s le match, Larsen a fait un commentaire qui faisait allusion &agrave; son avenir incertain avec l&rsquo;organisation. La 31e place de l&rsquo;&eacute;quipe au classement lui donne 13,5 % de chances d&rsquo;obtenir le premier choix &agrave; la loterie du rep&ecirc;chage de la LNH.<\/p><p>Larsen, 45 ans, a commenc&eacute; sa carri&egrave;re avec les Blue Jackets en tant qu&rsquo;entra&icirc;neur adjoint sous Todd Richards et John Tortorella avant d&rsquo;&ecirc;tre promu entra&icirc;neur en chef en 2021. Legace, 50 ans, a &eacute;t&eacute; entra&icirc;neur des gardiens de but du club pendant cinq saisons et a eu 11 saisons dans la LNH en tant que gardien de but avant de devenir entra&icirc;neur.<\/p><p>Les Blue Jackets devraient donc avoir un jeune prospect talentueux avec leur futur choix &agrave; la draft et aussi enregistrer le retour d&rsquo;Alexandre Texier dans l&rsquo;effectif.<\/p>\n","protected":false},"excerpt":{"rendered":"","protected":false},"author":13,"featured_media":582551,"comment_status":"open","ping_status":"closed","sticky":false,"template":"","format":"standard","meta":{"inline_featured_image":false,"kia_subtitle":"","_mux_skip_reasons":[],"proofreadBy":0,"footnotes":""},"categories":[187,26],"tags":[5831,329],"sport":[],"saison":[],"class_list":["post-582548","post","type-post","status-publish","format-standard","has-post-thumbnail","hentry","category-actualite-nhl","category-nhl","tag-brad-larsen","tag-columbus-blue-jackets"],"acf":[],"yoast_head":"<!-- This site is optimized with the Yoast SEO plugin v24.2 - https:\/\/yoast.com\/wordpress\/plugins\/seo\/ -->\n<title>Les Blue Jackets se s&eacute;parent de Brad Larsen apr&egrave;s 2 saisons n&eacute;gatives - The Playoffs FR<\/title>\n<meta name=\"robots\" content=\"index, follow, max-snippet:-1, max-image-preview:large, max-video-preview:-1\" \/>\n<link rel=\"canonical\" href=\"https:\/\/theplayoffs.news\/fr\/actualite-nhl\/blue-jackets-separent-brad-larsen\/\" \/>\n<meta property=\"og:locale\" content=\"fr_FR\" \/>\n<meta property=\"og:type\" content=\"article\" \/>\n<meta property=\"og:title\" content=\"Les Blue Jackets se s&eacute;parent de Brad Larsen apr&egrave;s 2 saisons n&eacute;gatives - The Playoffs FR\" \/>\n<meta property=\"og:url\" content=\"https:\/\/theplayoffs.news\/fr\/actualite-nhl\/blue-jackets-separent-brad-larsen\/\" \/>\n<meta property=\"og:site_name\" content=\"The Playoffs FR\" \/>\n<meta property=\"article:publisher\" content=\"https:\/\/www.facebook.com\/TheFreeAgentFR\/\" \/>\n<meta property=\"article:modified_time\" content=\"2023-04-15T19:18:10+02:00\" \/>\n<meta property=\"og:image\" content=\"https:\/\/theplayoffs.news\/fr\/wp-content\/uploads\/2023\/04\/brad-larsen-1-1933799-1679246831280.jpeg\" \/>\n\t<meta property=\"og:image:width\" content=\"1920\" \/>\n\t<meta property=\"og:image:height\" content=\"1080\" \/>\n\t<meta property=\"og:image:type\" content=\"image\/jpeg\" \/>\n<meta name=\"author\" content=\"Charles Taudin\" \/>\n<meta name=\"twitter:card\" content=\"summary_large_image\" \/>\n<meta name=\"twitter:creator\" content=\"@TheFreeAgentFR\" \/>\n<meta name=\"twitter:site\" content=\"@TheFreeAgentFR\" \/>\n<meta name=\"twitter:label1\" content=\"\u00c9crit par\" \/>\n\t<meta name=\"twitter:data1\" content=\"Charles Taudin\" \/>\n\t<meta name=\"twitter:label2\" content=\"Dur\u00e9e de lecture estim\u00e9e\" \/>\n\t<meta name=\"twitter:data2\" content=\"2 minutes\" \/>\n<script type=\"application\/ld+json\" class=\"yoast-schema-graph\">{\"@context\":\"https:\/\/schema.org\",\"@graph\":[{\"@type\":\"WebPage\",\"@id\":\"https:\/\/theplayoffs.news\/fr\/actualite-nhl\/blue-jackets-separent-brad-larsen\/\",\"url\":\"https:\/\/theplayoffs.news\/fr\/actualite-nhl\/blue-jackets-separent-brad-larsen\/\",\"name\":\"Les Blue Jackets se s\u00e9parent de Brad Larsen apr\u00e8s 2 saisons n\u00e9gatives - The Playoffs FR\",\"isPartOf\":{\"@id\":\"https:\/\/theplayoffs.news\/fr\/#website\"},\"primaryImageOfPage\":{\"@id\":\"https:\/\/theplayoffs.news\/fr\/actualite-nhl\/blue-jackets-separent-brad-larsen\/#primaryimage\"},\"image\":{\"@id\":\"https:\/\/theplayoffs.news\/fr\/actualite-nhl\/blue-jackets-separent-brad-larsen\/#primaryimage\"},\"thumbnailUrl\":\"https:\/\/theplayoffs.news\/fr\/wp-content\/uploads\/2023\/04\/brad-larsen-1-1933799-1679246831280.jpeg\",\"datePublished\":\"2023-04-15T17:18:10+00:00\",\"dateModified\":\"2023-04-15T17:18:10+00:00\",\"author\":{\"@id\":\"https:\/\/theplayoffs.news\/fr\/#\/schema\/person\/eee5b69ad5d3c51cabe881c839dbe133\"},\"breadcrumb\":{\"@id\":\"https:\/\/theplayoffs.news\/fr\/actualite-nhl\/blue-jackets-separent-brad-larsen\/#breadcrumb\"},\"inLanguage\":\"fr-FR\",\"potentialAction\":[{\"@type\":\"ReadAction\",\"target\":[\"https:\/\/theplayoffs.news\/fr\/actualite-nhl\/blue-jackets-separent-brad-larsen\/\"]}]},{\"@type\":\"ImageObject\",\"inLanguage\":\"fr-FR\",\"@id\":\"https:\/\/theplayoffs.news\/fr\/actualite-nhl\/blue-jackets-separent-brad-larsen\/#primaryimage\",\"url\":\"https:\/\/theplayoffs.news\/fr\/wp-content\/uploads\/2023\/04\/brad-larsen-1-1933799-1679246831280.jpeg\",\"contentUrl\":\"https:\/\/theplayoffs.news\/fr\/wp-content\/uploads\/2023\/04\/brad-larsen-1-1933799-1679246831280.jpeg\",\"width\":1920,\"height\":1080,\"caption\":\"Brad Larsen Blue Jackets\"},{\"@type\":\"BreadcrumbList\",\"@id\":\"https:\/\/theplayoffs.news\/fr\/actualite-nhl\/blue-jackets-separent-brad-larsen\/#breadcrumb\",\"itemListElement\":[{\"@type\":\"ListItem\",\"position\":1,\"name\":\"Accueil\",\"item\":\"https:\/\/theplayoffs.news\/fr\/\"},{\"@type\":\"ListItem\",\"position\":2,\"name\":\"Les Blue Jackets se s\u00e9parent de Brad Larsen apr\u00e8s 2 saisons n\u00e9gatives\"}]},{\"@type\":\"WebSite\",\"@id\":\"https:\/\/theplayoffs.news\/fr\/#website\",\"url\":\"https:\/\/theplayoffs.news\/fr\/\",\"name\":\"The Playoffs FR\",\"description\":\"NBA-NFL-NHL-MLB\",\"potentialAction\":[{\"@type\":\"SearchAction\",\"target\":{\"@type\":\"EntryPoint\",\"urlTemplate\":\"https:\/\/theplayoffs.news\/fr\/?s={search_term_string}\"},\"query-input\":{\"@type\":\"PropertyValueSpecification\",\"valueRequired\":true,\"valueName\":\"search_term_string\"}}],\"inLanguage\":\"fr-FR\"},{\"@type\":\"Person\",\"@id\":\"https:\/\/theplayoffs.news\/fr\/#\/schema\/person\/eee5b69ad5d3c51cabe881c839dbe133\",\"name\":\"Charles Taudin\",\"image\":{\"@type\":\"ImageObject\",\"inLanguage\":\"fr-FR\",\"@id\":\"https:\/\/theplayoffs.news\/fr\/#\/schema\/person\/image\/\",\"url\":\"https:\/\/secure.gravatar.com\/avatar\/59a1e772205ce9fd255edfcafc93013736822e20261f294c5753b20c41ede9f2?s=96&d=mm&r=g\",\"contentUrl\":\"https:\/\/secure.gravatar.com\/avatar\/59a1e772205ce9fd255edfcafc93013736822e20261f294c5753b20c41ede9f2?s=96&d=mm&r=g\",\"caption\":\"Charles Taudin\"},\"description\":\"R\u00e9dacteur en chef global de The Playoffs, j\u2019ai cr\u00e9\u00e9 The Free Agent, devenu The Playoffs FR, en 2020 durant la pand\u00e9mie. Amoureux depuis des ann\u00e9es des 4 sports majeurs am\u00e9ricains, j\u2019organise maintenant la strat\u00e9gie \u00e9ditoriale et les r\u00e9seaux sociaux de l\u2019ensemble des versions de The Playoffs. Il m\u2019arrive encore d\u2019\u00e9crire sur certains sports que j\u2019affectionne particuli\u00e8rement comme la NFL ou la MLB. Si vous devez retenir qu\u2019une chose : Eli Manning est le vrai GOAT pour avoir battu deux fois Tom Brady.\",\"sameAs\":[\"https:\/\/www.instagram.com\/ctaudin_\/\"],\"url\":\"https:\/\/theplayoffs.news\/fr\/author\/charles-taudin\/\"}]}<\/script>\n<!-- \/ Yoast SEO plugin. -->","yoast_head_json":{"title":"Les Blue Jackets se s&eacute;parent de Brad Larsen apr&egrave;s 2 saisons n&eacute;gatives - The Playoffs FR","robots":{"index":"index","follow":"follow","max-snippet":"max-snippet:-1","max-image-preview":"max-image-preview:large","max-video-preview":"max-video-preview:-1"},"canonical":"https:\/\/theplayoffs.news\/fr\/actualite-nhl\/blue-jackets-separent-brad-larsen\/","og_locale":"fr_FR","og_type":"article","og_title":"Les Blue Jackets se s&eacute;parent de Brad Larsen apr&egrave;s 2 saisons n&eacute;gatives - The Playoffs FR","og_url":"https:\/\/theplayoffs.news\/fr\/actualite-nhl\/blue-jackets-separent-brad-larsen\/","og_site_name":"The Playoffs FR","article_publisher":"https:\/\/www.facebook.com\/TheFreeAgentFR\/","og_image":[{"width":1920,"height":1080,"url":"https:\/\/theplayoffs.news\/fr\/wp-content\/uploads\/2023\/04\/brad-larsen-1-1933799-1679246831280.jpeg","type":"image\/jpeg"}],"author":"Charles Taudin","twitter_card":"summary_large_image","twitter_creator":"@TheFreeAgentFR","twitter_site":"@TheFreeAgentFR","twitter_misc":{"\u00c9crit par":"Charles Taudin","Dur\u00e9e de lecture estim\u00e9e":"2 minutes"},"schema":{"@context":"https:\/\/schema.org","@graph":[{"@type":"WebPage","@id":"https:\/\/theplayoffs.news\/fr\/actualite-nhl\/blue-jackets-separent-brad-larsen\/","url":"https:\/\/theplayoffs.news\/fr\/actualite-nhl\/blue-jackets-separent-brad-larsen\/","name":"Les Blue Jackets se s\u00e9parent de Brad Larsen apr\u00e8s 2 saisons n\u00e9gatives - The Playoffs FR","isPartOf":{"@id":"https:\/\/theplayoffs.news\/fr\/#website"},"primaryImageOfPage":{"@id":"https:\/\/theplayoffs.news\/fr\/actualite-nhl\/blue-jackets-separent-brad-larsen\/#primaryimage"},"image":{"@id":"https:\/\/theplayoffs.news\/fr\/actualite-nhl\/blue-jackets-separent-brad-larsen\/#primaryimage"},"thumbnailUrl":"https:\/\/theplayoffs.news\/fr\/wp-content\/uploads\/2023\/04\/brad-larsen-1-1933799-1679246831280.jpeg","datePublished":"2023-04-15T17:18:10+00:00","dateModified":"2023-04-15T17:18:10+00:00","author":{"@id":"https:\/\/theplayoffs.news\/fr\/#\/schema\/person\/eee5b69ad5d3c51cabe881c839dbe133"},"breadcrumb":{"@id":"https:\/\/theplayoffs.news\/fr\/actualite-nhl\/blue-jackets-separent-brad-larsen\/#breadcrumb"},"inLanguage":"fr-FR","potentialAction":[{"@type":"ReadAction","target":["https:\/\/theplayoffs.news\/fr\/actualite-nhl\/blue-jackets-separent-brad-larsen\/"]}]},{"@type":"ImageObject","inLanguage":"fr-FR","@id":"https:\/\/theplayoffs.news\/fr\/actualite-nhl\/blue-jackets-separent-brad-larsen\/#primaryimage","url":"https:\/\/theplayoffs.news\/fr\/wp-content\/uploads\/2023\/04\/brad-larsen-1-1933799-1679246831280.jpeg","contentUrl":"https:\/\/theplayoffs.news\/fr\/wp-content\/uploads\/2023\/04\/brad-larsen-1-1933799-1679246831280.jpeg","width":1920,"height":1080,"caption":"Brad Larsen Blue Jackets"},{"@type":"BreadcrumbList","@id":"https:\/\/theplayoffs.news\/fr\/actualite-nhl\/blue-jackets-separent-brad-larsen\/#breadcrumb","itemListElement":[{"@type":"ListItem","position":1,"name":"Accueil","item":"https:\/\/theplayoffs.news\/fr\/"},{"@type":"ListItem","position":2,"name":"Les Blue Jackets se s\u00e9parent de Brad Larsen apr\u00e8s 2 saisons n\u00e9gatives"}]},{"@type":"WebSite","@id":"https:\/\/theplayoffs.news\/fr\/#website","url":"https:\/\/theplayoffs.news\/fr\/","name":"The Playoffs FR","description":"NBA-NFL-NHL-MLB","potentialAction":[{"@type":"SearchAction","target":{"@type":"EntryPoint","urlTemplate":"https:\/\/theplayoffs.news\/fr\/?s={search_term_string}"},"query-input":{"@type":"PropertyValueSpecification","valueRequired":true,"valueName":"search_term_string"}}],"inLanguage":"fr-FR"},{"@type":"Person","@id":"https:\/\/theplayoffs.news\/fr\/#\/schema\/person\/eee5b69ad5d3c51cabe881c839dbe133","name":"Charles Taudin","image":{"@type":"ImageObject","inLanguage":"fr-FR","@id":"https:\/\/theplayoffs.news\/fr\/#\/schema\/person\/image\/","url":"https:\/\/secure.gravatar.com\/avatar\/59a1e772205ce9fd255edfcafc93013736822e20261f294c5753b20c41ede9f2?s=96&d=mm&r=g","contentUrl":"https:\/\/secure.gravatar.com\/avatar\/59a1e772205ce9fd255edfcafc93013736822e20261f294c5753b20c41ede9f2?s=96&d=mm&r=g","caption":"Charles Taudin"},"description":"R\u00e9dacteur en chef global de The Playoffs, j\u2019ai cr\u00e9\u00e9 The Free Agent, devenu The Playoffs FR, en 2020 durant la pand\u00e9mie. Amoureux depuis des ann\u00e9es des 4 sports majeurs am\u00e9ricains, j\u2019organise maintenant la strat\u00e9gie \u00e9ditoriale et les r\u00e9seaux sociaux de l\u2019ensemble des versions de The Playoffs. Il m\u2019arrive encore d\u2019\u00e9crire sur certains sports que j\u2019affectionne particuli\u00e8rement comme la NFL ou la MLB. Si vous devez retenir qu\u2019une chose : Eli Manning est le vrai GOAT pour avoir battu deux fois Tom Brady.","sameAs":["https:\/\/www.instagram.com\/ctaudin_\/"],"url":"https:\/\/theplayoffs.news\/fr\/author\/charles-taudin\/"}]}},"_links":{"self":[{"href":"https:\/\/theplayoffs.news\/fr\/wp-json\/wp\/v2\/posts\/582548","targetHints":{"allow":["GET"]}}],"collection":[{"href":"https:\/\/theplayoffs.news\/fr\/wp-json\/wp\/v2\/posts"}],"about":[{"href":"https:\/\/theplayoffs.news\/fr\/wp-json\/wp\/v2\/types\/post"}],"author":[{"embeddable":true,"href":"https:\/\/theplayoffs.news\/fr\/wp-json\/wp\/v2\/users\/13"}],"replies":[{"embeddable":true,"href":"https:\/\/theplayoffs.news\/fr\/wp-json\/wp\/v2\/comments?post=582548"}],"version-history":[{"count":2,"href":"https:\/\/theplayoffs.news\/fr\/wp-json\/wp\/v2\/posts\/582548\/revisions"}],"predecessor-version":[{"id":582554,"href":"https:\/\/theplayoffs.news\/fr\/wp-json\/wp\/v2\/posts\/582548\/revisions\/582554"}],"wp:featuredmedia":[{"embeddable":true,"href":"https:\/\/theplayoffs.news\/fr\/wp-json\/wp\/v2\/media\/582551"}],"wp:attachment":[{"href":"https:\/\/theplayoffs.news\/fr\/wp-json\/wp\/v2\/media?parent=582548"}],"wp:term":[{"taxonomy":"category","embeddable":true,"href":"https:\/\/theplayoffs.news\/fr\/wp-json\/wp\/v2\/categories?post=582548"},{"taxonomy":"post_tag","embeddable":true,"href":"https:\/\/theplayoffs.news\/fr\/wp-json\/wp\/v2\/tags?post=582548"},{"taxonomy":"sport","embeddable":true,"href":"https:\/\/theplayoffs.news\/fr\/wp-json\/wp\/v2\/sport?post=582548"},{"taxonomy":"saison","embeddable":true,"href":"https:\/\/theplayoffs.news\/fr\/wp-json\/wp\/v2\/saison?post=582548"}],"curies":[{"name":"wp","href":"https:\/\/api.w.org\/{rel}","templated":true}]}}