{"id":582257,"date":"2023-04-14T14:56:31","date_gmt":"2023-04-14T12:56:31","guid":{"rendered":"https:\/\/theplayoffs.news\/fr\/?p=582257"},"modified":"2023-04-14T14:56:32","modified_gmt":"2023-04-14T12:56:32","slug":"lakers-conserver-vanderbilt","status":"publish","type":"post","link":"https:\/\/theplayoffs.news\/fr\/actualite-nba\/lakers-conserver-vanderbilt\/","title":{"rendered":"Les Lakers devraient conserver Vanderbilt la saison prochaine"},"content":{"rendered":"<h2>Les Lakers pr&eacute;voient de conserver Jarred Vanderbilt pour la saison prochaine, d&rsquo;apr&egrave;s Jovan Buha de The Athletic.<\/h2><p>&nbsp;<\/p><p>Il reste &agrave; <a href=\"https:\/\/theplayoffs.news\/fr\/joueur\/jarred-vanderbilt-nba-8556154\/\" class=\"trk-cta-link\" data-cta-trk='{\"ctaType\":\"Link\",\"ctaSubType\":\"main\"}'>Jarred Vanderbilt<\/a> un an et 4,7 millions de dollars sur son contrat. Seuls 300 000 dollars sont garantis, ce qui signifie que sa franchise pourrait le lib&eacute;rer pour &eacute;conomiser 4,4 millions de dollars.<\/p><p>Mais les Lakers <a href=\"https:\/\/twitter.com\/LegionHoops\/status\/1646670831727280129?ref_src=twsrc%5Etfw%7Ctwcamp%5Etweetembed%7Ctwterm%5E1646670831727280129%7Ctwgr%5E796d0b8e2edc32934e49da3f51134652fd06c951%7Ctwcon%5Es1_c10&amp;ref_url=https%3A%2F%2Fthefreeagent.fr%2Fwp-admin%2Fpost-new.php\" class=\"trk-cta-link\" data-cta-trk='{\"ctaType\":\"Link\",\"ctaSubType\":\"main\"}'>souhaitent le conserver<\/a>, et l&rsquo;int&eacute;r&ecirc;t semble r&eacute;ciproque puisque le joueur de 24 ans entend &laquo;&nbsp;<em>s&rsquo;enraciner &agrave; Los Angeles<\/em>&laquo;&nbsp;, toujours selon Buha.<\/p><blockquote class=\"twitter-tweet\" data-width=\"500\" data-dnt=\"true\">\n<p lang=\"en\" dir=\"ltr\">The Lakers plan to pick up Jarred Vanderbilt&rsquo;s team option next season, per <a href=\"https:\/\/twitter.com\/jovanbuha?ref_src=twsrc%5Etfw\" class=\"trk-cta-link\" data-cta-trk='{\"ctaType\":\"Link\",\"ctaSubType\":\"main\"}'>@jovanbuha<\/a>.<\/p>\n<p>&#128293;&#128293;&#128293; <a href=\"https:\/\/t.co\/PYct8Cw6Yz\" class=\"trk-cta-link\" data-cta-trk='{\"ctaType\":\"Link\",\"ctaSubType\":\"main\"}'>pic.twitter.com\/PYct8Cw6Yz<\/a><\/p>\n<p>&mdash; Legion Hoops (@LegionHoops) <a href=\"https:\/\/twitter.com\/LegionHoops\/status\/1646670831727280129?ref_src=twsrc%5Etfw\" class=\"trk-cta-link\" data-cta-trk='{\"ctaType\":\"Link\",\"ctaSubType\":\"main\"}'>April 14, 2023<\/a><\/p><\/blockquote><p><script async src=\"https:\/\/platform.twitter.com\/widgets.js\" charset=\"utf-8\"><\/script><\/p><p>&nbsp;<\/p><p>En 26 matchs cette saison avec LA, apr&egrave;s un &eacute;change avec le Jazz, l&rsquo;ailier fort a marqu&eacute; 7,2 points et pris 6,7 rebonds en moyenne par match.<\/p><p>Vanderbilt sera agent libre lorsque son contrat expirera apr&egrave;s la saison 2023-2024. Il a prouv&eacute; ces derniers mois qu&rsquo;il &eacute;tait capable de former un duo solide et compl&eacute;mentaire avec <a href=\"https:\/\/theplayoffs.news\/fr\/joueur\/anthony-davis-nba-13166\/\" class=\"trk-cta-link\" data-cta-trk='{\"ctaType\":\"Link\",\"ctaSubType\":\"main\"}'>Anthony Davis<\/a>, lorsqu&rsquo;ils sont ensemble sur le terrain, et que son arriv&eacute;e chez les Purple and Gold est pour l&rsquo;instant une r&eacute;ussite. Une ann&eacute;e de plus aux Lakers serait certainement un soulagement pour un joueur qui a chang&eacute; trois fois d&rsquo;&eacute;quipes au cours des deux derni&egrave;res ann&eacute;es, apr&egrave;s avoir souffert de multiples blessures au pied.<\/p><p>Los Angeles esp&egrave;re que Vanderbilt continuera &agrave; avoir un impact positif sur la d&eacute;fense de l&rsquo;&eacute;quipe, qui s&rsquo;est rapidement am&eacute;lior&eacute;e apr&egrave;s que les Lakers l&rsquo;ont r&eacute;cup&eacute;r&eacute; lors de la trade deadline. Les californiens se pr&eacute;parent actuellement pour le d&eacute;but des playoffs, o&ugrave; ils feront face aux Grizzlies.<\/p>\n","protected":false},"excerpt":{"rendered":"","protected":false},"author":180310144,"featured_media":582258,"comment_status":"open","ping_status":"closed","sticky":false,"template":"","format":"standard","meta":{"inline_featured_image":false,"kia_subtitle":"","_mux_skip_reasons":[],"proofreadBy":0,"footnotes":""},"categories":[110,10],"tags":[5425,117,23],"sport":[],"saison":[],"class_list":["post-582257","post","type-post","status-publish","format-standard","has-post-thumbnail","hentry","category-actualite-nba","category-nba","tag-jarred-vanderbilt","tag-los-angeles-lakers","tag-nba-tag"],"acf":[],"yoast_head":"<!-- This site is optimized with the Yoast SEO plugin v24.2 - https:\/\/yoast.com\/wordpress\/plugins\/seo\/ -->\n<title>Les Lakers devraient conserver Vanderbilt la saison prochaine - The Playoffs FR<\/title>\n<meta name=\"robots\" content=\"index, follow, max-snippet:-1, max-image-preview:large, max-video-preview:-1\" \/>\n<link rel=\"canonical\" href=\"https:\/\/theplayoffs.news\/fr\/actualite-nba\/lakers-conserver-vanderbilt\/\" \/>\n<meta property=\"og:locale\" content=\"fr_FR\" \/>\n<meta property=\"og:type\" content=\"article\" \/>\n<meta property=\"og:title\" content=\"Les Lakers devraient conserver Vanderbilt la saison prochaine - The Playoffs FR\" \/>\n<meta property=\"og:url\" content=\"https:\/\/theplayoffs.news\/fr\/actualite-nba\/lakers-conserver-vanderbilt\/\" \/>\n<meta property=\"og:site_name\" content=\"The Playoffs FR\" \/>\n<meta property=\"article:publisher\" content=\"https:\/\/www.facebook.com\/TheFreeAgentFR\/\" \/>\n<meta property=\"article:modified_time\" content=\"2023-04-14T14:56:32+02:00\" \/>\n<meta property=\"og:image\" content=\"https:\/\/theplayoffs.news\/fr\/wp-content\/uploads\/2023\/04\/vanderbilt-lakers.jpg\" \/>\n\t<meta property=\"og:image:width\" content=\"680\" \/>\n\t<meta property=\"og:image:height\" content=\"680\" \/>\n\t<meta property=\"og:image:type\" content=\"image\/jpeg\" \/>\n<meta name=\"author\" content=\"Evan Glomot\" \/>\n<meta name=\"twitter:card\" content=\"summary_large_image\" \/>\n<meta name=\"twitter:creator\" content=\"@TheFreeAgentFR\" \/>\n<meta name=\"twitter:site\" content=\"@TheFreeAgentFR\" \/>\n<meta name=\"twitter:label1\" content=\"\u00c9crit par\" \/>\n\t<meta name=\"twitter:data1\" content=\"Evan Glomot\" \/>\n\t<meta name=\"twitter:label2\" content=\"Dur\u00e9e de lecture estim\u00e9e\" \/>\n\t<meta name=\"twitter:data2\" content=\"1 minute\" \/>\n<script type=\"application\/ld+json\" class=\"yoast-schema-graph\">{\"@context\":\"https:\/\/schema.org\",\"@graph\":[{\"@type\":\"WebPage\",\"@id\":\"https:\/\/theplayoffs.news\/fr\/actualite-nba\/lakers-conserver-vanderbilt\/\",\"url\":\"https:\/\/theplayoffs.news\/fr\/actualite-nba\/lakers-conserver-vanderbilt\/\",\"name\":\"Les Lakers devraient conserver Vanderbilt la saison prochaine - The Playoffs FR\",\"isPartOf\":{\"@id\":\"https:\/\/theplayoffs.news\/fr\/#website\"},\"primaryImageOfPage\":{\"@id\":\"https:\/\/theplayoffs.news\/fr\/actualite-nba\/lakers-conserver-vanderbilt\/#primaryimage\"},\"image\":{\"@id\":\"https:\/\/theplayoffs.news\/fr\/actualite-nba\/lakers-conserver-vanderbilt\/#primaryimage\"},\"thumbnailUrl\":\"https:\/\/theplayoffs.news\/fr\/wp-content\/uploads\/2023\/04\/vanderbilt-lakers.jpg\",\"datePublished\":\"2023-04-14T12:56:31+00:00\",\"dateModified\":\"2023-04-14T12:56:32+00:00\",\"author\":{\"@id\":\"https:\/\/theplayoffs.news\/fr\/#\/schema\/person\/efcb1404f7c790a161fdc0aa29e81646\"},\"breadcrumb\":{\"@id\":\"https:\/\/theplayoffs.news\/fr\/actualite-nba\/lakers-conserver-vanderbilt\/#breadcrumb\"},\"inLanguage\":\"fr-FR\",\"potentialAction\":[{\"@type\":\"ReadAction\",\"target\":[\"https:\/\/theplayoffs.news\/fr\/actualite-nba\/lakers-conserver-vanderbilt\/\"]}]},{\"@type\":\"ImageObject\",\"inLanguage\":\"fr-FR\",\"@id\":\"https:\/\/theplayoffs.news\/fr\/actualite-nba\/lakers-conserver-vanderbilt\/#primaryimage\",\"url\":\"https:\/\/theplayoffs.news\/fr\/wp-content\/uploads\/2023\/04\/vanderbilt-lakers.jpg\",\"contentUrl\":\"https:\/\/theplayoffs.news\/fr\/wp-content\/uploads\/2023\/04\/vanderbilt-lakers.jpg\",\"width\":680,\"height\":680,\"caption\":\"lakers\"},{\"@type\":\"BreadcrumbList\",\"@id\":\"https:\/\/theplayoffs.news\/fr\/actualite-nba\/lakers-conserver-vanderbilt\/#breadcrumb\",\"itemListElement\":[{\"@type\":\"ListItem\",\"position\":1,\"name\":\"Accueil\",\"item\":\"https:\/\/theplayoffs.news\/fr\/\"},{\"@type\":\"ListItem\",\"position\":2,\"name\":\"Les Lakers devraient conserver Vanderbilt la saison prochaine\"}]},{\"@type\":\"WebSite\",\"@id\":\"https:\/\/theplayoffs.news\/fr\/#website\",\"url\":\"https:\/\/theplayoffs.news\/fr\/\",\"name\":\"The Playoffs FR\",\"description\":\"NBA-NFL-NHL-MLB\",\"potentialAction\":[{\"@type\":\"SearchAction\",\"target\":{\"@type\":\"EntryPoint\",\"urlTemplate\":\"https:\/\/theplayoffs.news\/fr\/?s={search_term_string}\"},\"query-input\":{\"@type\":\"PropertyValueSpecification\",\"valueRequired\":true,\"valueName\":\"search_term_string\"}}],\"inLanguage\":\"fr-FR\"},{\"@type\":\"Person\",\"@id\":\"https:\/\/theplayoffs.news\/fr\/#\/schema\/person\/efcb1404f7c790a161fdc0aa29e81646\",\"name\":\"Evan Glomot\",\"image\":{\"@type\":\"ImageObject\",\"inLanguage\":\"fr-FR\",\"@id\":\"https:\/\/theplayoffs.news\/fr\/#\/schema\/person\/image\/\",\"url\":\"https:\/\/secure.gravatar.com\/avatar\/93e18dce985a4dfed140ef5ef5ecc82be40a165cbb4838e421f46abb52b7c315?s=96&d=mm&r=g\",\"contentUrl\":\"https:\/\/secure.gravatar.com\/avatar\/93e18dce985a4dfed140ef5ef5ecc82be40a165cbb4838e421f46abb52b7c315?s=96&d=mm&r=g\",\"caption\":\"Evan Glomot\"},\"url\":\"https:\/\/theplayoffs.news\/fr\/author\/evanglomotgmail-com\/\"}]}<\/script>\n<!-- \/ Yoast SEO plugin. -->","yoast_head_json":{"title":"Les Lakers devraient conserver Vanderbilt la saison prochaine - The Playoffs FR","robots":{"index":"index","follow":"follow","max-snippet":"max-snippet:-1","max-image-preview":"max-image-preview:large","max-video-preview":"max-video-preview:-1"},"canonical":"https:\/\/theplayoffs.news\/fr\/actualite-nba\/lakers-conserver-vanderbilt\/","og_locale":"fr_FR","og_type":"article","og_title":"Les Lakers devraient conserver Vanderbilt la saison prochaine - The Playoffs FR","og_url":"https:\/\/theplayoffs.news\/fr\/actualite-nba\/lakers-conserver-vanderbilt\/","og_site_name":"The Playoffs FR","article_publisher":"https:\/\/www.facebook.com\/TheFreeAgentFR\/","article_modified_time":"2023-04-14T12:56:32+00:00","og_image":[{"width":680,"height":680,"url":"https:\/\/theplayoffs.news\/fr\/wp-content\/uploads\/2023\/04\/vanderbilt-lakers.jpg","type":"image\/jpeg"}],"author":"Evan Glomot","twitter_card":"summary_large_image","twitter_creator":"@TheFreeAgentFR","twitter_site":"@TheFreeAgentFR","twitter_misc":{"\u00c9crit par":"Evan Glomot","Dur\u00e9e de lecture estim\u00e9e":"1 minute"},"schema":{"@context":"https:\/\/schema.org","@graph":[{"@type":"WebPage","@id":"https:\/\/theplayoffs.news\/fr\/actualite-nba\/lakers-conserver-vanderbilt\/","url":"https:\/\/theplayoffs.news\/fr\/actualite-nba\/lakers-conserver-vanderbilt\/","name":"Les Lakers devraient conserver Vanderbilt la saison prochaine - The Playoffs FR","isPartOf":{"@id":"https:\/\/theplayoffs.news\/fr\/#website"},"primaryImageOfPage":{"@id":"https:\/\/theplayoffs.news\/fr\/actualite-nba\/lakers-conserver-vanderbilt\/#primaryimage"},"image":{"@id":"https:\/\/theplayoffs.news\/fr\/actualite-nba\/lakers-conserver-vanderbilt\/#primaryimage"},"thumbnailUrl":"https:\/\/theplayoffs.news\/fr\/wp-content\/uploads\/2023\/04\/vanderbilt-lakers.jpg","datePublished":"2023-04-14T12:56:31+00:00","dateModified":"2023-04-14T12:56:32+00:00","author":{"@id":"https:\/\/theplayoffs.news\/fr\/#\/schema\/person\/efcb1404f7c790a161fdc0aa29e81646"},"breadcrumb":{"@id":"https:\/\/theplayoffs.news\/fr\/actualite-nba\/lakers-conserver-vanderbilt\/#breadcrumb"},"inLanguage":"fr-FR","potentialAction":[{"@type":"ReadAction","target":["https:\/\/theplayoffs.news\/fr\/actualite-nba\/lakers-conserver-vanderbilt\/"]}]},{"@type":"ImageObject","inLanguage":"fr-FR","@id":"https:\/\/theplayoffs.news\/fr\/actualite-nba\/lakers-conserver-vanderbilt\/#primaryimage","url":"https:\/\/theplayoffs.news\/fr\/wp-content\/uploads\/2023\/04\/vanderbilt-lakers.jpg","contentUrl":"https:\/\/theplayoffs.news\/fr\/wp-content\/uploads\/2023\/04\/vanderbilt-lakers.jpg","width":680,"height":680,"caption":"lakers"},{"@type":"BreadcrumbList","@id":"https:\/\/theplayoffs.news\/fr\/actualite-nba\/lakers-conserver-vanderbilt\/#breadcrumb","itemListElement":[{"@type":"ListItem","position":1,"name":"Accueil","item":"https:\/\/theplayoffs.news\/fr\/"},{"@type":"ListItem","position":2,"name":"Les Lakers devraient conserver Vanderbilt la saison prochaine"}]},{"@type":"WebSite","@id":"https:\/\/theplayoffs.news\/fr\/#website","url":"https:\/\/theplayoffs.news\/fr\/","name":"The Playoffs FR","description":"NBA-NFL-NHL-MLB","potentialAction":[{"@type":"SearchAction","target":{"@type":"EntryPoint","urlTemplate":"https:\/\/theplayoffs.news\/fr\/?s={search_term_string}"},"query-input":{"@type":"PropertyValueSpecification","valueRequired":true,"valueName":"search_term_string"}}],"inLanguage":"fr-FR"},{"@type":"Person","@id":"https:\/\/theplayoffs.news\/fr\/#\/schema\/person\/efcb1404f7c790a161fdc0aa29e81646","name":"Evan Glomot","image":{"@type":"ImageObject","inLanguage":"fr-FR","@id":"https:\/\/theplayoffs.news\/fr\/#\/schema\/person\/image\/","url":"https:\/\/secure.gravatar.com\/avatar\/93e18dce985a4dfed140ef5ef5ecc82be40a165cbb4838e421f46abb52b7c315?s=96&d=mm&r=g","contentUrl":"https:\/\/secure.gravatar.com\/avatar\/93e18dce985a4dfed140ef5ef5ecc82be40a165cbb4838e421f46abb52b7c315?s=96&d=mm&r=g","caption":"Evan Glomot"},"url":"https:\/\/theplayoffs.news\/fr\/author\/evanglomotgmail-com\/"}]}},"_links":{"self":[{"href":"https:\/\/theplayoffs.news\/fr\/wp-json\/wp\/v2\/posts\/582257","targetHints":{"allow":["GET"]}}],"collection":[{"href":"https:\/\/theplayoffs.news\/fr\/wp-json\/wp\/v2\/posts"}],"about":[{"href":"https:\/\/theplayoffs.news\/fr\/wp-json\/wp\/v2\/types\/post"}],"author":[{"embeddable":true,"href":"https:\/\/theplayoffs.news\/fr\/wp-json\/wp\/v2\/users\/180310144"}],"replies":[{"embeddable":true,"href":"https:\/\/theplayoffs.news\/fr\/wp-json\/wp\/v2\/comments?post=582257"}],"version-history":[{"count":3,"href":"https:\/\/theplayoffs.news\/fr\/wp-json\/wp\/v2\/posts\/582257\/revisions"}],"predecessor-version":[{"id":582262,"href":"https:\/\/theplayoffs.news\/fr\/wp-json\/wp\/v2\/posts\/582257\/revisions\/582262"}],"wp:featuredmedia":[{"embeddable":true,"href":"https:\/\/theplayoffs.news\/fr\/wp-json\/wp\/v2\/media\/582258"}],"wp:attachment":[{"href":"https:\/\/theplayoffs.news\/fr\/wp-json\/wp\/v2\/media?parent=582257"}],"wp:term":[{"taxonomy":"category","embeddable":true,"href":"https:\/\/theplayoffs.news\/fr\/wp-json\/wp\/v2\/categories?post=582257"},{"taxonomy":"post_tag","embeddable":true,"href":"https:\/\/theplayoffs.news\/fr\/wp-json\/wp\/v2\/tags?post=582257"},{"taxonomy":"sport","embeddable":true,"href":"https:\/\/theplayoffs.news\/fr\/wp-json\/wp\/v2\/sport?post=582257"},{"taxonomy":"saison","embeddable":true,"href":"https:\/\/theplayoffs.news\/fr\/wp-json\/wp\/v2\/saison?post=582257"}],"curies":[{"name":"wp","href":"https:\/\/api.w.org\/{rel}","templated":true}]}}