{"id":581384,"date":"2023-04-11T15:33:41","date_gmt":"2023-04-11T13:33:41","guid":{"rendered":"https:\/\/theplayoffs.news\/fr\/?p=581384"},"modified":"2023-04-11T15:33:41","modified_gmt":"2023-04-11T13:33:41","slug":"ethan-salas-prospect-16-ans-padres","status":"publish","type":"post","link":"https:\/\/theplayoffs.news\/fr\/actualite-mlb\/ethan-salas-prospect-16-ans-padres\/","title":{"rendered":"Ethan Salas : un prospect de 16 ans chez les Padres"},"content":{"rendered":"<h2>Les San Diego Padres ont un effectif rempli de superstars : Juan Soto, Manny Machado, Yu Darvish et bien plus encore.<\/h2><p>Mais il n&rsquo;y a pas que dans le roster des 40 que le talent se trouve. Mais aussi dans leur farming system avec un jeune prospect de 16 ans : Ethan Salas.<\/p><p>&Agrave; seulement 16 ans, Ethan Salas fait d&eacute;j&agrave; tourner les t&ecirc;tes parmi les observateurs alors que son arriv&eacute;e en MLB n&rsquo;est sans doute pr&eacute;vue qu&rsquo;en 2028. Voici ce que <a href=\"https:\/\/theathletic.com\/4378592\/2023\/04\/04\/cactus-league-scouting-padres-ethan-salas\/\" class=\"trk-cta-link\" data-cta-trk='{\"ctaType\":\"Link\",\"ctaSubType\":\"main\"}'>Keith Law<\/a> disait de lui durant le Spring training :<\/p><blockquote><p>&laquo;&nbsp;Salas attrape d&eacute;j&agrave; comme un v&eacute;t&eacute;ran, et juste en le regardant attraper Musgrove, il &eacute;tait facile d&rsquo;oublier qu&rsquo;il y avait 15 (!?) ans de diff&eacute;rence d&rsquo;&acirc;ge entre les deux. Salas a montr&eacute; des mains douces et de l&rsquo;agilit&eacute; derri&egrave;re la plaque, avec beaucoup de force de bras dans les lancers d&rsquo;&eacute;chauffement, et il n&rsquo;a eu aucun mal &agrave; bloquer les quelques fois o&ugrave; il a d&ucirc; se mettre en position pour le faire. &Agrave; la plaque, il a un swing incroyablement simple et contr&ocirc;le tr&egrave;s bien le canon, avec un chemin direct vers la balle et la possibilit&eacute; de tirer ses mains pour s&rsquo;adapter aux trucs sur le tiers int&eacute;rieur.&nbsp;&raquo;<\/p><\/blockquote><h3><strong>Un nouveau Bryce Harper ?&nbsp;<\/strong><\/h3><p>Le receveur de 16 ans rappelle &agrave; certain &eacute;gard <a href=\"https:\/\/theplayoffs.news\/fr\/joueur\/bryce-harper-mlb-61902\/\" class=\"trk-cta-link\" data-cta-trk='{\"ctaType\":\"Link\",\"ctaSubType\":\"main\"}'><strong>Bryce Harper<\/strong><\/a> au m&ecirc;me &acirc;ge. Bien que moins fort physiquement, Salas ne fait pas son &acirc;ge. Il agit comme un joueur d&eacute;j&agrave; exp&eacute;riment&eacute;. La mani&egrave;re dont il absorbait les conseils de Musgrove laisse pr&eacute;sager le meilleur pour ce jeune joueur.<\/p><p>Dans le podcast de <a href=\"https:\/\/spotify.link\/nN5OmeMAUyb\" class=\"trk-cta-link\" data-cta-trk='{\"ctaType\":\"Link\",\"ctaSubType\":\"main\"}'>The Athletic de Vendredi dernier<\/a>, Derek Van Riper le voit m&ecirc;me faire ses d&eacute;buts en ligue mineure d&egrave;s cette saison :<\/p><blockquote><p>&laquo;&nbsp;Je pense que Salas est aussi bon (en le comparant &agrave; Bryce Harper). Je pense que Salas est une Superstar en devenir. Il va entrer sur le terrain et frapper. Je ne serai pas surpris qu&rsquo;il soit envoy&eacute; en Low-A d&egrave;s cette ann&eacute;e &agrave; l&rsquo;&acirc;ge de 17 ans, comme l&rsquo;un des plus jeune joueur de la ligue.&nbsp;&raquo;<\/p><\/blockquote><p>Ethan Salas pourrait donc faire ses d&eacute;buts en MLB avant ses 20 ans, comme le rookie de l&rsquo;ann&eacute;e 2022 : Julio Rodriguez.<\/p><p>Ethan Salas est un receveur d&eacute;j&agrave; dot&eacute; de nombreuses qualit&eacute; de vision et de lancer. D&eacute;j&agrave; dans le Top 100 des prospects de la MLB, il sera sans doute dans le Top 25 &agrave; la fin de cette ann&eacute;e.<\/p>\n","protected":false},"excerpt":{"rendered":"","protected":false},"author":13,"featured_media":581385,"comment_status":"open","ping_status":"closed","sticky":false,"template":"","format":"standard","meta":{"inline_featured_image":false,"kia_subtitle":"","_mux_skip_reasons":[],"proofreadBy":0,"footnotes":""},"categories":[188,9],"tags":[5808,465],"sport":[],"saison":[],"class_list":["post-581384","post","type-post","status-publish","format-standard","has-post-thumbnail","hentry","category-actualite-mlb","category-mlb","tag-ethan-salas","tag-san-diego-padres"],"acf":[],"yoast_head":"<!-- This site is optimized with the Yoast SEO plugin v24.2 - https:\/\/yoast.com\/wordpress\/plugins\/seo\/ -->\n<title>Ethan Salas : un prospect de 16 ans chez les Padres - The Playoffs FR<\/title>\n<meta name=\"robots\" content=\"index, follow, max-snippet:-1, max-image-preview:large, max-video-preview:-1\" \/>\n<link rel=\"canonical\" href=\"https:\/\/theplayoffs.news\/fr\/actualite-mlb\/ethan-salas-prospect-16-ans-padres\/\" \/>\n<meta property=\"og:locale\" content=\"fr_FR\" \/>\n<meta property=\"og:type\" content=\"article\" \/>\n<meta property=\"og:title\" content=\"Ethan Salas : un prospect de 16 ans chez les Padres - The Playoffs FR\" \/>\n<meta property=\"og:url\" content=\"https:\/\/theplayoffs.news\/fr\/actualite-mlb\/ethan-salas-prospect-16-ans-padres\/\" \/>\n<meta property=\"og:site_name\" content=\"The Playoffs FR\" \/>\n<meta property=\"article:publisher\" content=\"https:\/\/www.facebook.com\/TheFreeAgentFR\/\" \/>\n<meta property=\"article:modified_time\" content=\"2023-04-11T15:33:41+02:00\" \/>\n<meta property=\"og:image\" content=\"https:\/\/theplayoffs.news\/fr\/wp-content\/uploads\/2023\/04\/66609979-0-image-a-16_1673840886606.jpg\" \/>\n\t<meta property=\"og:image:width\" content=\"1908\" \/>\n\t<meta property=\"og:image:height\" content=\"1146\" \/>\n\t<meta property=\"og:image:type\" content=\"image\/jpeg\" \/>\n<meta name=\"author\" content=\"Charles Taudin\" \/>\n<meta name=\"twitter:card\" content=\"summary_large_image\" \/>\n<meta name=\"twitter:creator\" content=\"@TheFreeAgentFR\" \/>\n<meta name=\"twitter:site\" content=\"@TheFreeAgentFR\" \/>\n<meta name=\"twitter:label1\" content=\"\u00c9crit par\" \/>\n\t<meta name=\"twitter:data1\" content=\"Charles Taudin\" \/>\n\t<meta name=\"twitter:label2\" content=\"Dur\u00e9e de lecture estim\u00e9e\" \/>\n\t<meta name=\"twitter:data2\" content=\"2 minutes\" \/>\n<script type=\"application\/ld+json\" class=\"yoast-schema-graph\">{\"@context\":\"https:\/\/schema.org\",\"@graph\":[{\"@type\":\"WebPage\",\"@id\":\"https:\/\/theplayoffs.news\/fr\/actualite-mlb\/ethan-salas-prospect-16-ans-padres\/\",\"url\":\"https:\/\/theplayoffs.news\/fr\/actualite-mlb\/ethan-salas-prospect-16-ans-padres\/\",\"name\":\"Ethan Salas : un prospect de 16 ans chez les Padres - The Playoffs FR\",\"isPartOf\":{\"@id\":\"https:\/\/theplayoffs.news\/fr\/#website\"},\"primaryImageOfPage\":{\"@id\":\"https:\/\/theplayoffs.news\/fr\/actualite-mlb\/ethan-salas-prospect-16-ans-padres\/#primaryimage\"},\"image\":{\"@id\":\"https:\/\/theplayoffs.news\/fr\/actualite-mlb\/ethan-salas-prospect-16-ans-padres\/#primaryimage\"},\"thumbnailUrl\":\"https:\/\/theplayoffs.news\/fr\/wp-content\/uploads\/2023\/04\/66609979-0-image-a-16_1673840886606.jpg\",\"datePublished\":\"2023-04-11T13:33:41+00:00\",\"dateModified\":\"2023-04-11T13:33:41+00:00\",\"author\":{\"@id\":\"https:\/\/theplayoffs.news\/fr\/#\/schema\/person\/eee5b69ad5d3c51cabe881c839dbe133\"},\"breadcrumb\":{\"@id\":\"https:\/\/theplayoffs.news\/fr\/actualite-mlb\/ethan-salas-prospect-16-ans-padres\/#breadcrumb\"},\"inLanguage\":\"fr-FR\",\"potentialAction\":[{\"@type\":\"ReadAction\",\"target\":[\"https:\/\/theplayoffs.news\/fr\/actualite-mlb\/ethan-salas-prospect-16-ans-padres\/\"]}]},{\"@type\":\"ImageObject\",\"inLanguage\":\"fr-FR\",\"@id\":\"https:\/\/theplayoffs.news\/fr\/actualite-mlb\/ethan-salas-prospect-16-ans-padres\/#primaryimage\",\"url\":\"https:\/\/theplayoffs.news\/fr\/wp-content\/uploads\/2023\/04\/66609979-0-image-a-16_1673840886606.jpg\",\"contentUrl\":\"https:\/\/theplayoffs.news\/fr\/wp-content\/uploads\/2023\/04\/66609979-0-image-a-16_1673840886606.jpg\",\"width\":1908,\"height\":1146,\"caption\":\"Ethan Salas\"},{\"@type\":\"BreadcrumbList\",\"@id\":\"https:\/\/theplayoffs.news\/fr\/actualite-mlb\/ethan-salas-prospect-16-ans-padres\/#breadcrumb\",\"itemListElement\":[{\"@type\":\"ListItem\",\"position\":1,\"name\":\"Accueil\",\"item\":\"https:\/\/theplayoffs.news\/fr\/\"},{\"@type\":\"ListItem\",\"position\":2,\"name\":\"Ethan Salas : un prospect de 16 ans chez les Padres\"}]},{\"@type\":\"WebSite\",\"@id\":\"https:\/\/theplayoffs.news\/fr\/#website\",\"url\":\"https:\/\/theplayoffs.news\/fr\/\",\"name\":\"The Playoffs FR\",\"description\":\"NBA-NFL-NHL-MLB\",\"potentialAction\":[{\"@type\":\"SearchAction\",\"target\":{\"@type\":\"EntryPoint\",\"urlTemplate\":\"https:\/\/theplayoffs.news\/fr\/?s={search_term_string}\"},\"query-input\":{\"@type\":\"PropertyValueSpecification\",\"valueRequired\":true,\"valueName\":\"search_term_string\"}}],\"inLanguage\":\"fr-FR\"},{\"@type\":\"Person\",\"@id\":\"https:\/\/theplayoffs.news\/fr\/#\/schema\/person\/eee5b69ad5d3c51cabe881c839dbe133\",\"name\":\"Charles Taudin\",\"image\":{\"@type\":\"ImageObject\",\"inLanguage\":\"fr-FR\",\"@id\":\"https:\/\/theplayoffs.news\/fr\/#\/schema\/person\/image\/\",\"url\":\"https:\/\/secure.gravatar.com\/avatar\/59a1e772205ce9fd255edfcafc93013736822e20261f294c5753b20c41ede9f2?s=96&d=mm&r=g\",\"contentUrl\":\"https:\/\/secure.gravatar.com\/avatar\/59a1e772205ce9fd255edfcafc93013736822e20261f294c5753b20c41ede9f2?s=96&d=mm&r=g\",\"caption\":\"Charles Taudin\"},\"description\":\"R\u00e9dacteur en chef global de The Playoffs, j\u2019ai cr\u00e9\u00e9 The Free Agent, devenu The Playoffs FR, en 2020 durant la pand\u00e9mie. Amoureux depuis des ann\u00e9es des 4 sports majeurs am\u00e9ricains, j\u2019organise maintenant la strat\u00e9gie \u00e9ditoriale et les r\u00e9seaux sociaux de l\u2019ensemble des versions de The Playoffs. Il m\u2019arrive encore d\u2019\u00e9crire sur certains sports que j\u2019affectionne particuli\u00e8rement comme la NFL ou la MLB. Si vous devez retenir qu\u2019une chose : Eli Manning est le vrai GOAT pour avoir battu deux fois Tom Brady.\",\"sameAs\":[\"https:\/\/www.instagram.com\/ctaudin_\/\"],\"url\":\"https:\/\/theplayoffs.news\/fr\/author\/charles-taudin\/\"}]}<\/script>\n<!-- \/ Yoast SEO plugin. -->","yoast_head_json":{"title":"Ethan Salas : un prospect de 16 ans chez les Padres - The Playoffs FR","robots":{"index":"index","follow":"follow","max-snippet":"max-snippet:-1","max-image-preview":"max-image-preview:large","max-video-preview":"max-video-preview:-1"},"canonical":"https:\/\/theplayoffs.news\/fr\/actualite-mlb\/ethan-salas-prospect-16-ans-padres\/","og_locale":"fr_FR","og_type":"article","og_title":"Ethan Salas : un prospect de 16 ans chez les Padres - The Playoffs FR","og_url":"https:\/\/theplayoffs.news\/fr\/actualite-mlb\/ethan-salas-prospect-16-ans-padres\/","og_site_name":"The Playoffs FR","article_publisher":"https:\/\/www.facebook.com\/TheFreeAgentFR\/","og_image":[{"width":1908,"height":1146,"url":"https:\/\/theplayoffs.news\/fr\/wp-content\/uploads\/2023\/04\/66609979-0-image-a-16_1673840886606.jpg","type":"image\/jpeg"}],"author":"Charles Taudin","twitter_card":"summary_large_image","twitter_creator":"@TheFreeAgentFR","twitter_site":"@TheFreeAgentFR","twitter_misc":{"\u00c9crit par":"Charles Taudin","Dur\u00e9e de lecture estim\u00e9e":"2 minutes"},"schema":{"@context":"https:\/\/schema.org","@graph":[{"@type":"WebPage","@id":"https:\/\/theplayoffs.news\/fr\/actualite-mlb\/ethan-salas-prospect-16-ans-padres\/","url":"https:\/\/theplayoffs.news\/fr\/actualite-mlb\/ethan-salas-prospect-16-ans-padres\/","name":"Ethan Salas : un prospect de 16 ans chez les Padres - The Playoffs FR","isPartOf":{"@id":"https:\/\/theplayoffs.news\/fr\/#website"},"primaryImageOfPage":{"@id":"https:\/\/theplayoffs.news\/fr\/actualite-mlb\/ethan-salas-prospect-16-ans-padres\/#primaryimage"},"image":{"@id":"https:\/\/theplayoffs.news\/fr\/actualite-mlb\/ethan-salas-prospect-16-ans-padres\/#primaryimage"},"thumbnailUrl":"https:\/\/theplayoffs.news\/fr\/wp-content\/uploads\/2023\/04\/66609979-0-image-a-16_1673840886606.jpg","datePublished":"2023-04-11T13:33:41+00:00","dateModified":"2023-04-11T13:33:41+00:00","author":{"@id":"https:\/\/theplayoffs.news\/fr\/#\/schema\/person\/eee5b69ad5d3c51cabe881c839dbe133"},"breadcrumb":{"@id":"https:\/\/theplayoffs.news\/fr\/actualite-mlb\/ethan-salas-prospect-16-ans-padres\/#breadcrumb"},"inLanguage":"fr-FR","potentialAction":[{"@type":"ReadAction","target":["https:\/\/theplayoffs.news\/fr\/actualite-mlb\/ethan-salas-prospect-16-ans-padres\/"]}]},{"@type":"ImageObject","inLanguage":"fr-FR","@id":"https:\/\/theplayoffs.news\/fr\/actualite-mlb\/ethan-salas-prospect-16-ans-padres\/#primaryimage","url":"https:\/\/theplayoffs.news\/fr\/wp-content\/uploads\/2023\/04\/66609979-0-image-a-16_1673840886606.jpg","contentUrl":"https:\/\/theplayoffs.news\/fr\/wp-content\/uploads\/2023\/04\/66609979-0-image-a-16_1673840886606.jpg","width":1908,"height":1146,"caption":"Ethan Salas"},{"@type":"BreadcrumbList","@id":"https:\/\/theplayoffs.news\/fr\/actualite-mlb\/ethan-salas-prospect-16-ans-padres\/#breadcrumb","itemListElement":[{"@type":"ListItem","position":1,"name":"Accueil","item":"https:\/\/theplayoffs.news\/fr\/"},{"@type":"ListItem","position":2,"name":"Ethan Salas : un prospect de 16 ans chez les Padres"}]},{"@type":"WebSite","@id":"https:\/\/theplayoffs.news\/fr\/#website","url":"https:\/\/theplayoffs.news\/fr\/","name":"The Playoffs FR","description":"NBA-NFL-NHL-MLB","potentialAction":[{"@type":"SearchAction","target":{"@type":"EntryPoint","urlTemplate":"https:\/\/theplayoffs.news\/fr\/?s={search_term_string}"},"query-input":{"@type":"PropertyValueSpecification","valueRequired":true,"valueName":"search_term_string"}}],"inLanguage":"fr-FR"},{"@type":"Person","@id":"https:\/\/theplayoffs.news\/fr\/#\/schema\/person\/eee5b69ad5d3c51cabe881c839dbe133","name":"Charles Taudin","image":{"@type":"ImageObject","inLanguage":"fr-FR","@id":"https:\/\/theplayoffs.news\/fr\/#\/schema\/person\/image\/","url":"https:\/\/secure.gravatar.com\/avatar\/59a1e772205ce9fd255edfcafc93013736822e20261f294c5753b20c41ede9f2?s=96&d=mm&r=g","contentUrl":"https:\/\/secure.gravatar.com\/avatar\/59a1e772205ce9fd255edfcafc93013736822e20261f294c5753b20c41ede9f2?s=96&d=mm&r=g","caption":"Charles Taudin"},"description":"R\u00e9dacteur en chef global de The Playoffs, j\u2019ai cr\u00e9\u00e9 The Free Agent, devenu The Playoffs FR, en 2020 durant la pand\u00e9mie. Amoureux depuis des ann\u00e9es des 4 sports majeurs am\u00e9ricains, j\u2019organise maintenant la strat\u00e9gie \u00e9ditoriale et les r\u00e9seaux sociaux de l\u2019ensemble des versions de The Playoffs. Il m\u2019arrive encore d\u2019\u00e9crire sur certains sports que j\u2019affectionne particuli\u00e8rement comme la NFL ou la MLB. Si vous devez retenir qu\u2019une chose : Eli Manning est le vrai GOAT pour avoir battu deux fois Tom Brady.","sameAs":["https:\/\/www.instagram.com\/ctaudin_\/"],"url":"https:\/\/theplayoffs.news\/fr\/author\/charles-taudin\/"}]}},"_links":{"self":[{"href":"https:\/\/theplayoffs.news\/fr\/wp-json\/wp\/v2\/posts\/581384","targetHints":{"allow":["GET"]}}],"collection":[{"href":"https:\/\/theplayoffs.news\/fr\/wp-json\/wp\/v2\/posts"}],"about":[{"href":"https:\/\/theplayoffs.news\/fr\/wp-json\/wp\/v2\/types\/post"}],"author":[{"embeddable":true,"href":"https:\/\/theplayoffs.news\/fr\/wp-json\/wp\/v2\/users\/13"}],"replies":[{"embeddable":true,"href":"https:\/\/theplayoffs.news\/fr\/wp-json\/wp\/v2\/comments?post=581384"}],"version-history":[{"count":3,"href":"https:\/\/theplayoffs.news\/fr\/wp-json\/wp\/v2\/posts\/581384\/revisions"}],"predecessor-version":[{"id":581388,"href":"https:\/\/theplayoffs.news\/fr\/wp-json\/wp\/v2\/posts\/581384\/revisions\/581388"}],"wp:featuredmedia":[{"embeddable":true,"href":"https:\/\/theplayoffs.news\/fr\/wp-json\/wp\/v2\/media\/581385"}],"wp:attachment":[{"href":"https:\/\/theplayoffs.news\/fr\/wp-json\/wp\/v2\/media?parent=581384"}],"wp:term":[{"taxonomy":"category","embeddable":true,"href":"https:\/\/theplayoffs.news\/fr\/wp-json\/wp\/v2\/categories?post=581384"},{"taxonomy":"post_tag","embeddable":true,"href":"https:\/\/theplayoffs.news\/fr\/wp-json\/wp\/v2\/tags?post=581384"},{"taxonomy":"sport","embeddable":true,"href":"https:\/\/theplayoffs.news\/fr\/wp-json\/wp\/v2\/sport?post=581384"},{"taxonomy":"saison","embeddable":true,"href":"https:\/\/theplayoffs.news\/fr\/wp-json\/wp\/v2\/saison?post=581384"}],"curies":[{"name":"wp","href":"https:\/\/api.w.org\/{rel}","templated":true}]}}