{"id":581162,"date":"2023-04-10T18:37:14","date_gmt":"2023-04-10T16:37:14","guid":{"rendered":"https:\/\/theplayoffs.news\/fr\/?p=581162"},"modified":"2023-04-10T18:37:15","modified_gmt":"2023-04-10T16:37:15","slug":"paul-george-manquera-debut-playoffs","status":"publish","type":"post","link":"https:\/\/theplayoffs.news\/fr\/actualite-nba\/paul-george-manquera-debut-playoffs\/","title":{"rendered":"Paul George manquera le d\u00e9but des playoffs, mettant la pression sur les Clippers"},"content":{"rendered":"<h2>Absence prolong&eacute;e pour l&rsquo;ailier All-Star de Los Angeles<\/h2><p>Paul George, ailier All-Star des Los Angeles Clippers, va manquer le d&eacute;but des playoffs NBA en raison d&rsquo;une entorse au genou qui l&rsquo;a tenu &agrave; l&rsquo;&eacute;cart des terrains depuis trois semaines d&eacute;j&agrave;. Bien que George ait montr&eacute; des signes d&rsquo;am&eacute;lioration en s&rsquo;&eacute;chauffant ce week-end, <a href=\"https:\/\/twitter.com\/ShamsCharania\/status\/1645443788306010112?s=20\" class=\"trk-cta-link\" data-cta-trk='{\"ctaType\":\"Link\",\"ctaSubType\":\"main\"}'>une source de The Athletic<\/a> r&eacute;v&egrave;le qu&rsquo;il n&rsquo;est pas encore pr&ecirc;t &agrave; reprendre la comp&eacute;tition.<\/p><p>C&rsquo;est un coup dur pour les Clippers, qui devront affronter les Phoenix Suns sans leur star pour au moins les deux premiers matchs de la s&eacute;rie &eacute;liminatoire. <a href=\"https:\/\/theplayoffs.news\/fr\/joueur\/paul-george-nba-8502\/\" class=\"trk-cta-link\" data-cta-trk='{\"ctaType\":\"Link\",\"ctaSubType\":\"main\"}'><strong>Paul George<\/strong><\/a> a &eacute;t&eacute; un pilier de l&rsquo;&eacute;quipe cette saison, avec des moyennes de 23,8 points, 6,1 rebonds, 5,1 passes et 1,5 interception par match.<\/p><p>La t&acirc;che sera donc ardue pour les Clippers, qui esp&egrave;rent malgr&eacute; tout remporter au moins un des deux premiers matchs &agrave; Phoenix sans leur co&eacute;quipier vedette. Si tout se passe bien, ils pourraient r&eacute;cup&eacute;rer &laquo;&nbsp;PG13&nbsp;&raquo; pour les deux rencontres suivantes &agrave; Los Angeles, pr&eacute;vues dans une dizaine de jours.<\/p><p>En attendant, Kawhi Leonard sera le leader incontest&eacute; de l&rsquo;&eacute;quipe californienne face &agrave; des adversaires redoutables tels que <a href=\"https:\/\/theplayoffs.news\/fr\/joueur\/kevin-durant-nba-6404\/\" class=\"trk-cta-link\" data-cta-trk='{\"ctaType\":\"Link\",\"ctaSubType\":\"main\"}'><strong>Kevin Durant<\/strong><\/a>, Devin Booker et Chris Paul. Les Clippers devront compter sur la profondeur de leur effectif et la performance de Leonard pour surmonter l&rsquo;absence de George et esp&eacute;rer aller loin dans ces playoffs.<\/p><p>Il est clair que l&rsquo;&eacute;quipe de Los Angeles a du pain sur la planche, mais avec un effectif solide et un <a href=\"https:\/\/theplayoffs.news\/fr\/joueur\/kawhi-leonard-nba-12900\/\" class=\"trk-cta-link\" data-cta-trk='{\"ctaType\":\"Link\",\"ctaSubType\":\"main\"}'><strong>Kawhi Leonard<\/strong><\/a> en grande forme, les Clippers pourraient bien cr&eacute;er la surprise et d&eacute;jouer les pronostics malgr&eacute; l&rsquo;absence de Paul George. Les prochains matchs seront cruciaux pour d&eacute;terminer le futur parcours des Clippers dans ces playoffs NBA 2023.<\/p>\n","protected":false},"excerpt":{"rendered":"","protected":false},"author":13,"featured_media":581163,"comment_status":"open","ping_status":"closed","sticky":false,"template":"","format":"standard","meta":{"inline_featured_image":false,"kia_subtitle":"","_mux_skip_reasons":[],"proofreadBy":0,"footnotes":""},"categories":[110,10],"tags":[610,997],"sport":[],"saison":[],"class_list":["post-581162","post","type-post","status-publish","format-standard","has-post-thumbnail","hentry","category-actualite-nba","category-nba","tag-los-angeles-clippers","tag-paul-george"],"acf":[],"yoast_head":"<!-- This site is optimized with the Yoast SEO plugin v24.2 - https:\/\/yoast.com\/wordpress\/plugins\/seo\/ -->\n<title>Paul George manquera le d&eacute;but des playoffs, mettant la pression sur les Clippers - The Playoffs FR<\/title>\n<meta name=\"robots\" content=\"index, follow, max-snippet:-1, max-image-preview:large, max-video-preview:-1\" \/>\n<link rel=\"canonical\" href=\"https:\/\/theplayoffs.news\/fr\/actualite-nba\/paul-george-manquera-debut-playoffs\/\" \/>\n<meta property=\"og:locale\" content=\"fr_FR\" \/>\n<meta property=\"og:type\" content=\"article\" \/>\n<meta property=\"og:title\" content=\"Paul George manquera le d&eacute;but des playoffs, mettant la pression sur les Clippers - The Playoffs FR\" \/>\n<meta property=\"og:url\" content=\"https:\/\/theplayoffs.news\/fr\/actualite-nba\/paul-george-manquera-debut-playoffs\/\" \/>\n<meta property=\"og:site_name\" content=\"The Playoffs FR\" \/>\n<meta property=\"article:publisher\" content=\"https:\/\/www.facebook.com\/TheFreeAgentFR\/\" \/>\n<meta property=\"article:modified_time\" content=\"2023-04-10T18:37:15+02:00\" \/>\n<meta property=\"og:image\" content=\"https:\/\/theplayoffs.news\/fr\/wp-content\/uploads\/2023\/04\/3667519-74659308-2560-1440.jpg\" \/>\n\t<meta property=\"og:image:width\" content=\"1200\" \/>\n\t<meta property=\"og:image:height\" content=\"675\" \/>\n\t<meta property=\"og:image:type\" content=\"image\/jpeg\" \/>\n<meta name=\"author\" content=\"Charles Taudin\" \/>\n<meta name=\"twitter:card\" content=\"summary_large_image\" \/>\n<meta name=\"twitter:creator\" content=\"@TheFreeAgentFR\" \/>\n<meta name=\"twitter:site\" content=\"@TheFreeAgentFR\" \/>\n<meta name=\"twitter:label1\" content=\"\u00c9crit par\" \/>\n\t<meta name=\"twitter:data1\" content=\"Charles Taudin\" \/>\n\t<meta name=\"twitter:label2\" content=\"Dur\u00e9e de lecture estim\u00e9e\" \/>\n\t<meta name=\"twitter:data2\" content=\"1 minute\" \/>\n<script type=\"application\/ld+json\" class=\"yoast-schema-graph\">{\"@context\":\"https:\/\/schema.org\",\"@graph\":[{\"@type\":\"WebPage\",\"@id\":\"https:\/\/theplayoffs.news\/fr\/actualite-nba\/paul-george-manquera-debut-playoffs\/\",\"url\":\"https:\/\/theplayoffs.news\/fr\/actualite-nba\/paul-george-manquera-debut-playoffs\/\",\"name\":\"Paul George manquera le d\u00e9but des playoffs, mettant la pression sur les Clippers - The Playoffs FR\",\"isPartOf\":{\"@id\":\"https:\/\/theplayoffs.news\/fr\/#website\"},\"primaryImageOfPage\":{\"@id\":\"https:\/\/theplayoffs.news\/fr\/actualite-nba\/paul-george-manquera-debut-playoffs\/#primaryimage\"},\"image\":{\"@id\":\"https:\/\/theplayoffs.news\/fr\/actualite-nba\/paul-george-manquera-debut-playoffs\/#primaryimage\"},\"thumbnailUrl\":\"https:\/\/theplayoffs.news\/fr\/wp-content\/uploads\/2023\/04\/3667519-74659308-2560-1440.jpg\",\"datePublished\":\"2023-04-10T16:37:14+00:00\",\"dateModified\":\"2023-04-10T16:37:15+00:00\",\"author\":{\"@id\":\"https:\/\/theplayoffs.news\/fr\/#\/schema\/person\/eee5b69ad5d3c51cabe881c839dbe133\"},\"breadcrumb\":{\"@id\":\"https:\/\/theplayoffs.news\/fr\/actualite-nba\/paul-george-manquera-debut-playoffs\/#breadcrumb\"},\"inLanguage\":\"fr-FR\",\"potentialAction\":[{\"@type\":\"ReadAction\",\"target\":[\"https:\/\/theplayoffs.news\/fr\/actualite-nba\/paul-george-manquera-debut-playoffs\/\"]}]},{\"@type\":\"ImageObject\",\"inLanguage\":\"fr-FR\",\"@id\":\"https:\/\/theplayoffs.news\/fr\/actualite-nba\/paul-george-manquera-debut-playoffs\/#primaryimage\",\"url\":\"https:\/\/theplayoffs.news\/fr\/wp-content\/uploads\/2023\/04\/3667519-74659308-2560-1440.jpg\",\"contentUrl\":\"https:\/\/theplayoffs.news\/fr\/wp-content\/uploads\/2023\/04\/3667519-74659308-2560-1440.jpg\",\"width\":1200,\"height\":675,\"caption\":\"Paul george\"},{\"@type\":\"BreadcrumbList\",\"@id\":\"https:\/\/theplayoffs.news\/fr\/actualite-nba\/paul-george-manquera-debut-playoffs\/#breadcrumb\",\"itemListElement\":[{\"@type\":\"ListItem\",\"position\":1,\"name\":\"Accueil\",\"item\":\"https:\/\/theplayoffs.news\/fr\/\"},{\"@type\":\"ListItem\",\"position\":2,\"name\":\"Paul George manquera le d\u00e9but des playoffs, mettant la pression sur les Clippers\"}]},{\"@type\":\"WebSite\",\"@id\":\"https:\/\/theplayoffs.news\/fr\/#website\",\"url\":\"https:\/\/theplayoffs.news\/fr\/\",\"name\":\"The Playoffs FR\",\"description\":\"NBA-NFL-NHL-MLB\",\"potentialAction\":[{\"@type\":\"SearchAction\",\"target\":{\"@type\":\"EntryPoint\",\"urlTemplate\":\"https:\/\/theplayoffs.news\/fr\/?s={search_term_string}\"},\"query-input\":{\"@type\":\"PropertyValueSpecification\",\"valueRequired\":true,\"valueName\":\"search_term_string\"}}],\"inLanguage\":\"fr-FR\"},{\"@type\":\"Person\",\"@id\":\"https:\/\/theplayoffs.news\/fr\/#\/schema\/person\/eee5b69ad5d3c51cabe881c839dbe133\",\"name\":\"Charles Taudin\",\"image\":{\"@type\":\"ImageObject\",\"inLanguage\":\"fr-FR\",\"@id\":\"https:\/\/theplayoffs.news\/fr\/#\/schema\/person\/image\/\",\"url\":\"https:\/\/secure.gravatar.com\/avatar\/59a1e772205ce9fd255edfcafc93013736822e20261f294c5753b20c41ede9f2?s=96&d=mm&r=g\",\"contentUrl\":\"https:\/\/secure.gravatar.com\/avatar\/59a1e772205ce9fd255edfcafc93013736822e20261f294c5753b20c41ede9f2?s=96&d=mm&r=g\",\"caption\":\"Charles Taudin\"},\"description\":\"R\u00e9dacteur en chef global de The Playoffs, j\u2019ai cr\u00e9\u00e9 The Free Agent, devenu The Playoffs FR, en 2020 durant la pand\u00e9mie. Amoureux depuis des ann\u00e9es des 4 sports majeurs am\u00e9ricains, j\u2019organise maintenant la strat\u00e9gie \u00e9ditoriale et les r\u00e9seaux sociaux de l\u2019ensemble des versions de The Playoffs. Il m\u2019arrive encore d\u2019\u00e9crire sur certains sports que j\u2019affectionne particuli\u00e8rement comme la NFL ou la MLB. Si vous devez retenir qu\u2019une chose : Eli Manning est le vrai GOAT pour avoir battu deux fois Tom Brady.\",\"sameAs\":[\"https:\/\/www.instagram.com\/ctaudin_\/\"],\"url\":\"https:\/\/theplayoffs.news\/fr\/author\/charles-taudin\/\"}]}<\/script>\n<!-- \/ Yoast SEO plugin. -->","yoast_head_json":{"title":"Paul George manquera le d&eacute;but des playoffs, mettant la pression sur les Clippers - The Playoffs FR","robots":{"index":"index","follow":"follow","max-snippet":"max-snippet:-1","max-image-preview":"max-image-preview:large","max-video-preview":"max-video-preview:-1"},"canonical":"https:\/\/theplayoffs.news\/fr\/actualite-nba\/paul-george-manquera-debut-playoffs\/","og_locale":"fr_FR","og_type":"article","og_title":"Paul George manquera le d&eacute;but des playoffs, mettant la pression sur les Clippers - The Playoffs FR","og_url":"https:\/\/theplayoffs.news\/fr\/actualite-nba\/paul-george-manquera-debut-playoffs\/","og_site_name":"The Playoffs FR","article_publisher":"https:\/\/www.facebook.com\/TheFreeAgentFR\/","article_modified_time":"2023-04-10T16:37:15+00:00","og_image":[{"width":1200,"height":675,"url":"https:\/\/theplayoffs.news\/fr\/wp-content\/uploads\/2023\/04\/3667519-74659308-2560-1440.jpg","type":"image\/jpeg"}],"author":"Charles Taudin","twitter_card":"summary_large_image","twitter_creator":"@TheFreeAgentFR","twitter_site":"@TheFreeAgentFR","twitter_misc":{"\u00c9crit par":"Charles Taudin","Dur\u00e9e de lecture estim\u00e9e":"1 minute"},"schema":{"@context":"https:\/\/schema.org","@graph":[{"@type":"WebPage","@id":"https:\/\/theplayoffs.news\/fr\/actualite-nba\/paul-george-manquera-debut-playoffs\/","url":"https:\/\/theplayoffs.news\/fr\/actualite-nba\/paul-george-manquera-debut-playoffs\/","name":"Paul George manquera le d\u00e9but des playoffs, mettant la pression sur les Clippers - The Playoffs FR","isPartOf":{"@id":"https:\/\/theplayoffs.news\/fr\/#website"},"primaryImageOfPage":{"@id":"https:\/\/theplayoffs.news\/fr\/actualite-nba\/paul-george-manquera-debut-playoffs\/#primaryimage"},"image":{"@id":"https:\/\/theplayoffs.news\/fr\/actualite-nba\/paul-george-manquera-debut-playoffs\/#primaryimage"},"thumbnailUrl":"https:\/\/theplayoffs.news\/fr\/wp-content\/uploads\/2023\/04\/3667519-74659308-2560-1440.jpg","datePublished":"2023-04-10T16:37:14+00:00","dateModified":"2023-04-10T16:37:15+00:00","author":{"@id":"https:\/\/theplayoffs.news\/fr\/#\/schema\/person\/eee5b69ad5d3c51cabe881c839dbe133"},"breadcrumb":{"@id":"https:\/\/theplayoffs.news\/fr\/actualite-nba\/paul-george-manquera-debut-playoffs\/#breadcrumb"},"inLanguage":"fr-FR","potentialAction":[{"@type":"ReadAction","target":["https:\/\/theplayoffs.news\/fr\/actualite-nba\/paul-george-manquera-debut-playoffs\/"]}]},{"@type":"ImageObject","inLanguage":"fr-FR","@id":"https:\/\/theplayoffs.news\/fr\/actualite-nba\/paul-george-manquera-debut-playoffs\/#primaryimage","url":"https:\/\/theplayoffs.news\/fr\/wp-content\/uploads\/2023\/04\/3667519-74659308-2560-1440.jpg","contentUrl":"https:\/\/theplayoffs.news\/fr\/wp-content\/uploads\/2023\/04\/3667519-74659308-2560-1440.jpg","width":1200,"height":675,"caption":"Paul george"},{"@type":"BreadcrumbList","@id":"https:\/\/theplayoffs.news\/fr\/actualite-nba\/paul-george-manquera-debut-playoffs\/#breadcrumb","itemListElement":[{"@type":"ListItem","position":1,"name":"Accueil","item":"https:\/\/theplayoffs.news\/fr\/"},{"@type":"ListItem","position":2,"name":"Paul George manquera le d\u00e9but des playoffs, mettant la pression sur les Clippers"}]},{"@type":"WebSite","@id":"https:\/\/theplayoffs.news\/fr\/#website","url":"https:\/\/theplayoffs.news\/fr\/","name":"The Playoffs FR","description":"NBA-NFL-NHL-MLB","potentialAction":[{"@type":"SearchAction","target":{"@type":"EntryPoint","urlTemplate":"https:\/\/theplayoffs.news\/fr\/?s={search_term_string}"},"query-input":{"@type":"PropertyValueSpecification","valueRequired":true,"valueName":"search_term_string"}}],"inLanguage":"fr-FR"},{"@type":"Person","@id":"https:\/\/theplayoffs.news\/fr\/#\/schema\/person\/eee5b69ad5d3c51cabe881c839dbe133","name":"Charles Taudin","image":{"@type":"ImageObject","inLanguage":"fr-FR","@id":"https:\/\/theplayoffs.news\/fr\/#\/schema\/person\/image\/","url":"https:\/\/secure.gravatar.com\/avatar\/59a1e772205ce9fd255edfcafc93013736822e20261f294c5753b20c41ede9f2?s=96&d=mm&r=g","contentUrl":"https:\/\/secure.gravatar.com\/avatar\/59a1e772205ce9fd255edfcafc93013736822e20261f294c5753b20c41ede9f2?s=96&d=mm&r=g","caption":"Charles Taudin"},"description":"R\u00e9dacteur en chef global de The Playoffs, j\u2019ai cr\u00e9\u00e9 The Free Agent, devenu The Playoffs FR, en 2020 durant la pand\u00e9mie. Amoureux depuis des ann\u00e9es des 4 sports majeurs am\u00e9ricains, j\u2019organise maintenant la strat\u00e9gie \u00e9ditoriale et les r\u00e9seaux sociaux de l\u2019ensemble des versions de The Playoffs. Il m\u2019arrive encore d\u2019\u00e9crire sur certains sports que j\u2019affectionne particuli\u00e8rement comme la NFL ou la MLB. Si vous devez retenir qu\u2019une chose : Eli Manning est le vrai GOAT pour avoir battu deux fois Tom Brady.","sameAs":["https:\/\/www.instagram.com\/ctaudin_\/"],"url":"https:\/\/theplayoffs.news\/fr\/author\/charles-taudin\/"}]}},"_links":{"self":[{"href":"https:\/\/theplayoffs.news\/fr\/wp-json\/wp\/v2\/posts\/581162","targetHints":{"allow":["GET"]}}],"collection":[{"href":"https:\/\/theplayoffs.news\/fr\/wp-json\/wp\/v2\/posts"}],"about":[{"href":"https:\/\/theplayoffs.news\/fr\/wp-json\/wp\/v2\/types\/post"}],"author":[{"embeddable":true,"href":"https:\/\/theplayoffs.news\/fr\/wp-json\/wp\/v2\/users\/13"}],"replies":[{"embeddable":true,"href":"https:\/\/theplayoffs.news\/fr\/wp-json\/wp\/v2\/comments?post=581162"}],"version-history":[{"count":2,"href":"https:\/\/theplayoffs.news\/fr\/wp-json\/wp\/v2\/posts\/581162\/revisions"}],"predecessor-version":[{"id":581165,"href":"https:\/\/theplayoffs.news\/fr\/wp-json\/wp\/v2\/posts\/581162\/revisions\/581165"}],"wp:featuredmedia":[{"embeddable":true,"href":"https:\/\/theplayoffs.news\/fr\/wp-json\/wp\/v2\/media\/581163"}],"wp:attachment":[{"href":"https:\/\/theplayoffs.news\/fr\/wp-json\/wp\/v2\/media?parent=581162"}],"wp:term":[{"taxonomy":"category","embeddable":true,"href":"https:\/\/theplayoffs.news\/fr\/wp-json\/wp\/v2\/categories?post=581162"},{"taxonomy":"post_tag","embeddable":true,"href":"https:\/\/theplayoffs.news\/fr\/wp-json\/wp\/v2\/tags?post=581162"},{"taxonomy":"sport","embeddable":true,"href":"https:\/\/theplayoffs.news\/fr\/wp-json\/wp\/v2\/sport?post=581162"},{"taxonomy":"saison","embeddable":true,"href":"https:\/\/theplayoffs.news\/fr\/wp-json\/wp\/v2\/saison?post=581162"}],"curies":[{"name":"wp","href":"https:\/\/api.w.org\/{rel}","templated":true}]}}