{"id":581107,"date":"2023-04-10T10:44:31","date_gmt":"2023-04-10T08:44:31","guid":{"rendered":"https:\/\/theplayoffs.news\/fr\/?p=581107"},"modified":"2023-04-10T10:44:32","modified_gmt":"2023-04-10T08:44:32","slug":"luka-doncic-affirme-bonheur-dallas","status":"publish","type":"post","link":"https:\/\/theplayoffs.news\/fr\/actualite-nba\/luka-doncic-affirme-bonheur-dallas\/","title":{"rendered":"Luka Doncic affirme son bonheur \u00e0 Dallas malgr\u00e9 la saison d\u00e9cevante des Mavericks"},"content":{"rendered":"<h2>Luka Doncic exprime son engagement envers la franchise et ses espoirs pour une intersaison r&eacute;ussie<\/h2><p><a href=\"https:\/\/theplayoffs.news\/fr\/joueur\/luka-doncic-nba-7890548\/\" class=\"trk-cta-link\" data-cta-trk='{\"ctaType\":\"Link\",\"ctaSubType\":\"main\"}'><strong>Luka Doncic<\/strong><\/a>, le guard All-Star des Dallas Mavericks, a r&eacute;cemment tent&eacute; de dissiper toute inqui&eacute;tude concernant son engagement &agrave; long terme envers la franchise apr&egrave;s une saison d&eacute;cevante pour l&rsquo;&eacute;quipe. Bien qu&rsquo;il ait termin&eacute; 11e de la Conf&eacute;rence Ouest et rat&eacute; les s&eacute;ries &eacute;liminatoires, Doncic a rassur&eacute; les fans en <a href=\"https:\/\/www.espn.com\/nba\/story\/_\/id\/36139376\/happy-here\" class=\"trk-cta-link\" data-cta-trk='{\"ctaType\":\"Link\",\"ctaSubType\":\"main\"}'>d&eacute;clarant<\/a>:<\/p><blockquote><p>&laquo;&nbsp;Je suis heureux ici, donc il n&rsquo;y a rien &agrave; craindre.&nbsp;&raquo;<\/p><\/blockquote><p>Les Mavericks ont termin&eacute; leur saison avec un bilan de 38-44, marquant leur premi&egrave;re saison perdante depuis l&rsquo;ann&eacute;e rookie de Doncic en 2017-18. Les difficult&eacute;s de l&rsquo;&eacute;quipe sont survenues malgr&eacute; un &eacute;change de mi-saison pour acqu&eacute;rir le All-Star Kyrie Irving. Luka Doncic a reconnu la frustration qu&rsquo;il a ressentie au cours de la saison, l&rsquo;attribuant aux performances de l&rsquo;&eacute;quipe et aux probl&egrave;mes personnels dans sa vie. Cependant, il a soulign&eacute; qu&rsquo;une telle frustration est &laquo;&nbsp;normale&nbsp;&raquo; lorsqu&rsquo;une &eacute;quipe perd aussi souvent que les Mavericks.<\/p><p>Dallas a connu une baisse significative au cours des deux derniers mois de la saison, avec un bilan de 7-18 et passant de la quatri&egrave;me place au classement de la Conf&eacute;rence Ouest &agrave; compl&egrave;tement hors du tableau des playoffs. Les Mavericks ont d&eacute;cid&eacute; de ne pas faire jouer plusieurs joueurs cl&eacute;s lors des deux derniers matchs, dont Doncic, qui a exprim&eacute; son d&eacute;saccord avec la d&eacute;cision.<\/p><p>Malgr&eacute; le r&eacute;cent rapport d&rsquo;ESPN selon lequel il y a une crainte au sein de l&rsquo;organisation que Luka Doncic pourrait envisager de demander un &eacute;change d&egrave;s l&rsquo;&eacute;t&eacute; 2024 si des progr&egrave;s significatifs ne sont pas r&eacute;alis&eacute;s la saison prochaine, Doncic lui-m&ecirc;me a rejet&eacute; l&rsquo;id&eacute;e. Il a expliqu&eacute; : &laquo;&nbsp;C&rsquo;&eacute;tait dr&ocirc;le, vous savez, parce que je ne savais pas que c&rsquo;&eacute;tait vrai. Je ne l&rsquo;ai pas dit.&nbsp;&raquo;<\/p><p>En r&eacute;ponse au besoin d&rsquo;am&eacute;liorations, Luka Doncic a d&eacute;clar&eacute;: &laquo;&nbsp;Quelque chose doit changer, c&rsquo;est s&ucirc;r.&nbsp;&raquo; Il a ensuite exprim&eacute; son d&eacute;sir que les Mavericks signent &agrave; nouveau Irving, ce que le propri&eacute;taire des Mavs, Mark Cuban, a qualifi&eacute; de priorit&eacute; estivale de l&rsquo;&eacute;quipe.<\/p><p>Doncic a soulign&eacute; l&rsquo;importance de l&rsquo;alchimie et des relations au sein de l&rsquo;&eacute;quipe, et bien que les Mavericks n&rsquo;ont eu qu&rsquo;un bilan de 5-11 dans les matchs que Doncic et Irving ont jou&eacute;s ensemble, il pense que la paire peut &ecirc;tre un excellent choix &agrave; long terme.<\/p>\n","protected":false},"excerpt":{"rendered":"","protected":false},"author":13,"featured_media":581112,"comment_status":"open","ping_status":"closed","sticky":false,"template":"","format":"standard","meta":{"inline_featured_image":false,"kia_subtitle":"","_mux_skip_reasons":[],"proofreadBy":0,"footnotes":""},"categories":[110,10],"tags":[595,1073,545],"sport":[],"saison":[],"class_list":["post-581107","post","type-post","status-publish","format-standard","has-post-thumbnail","hentry","category-actualite-nba","category-nba","tag-dallas-mavericks","tag-kyrie-irving","tag-luka-doncic"],"acf":[],"yoast_head":"<!-- This site is optimized with the Yoast SEO plugin v24.2 - https:\/\/yoast.com\/wordpress\/plugins\/seo\/ -->\n<title>Luka Doncic affirme son bonheur &agrave; Dallas malgr&eacute; la saison d&eacute;cevante des Mavericks - The Playoffs FR<\/title>\n<meta name=\"robots\" content=\"index, follow, max-snippet:-1, max-image-preview:large, max-video-preview:-1\" \/>\n<link rel=\"canonical\" href=\"https:\/\/theplayoffs.news\/fr\/actualite-nba\/luka-doncic-affirme-bonheur-dallas\/\" \/>\n<meta property=\"og:locale\" content=\"fr_FR\" \/>\n<meta property=\"og:type\" content=\"article\" \/>\n<meta property=\"og:title\" content=\"Luka Doncic affirme son bonheur &agrave; Dallas malgr&eacute; la saison d&eacute;cevante des Mavericks - The Playoffs FR\" \/>\n<meta property=\"og:url\" content=\"https:\/\/theplayoffs.news\/fr\/actualite-nba\/luka-doncic-affirme-bonheur-dallas\/\" \/>\n<meta property=\"og:site_name\" content=\"The Playoffs FR\" \/>\n<meta property=\"article:publisher\" content=\"https:\/\/www.facebook.com\/TheFreeAgentFR\/\" \/>\n<meta property=\"article:modified_time\" content=\"2023-04-10T10:44:32+02:00\" \/>\n<meta property=\"og:image\" content=\"https:\/\/theplayoffs.news\/fr\/wp-content\/uploads\/2023\/04\/db0e91ce-luka-doncic-reacts-smiles-dallas-mavericks-getty-images.jpg\" \/>\n\t<meta property=\"og:image:width\" content=\"950\" \/>\n\t<meta property=\"og:image:height\" content=\"500\" \/>\n\t<meta property=\"og:image:type\" content=\"image\/jpeg\" \/>\n<meta name=\"author\" content=\"Charles Taudin\" \/>\n<meta name=\"twitter:card\" content=\"summary_large_image\" \/>\n<meta name=\"twitter:creator\" content=\"@TheFreeAgentFR\" \/>\n<meta name=\"twitter:site\" content=\"@TheFreeAgentFR\" \/>\n<meta name=\"twitter:label1\" content=\"\u00c9crit par\" \/>\n\t<meta name=\"twitter:data1\" content=\"Charles Taudin\" \/>\n\t<meta name=\"twitter:label2\" content=\"Dur\u00e9e de lecture estim\u00e9e\" \/>\n\t<meta name=\"twitter:data2\" content=\"2 minutes\" \/>\n<script type=\"application\/ld+json\" class=\"yoast-schema-graph\">{\"@context\":\"https:\/\/schema.org\",\"@graph\":[{\"@type\":\"WebPage\",\"@id\":\"https:\/\/theplayoffs.news\/fr\/actualite-nba\/luka-doncic-affirme-bonheur-dallas\/\",\"url\":\"https:\/\/theplayoffs.news\/fr\/actualite-nba\/luka-doncic-affirme-bonheur-dallas\/\",\"name\":\"Luka Doncic affirme son bonheur \u00e0 Dallas malgr\u00e9 la saison d\u00e9cevante des Mavericks - The Playoffs FR\",\"isPartOf\":{\"@id\":\"https:\/\/theplayoffs.news\/fr\/#website\"},\"primaryImageOfPage\":{\"@id\":\"https:\/\/theplayoffs.news\/fr\/actualite-nba\/luka-doncic-affirme-bonheur-dallas\/#primaryimage\"},\"image\":{\"@id\":\"https:\/\/theplayoffs.news\/fr\/actualite-nba\/luka-doncic-affirme-bonheur-dallas\/#primaryimage\"},\"thumbnailUrl\":\"https:\/\/theplayoffs.news\/fr\/wp-content\/uploads\/2023\/04\/db0e91ce-luka-doncic-reacts-smiles-dallas-mavericks-getty-images.jpg\",\"datePublished\":\"2023-04-10T08:44:31+00:00\",\"dateModified\":\"2023-04-10T08:44:32+00:00\",\"author\":{\"@id\":\"https:\/\/theplayoffs.news\/fr\/#\/schema\/person\/eee5b69ad5d3c51cabe881c839dbe133\"},\"breadcrumb\":{\"@id\":\"https:\/\/theplayoffs.news\/fr\/actualite-nba\/luka-doncic-affirme-bonheur-dallas\/#breadcrumb\"},\"inLanguage\":\"fr-FR\",\"potentialAction\":[{\"@type\":\"ReadAction\",\"target\":[\"https:\/\/theplayoffs.news\/fr\/actualite-nba\/luka-doncic-affirme-bonheur-dallas\/\"]}]},{\"@type\":\"ImageObject\",\"inLanguage\":\"fr-FR\",\"@id\":\"https:\/\/theplayoffs.news\/fr\/actualite-nba\/luka-doncic-affirme-bonheur-dallas\/#primaryimage\",\"url\":\"https:\/\/theplayoffs.news\/fr\/wp-content\/uploads\/2023\/04\/db0e91ce-luka-doncic-reacts-smiles-dallas-mavericks-getty-images.jpg\",\"contentUrl\":\"https:\/\/theplayoffs.news\/fr\/wp-content\/uploads\/2023\/04\/db0e91ce-luka-doncic-reacts-smiles-dallas-mavericks-getty-images.jpg\",\"width\":950,\"height\":500,\"caption\":\"ATLANTA, GEORGIA - APRIL 02: Luka Doncic #77 of the Dallas Mavericks reacts against the Atlanta Hawks during the fourth quarter at State Farm Arena on April 02, 2023 in Atlanta, Georgia. NOTE TO USER: User expressly acknowledges and agrees that, by downloading and or using this photograph, User is consenting to the terms and conditions of the Getty Images License Agreement. (Photo by Kevin C. Cox\/Getty Images)\"},{\"@type\":\"BreadcrumbList\",\"@id\":\"https:\/\/theplayoffs.news\/fr\/actualite-nba\/luka-doncic-affirme-bonheur-dallas\/#breadcrumb\",\"itemListElement\":[{\"@type\":\"ListItem\",\"position\":1,\"name\":\"Accueil\",\"item\":\"https:\/\/theplayoffs.news\/fr\/\"},{\"@type\":\"ListItem\",\"position\":2,\"name\":\"Luka Doncic affirme son bonheur \u00e0 Dallas malgr\u00e9 la saison d\u00e9cevante des Mavericks\"}]},{\"@type\":\"WebSite\",\"@id\":\"https:\/\/theplayoffs.news\/fr\/#website\",\"url\":\"https:\/\/theplayoffs.news\/fr\/\",\"name\":\"The Playoffs FR\",\"description\":\"NBA-NFL-NHL-MLB\",\"potentialAction\":[{\"@type\":\"SearchAction\",\"target\":{\"@type\":\"EntryPoint\",\"urlTemplate\":\"https:\/\/theplayoffs.news\/fr\/?s={search_term_string}\"},\"query-input\":{\"@type\":\"PropertyValueSpecification\",\"valueRequired\":true,\"valueName\":\"search_term_string\"}}],\"inLanguage\":\"fr-FR\"},{\"@type\":\"Person\",\"@id\":\"https:\/\/theplayoffs.news\/fr\/#\/schema\/person\/eee5b69ad5d3c51cabe881c839dbe133\",\"name\":\"Charles Taudin\",\"image\":{\"@type\":\"ImageObject\",\"inLanguage\":\"fr-FR\",\"@id\":\"https:\/\/theplayoffs.news\/fr\/#\/schema\/person\/image\/\",\"url\":\"https:\/\/secure.gravatar.com\/avatar\/59a1e772205ce9fd255edfcafc93013736822e20261f294c5753b20c41ede9f2?s=96&d=mm&r=g\",\"contentUrl\":\"https:\/\/secure.gravatar.com\/avatar\/59a1e772205ce9fd255edfcafc93013736822e20261f294c5753b20c41ede9f2?s=96&d=mm&r=g\",\"caption\":\"Charles Taudin\"},\"description\":\"R\u00e9dacteur en chef global de The Playoffs, j\u2019ai cr\u00e9\u00e9 The Free Agent, devenu The Playoffs FR, en 2020 durant la pand\u00e9mie. Amoureux depuis des ann\u00e9es des 4 sports majeurs am\u00e9ricains, j\u2019organise maintenant la strat\u00e9gie \u00e9ditoriale et les r\u00e9seaux sociaux de l\u2019ensemble des versions de The Playoffs. Il m\u2019arrive encore d\u2019\u00e9crire sur certains sports que j\u2019affectionne particuli\u00e8rement comme la NFL ou la MLB. Si vous devez retenir qu\u2019une chose : Eli Manning est le vrai GOAT pour avoir battu deux fois Tom Brady.\",\"sameAs\":[\"https:\/\/www.instagram.com\/ctaudin_\/\"],\"url\":\"https:\/\/theplayoffs.news\/fr\/author\/charles-taudin\/\"}]}<\/script>\n<!-- \/ Yoast SEO plugin. -->","yoast_head_json":{"title":"Luka Doncic affirme son bonheur &agrave; Dallas malgr&eacute; la saison d&eacute;cevante des Mavericks - The Playoffs FR","robots":{"index":"index","follow":"follow","max-snippet":"max-snippet:-1","max-image-preview":"max-image-preview:large","max-video-preview":"max-video-preview:-1"},"canonical":"https:\/\/theplayoffs.news\/fr\/actualite-nba\/luka-doncic-affirme-bonheur-dallas\/","og_locale":"fr_FR","og_type":"article","og_title":"Luka Doncic affirme son bonheur &agrave; Dallas malgr&eacute; la saison d&eacute;cevante des Mavericks - The Playoffs FR","og_url":"https:\/\/theplayoffs.news\/fr\/actualite-nba\/luka-doncic-affirme-bonheur-dallas\/","og_site_name":"The Playoffs FR","article_publisher":"https:\/\/www.facebook.com\/TheFreeAgentFR\/","article_modified_time":"2023-04-10T08:44:32+00:00","og_image":[{"width":950,"height":500,"url":"https:\/\/theplayoffs.news\/fr\/wp-content\/uploads\/2023\/04\/db0e91ce-luka-doncic-reacts-smiles-dallas-mavericks-getty-images.jpg","type":"image\/jpeg"}],"author":"Charles Taudin","twitter_card":"summary_large_image","twitter_creator":"@TheFreeAgentFR","twitter_site":"@TheFreeAgentFR","twitter_misc":{"\u00c9crit par":"Charles Taudin","Dur\u00e9e de lecture estim\u00e9e":"2 minutes"},"schema":{"@context":"https:\/\/schema.org","@graph":[{"@type":"WebPage","@id":"https:\/\/theplayoffs.news\/fr\/actualite-nba\/luka-doncic-affirme-bonheur-dallas\/","url":"https:\/\/theplayoffs.news\/fr\/actualite-nba\/luka-doncic-affirme-bonheur-dallas\/","name":"Luka Doncic affirme son bonheur \u00e0 Dallas malgr\u00e9 la saison d\u00e9cevante des Mavericks - The Playoffs FR","isPartOf":{"@id":"https:\/\/theplayoffs.news\/fr\/#website"},"primaryImageOfPage":{"@id":"https:\/\/theplayoffs.news\/fr\/actualite-nba\/luka-doncic-affirme-bonheur-dallas\/#primaryimage"},"image":{"@id":"https:\/\/theplayoffs.news\/fr\/actualite-nba\/luka-doncic-affirme-bonheur-dallas\/#primaryimage"},"thumbnailUrl":"https:\/\/theplayoffs.news\/fr\/wp-content\/uploads\/2023\/04\/db0e91ce-luka-doncic-reacts-smiles-dallas-mavericks-getty-images.jpg","datePublished":"2023-04-10T08:44:31+00:00","dateModified":"2023-04-10T08:44:32+00:00","author":{"@id":"https:\/\/theplayoffs.news\/fr\/#\/schema\/person\/eee5b69ad5d3c51cabe881c839dbe133"},"breadcrumb":{"@id":"https:\/\/theplayoffs.news\/fr\/actualite-nba\/luka-doncic-affirme-bonheur-dallas\/#breadcrumb"},"inLanguage":"fr-FR","potentialAction":[{"@type":"ReadAction","target":["https:\/\/theplayoffs.news\/fr\/actualite-nba\/luka-doncic-affirme-bonheur-dallas\/"]}]},{"@type":"ImageObject","inLanguage":"fr-FR","@id":"https:\/\/theplayoffs.news\/fr\/actualite-nba\/luka-doncic-affirme-bonheur-dallas\/#primaryimage","url":"https:\/\/theplayoffs.news\/fr\/wp-content\/uploads\/2023\/04\/db0e91ce-luka-doncic-reacts-smiles-dallas-mavericks-getty-images.jpg","contentUrl":"https:\/\/theplayoffs.news\/fr\/wp-content\/uploads\/2023\/04\/db0e91ce-luka-doncic-reacts-smiles-dallas-mavericks-getty-images.jpg","width":950,"height":500,"caption":"ATLANTA, GEORGIA - APRIL 02: Luka Doncic #77 of the Dallas Mavericks reacts against the Atlanta Hawks during the fourth quarter at State Farm Arena on April 02, 2023 in Atlanta, Georgia. NOTE TO USER: User expressly acknowledges and agrees that, by downloading and or using this photograph, User is consenting to the terms and conditions of the Getty Images License Agreement. (Photo by Kevin C. Cox\/Getty Images)"},{"@type":"BreadcrumbList","@id":"https:\/\/theplayoffs.news\/fr\/actualite-nba\/luka-doncic-affirme-bonheur-dallas\/#breadcrumb","itemListElement":[{"@type":"ListItem","position":1,"name":"Accueil","item":"https:\/\/theplayoffs.news\/fr\/"},{"@type":"ListItem","position":2,"name":"Luka Doncic affirme son bonheur \u00e0 Dallas malgr\u00e9 la saison d\u00e9cevante des Mavericks"}]},{"@type":"WebSite","@id":"https:\/\/theplayoffs.news\/fr\/#website","url":"https:\/\/theplayoffs.news\/fr\/","name":"The Playoffs FR","description":"NBA-NFL-NHL-MLB","potentialAction":[{"@type":"SearchAction","target":{"@type":"EntryPoint","urlTemplate":"https:\/\/theplayoffs.news\/fr\/?s={search_term_string}"},"query-input":{"@type":"PropertyValueSpecification","valueRequired":true,"valueName":"search_term_string"}}],"inLanguage":"fr-FR"},{"@type":"Person","@id":"https:\/\/theplayoffs.news\/fr\/#\/schema\/person\/eee5b69ad5d3c51cabe881c839dbe133","name":"Charles Taudin","image":{"@type":"ImageObject","inLanguage":"fr-FR","@id":"https:\/\/theplayoffs.news\/fr\/#\/schema\/person\/image\/","url":"https:\/\/secure.gravatar.com\/avatar\/59a1e772205ce9fd255edfcafc93013736822e20261f294c5753b20c41ede9f2?s=96&d=mm&r=g","contentUrl":"https:\/\/secure.gravatar.com\/avatar\/59a1e772205ce9fd255edfcafc93013736822e20261f294c5753b20c41ede9f2?s=96&d=mm&r=g","caption":"Charles Taudin"},"description":"R\u00e9dacteur en chef global de The Playoffs, j\u2019ai cr\u00e9\u00e9 The Free Agent, devenu The Playoffs FR, en 2020 durant la pand\u00e9mie. Amoureux depuis des ann\u00e9es des 4 sports majeurs am\u00e9ricains, j\u2019organise maintenant la strat\u00e9gie \u00e9ditoriale et les r\u00e9seaux sociaux de l\u2019ensemble des versions de The Playoffs. Il m\u2019arrive encore d\u2019\u00e9crire sur certains sports que j\u2019affectionne particuli\u00e8rement comme la NFL ou la MLB. Si vous devez retenir qu\u2019une chose : Eli Manning est le vrai GOAT pour avoir battu deux fois Tom Brady.","sameAs":["https:\/\/www.instagram.com\/ctaudin_\/"],"url":"https:\/\/theplayoffs.news\/fr\/author\/charles-taudin\/"}]}},"_links":{"self":[{"href":"https:\/\/theplayoffs.news\/fr\/wp-json\/wp\/v2\/posts\/581107","targetHints":{"allow":["GET"]}}],"collection":[{"href":"https:\/\/theplayoffs.news\/fr\/wp-json\/wp\/v2\/posts"}],"about":[{"href":"https:\/\/theplayoffs.news\/fr\/wp-json\/wp\/v2\/types\/post"}],"author":[{"embeddable":true,"href":"https:\/\/theplayoffs.news\/fr\/wp-json\/wp\/v2\/users\/13"}],"replies":[{"embeddable":true,"href":"https:\/\/theplayoffs.news\/fr\/wp-json\/wp\/v2\/comments?post=581107"}],"version-history":[{"count":5,"href":"https:\/\/theplayoffs.news\/fr\/wp-json\/wp\/v2\/posts\/581107\/revisions"}],"predecessor-version":[{"id":581115,"href":"https:\/\/theplayoffs.news\/fr\/wp-json\/wp\/v2\/posts\/581107\/revisions\/581115"}],"wp:featuredmedia":[{"embeddable":true,"href":"https:\/\/theplayoffs.news\/fr\/wp-json\/wp\/v2\/media\/581112"}],"wp:attachment":[{"href":"https:\/\/theplayoffs.news\/fr\/wp-json\/wp\/v2\/media?parent=581107"}],"wp:term":[{"taxonomy":"category","embeddable":true,"href":"https:\/\/theplayoffs.news\/fr\/wp-json\/wp\/v2\/categories?post=581107"},{"taxonomy":"post_tag","embeddable":true,"href":"https:\/\/theplayoffs.news\/fr\/wp-json\/wp\/v2\/tags?post=581107"},{"taxonomy":"sport","embeddable":true,"href":"https:\/\/theplayoffs.news\/fr\/wp-json\/wp\/v2\/sport?post=581107"},{"taxonomy":"saison","embeddable":true,"href":"https:\/\/theplayoffs.news\/fr\/wp-json\/wp\/v2\/saison?post=581107"}],"curies":[{"name":"wp","href":"https:\/\/api.w.org\/{rel}","templated":true}]}}