{"id":581104,"date":"2023-04-10T10:07:10","date_gmt":"2023-04-10T08:07:10","guid":{"rendered":"https:\/\/theplayoffs.news\/fr\/?p=581104"},"modified":"2023-04-10T10:07:10","modified_gmt":"2023-04-10T08:07:10","slug":"odell-beckham-jr-signe-1-an-chez-les-ravens","status":"publish","type":"post","link":"https:\/\/theplayoffs.news\/fr\/actualite-nfl\/odell-beckham-jr-signe-1-an-chez-les-ravens\/","title":{"rendered":"Odell Beckham Jr signe 1 an chez les Ravens"},"content":{"rendered":"<h2>Odell Beckham Jr a trouv&eacute; sa prochaine &eacute;quipe pour la saison 2023 avec cette signature chez les Ravens de Baltimore.<\/h2><p>Le triple Pro Bowler Odell Beckham Jr. signe un accord d&rsquo;une valeur allant jusqu&rsquo;&agrave; 18 millions de dollars, avec 15 millions de dollars garantis, selon <a href=\"https:\/\/twitter.com\/AdamSchefter\/status\/1645199321397092357?s=20\" class=\"trk-cta-link\" data-cta-trk='{\"ctaType\":\"Link\",\"ctaSubType\":\"main\"}'>Adam Schefter d&rsquo;ESPN<\/a>. Cette d&eacute;cision intervient un mois apr&egrave;s que le quarterback des Ravens Lamar Jackson ait demand&eacute; un &eacute;change &agrave; l&rsquo;&eacute;quipe, cr&eacute;ant une incertitude quant &agrave; l&rsquo;avenir de la franchise.<\/p><p>Odell Beckham Jr, 30 ans, a annonc&eacute; la nouvelle dimanche soir sur Instagram. La signature intervient apr&egrave;s que les Ravens aient &eacute;t&eacute; en contact avec lui depuis l&rsquo;ann&eacute;e derni&egrave;re, avec une rencontre lors de la r&eacute;union annuelle de la ligue il y a deux semaines. L&rsquo;accord a &eacute;t&eacute; conclu juste un jour avant que Beckham ne se <a href=\"https:\/\/theplayoffs.news\/fr\/nfl\/odell-beckham-jr-visite-new-york-jets\/\" class=\"trk-cta-link\" data-cta-trk='{\"ctaType\":\"Link\",\"ctaSubType\":\"main\"}'>rende aux Jets de New York<\/a>.<\/p><p>L&rsquo;ajout d&rsquo;Odell Beckham Jr ajoute une exp&eacute;rience indispensable au groupe de receveurs des Ravens, qui s&rsquo;est class&eacute; dernier de la NFL en termes de yards sur r&eacute;ception au cours de trois des quatre derni&egrave;res saisons (2019, 2020 et 2022). Cependant, la grande question est de savoir si Beckham sera en assez bonne sant&eacute; pour contribuer apr&egrave;s avoir rat&eacute; toute la saison derni&egrave;re en raison d&rsquo;une d&eacute;chirure du ligament crois&eacute; au genou gauche, qu&rsquo;il a subie lors du Super Bowl LVI.<\/p><p>Les Ravens ont eu des r&eacute;sultats mitig&eacute;s avec la signature de receveurs &acirc;g&eacute;s de 30 ans et plus, avec des succ&egrave;s tels que Derrick Mason, Anquan Boldin et Steve Smith Sr., mais aussi des rat&eacute;s tels que Jeremy Maclin, Michael Crabtree et Sammy Watkins. Malgr&eacute; la draft de receveurs au premier tour en 2019 (Marquise &laquo;&nbsp;Hollywood&nbsp;&raquo; Brown) et 2021 (Rashod Bateman), les Ravens n&rsquo;ont pas encore d&eacute;velopp&eacute; de joueur capable d&rsquo;aller au Pro Bowl.<\/p><p>Avant sa blessure, Odell Beckham Jr a prouv&eacute; qu&rsquo;il avait encore ce qu&rsquo;il faut pour &ecirc;tre un joueur d&rsquo;impact, attrapant cinq touchdowns en huit matchs de saison r&eacute;guli&egrave;re avec les Rams de Los Angeles, apr&egrave;s avoir &eacute;t&eacute; lib&eacute;r&eacute; par les Browns de Cleveland. Au total, il a r&eacute;ussi 48 r&eacute;ceptions pour 593 yards en 12 matchs avec l&rsquo;uniforme des Rams.<\/p><p>Les Giants de New York ont rep&ecirc;ch&eacute; Odell Beckham Jr 12e au total lors de la draft de la NFL en 2014, et il a ensuite &eacute;t&eacute; nomm&eacute; recrue offensive de l&rsquo;ann&eacute;e en 2014. Il est devenu une star pour les Giants, d&eacute;passant 1 300 yards &agrave; chacune de ses trois premi&egrave;res saisons. Il a sign&eacute; un contrat de cinq ans avec les Giants d&rsquo;une valeur allant jusqu&rsquo;&agrave; 98,5 millions de dollars en ao&ucirc;t 2018, mais a &eacute;t&eacute; &eacute;chang&eacute; aux Browns.<\/p><p>Son arriv&eacute;e relance la question de l&rsquo;avenir de Lamar Jackson. Avec un tel receveur, Lamar souhaite-t-il encore &ecirc;tre &eacute;chang&eacute; ?<\/p>\n","protected":false},"excerpt":{"rendered":"","protected":false},"author":13,"featured_media":329947,"comment_status":"open","ping_status":"closed","sticky":false,"template":"","format":"standard","meta":{"inline_featured_image":false,"kia_subtitle":"","_mux_skip_reasons":[],"proofreadBy":0,"footnotes":""},"categories":[118,40],"tags":[868,1230],"sport":[],"saison":[],"class_list":["post-581104","post","type-post","status-publish","format-standard","has-post-thumbnail","hentry","category-actualite-nfl","category-nfl","tag-baltimore-ravens","tag-odell-beckham-jr"],"acf":[],"yoast_head":"<!-- This site is optimized with the Yoast SEO plugin v24.2 - https:\/\/yoast.com\/wordpress\/plugins\/seo\/ -->\n<title>Odell Beckham Jr signe 1 an chez les Ravens - The Playoffs FR<\/title>\n<meta name=\"robots\" content=\"index, follow, max-snippet:-1, max-image-preview:large, max-video-preview:-1\" \/>\n<link rel=\"canonical\" href=\"https:\/\/theplayoffs.news\/fr\/actualite-nfl\/odell-beckham-jr-signe-1-an-chez-les-ravens\/\" \/>\n<meta property=\"og:locale\" content=\"fr_FR\" \/>\n<meta property=\"og:type\" content=\"article\" \/>\n<meta property=\"og:title\" content=\"Odell Beckham Jr signe 1 an chez les Ravens - The Playoffs FR\" \/>\n<meta property=\"og:url\" content=\"https:\/\/theplayoffs.news\/fr\/actualite-nfl\/odell-beckham-jr-signe-1-an-chez-les-ravens\/\" \/>\n<meta property=\"og:site_name\" content=\"The Playoffs FR\" \/>\n<meta property=\"article:publisher\" content=\"https:\/\/www.facebook.com\/TheFreeAgentFR\/\" \/>\n<meta property=\"article:modified_time\" content=\"2023-04-10T10:07:10+02:00\" \/>\n<meta property=\"og:image\" content=\"https:\/\/theplayoffs.news\/fr\/wp-content\/uploads\/2022\/02\/Odell-Beckham-Jr.jpg.webp\" \/>\n\t<meta property=\"og:image:width\" content=\"960\" \/>\n\t<meta property=\"og:image:height\" content=\"540\" \/>\n\t<meta property=\"og:image:type\" content=\"image\/webp\" \/>\n<meta name=\"author\" content=\"Charles Taudin\" \/>\n<meta name=\"twitter:card\" content=\"summary_large_image\" \/>\n<meta name=\"twitter:creator\" content=\"@TheFreeAgentFR\" \/>\n<meta name=\"twitter:site\" content=\"@TheFreeAgentFR\" \/>\n<meta name=\"twitter:label1\" content=\"\u00c9crit par\" \/>\n\t<meta name=\"twitter:data1\" content=\"Charles Taudin\" \/>\n\t<meta name=\"twitter:label2\" content=\"Dur\u00e9e de lecture estim\u00e9e\" \/>\n\t<meta name=\"twitter:data2\" content=\"2 minutes\" \/>\n<script type=\"application\/ld+json\" class=\"yoast-schema-graph\">{\"@context\":\"https:\/\/schema.org\",\"@graph\":[{\"@type\":\"WebPage\",\"@id\":\"https:\/\/theplayoffs.news\/fr\/actualite-nfl\/odell-beckham-jr-signe-1-an-chez-les-ravens\/\",\"url\":\"https:\/\/theplayoffs.news\/fr\/actualite-nfl\/odell-beckham-jr-signe-1-an-chez-les-ravens\/\",\"name\":\"Odell Beckham Jr signe 1 an chez les Ravens - The Playoffs FR\",\"isPartOf\":{\"@id\":\"https:\/\/theplayoffs.news\/fr\/#website\"},\"primaryImageOfPage\":{\"@id\":\"https:\/\/theplayoffs.news\/fr\/actualite-nfl\/odell-beckham-jr-signe-1-an-chez-les-ravens\/#primaryimage\"},\"image\":{\"@id\":\"https:\/\/theplayoffs.news\/fr\/actualite-nfl\/odell-beckham-jr-signe-1-an-chez-les-ravens\/#primaryimage\"},\"thumbnailUrl\":\"https:\/\/theplayoffs.news\/fr\/wp-content\/uploads\/2022\/02\/Odell-Beckham-Jr.jpg.webp\",\"datePublished\":\"2023-04-10T08:07:10+00:00\",\"dateModified\":\"2023-04-10T08:07:10+00:00\",\"author\":{\"@id\":\"https:\/\/theplayoffs.news\/fr\/#\/schema\/person\/eee5b69ad5d3c51cabe881c839dbe133\"},\"breadcrumb\":{\"@id\":\"https:\/\/theplayoffs.news\/fr\/actualite-nfl\/odell-beckham-jr-signe-1-an-chez-les-ravens\/#breadcrumb\"},\"inLanguage\":\"fr-FR\",\"potentialAction\":[{\"@type\":\"ReadAction\",\"target\":[\"https:\/\/theplayoffs.news\/fr\/actualite-nfl\/odell-beckham-jr-signe-1-an-chez-les-ravens\/\"]}]},{\"@type\":\"ImageObject\",\"inLanguage\":\"fr-FR\",\"@id\":\"https:\/\/theplayoffs.news\/fr\/actualite-nfl\/odell-beckham-jr-signe-1-an-chez-les-ravens\/#primaryimage\",\"url\":\"https:\/\/theplayoffs.news\/fr\/wp-content\/uploads\/2022\/02\/Odell-Beckham-Jr.jpg.webp\",\"contentUrl\":\"https:\/\/theplayoffs.news\/fr\/wp-content\/uploads\/2022\/02\/Odell-Beckham-Jr.jpg.webp\",\"width\":960,\"height\":540,\"caption\":\"Odell Beckham Jr.\"},{\"@type\":\"BreadcrumbList\",\"@id\":\"https:\/\/theplayoffs.news\/fr\/actualite-nfl\/odell-beckham-jr-signe-1-an-chez-les-ravens\/#breadcrumb\",\"itemListElement\":[{\"@type\":\"ListItem\",\"position\":1,\"name\":\"Accueil\",\"item\":\"https:\/\/theplayoffs.news\/fr\/\"},{\"@type\":\"ListItem\",\"position\":2,\"name\":\"Odell Beckham Jr signe 1 an chez les Ravens\"}]},{\"@type\":\"WebSite\",\"@id\":\"https:\/\/theplayoffs.news\/fr\/#website\",\"url\":\"https:\/\/theplayoffs.news\/fr\/\",\"name\":\"The Playoffs FR\",\"description\":\"NBA-NFL-NHL-MLB\",\"potentialAction\":[{\"@type\":\"SearchAction\",\"target\":{\"@type\":\"EntryPoint\",\"urlTemplate\":\"https:\/\/theplayoffs.news\/fr\/?s={search_term_string}\"},\"query-input\":{\"@type\":\"PropertyValueSpecification\",\"valueRequired\":true,\"valueName\":\"search_term_string\"}}],\"inLanguage\":\"fr-FR\"},{\"@type\":\"Person\",\"@id\":\"https:\/\/theplayoffs.news\/fr\/#\/schema\/person\/eee5b69ad5d3c51cabe881c839dbe133\",\"name\":\"Charles Taudin\",\"image\":{\"@type\":\"ImageObject\",\"inLanguage\":\"fr-FR\",\"@id\":\"https:\/\/theplayoffs.news\/fr\/#\/schema\/person\/image\/\",\"url\":\"https:\/\/secure.gravatar.com\/avatar\/59a1e772205ce9fd255edfcafc93013736822e20261f294c5753b20c41ede9f2?s=96&d=mm&r=g\",\"contentUrl\":\"https:\/\/secure.gravatar.com\/avatar\/59a1e772205ce9fd255edfcafc93013736822e20261f294c5753b20c41ede9f2?s=96&d=mm&r=g\",\"caption\":\"Charles Taudin\"},\"description\":\"R\u00e9dacteur en chef global de The Playoffs, j\u2019ai cr\u00e9\u00e9 The Free Agent, devenu The Playoffs FR, en 2020 durant la pand\u00e9mie. Amoureux depuis des ann\u00e9es des 4 sports majeurs am\u00e9ricains, j\u2019organise maintenant la strat\u00e9gie \u00e9ditoriale et les r\u00e9seaux sociaux de l\u2019ensemble des versions de The Playoffs. Il m\u2019arrive encore d\u2019\u00e9crire sur certains sports que j\u2019affectionne particuli\u00e8rement comme la NFL ou la MLB. Si vous devez retenir qu\u2019une chose : Eli Manning est le vrai GOAT pour avoir battu deux fois Tom Brady.\",\"sameAs\":[\"https:\/\/www.instagram.com\/ctaudin_\/\"],\"url\":\"https:\/\/theplayoffs.news\/fr\/author\/charles-taudin\/\"}]}<\/script>\n<!-- \/ Yoast SEO plugin. -->","yoast_head_json":{"title":"Odell Beckham Jr signe 1 an chez les Ravens - The Playoffs FR","robots":{"index":"index","follow":"follow","max-snippet":"max-snippet:-1","max-image-preview":"max-image-preview:large","max-video-preview":"max-video-preview:-1"},"canonical":"https:\/\/theplayoffs.news\/fr\/actualite-nfl\/odell-beckham-jr-signe-1-an-chez-les-ravens\/","og_locale":"fr_FR","og_type":"article","og_title":"Odell Beckham Jr signe 1 an chez les Ravens - The Playoffs FR","og_url":"https:\/\/theplayoffs.news\/fr\/actualite-nfl\/odell-beckham-jr-signe-1-an-chez-les-ravens\/","og_site_name":"The Playoffs FR","article_publisher":"https:\/\/www.facebook.com\/TheFreeAgentFR\/","og_image":[{"width":960,"height":540,"url":"https:\/\/theplayoffs.news\/fr\/wp-content\/uploads\/2022\/02\/Odell-Beckham-Jr.jpg.webp","type":"image\/webp"}],"author":"Charles Taudin","twitter_card":"summary_large_image","twitter_creator":"@TheFreeAgentFR","twitter_site":"@TheFreeAgentFR","twitter_misc":{"\u00c9crit par":"Charles Taudin","Dur\u00e9e de lecture estim\u00e9e":"2 minutes"},"schema":{"@context":"https:\/\/schema.org","@graph":[{"@type":"WebPage","@id":"https:\/\/theplayoffs.news\/fr\/actualite-nfl\/odell-beckham-jr-signe-1-an-chez-les-ravens\/","url":"https:\/\/theplayoffs.news\/fr\/actualite-nfl\/odell-beckham-jr-signe-1-an-chez-les-ravens\/","name":"Odell Beckham Jr signe 1 an chez les Ravens - The Playoffs FR","isPartOf":{"@id":"https:\/\/theplayoffs.news\/fr\/#website"},"primaryImageOfPage":{"@id":"https:\/\/theplayoffs.news\/fr\/actualite-nfl\/odell-beckham-jr-signe-1-an-chez-les-ravens\/#primaryimage"},"image":{"@id":"https:\/\/theplayoffs.news\/fr\/actualite-nfl\/odell-beckham-jr-signe-1-an-chez-les-ravens\/#primaryimage"},"thumbnailUrl":"https:\/\/theplayoffs.news\/fr\/wp-content\/uploads\/2022\/02\/Odell-Beckham-Jr.jpg.webp","datePublished":"2023-04-10T08:07:10+00:00","dateModified":"2023-04-10T08:07:10+00:00","author":{"@id":"https:\/\/theplayoffs.news\/fr\/#\/schema\/person\/eee5b69ad5d3c51cabe881c839dbe133"},"breadcrumb":{"@id":"https:\/\/theplayoffs.news\/fr\/actualite-nfl\/odell-beckham-jr-signe-1-an-chez-les-ravens\/#breadcrumb"},"inLanguage":"fr-FR","potentialAction":[{"@type":"ReadAction","target":["https:\/\/theplayoffs.news\/fr\/actualite-nfl\/odell-beckham-jr-signe-1-an-chez-les-ravens\/"]}]},{"@type":"ImageObject","inLanguage":"fr-FR","@id":"https:\/\/theplayoffs.news\/fr\/actualite-nfl\/odell-beckham-jr-signe-1-an-chez-les-ravens\/#primaryimage","url":"https:\/\/theplayoffs.news\/fr\/wp-content\/uploads\/2022\/02\/Odell-Beckham-Jr.jpg.webp","contentUrl":"https:\/\/theplayoffs.news\/fr\/wp-content\/uploads\/2022\/02\/Odell-Beckham-Jr.jpg.webp","width":960,"height":540,"caption":"Odell Beckham Jr."},{"@type":"BreadcrumbList","@id":"https:\/\/theplayoffs.news\/fr\/actualite-nfl\/odell-beckham-jr-signe-1-an-chez-les-ravens\/#breadcrumb","itemListElement":[{"@type":"ListItem","position":1,"name":"Accueil","item":"https:\/\/theplayoffs.news\/fr\/"},{"@type":"ListItem","position":2,"name":"Odell Beckham Jr signe 1 an chez les Ravens"}]},{"@type":"WebSite","@id":"https:\/\/theplayoffs.news\/fr\/#website","url":"https:\/\/theplayoffs.news\/fr\/","name":"The Playoffs FR","description":"NBA-NFL-NHL-MLB","potentialAction":[{"@type":"SearchAction","target":{"@type":"EntryPoint","urlTemplate":"https:\/\/theplayoffs.news\/fr\/?s={search_term_string}"},"query-input":{"@type":"PropertyValueSpecification","valueRequired":true,"valueName":"search_term_string"}}],"inLanguage":"fr-FR"},{"@type":"Person","@id":"https:\/\/theplayoffs.news\/fr\/#\/schema\/person\/eee5b69ad5d3c51cabe881c839dbe133","name":"Charles Taudin","image":{"@type":"ImageObject","inLanguage":"fr-FR","@id":"https:\/\/theplayoffs.news\/fr\/#\/schema\/person\/image\/","url":"https:\/\/secure.gravatar.com\/avatar\/59a1e772205ce9fd255edfcafc93013736822e20261f294c5753b20c41ede9f2?s=96&d=mm&r=g","contentUrl":"https:\/\/secure.gravatar.com\/avatar\/59a1e772205ce9fd255edfcafc93013736822e20261f294c5753b20c41ede9f2?s=96&d=mm&r=g","caption":"Charles Taudin"},"description":"R\u00e9dacteur en chef global de The Playoffs, j\u2019ai cr\u00e9\u00e9 The Free Agent, devenu The Playoffs FR, en 2020 durant la pand\u00e9mie. Amoureux depuis des ann\u00e9es des 4 sports majeurs am\u00e9ricains, j\u2019organise maintenant la strat\u00e9gie \u00e9ditoriale et les r\u00e9seaux sociaux de l\u2019ensemble des versions de The Playoffs. Il m\u2019arrive encore d\u2019\u00e9crire sur certains sports que j\u2019affectionne particuli\u00e8rement comme la NFL ou la MLB. Si vous devez retenir qu\u2019une chose : Eli Manning est le vrai GOAT pour avoir battu deux fois Tom Brady.","sameAs":["https:\/\/www.instagram.com\/ctaudin_\/"],"url":"https:\/\/theplayoffs.news\/fr\/author\/charles-taudin\/"}]}},"_links":{"self":[{"href":"https:\/\/theplayoffs.news\/fr\/wp-json\/wp\/v2\/posts\/581104","targetHints":{"allow":["GET"]}}],"collection":[{"href":"https:\/\/theplayoffs.news\/fr\/wp-json\/wp\/v2\/posts"}],"about":[{"href":"https:\/\/theplayoffs.news\/fr\/wp-json\/wp\/v2\/types\/post"}],"author":[{"embeddable":true,"href":"https:\/\/theplayoffs.news\/fr\/wp-json\/wp\/v2\/users\/13"}],"replies":[{"embeddable":true,"href":"https:\/\/theplayoffs.news\/fr\/wp-json\/wp\/v2\/comments?post=581104"}],"version-history":[{"count":2,"href":"https:\/\/theplayoffs.news\/fr\/wp-json\/wp\/v2\/posts\/581104\/revisions"}],"predecessor-version":[{"id":581106,"href":"https:\/\/theplayoffs.news\/fr\/wp-json\/wp\/v2\/posts\/581104\/revisions\/581106"}],"wp:featuredmedia":[{"embeddable":true,"href":"https:\/\/theplayoffs.news\/fr\/wp-json\/wp\/v2\/media\/329947"}],"wp:attachment":[{"href":"https:\/\/theplayoffs.news\/fr\/wp-json\/wp\/v2\/media?parent=581104"}],"wp:term":[{"taxonomy":"category","embeddable":true,"href":"https:\/\/theplayoffs.news\/fr\/wp-json\/wp\/v2\/categories?post=581104"},{"taxonomy":"post_tag","embeddable":true,"href":"https:\/\/theplayoffs.news\/fr\/wp-json\/wp\/v2\/tags?post=581104"},{"taxonomy":"sport","embeddable":true,"href":"https:\/\/theplayoffs.news\/fr\/wp-json\/wp\/v2\/sport?post=581104"},{"taxonomy":"saison","embeddable":true,"href":"https:\/\/theplayoffs.news\/fr\/wp-json\/wp\/v2\/saison?post=581104"}],"curies":[{"name":"wp","href":"https:\/\/api.w.org\/{rel}","templated":true}]}}