{"id":580977,"date":"2023-04-09T22:36:29","date_gmt":"2023-04-09T20:36:29","guid":{"rendered":"https:\/\/theplayoffs.news\/fr\/?p=580977"},"modified":"2023-04-09T22:36:29","modified_gmt":"2023-04-09T20:36:29","slug":"les-houston-rockets-licencie-silas","status":"publish","type":"post","link":"https:\/\/theplayoffs.news\/fr\/actualite-nba\/les-houston-rockets-licencie-silas\/","title":{"rendered":"Stephen Silas n&rsquo;est plus l&rsquo;entra\u00eeneur des Houston Rockets"},"content":{"rendered":"<h2>Alors que le coup de sifflet de final &agrave; tout juste &eacute;t&eacute; donn&eacute; pour le dernier match des Houston Rockets, l&rsquo;entra&icirc;neur <span class=\"mw-page-title-main\">Stephen Silas <\/span>est limog&eacute;.<\/h2><p>&nbsp;<\/p><p><span id=\"p125\">Les <a href=\"https:\/\/theplayoffs.news\/fr\/equipe\/houston-rockets-nba\/\" class=\"trk-cta-link\" data-cta-trk='{\"ctaType\":\"Link\",\"ctaSubType\":\"main\"}'>Houston Rockets<\/a> ont limog&eacute; leur entra&icirc;neur et des noms circulent d&eacute;j&agrave; pour le remplacer.<\/span><span id=\"p126\">&nbsp;Stephen Silas a vu son &eacute;quipe s&rsquo;imposer &agrave; Washington 114 &agrave; 109.<\/span><\/p><p><span id=\"p127\">Dans les minutes qui suivent, le licenciement de l&rsquo;entra&icirc;neur est annonc&eacute;.<\/span><\/p><p>&nbsp;<\/p><blockquote class=\"twitter-tweet\" data-width=\"500\" data-dnt=\"true\">\n<p lang=\"en\" dir=\"ltr\">Stephen Silas will be out as Houston Rockets head coach, as the franchise embarks on search for a hire to take the next step, league sources say.<\/p>\n<p>Inside Silas' tenure and impending divorce with the Rockets &mdash; with <a href=\"https:\/\/twitter.com\/KellyIko?ref_src=twsrc%5Etfw\" class=\"trk-cta-link\" data-cta-trk='{\"ctaType\":\"Link\",\"ctaSubType\":\"main\"}'>@KellyIko<\/a> and <a href=\"https:\/\/twitter.com\/sam_amick?ref_src=twsrc%5Etfw\" class=\"trk-cta-link\" data-cta-trk='{\"ctaType\":\"Link\",\"ctaSubType\":\"main\"}'>@sam_amick<\/a> at <a href=\"https:\/\/twitter.com\/TheAthletic?ref_src=twsrc%5Etfw\" class=\"trk-cta-link\" data-cta-trk='{\"ctaType\":\"Link\",\"ctaSubType\":\"main\"}'>@TheAthletic<\/a>: <a href=\"https:\/\/t.co\/d8PWCtujT8\" class=\"trk-cta-link\" data-cta-trk='{\"ctaType\":\"Link\",\"ctaSubType\":\"main\"}'>https:\/\/t.co\/d8PWCtujT8<\/a><\/p>\n<p>&mdash; Shams Charania (@ShamsCharania) <a href=\"https:\/\/twitter.com\/ShamsCharania\/status\/1645144156740943872?ref_src=twsrc%5Etfw\" class=\"trk-cta-link\" data-cta-trk='{\"ctaType\":\"Link\",\"ctaSubType\":\"main\"}'>April 9, 2023<\/a><\/p><\/blockquote><p><script async src=\"https:\/\/platform.twitter.com\/widgets.js\" charset=\"utf-8\"><\/script><\/p><p><span id=\"p109\">&nbsp;Le bilan de Stephen Silas en trois saisons est de 59 victoires pour 177 d&eacute;faites soit un ratio de&nbsp;<span id=\"115\">25%<\/span>&nbsp;de victoires.<\/span><span id=\"p110\">&nbsp;Il subit les cons&eacute;quences de la gestion de Houston depuis le d&eacute;part de <a href=\"https:\/\/www.statmuse.com\/nba\/player\/james-harden-1489\" class=\"trk-cta-link\" data-cta-trk='{\"ctaType\":\"Link\",\"ctaSubType\":\"main\"}'>James&nbsp;<span id=\"116\" class=\"s-rg-t\">Harden<\/span><\/a>.<\/span><span id=\"p111\">&nbsp;Le front office essaye de reconstruire l&rsquo;&eacute;quipe avec des jeunes joueurs peu ou pas encadr&eacute;s par des joueurs d&rsquo;exp&eacute;rience.<\/span><span id=\"p112\">&nbsp;Les r&eacute;sultats sont donc pr&eacute;visibles.<\/span><\/p><p><span id=\"p122\">Comme souvent, dans le sport, l&rsquo;entra&icirc;neur est le premier &agrave; subir les cons&eacute;quences des r&eacute;sultats de l&rsquo;&eacute;quipe sans en &ecirc;tre forc&eacute;ment responsable.<\/span><\/p><p><span id=\"p114\">Les noms de Nick Nurse, Frank&nbsp;<span id=\"118\">Vogel<\/span>, Kenny&nbsp;<span id=\"119\">Atkinson<\/span>&nbsp;et&nbsp;<span id=\"120\">Ime<\/span>&nbsp;<span id=\"121\">Udoka<\/span> sont annonc&eacute;s pour lui succ&eacute;der &agrave; la t&ecirc;te des Houston Rockets.<\/span><\/p>\n","protected":false},"excerpt":{"rendered":"","protected":false},"author":180309821,"featured_media":580985,"comment_status":"open","ping_status":"closed","sticky":false,"template":"","format":"standard","meta":{"inline_featured_image":false,"kia_subtitle":"","_mux_skip_reasons":[],"proofreadBy":0,"footnotes":""},"categories":[110,10],"tags":[139,5136],"sport":[2783],"saison":[3453],"class_list":["post-580977","post","type-post","status-publish","format-standard","has-post-thumbnail","hentry","category-actualite-nba","category-nba","tag-houston-rockets","tag-paul-silas","sport-nba","saison-3453"],"acf":[],"yoast_head":"<!-- This site is optimized with the Yoast SEO plugin v24.2 - https:\/\/yoast.com\/wordpress\/plugins\/seo\/ -->\n<title>Stephen Silas n&#039;est plus l&#039;entra&icirc;neur des Houston Rockets - The Playoffs FR<\/title>\n<meta name=\"robots\" content=\"index, follow, max-snippet:-1, max-image-preview:large, max-video-preview:-1\" \/>\n<link rel=\"canonical\" href=\"https:\/\/theplayoffs.news\/fr\/actualite-nba\/les-houston-rockets-licencie-silas\/\" \/>\n<meta property=\"og:locale\" content=\"fr_FR\" \/>\n<meta property=\"og:type\" content=\"article\" \/>\n<meta property=\"og:title\" content=\"Stephen Silas n&#039;est plus l&#039;entra&icirc;neur des Houston Rockets - The Playoffs FR\" \/>\n<meta property=\"og:url\" content=\"https:\/\/theplayoffs.news\/fr\/actualite-nba\/les-houston-rockets-licencie-silas\/\" \/>\n<meta property=\"og:site_name\" content=\"The Playoffs FR\" \/>\n<meta property=\"article:publisher\" content=\"https:\/\/www.facebook.com\/TheFreeAgentFR\/\" \/>\n<meta property=\"article:modified_time\" content=\"2023-04-09T22:36:29+02:00\" \/>\n<meta property=\"og:image\" content=\"https:\/\/theplayoffs.news\/fr\/wp-content\/uploads\/2023\/04\/paul-silas-Houston.jpg\" \/>\n\t<meta property=\"og:image:width\" content=\"1080\" \/>\n\t<meta property=\"og:image:height\" content=\"1350\" \/>\n\t<meta property=\"og:image:type\" content=\"image\/jpeg\" \/>\n<meta name=\"author\" content=\"Maxime Le Gorjus\" \/>\n<meta name=\"twitter:card\" content=\"summary_large_image\" \/>\n<meta name=\"twitter:creator\" content=\"@TheFreeAgentFR\" \/>\n<meta name=\"twitter:site\" content=\"@TheFreeAgentFR\" \/>\n<meta name=\"twitter:label1\" content=\"\u00c9crit par\" \/>\n\t<meta name=\"twitter:data1\" content=\"Maxime Le Gorjus\" \/>\n\t<meta name=\"twitter:label2\" content=\"Dur\u00e9e de lecture estim\u00e9e\" \/>\n\t<meta name=\"twitter:data2\" content=\"1 minute\" \/>\n<script type=\"application\/ld+json\" class=\"yoast-schema-graph\">{\"@context\":\"https:\/\/schema.org\",\"@graph\":[{\"@type\":\"WebPage\",\"@id\":\"https:\/\/theplayoffs.news\/fr\/actualite-nba\/les-houston-rockets-licencie-silas\/\",\"url\":\"https:\/\/theplayoffs.news\/fr\/actualite-nba\/les-houston-rockets-licencie-silas\/\",\"name\":\"Stephen Silas n\\\\'est plus l\\\\'entra\u00eeneur des Houston Rockets - The Playoffs FR\",\"isPartOf\":{\"@id\":\"https:\/\/theplayoffs.news\/fr\/#website\"},\"primaryImageOfPage\":{\"@id\":\"https:\/\/theplayoffs.news\/fr\/actualite-nba\/les-houston-rockets-licencie-silas\/#primaryimage\"},\"image\":{\"@id\":\"https:\/\/theplayoffs.news\/fr\/actualite-nba\/les-houston-rockets-licencie-silas\/#primaryimage\"},\"thumbnailUrl\":\"https:\/\/theplayoffs.news\/fr\/wp-content\/uploads\/2023\/04\/paul-silas-Houston.jpg\",\"datePublished\":\"2023-04-09T20:36:29+00:00\",\"dateModified\":\"2023-04-09T20:36:29+00:00\",\"author\":{\"@id\":\"https:\/\/theplayoffs.news\/fr\/#\/schema\/person\/e71dc12410195fc77183dda929d3a10c\"},\"breadcrumb\":{\"@id\":\"https:\/\/theplayoffs.news\/fr\/actualite-nba\/les-houston-rockets-licencie-silas\/#breadcrumb\"},\"inLanguage\":\"fr-FR\",\"potentialAction\":[{\"@type\":\"ReadAction\",\"target\":[\"https:\/\/theplayoffs.news\/fr\/actualite-nba\/les-houston-rockets-licencie-silas\/\"]}]},{\"@type\":\"ImageObject\",\"inLanguage\":\"fr-FR\",\"@id\":\"https:\/\/theplayoffs.news\/fr\/actualite-nba\/les-houston-rockets-licencie-silas\/#primaryimage\",\"url\":\"https:\/\/theplayoffs.news\/fr\/wp-content\/uploads\/2023\/04\/paul-silas-Houston.jpg\",\"contentUrl\":\"https:\/\/theplayoffs.news\/fr\/wp-content\/uploads\/2023\/04\/paul-silas-Houston.jpg\",\"width\":1080,\"height\":1350,\"caption\":\"Houston rockets\"},{\"@type\":\"BreadcrumbList\",\"@id\":\"https:\/\/theplayoffs.news\/fr\/actualite-nba\/les-houston-rockets-licencie-silas\/#breadcrumb\",\"itemListElement\":[{\"@type\":\"ListItem\",\"position\":1,\"name\":\"Accueil\",\"item\":\"https:\/\/theplayoffs.news\/fr\/\"},{\"@type\":\"ListItem\",\"position\":2,\"name\":\"Stephen Silas n&rsquo;est plus l&rsquo;entra\u00eeneur des Houston Rockets\"}]},{\"@type\":\"WebSite\",\"@id\":\"https:\/\/theplayoffs.news\/fr\/#website\",\"url\":\"https:\/\/theplayoffs.news\/fr\/\",\"name\":\"The Playoffs FR\",\"description\":\"NBA-NFL-NHL-MLB\",\"potentialAction\":[{\"@type\":\"SearchAction\",\"target\":{\"@type\":\"EntryPoint\",\"urlTemplate\":\"https:\/\/theplayoffs.news\/fr\/?s={search_term_string}\"},\"query-input\":{\"@type\":\"PropertyValueSpecification\",\"valueRequired\":true,\"valueName\":\"search_term_string\"}}],\"inLanguage\":\"fr-FR\"},{\"@type\":\"Person\",\"@id\":\"https:\/\/theplayoffs.news\/fr\/#\/schema\/person\/e71dc12410195fc77183dda929d3a10c\",\"name\":\"Maxime Le Gorjus\",\"image\":{\"@type\":\"ImageObject\",\"inLanguage\":\"fr-FR\",\"@id\":\"https:\/\/theplayoffs.news\/fr\/#\/schema\/person\/image\/\",\"url\":\"https:\/\/secure.gravatar.com\/avatar\/e9d907366de9735d771ce06fa32e62740f99d507b84a46e08ed7e5e05c120b42?s=96&d=mm&r=g\",\"contentUrl\":\"https:\/\/secure.gravatar.com\/avatar\/e9d907366de9735d771ce06fa32e62740f99d507b84a46e08ed7e5e05c120b42?s=96&d=mm&r=g\",\"caption\":\"Maxime Le Gorjus\"},\"url\":\"https:\/\/theplayoffs.news\/fr\/author\/maximelegorjus\/\"}]}<\/script>\n<!-- \/ Yoast SEO plugin. -->","yoast_head_json":{"title":"Stephen Silas n&#039;est plus l&#039;entra&icirc;neur des Houston Rockets - The Playoffs FR","robots":{"index":"index","follow":"follow","max-snippet":"max-snippet:-1","max-image-preview":"max-image-preview:large","max-video-preview":"max-video-preview:-1"},"canonical":"https:\/\/theplayoffs.news\/fr\/actualite-nba\/les-houston-rockets-licencie-silas\/","og_locale":"fr_FR","og_type":"article","og_title":"Stephen Silas n&#039;est plus l&#039;entra&icirc;neur des Houston Rockets - The Playoffs FR","og_url":"https:\/\/theplayoffs.news\/fr\/actualite-nba\/les-houston-rockets-licencie-silas\/","og_site_name":"The Playoffs FR","article_publisher":"https:\/\/www.facebook.com\/TheFreeAgentFR\/","og_image":[{"width":1080,"height":1350,"url":"https:\/\/theplayoffs.news\/fr\/wp-content\/uploads\/2023\/04\/paul-silas-Houston.jpg","type":"image\/jpeg"}],"author":"Maxime Le Gorjus","twitter_card":"summary_large_image","twitter_creator":"@TheFreeAgentFR","twitter_site":"@TheFreeAgentFR","twitter_misc":{"\u00c9crit par":"Maxime Le Gorjus","Dur\u00e9e de lecture estim\u00e9e":"1 minute"},"schema":{"@context":"https:\/\/schema.org","@graph":[{"@type":"WebPage","@id":"https:\/\/theplayoffs.news\/fr\/actualite-nba\/les-houston-rockets-licencie-silas\/","url":"https:\/\/theplayoffs.news\/fr\/actualite-nba\/les-houston-rockets-licencie-silas\/","name":"Stephen Silas n\\'est plus l\\'entra\u00eeneur des Houston Rockets - The Playoffs FR","isPartOf":{"@id":"https:\/\/theplayoffs.news\/fr\/#website"},"primaryImageOfPage":{"@id":"https:\/\/theplayoffs.news\/fr\/actualite-nba\/les-houston-rockets-licencie-silas\/#primaryimage"},"image":{"@id":"https:\/\/theplayoffs.news\/fr\/actualite-nba\/les-houston-rockets-licencie-silas\/#primaryimage"},"thumbnailUrl":"https:\/\/theplayoffs.news\/fr\/wp-content\/uploads\/2023\/04\/paul-silas-Houston.jpg","datePublished":"2023-04-09T20:36:29+00:00","dateModified":"2023-04-09T20:36:29+00:00","author":{"@id":"https:\/\/theplayoffs.news\/fr\/#\/schema\/person\/e71dc12410195fc77183dda929d3a10c"},"breadcrumb":{"@id":"https:\/\/theplayoffs.news\/fr\/actualite-nba\/les-houston-rockets-licencie-silas\/#breadcrumb"},"inLanguage":"fr-FR","potentialAction":[{"@type":"ReadAction","target":["https:\/\/theplayoffs.news\/fr\/actualite-nba\/les-houston-rockets-licencie-silas\/"]}]},{"@type":"ImageObject","inLanguage":"fr-FR","@id":"https:\/\/theplayoffs.news\/fr\/actualite-nba\/les-houston-rockets-licencie-silas\/#primaryimage","url":"https:\/\/theplayoffs.news\/fr\/wp-content\/uploads\/2023\/04\/paul-silas-Houston.jpg","contentUrl":"https:\/\/theplayoffs.news\/fr\/wp-content\/uploads\/2023\/04\/paul-silas-Houston.jpg","width":1080,"height":1350,"caption":"Houston rockets"},{"@type":"BreadcrumbList","@id":"https:\/\/theplayoffs.news\/fr\/actualite-nba\/les-houston-rockets-licencie-silas\/#breadcrumb","itemListElement":[{"@type":"ListItem","position":1,"name":"Accueil","item":"https:\/\/theplayoffs.news\/fr\/"},{"@type":"ListItem","position":2,"name":"Stephen Silas n&rsquo;est plus l&rsquo;entra\u00eeneur des Houston Rockets"}]},{"@type":"WebSite","@id":"https:\/\/theplayoffs.news\/fr\/#website","url":"https:\/\/theplayoffs.news\/fr\/","name":"The Playoffs FR","description":"NBA-NFL-NHL-MLB","potentialAction":[{"@type":"SearchAction","target":{"@type":"EntryPoint","urlTemplate":"https:\/\/theplayoffs.news\/fr\/?s={search_term_string}"},"query-input":{"@type":"PropertyValueSpecification","valueRequired":true,"valueName":"search_term_string"}}],"inLanguage":"fr-FR"},{"@type":"Person","@id":"https:\/\/theplayoffs.news\/fr\/#\/schema\/person\/e71dc12410195fc77183dda929d3a10c","name":"Maxime Le Gorjus","image":{"@type":"ImageObject","inLanguage":"fr-FR","@id":"https:\/\/theplayoffs.news\/fr\/#\/schema\/person\/image\/","url":"https:\/\/secure.gravatar.com\/avatar\/e9d907366de9735d771ce06fa32e62740f99d507b84a46e08ed7e5e05c120b42?s=96&d=mm&r=g","contentUrl":"https:\/\/secure.gravatar.com\/avatar\/e9d907366de9735d771ce06fa32e62740f99d507b84a46e08ed7e5e05c120b42?s=96&d=mm&r=g","caption":"Maxime Le Gorjus"},"url":"https:\/\/theplayoffs.news\/fr\/author\/maximelegorjus\/"}]}},"_links":{"self":[{"href":"https:\/\/theplayoffs.news\/fr\/wp-json\/wp\/v2\/posts\/580977","targetHints":{"allow":["GET"]}}],"collection":[{"href":"https:\/\/theplayoffs.news\/fr\/wp-json\/wp\/v2\/posts"}],"about":[{"href":"https:\/\/theplayoffs.news\/fr\/wp-json\/wp\/v2\/types\/post"}],"author":[{"embeddable":true,"href":"https:\/\/theplayoffs.news\/fr\/wp-json\/wp\/v2\/users\/180309821"}],"replies":[{"embeddable":true,"href":"https:\/\/theplayoffs.news\/fr\/wp-json\/wp\/v2\/comments?post=580977"}],"version-history":[{"count":3,"href":"https:\/\/theplayoffs.news\/fr\/wp-json\/wp\/v2\/posts\/580977\/revisions"}],"predecessor-version":[{"id":580994,"href":"https:\/\/theplayoffs.news\/fr\/wp-json\/wp\/v2\/posts\/580977\/revisions\/580994"}],"wp:featuredmedia":[{"embeddable":true,"href":"https:\/\/theplayoffs.news\/fr\/wp-json\/wp\/v2\/media\/580985"}],"wp:attachment":[{"href":"https:\/\/theplayoffs.news\/fr\/wp-json\/wp\/v2\/media?parent=580977"}],"wp:term":[{"taxonomy":"category","embeddable":true,"href":"https:\/\/theplayoffs.news\/fr\/wp-json\/wp\/v2\/categories?post=580977"},{"taxonomy":"post_tag","embeddable":true,"href":"https:\/\/theplayoffs.news\/fr\/wp-json\/wp\/v2\/tags?post=580977"},{"taxonomy":"sport","embeddable":true,"href":"https:\/\/theplayoffs.news\/fr\/wp-json\/wp\/v2\/sport?post=580977"},{"taxonomy":"saison","embeddable":true,"href":"https:\/\/theplayoffs.news\/fr\/wp-json\/wp\/v2\/saison?post=580977"}],"curies":[{"name":"wp","href":"https:\/\/api.w.org\/{rel}","templated":true}]}}