{"id":580880,"date":"2023-04-09T08:46:16","date_gmt":"2023-04-09T06:46:16","guid":{"rendered":"https:\/\/theplayoffs.news\/fr\/?p=580880"},"modified":"2023-04-09T08:48:05","modified_gmt":"2023-04-09T06:48:05","slug":"nba-enquete-decisions-mavericks","status":"publish","type":"post","link":"https:\/\/theplayoffs.news\/fr\/actualite-nba\/nba-enquete-decisions-mavericks\/","title":{"rendered":"La NBA enqu\u00eate sur les d\u00e9cisions des Mavericks et leur impact"},"content":{"rendered":"<h2>La NBA a lanc&eacute; une enqu&ecirc;te sur les d&eacute;cisions d&rsquo;alignement prises par les Dallas Mavericks lors de leur r&eacute;cent match contre les Chicago Bulls.<\/h2><p>La d&eacute;cision des Mavericks de ne pas faire jouer plusieurs joueurs cl&eacute;s a entra&icirc;n&eacute; une d&eacute;faite de 115-112, &eacute;liminant l&rsquo;&eacute;quipe de la course au playoffs de la Conf&eacute;rence Ouest. La NBA examine les motivations derri&egrave;re ces actions, ainsi que leur impact sur les chances de l&rsquo;&eacute;quipe en s&eacute;ries &eacute;liminatoires.<\/p><p>Dans un communiqu&eacute; publi&eacute; samedi, le porte-parole de la NBA, Mike Bass, a annonc&eacute; que l&rsquo;enqu&ecirc;te se concentrerait sur &laquo;&nbsp;les faits et les circonstances entourant les d&eacute;cisions d&rsquo;alignement des Dallas Mavericks et la conduite du jeu par rapport au match Chicago Bulls-Mavericks d&rsquo;hier soir, y compris les motivations derri&egrave;re ces actions&nbsp;&raquo;.<\/p><p>Les Mavericks doivent aux New York Knicks un choix parmi les 10 premiers prot&eacute;g&eacute;s comme paiement final pour le commerce de Kristaps Porzingis, et ils sont entr&eacute;s dans la journ&eacute;e &agrave; &eacute;galit&eacute; avec les Bulls pour la 10e meilleure cote de loterie.<\/p><p>L&rsquo;entra&icirc;neur des Mavs, Jason Kidd, a cit&eacute; une &laquo;&nbsp;d&eacute;cision organisationnelle&nbsp;&raquo; pour le choix de reposer la majorit&eacute; de la rotation r&eacute;guli&egrave;re de l&rsquo;&eacute;quipe. La d&eacute;cision a &eacute;t&eacute; attribu&eacute;e au propri&eacute;taire Mark Cuban et au directeur g&eacute;n&eacute;ral Nico Harrison.<\/p><p>Tard vendredi matin, l&rsquo;&eacute;quipe a annonc&eacute; que plusieurs joueurs cl&eacute;s, dont le guard All-Star <a href=\"https:\/\/theplayoffs.news\/fr\/joueur\/kyrie-irving-nba-12884\/\" class=\"trk-cta-link\" data-cta-trk='{\"ctaType\":\"Link\",\"ctaSubType\":\"main\"}'><strong>Kyrie Irving<\/strong><\/a>, <a href=\"https:\/\/theplayoffs.news\/fr\/joueur\/tim-hardaway-jr-dallas-mavericks-nba-2\/\" class=\"trk-cta-link\" data-cta-trk='{\"ctaType\":\"Link\",\"ctaSubType\":\"main\"}'><strong>Tim Hardaway Jr<\/strong><\/a>., Josh Green et les pivots Maxi Kleber et Christian Wood, seraient tous absents contre les Bulls. pour des raisons de pr&eacute;caution.<\/p><p>Luka Doncic n&rsquo;a jou&eacute; que les 12 premi&egrave;res minutes et 35 secondes du match avant de rester sur le banc le reste de la rencontre. Parlant de la d&eacute;cision, Kidd a <a href=\"https:\/\/www.espn.com\/nba\/story\/_\/id\/36121082\/nba-investigating-mavs-sitting-key-players-amid-playoff-hunt\" class=\"trk-cta-link\" data-cta-trk='{\"ctaType\":\"Link\",\"ctaSubType\":\"main\"}'>d&eacute;clar&eacute;<\/a>:<\/p><blockquote><p>&laquo;&nbsp;Il ne s&rsquo;agit pas tant d&rsquo;agiter le drapeau blanc. C&rsquo;est [que] les d&eacute;cisions sont parfois difficiles dans ce secteur. Nous essayons de construire une &eacute;quipe de championnat. Avec cette d&eacute;cision, c&rsquo;est peut-&ecirc;tre un pas en arri&egrave;re . Mais j&rsquo;esp&egrave;re que cela m&egrave;nera &agrave; aller de l&rsquo;avant.&nbsp;&raquo;<\/p><\/blockquote><p>Kidd a &eacute;galement mentionn&eacute; que les Mavericks ne pr&eacute;voyaient pas Doncic ou aucun des joueurs qui se sont assis pour jouer dimanche contre les San Antonio Spurs pour la derni&egrave;re journ&eacute;e de la saison r&eacute;guli&egrave;re.<\/p><p>En 2018, le gouverneur des Mavericks, Mark Cuban, a &eacute;t&eacute; condamn&eacute; &agrave; une amende de 600 000 $ pour avoir publiquement admis que les Mavs &eacute;taient en train de tanker. Mercredi soir, il a reconnu comprendre le processus de r&eacute;flexion des fans qui pensent que prot&eacute;ger la position de la loterie est la strat&eacute;gie la plus intelligente de Dallas dans la derni&egrave;re ligne droite. Cependant, il a &eacute;galement soulign&eacute; que les joueurs ne veulent pas tanker et ne le feront pas.<\/p><p>Cuban n&rsquo;a pas encore r&eacute;pondu aux demandes de commentaires concernant la d&eacute;cision de l&rsquo;organisation de retirer plusieurs joueurs ou l&rsquo;enqu&ecirc;te en cours de la ligue. Les r&eacute;sultats de l&rsquo;enqu&ecirc;te pourraient avoir des implications importantes pour les Mavericks et la NBA dans son ensemble, car la ligue cherche &agrave; maintenir l&rsquo;int&eacute;grit&eacute; du jeu et &agrave; assurer une concurrence loyale.<\/p>\n","protected":false},"excerpt":{"rendered":"","protected":false},"author":13,"featured_media":580881,"comment_status":"open","ping_status":"closed","sticky":false,"template":"","format":"standard","meta":{"inline_featured_image":false,"kia_subtitle":"","_mux_skip_reasons":[],"proofreadBy":0,"footnotes":""},"categories":[110,10],"tags":[595],"sport":[],"saison":[],"class_list":["post-580880","post","type-post","status-publish","format-standard","has-post-thumbnail","hentry","category-actualite-nba","category-nba","tag-dallas-mavericks"],"acf":[],"yoast_head":"<!-- This site is optimized with the Yoast SEO plugin v24.2 - https:\/\/yoast.com\/wordpress\/plugins\/seo\/ -->\n<title>La NBA enqu&ecirc;te sur les d&eacute;cisions des Mavericks et leur impact - The Playoffs FR<\/title>\n<meta name=\"robots\" content=\"index, follow, max-snippet:-1, max-image-preview:large, max-video-preview:-1\" \/>\n<link rel=\"canonical\" href=\"https:\/\/theplayoffs.news\/fr\/actualite-nba\/nba-enquete-decisions-mavericks\/\" \/>\n<meta property=\"og:locale\" content=\"fr_FR\" \/>\n<meta property=\"og:type\" content=\"article\" \/>\n<meta property=\"og:title\" content=\"La NBA enqu&ecirc;te sur les d&eacute;cisions des Mavericks et leur impact - The Playoffs FR\" \/>\n<meta property=\"og:url\" content=\"https:\/\/theplayoffs.news\/fr\/actualite-nba\/nba-enquete-decisions-mavericks\/\" \/>\n<meta property=\"og:site_name\" content=\"The Playoffs FR\" \/>\n<meta property=\"article:publisher\" content=\"https:\/\/www.facebook.com\/TheFreeAgentFR\/\" \/>\n<meta property=\"article:modified_time\" content=\"2023-04-09T08:48:05+02:00\" \/>\n<meta property=\"og:image\" content=\"https:\/\/theplayoffs.news\/fr\/wp-content\/uploads\/2023\/04\/usa_today_20419457.0.jpg\" \/>\n\t<meta property=\"og:image:width\" content=\"1200\" \/>\n\t<meta property=\"og:image:height\" content=\"800\" \/>\n\t<meta property=\"og:image:type\" content=\"image\/jpeg\" \/>\n<meta name=\"author\" content=\"Charles Taudin\" \/>\n<meta name=\"twitter:card\" content=\"summary_large_image\" \/>\n<meta name=\"twitter:creator\" content=\"@TheFreeAgentFR\" \/>\n<meta name=\"twitter:site\" content=\"@TheFreeAgentFR\" \/>\n<meta name=\"twitter:label1\" content=\"\u00c9crit par\" \/>\n\t<meta name=\"twitter:data1\" content=\"Charles Taudin\" \/>\n\t<meta name=\"twitter:label2\" content=\"Dur\u00e9e de lecture estim\u00e9e\" \/>\n\t<meta name=\"twitter:data2\" content=\"3 minutes\" \/>\n<script type=\"application\/ld+json\" class=\"yoast-schema-graph\">{\"@context\":\"https:\/\/schema.org\",\"@graph\":[{\"@type\":\"WebPage\",\"@id\":\"https:\/\/theplayoffs.news\/fr\/actualite-nba\/nba-enquete-decisions-mavericks\/\",\"url\":\"https:\/\/theplayoffs.news\/fr\/actualite-nba\/nba-enquete-decisions-mavericks\/\",\"name\":\"La NBA enqu\u00eate sur les d\u00e9cisions des Mavericks et leur impact - The Playoffs FR\",\"isPartOf\":{\"@id\":\"https:\/\/theplayoffs.news\/fr\/#website\"},\"primaryImageOfPage\":{\"@id\":\"https:\/\/theplayoffs.news\/fr\/actualite-nba\/nba-enquete-decisions-mavericks\/#primaryimage\"},\"image\":{\"@id\":\"https:\/\/theplayoffs.news\/fr\/actualite-nba\/nba-enquete-decisions-mavericks\/#primaryimage\"},\"thumbnailUrl\":\"https:\/\/theplayoffs.news\/fr\/wp-content\/uploads\/2023\/04\/usa_today_20419457.0.jpg\",\"datePublished\":\"2023-04-09T06:46:16+00:00\",\"dateModified\":\"2023-04-09T06:48:05+00:00\",\"author\":{\"@id\":\"https:\/\/theplayoffs.news\/fr\/#\/schema\/person\/eee5b69ad5d3c51cabe881c839dbe133\"},\"breadcrumb\":{\"@id\":\"https:\/\/theplayoffs.news\/fr\/actualite-nba\/nba-enquete-decisions-mavericks\/#breadcrumb\"},\"inLanguage\":\"fr-FR\",\"potentialAction\":[{\"@type\":\"ReadAction\",\"target\":[\"https:\/\/theplayoffs.news\/fr\/actualite-nba\/nba-enquete-decisions-mavericks\/\"]}]},{\"@type\":\"ImageObject\",\"inLanguage\":\"fr-FR\",\"@id\":\"https:\/\/theplayoffs.news\/fr\/actualite-nba\/nba-enquete-decisions-mavericks\/#primaryimage\",\"url\":\"https:\/\/theplayoffs.news\/fr\/wp-content\/uploads\/2023\/04\/usa_today_20419457.0.jpg\",\"contentUrl\":\"https:\/\/theplayoffs.news\/fr\/wp-content\/uploads\/2023\/04\/usa_today_20419457.0.jpg\",\"width\":1200,\"height\":800,\"caption\":\"Dallas Mavericks\"},{\"@type\":\"BreadcrumbList\",\"@id\":\"https:\/\/theplayoffs.news\/fr\/actualite-nba\/nba-enquete-decisions-mavericks\/#breadcrumb\",\"itemListElement\":[{\"@type\":\"ListItem\",\"position\":1,\"name\":\"Accueil\",\"item\":\"https:\/\/theplayoffs.news\/fr\/\"},{\"@type\":\"ListItem\",\"position\":2,\"name\":\"La NBA enqu\u00eate sur les d\u00e9cisions des Mavericks et leur impact\"}]},{\"@type\":\"WebSite\",\"@id\":\"https:\/\/theplayoffs.news\/fr\/#website\",\"url\":\"https:\/\/theplayoffs.news\/fr\/\",\"name\":\"The Playoffs FR\",\"description\":\"NBA-NFL-NHL-MLB\",\"potentialAction\":[{\"@type\":\"SearchAction\",\"target\":{\"@type\":\"EntryPoint\",\"urlTemplate\":\"https:\/\/theplayoffs.news\/fr\/?s={search_term_string}\"},\"query-input\":{\"@type\":\"PropertyValueSpecification\",\"valueRequired\":true,\"valueName\":\"search_term_string\"}}],\"inLanguage\":\"fr-FR\"},{\"@type\":\"Person\",\"@id\":\"https:\/\/theplayoffs.news\/fr\/#\/schema\/person\/eee5b69ad5d3c51cabe881c839dbe133\",\"name\":\"Charles Taudin\",\"image\":{\"@type\":\"ImageObject\",\"inLanguage\":\"fr-FR\",\"@id\":\"https:\/\/theplayoffs.news\/fr\/#\/schema\/person\/image\/\",\"url\":\"https:\/\/secure.gravatar.com\/avatar\/59a1e772205ce9fd255edfcafc93013736822e20261f294c5753b20c41ede9f2?s=96&d=mm&r=g\",\"contentUrl\":\"https:\/\/secure.gravatar.com\/avatar\/59a1e772205ce9fd255edfcafc93013736822e20261f294c5753b20c41ede9f2?s=96&d=mm&r=g\",\"caption\":\"Charles Taudin\"},\"description\":\"R\u00e9dacteur en chef global de The Playoffs, j\u2019ai cr\u00e9\u00e9 The Free Agent, devenu The Playoffs FR, en 2020 durant la pand\u00e9mie. Amoureux depuis des ann\u00e9es des 4 sports majeurs am\u00e9ricains, j\u2019organise maintenant la strat\u00e9gie \u00e9ditoriale et les r\u00e9seaux sociaux de l\u2019ensemble des versions de The Playoffs. Il m\u2019arrive encore d\u2019\u00e9crire sur certains sports que j\u2019affectionne particuli\u00e8rement comme la NFL ou la MLB. Si vous devez retenir qu\u2019une chose : Eli Manning est le vrai GOAT pour avoir battu deux fois Tom Brady.\",\"sameAs\":[\"https:\/\/www.instagram.com\/ctaudin_\/\"],\"url\":\"https:\/\/theplayoffs.news\/fr\/author\/charles-taudin\/\"}]}<\/script>\n<!-- \/ Yoast SEO plugin. -->","yoast_head_json":{"title":"La NBA enqu&ecirc;te sur les d&eacute;cisions des Mavericks et leur impact - The Playoffs FR","robots":{"index":"index","follow":"follow","max-snippet":"max-snippet:-1","max-image-preview":"max-image-preview:large","max-video-preview":"max-video-preview:-1"},"canonical":"https:\/\/theplayoffs.news\/fr\/actualite-nba\/nba-enquete-decisions-mavericks\/","og_locale":"fr_FR","og_type":"article","og_title":"La NBA enqu&ecirc;te sur les d&eacute;cisions des Mavericks et leur impact - The Playoffs FR","og_url":"https:\/\/theplayoffs.news\/fr\/actualite-nba\/nba-enquete-decisions-mavericks\/","og_site_name":"The Playoffs FR","article_publisher":"https:\/\/www.facebook.com\/TheFreeAgentFR\/","article_modified_time":"2023-04-09T06:48:05+00:00","og_image":[{"width":1200,"height":800,"url":"https:\/\/theplayoffs.news\/fr\/wp-content\/uploads\/2023\/04\/usa_today_20419457.0.jpg","type":"image\/jpeg"}],"author":"Charles Taudin","twitter_card":"summary_large_image","twitter_creator":"@TheFreeAgentFR","twitter_site":"@TheFreeAgentFR","twitter_misc":{"\u00c9crit par":"Charles Taudin","Dur\u00e9e de lecture estim\u00e9e":"3 minutes"},"schema":{"@context":"https:\/\/schema.org","@graph":[{"@type":"WebPage","@id":"https:\/\/theplayoffs.news\/fr\/actualite-nba\/nba-enquete-decisions-mavericks\/","url":"https:\/\/theplayoffs.news\/fr\/actualite-nba\/nba-enquete-decisions-mavericks\/","name":"La NBA enqu\u00eate sur les d\u00e9cisions des Mavericks et leur impact - The Playoffs FR","isPartOf":{"@id":"https:\/\/theplayoffs.news\/fr\/#website"},"primaryImageOfPage":{"@id":"https:\/\/theplayoffs.news\/fr\/actualite-nba\/nba-enquete-decisions-mavericks\/#primaryimage"},"image":{"@id":"https:\/\/theplayoffs.news\/fr\/actualite-nba\/nba-enquete-decisions-mavericks\/#primaryimage"},"thumbnailUrl":"https:\/\/theplayoffs.news\/fr\/wp-content\/uploads\/2023\/04\/usa_today_20419457.0.jpg","datePublished":"2023-04-09T06:46:16+00:00","dateModified":"2023-04-09T06:48:05+00:00","author":{"@id":"https:\/\/theplayoffs.news\/fr\/#\/schema\/person\/eee5b69ad5d3c51cabe881c839dbe133"},"breadcrumb":{"@id":"https:\/\/theplayoffs.news\/fr\/actualite-nba\/nba-enquete-decisions-mavericks\/#breadcrumb"},"inLanguage":"fr-FR","potentialAction":[{"@type":"ReadAction","target":["https:\/\/theplayoffs.news\/fr\/actualite-nba\/nba-enquete-decisions-mavericks\/"]}]},{"@type":"ImageObject","inLanguage":"fr-FR","@id":"https:\/\/theplayoffs.news\/fr\/actualite-nba\/nba-enquete-decisions-mavericks\/#primaryimage","url":"https:\/\/theplayoffs.news\/fr\/wp-content\/uploads\/2023\/04\/usa_today_20419457.0.jpg","contentUrl":"https:\/\/theplayoffs.news\/fr\/wp-content\/uploads\/2023\/04\/usa_today_20419457.0.jpg","width":1200,"height":800,"caption":"Dallas Mavericks"},{"@type":"BreadcrumbList","@id":"https:\/\/theplayoffs.news\/fr\/actualite-nba\/nba-enquete-decisions-mavericks\/#breadcrumb","itemListElement":[{"@type":"ListItem","position":1,"name":"Accueil","item":"https:\/\/theplayoffs.news\/fr\/"},{"@type":"ListItem","position":2,"name":"La NBA enqu\u00eate sur les d\u00e9cisions des Mavericks et leur impact"}]},{"@type":"WebSite","@id":"https:\/\/theplayoffs.news\/fr\/#website","url":"https:\/\/theplayoffs.news\/fr\/","name":"The Playoffs FR","description":"NBA-NFL-NHL-MLB","potentialAction":[{"@type":"SearchAction","target":{"@type":"EntryPoint","urlTemplate":"https:\/\/theplayoffs.news\/fr\/?s={search_term_string}"},"query-input":{"@type":"PropertyValueSpecification","valueRequired":true,"valueName":"search_term_string"}}],"inLanguage":"fr-FR"},{"@type":"Person","@id":"https:\/\/theplayoffs.news\/fr\/#\/schema\/person\/eee5b69ad5d3c51cabe881c839dbe133","name":"Charles Taudin","image":{"@type":"ImageObject","inLanguage":"fr-FR","@id":"https:\/\/theplayoffs.news\/fr\/#\/schema\/person\/image\/","url":"https:\/\/secure.gravatar.com\/avatar\/59a1e772205ce9fd255edfcafc93013736822e20261f294c5753b20c41ede9f2?s=96&d=mm&r=g","contentUrl":"https:\/\/secure.gravatar.com\/avatar\/59a1e772205ce9fd255edfcafc93013736822e20261f294c5753b20c41ede9f2?s=96&d=mm&r=g","caption":"Charles Taudin"},"description":"R\u00e9dacteur en chef global de The Playoffs, j\u2019ai cr\u00e9\u00e9 The Free Agent, devenu The Playoffs FR, en 2020 durant la pand\u00e9mie. Amoureux depuis des ann\u00e9es des 4 sports majeurs am\u00e9ricains, j\u2019organise maintenant la strat\u00e9gie \u00e9ditoriale et les r\u00e9seaux sociaux de l\u2019ensemble des versions de The Playoffs. Il m\u2019arrive encore d\u2019\u00e9crire sur certains sports que j\u2019affectionne particuli\u00e8rement comme la NFL ou la MLB. Si vous devez retenir qu\u2019une chose : Eli Manning est le vrai GOAT pour avoir battu deux fois Tom Brady.","sameAs":["https:\/\/www.instagram.com\/ctaudin_\/"],"url":"https:\/\/theplayoffs.news\/fr\/author\/charles-taudin\/"}]}},"_links":{"self":[{"href":"https:\/\/theplayoffs.news\/fr\/wp-json\/wp\/v2\/posts\/580880","targetHints":{"allow":["GET"]}}],"collection":[{"href":"https:\/\/theplayoffs.news\/fr\/wp-json\/wp\/v2\/posts"}],"about":[{"href":"https:\/\/theplayoffs.news\/fr\/wp-json\/wp\/v2\/types\/post"}],"author":[{"embeddable":true,"href":"https:\/\/theplayoffs.news\/fr\/wp-json\/wp\/v2\/users\/13"}],"replies":[{"embeddable":true,"href":"https:\/\/theplayoffs.news\/fr\/wp-json\/wp\/v2\/comments?post=580880"}],"version-history":[{"count":3,"href":"https:\/\/theplayoffs.news\/fr\/wp-json\/wp\/v2\/posts\/580880\/revisions"}],"predecessor-version":[{"id":580884,"href":"https:\/\/theplayoffs.news\/fr\/wp-json\/wp\/v2\/posts\/580880\/revisions\/580884"}],"wp:featuredmedia":[{"embeddable":true,"href":"https:\/\/theplayoffs.news\/fr\/wp-json\/wp\/v2\/media\/580881"}],"wp:attachment":[{"href":"https:\/\/theplayoffs.news\/fr\/wp-json\/wp\/v2\/media?parent=580880"}],"wp:term":[{"taxonomy":"category","embeddable":true,"href":"https:\/\/theplayoffs.news\/fr\/wp-json\/wp\/v2\/categories?post=580880"},{"taxonomy":"post_tag","embeddable":true,"href":"https:\/\/theplayoffs.news\/fr\/wp-json\/wp\/v2\/tags?post=580880"},{"taxonomy":"sport","embeddable":true,"href":"https:\/\/theplayoffs.news\/fr\/wp-json\/wp\/v2\/sport?post=580880"},{"taxonomy":"saison","embeddable":true,"href":"https:\/\/theplayoffs.news\/fr\/wp-json\/wp\/v2\/saison?post=580880"}],"curies":[{"name":"wp","href":"https:\/\/api.w.org\/{rel}","templated":true}]}}