{"id":580652,"date":"2023-04-08T08:59:40","date_gmt":"2023-04-08T06:59:40","guid":{"rendered":"https:\/\/theplayoffs.news\/fr\/?p=580652"},"modified":"2023-04-08T08:59:41","modified_gmt":"2023-04-08T06:59:41","slug":"vladimir-guerrero-jr-desir-rester-toronto-carriere","status":"publish","type":"post","link":"https:\/\/theplayoffs.news\/fr\/actualite-mlb\/vladimir-guerrero-jr-desir-rester-toronto-carriere\/","title":{"rendered":"Vladimir Guerrero Jr. exprime le d\u00e9sir de rester \u00e0 Toronto pour toute sa carri\u00e8re"},"content":{"rendered":"<h2>Les fans des Blue Jays de Toronto ont des raisons de se r&eacute;jouir, car leur jeune joueur de premier but superstar, Vladimir Guerrero Jr., a exprim&eacute; son d&eacute;sir de rester avec l&rsquo;&eacute;quipe pour toute sa carri&egrave;re.<\/h2><p>C&rsquo;est une nouvelle prometteuse pour les Blue Jays, qui ont h&acirc;te de confiner leur joueur vedette &agrave; long terme. <a href=\"https:\/\/theplayoffs.news\/fr\/joueur\/vladimir-guerrero-jr-mlb-70004\/\" class=\"trk-cta-link\" data-cta-trk='{\"ctaType\":\"Link\",\"ctaSubType\":\"main\"}'><strong>Vladimir Guerrero Jr<\/strong><\/a>, qui devrait devenir agent libre apr&egrave;s la saison 2025, a jou&eacute; un r&ocirc;le important dans le r&eacute;cent succ&egrave;s de l&rsquo;&eacute;quipe et conna&icirc;t un d&eacute;but de saison exceptionnel.<\/p><p>Dans une r&eacute;cente entrevue avec <a href=\"https:\/\/www.sportsnet.ca\/mlb\/video\/guerrero-jr-voices-desire-to-stay-in-toronto-for-rest-of-his-career-the-interview-room\/\" class=\"trk-cta-link\" data-cta-trk='{\"ctaType\":\"Link\",\"ctaSubType\":\"main\"}'>Hazel Mae de Sportsnet<\/a>, Guerrero a clairement indiqu&eacute; qu&rsquo;il voulait rester &agrave; Toronto pour le reste de sa carri&egrave;re.<\/p><blockquote><p>&laquo;&nbsp;Pour moi, je veux passer toute ma vie ici&nbsp;&raquo;, a-t-il d&eacute;clar&eacute;.<\/p><\/blockquote><p>Malgr&eacute; l&rsquo;absence de prolongation de contrat, Guerrero n&rsquo;a pas laiss&eacute; la situation le distraire de ses performances sur le terrain. Le joueur de 24 ans a commenc&eacute; la saison en force, frappant &agrave; 0,407\/0,500\/0,667 avec deux home runs, six points produits et un seul retrait au b&acirc;ton au cours de ses 27 premiers pr&eacute;sences au b&acirc;ton.<\/p><p>Vladimir Guerrero Jr. a d&eacute;j&agrave; eu un impact significatif sur les Blue Jays, avec 106 home runs et 316 points produits lors de ses 511 premiers matchs en carri&egrave;re, avec un 135 wRC+. Son importance pour l&rsquo;&eacute;quipe est ind&eacute;niable et les Blue Jays auront &agrave; c&oelig;ur de s&rsquo;assurer ses services &agrave; long terme.<\/p><p>En ce qui concerne la situation contractuelle, Guerrero reste concentr&eacute; sur ses performances sur le terrain.<\/p><blockquote><p>&laquo;&nbsp;C&rsquo;est comme &ccedil;a,&nbsp;&raquo; dit-il. &laquo;&nbsp;Je suis ici pour jouer &agrave; la balle, et quoi qu&rsquo;il arrive, arrive. &hellip; Je sais qui je suis, et le moment va venir.&nbsp;&raquo;<\/p><\/blockquote><p>Les Blue Jays sont sans aucun doute conscients de la n&eacute;cessit&eacute; de n&eacute;gocier une prolongation de contrat, mais il est rassurant d&rsquo;entendre l&rsquo;engagement ind&eacute;fectible de Vladimir Guerrero Jr envers l&rsquo;&eacute;quipe.<\/p><p>La perspective de garder &agrave; la fois Vladimir Guerrero Jr et son compatriote shortstop All-Star Bo Bichette, qui est &eacute;galement &eacute;ligible &agrave; la free agency apr&egrave;s la saison 2025, sera cruciale pour les Blue Jays alors qu&rsquo;ils continuent de se constituer un effectif comp&eacute;titif. Le d&eacute;sir de Guerrero de rester &agrave; Toronto t&eacute;moigne de la culture de l&rsquo;&eacute;quipe et de son potentiel de succ&egrave;s dans les ann&eacute;es &agrave; venir.<\/p>\n","protected":false},"excerpt":{"rendered":"","protected":false},"author":13,"featured_media":580653,"comment_status":"open","ping_status":"closed","sticky":false,"template":"","format":"standard","meta":{"inline_featured_image":false,"kia_subtitle":"","_mux_skip_reasons":[],"proofreadBy":0,"footnotes":""},"categories":[188,9],"tags":[883,2556],"sport":[],"saison":[],"class_list":["post-580652","post","type-post","status-publish","format-standard","has-post-thumbnail","hentry","category-actualite-mlb","category-mlb","tag-toronto-blue-jays","tag-vladimir-guerrero-jr"],"acf":[],"yoast_head":"<!-- This site is optimized with the Yoast SEO plugin v24.2 - https:\/\/yoast.com\/wordpress\/plugins\/seo\/ -->\n<title>Vladimir Guerrero Jr. exprime le d&eacute;sir de rester &agrave; Toronto pour toute sa carri&egrave;re - The Playoffs FR<\/title>\n<meta name=\"robots\" content=\"index, follow, max-snippet:-1, max-image-preview:large, max-video-preview:-1\" \/>\n<link rel=\"canonical\" href=\"https:\/\/theplayoffs.news\/fr\/actualite-mlb\/vladimir-guerrero-jr-desir-rester-toronto-carriere\/\" \/>\n<meta property=\"og:locale\" content=\"fr_FR\" \/>\n<meta property=\"og:type\" content=\"article\" \/>\n<meta property=\"og:title\" content=\"Vladimir Guerrero Jr. exprime le d&eacute;sir de rester &agrave; Toronto pour toute sa carri&egrave;re - The Playoffs FR\" \/>\n<meta property=\"og:url\" content=\"https:\/\/theplayoffs.news\/fr\/actualite-mlb\/vladimir-guerrero-jr-desir-rester-toronto-carriere\/\" \/>\n<meta property=\"og:site_name\" content=\"The Playoffs FR\" \/>\n<meta property=\"article:publisher\" content=\"https:\/\/www.facebook.com\/TheFreeAgentFR\/\" \/>\n<meta property=\"article:modified_time\" content=\"2023-04-08T08:59:41+02:00\" \/>\n<meta property=\"og:image\" content=\"https:\/\/theplayoffs.news\/fr\/wp-content\/uploads\/2023\/04\/r846643_1296x729_16-9.jpg\" \/>\n\t<meta property=\"og:image:width\" content=\"1296\" \/>\n\t<meta property=\"og:image:height\" content=\"729\" \/>\n\t<meta property=\"og:image:type\" content=\"image\/jpeg\" \/>\n<meta name=\"author\" content=\"Charles Taudin\" \/>\n<meta name=\"twitter:card\" content=\"summary_large_image\" \/>\n<meta name=\"twitter:creator\" content=\"@TheFreeAgentFR\" \/>\n<meta name=\"twitter:site\" content=\"@TheFreeAgentFR\" \/>\n<meta name=\"twitter:label1\" content=\"\u00c9crit par\" \/>\n\t<meta name=\"twitter:data1\" content=\"Charles Taudin\" \/>\n\t<meta name=\"twitter:label2\" content=\"Dur\u00e9e de lecture estim\u00e9e\" \/>\n\t<meta name=\"twitter:data2\" content=\"2 minutes\" \/>\n<script type=\"application\/ld+json\" class=\"yoast-schema-graph\">{\"@context\":\"https:\/\/schema.org\",\"@graph\":[{\"@type\":\"WebPage\",\"@id\":\"https:\/\/theplayoffs.news\/fr\/actualite-mlb\/vladimir-guerrero-jr-desir-rester-toronto-carriere\/\",\"url\":\"https:\/\/theplayoffs.news\/fr\/actualite-mlb\/vladimir-guerrero-jr-desir-rester-toronto-carriere\/\",\"name\":\"Vladimir Guerrero Jr. exprime le d\u00e9sir de rester \u00e0 Toronto pour toute sa carri\u00e8re - The Playoffs FR\",\"isPartOf\":{\"@id\":\"https:\/\/theplayoffs.news\/fr\/#website\"},\"primaryImageOfPage\":{\"@id\":\"https:\/\/theplayoffs.news\/fr\/actualite-mlb\/vladimir-guerrero-jr-desir-rester-toronto-carriere\/#primaryimage\"},\"image\":{\"@id\":\"https:\/\/theplayoffs.news\/fr\/actualite-mlb\/vladimir-guerrero-jr-desir-rester-toronto-carriere\/#primaryimage\"},\"thumbnailUrl\":\"https:\/\/theplayoffs.news\/fr\/wp-content\/uploads\/2023\/04\/r846643_1296x729_16-9.jpg\",\"datePublished\":\"2023-04-08T06:59:40+00:00\",\"dateModified\":\"2023-04-08T06:59:41+00:00\",\"author\":{\"@id\":\"https:\/\/theplayoffs.news\/fr\/#\/schema\/person\/eee5b69ad5d3c51cabe881c839dbe133\"},\"breadcrumb\":{\"@id\":\"https:\/\/theplayoffs.news\/fr\/actualite-mlb\/vladimir-guerrero-jr-desir-rester-toronto-carriere\/#breadcrumb\"},\"inLanguage\":\"fr-FR\",\"potentialAction\":[{\"@type\":\"ReadAction\",\"target\":[\"https:\/\/theplayoffs.news\/fr\/actualite-mlb\/vladimir-guerrero-jr-desir-rester-toronto-carriere\/\"]}]},{\"@type\":\"ImageObject\",\"inLanguage\":\"fr-FR\",\"@id\":\"https:\/\/theplayoffs.news\/fr\/actualite-mlb\/vladimir-guerrero-jr-desir-rester-toronto-carriere\/#primaryimage\",\"url\":\"https:\/\/theplayoffs.news\/fr\/wp-content\/uploads\/2023\/04\/r846643_1296x729_16-9.jpg\",\"contentUrl\":\"https:\/\/theplayoffs.news\/fr\/wp-content\/uploads\/2023\/04\/r846643_1296x729_16-9.jpg\",\"width\":1296,\"height\":729,\"caption\":\"vladimir guerrero Jr\"},{\"@type\":\"BreadcrumbList\",\"@id\":\"https:\/\/theplayoffs.news\/fr\/actualite-mlb\/vladimir-guerrero-jr-desir-rester-toronto-carriere\/#breadcrumb\",\"itemListElement\":[{\"@type\":\"ListItem\",\"position\":1,\"name\":\"Accueil\",\"item\":\"https:\/\/theplayoffs.news\/fr\/\"},{\"@type\":\"ListItem\",\"position\":2,\"name\":\"Vladimir Guerrero Jr. exprime le d\u00e9sir de rester \u00e0 Toronto pour toute sa carri\u00e8re\"}]},{\"@type\":\"WebSite\",\"@id\":\"https:\/\/theplayoffs.news\/fr\/#website\",\"url\":\"https:\/\/theplayoffs.news\/fr\/\",\"name\":\"The Playoffs FR\",\"description\":\"NBA-NFL-NHL-MLB\",\"potentialAction\":[{\"@type\":\"SearchAction\",\"target\":{\"@type\":\"EntryPoint\",\"urlTemplate\":\"https:\/\/theplayoffs.news\/fr\/?s={search_term_string}\"},\"query-input\":{\"@type\":\"PropertyValueSpecification\",\"valueRequired\":true,\"valueName\":\"search_term_string\"}}],\"inLanguage\":\"fr-FR\"},{\"@type\":\"Person\",\"@id\":\"https:\/\/theplayoffs.news\/fr\/#\/schema\/person\/eee5b69ad5d3c51cabe881c839dbe133\",\"name\":\"Charles Taudin\",\"image\":{\"@type\":\"ImageObject\",\"inLanguage\":\"fr-FR\",\"@id\":\"https:\/\/theplayoffs.news\/fr\/#\/schema\/person\/image\/\",\"url\":\"https:\/\/secure.gravatar.com\/avatar\/59a1e772205ce9fd255edfcafc93013736822e20261f294c5753b20c41ede9f2?s=96&d=mm&r=g\",\"contentUrl\":\"https:\/\/secure.gravatar.com\/avatar\/59a1e772205ce9fd255edfcafc93013736822e20261f294c5753b20c41ede9f2?s=96&d=mm&r=g\",\"caption\":\"Charles Taudin\"},\"description\":\"R\u00e9dacteur en chef global de The Playoffs, j\u2019ai cr\u00e9\u00e9 The Free Agent, devenu The Playoffs FR, en 2020 durant la pand\u00e9mie. Amoureux depuis des ann\u00e9es des 4 sports majeurs am\u00e9ricains, j\u2019organise maintenant la strat\u00e9gie \u00e9ditoriale et les r\u00e9seaux sociaux de l\u2019ensemble des versions de The Playoffs. Il m\u2019arrive encore d\u2019\u00e9crire sur certains sports que j\u2019affectionne particuli\u00e8rement comme la NFL ou la MLB. Si vous devez retenir qu\u2019une chose : Eli Manning est le vrai GOAT pour avoir battu deux fois Tom Brady.\",\"sameAs\":[\"https:\/\/www.instagram.com\/ctaudin_\/\"],\"url\":\"https:\/\/theplayoffs.news\/fr\/author\/charles-taudin\/\"}]}<\/script>\n<!-- \/ Yoast SEO plugin. -->","yoast_head_json":{"title":"Vladimir Guerrero Jr. exprime le d&eacute;sir de rester &agrave; Toronto pour toute sa carri&egrave;re - The Playoffs FR","robots":{"index":"index","follow":"follow","max-snippet":"max-snippet:-1","max-image-preview":"max-image-preview:large","max-video-preview":"max-video-preview:-1"},"canonical":"https:\/\/theplayoffs.news\/fr\/actualite-mlb\/vladimir-guerrero-jr-desir-rester-toronto-carriere\/","og_locale":"fr_FR","og_type":"article","og_title":"Vladimir Guerrero Jr. exprime le d&eacute;sir de rester &agrave; Toronto pour toute sa carri&egrave;re - The Playoffs FR","og_url":"https:\/\/theplayoffs.news\/fr\/actualite-mlb\/vladimir-guerrero-jr-desir-rester-toronto-carriere\/","og_site_name":"The Playoffs FR","article_publisher":"https:\/\/www.facebook.com\/TheFreeAgentFR\/","article_modified_time":"2023-04-08T06:59:41+00:00","og_image":[{"width":1296,"height":729,"url":"https:\/\/theplayoffs.news\/fr\/wp-content\/uploads\/2023\/04\/r846643_1296x729_16-9.jpg","type":"image\/jpeg"}],"author":"Charles Taudin","twitter_card":"summary_large_image","twitter_creator":"@TheFreeAgentFR","twitter_site":"@TheFreeAgentFR","twitter_misc":{"\u00c9crit par":"Charles Taudin","Dur\u00e9e de lecture estim\u00e9e":"2 minutes"},"schema":{"@context":"https:\/\/schema.org","@graph":[{"@type":"WebPage","@id":"https:\/\/theplayoffs.news\/fr\/actualite-mlb\/vladimir-guerrero-jr-desir-rester-toronto-carriere\/","url":"https:\/\/theplayoffs.news\/fr\/actualite-mlb\/vladimir-guerrero-jr-desir-rester-toronto-carriere\/","name":"Vladimir Guerrero Jr. exprime le d\u00e9sir de rester \u00e0 Toronto pour toute sa carri\u00e8re - The Playoffs FR","isPartOf":{"@id":"https:\/\/theplayoffs.news\/fr\/#website"},"primaryImageOfPage":{"@id":"https:\/\/theplayoffs.news\/fr\/actualite-mlb\/vladimir-guerrero-jr-desir-rester-toronto-carriere\/#primaryimage"},"image":{"@id":"https:\/\/theplayoffs.news\/fr\/actualite-mlb\/vladimir-guerrero-jr-desir-rester-toronto-carriere\/#primaryimage"},"thumbnailUrl":"https:\/\/theplayoffs.news\/fr\/wp-content\/uploads\/2023\/04\/r846643_1296x729_16-9.jpg","datePublished":"2023-04-08T06:59:40+00:00","dateModified":"2023-04-08T06:59:41+00:00","author":{"@id":"https:\/\/theplayoffs.news\/fr\/#\/schema\/person\/eee5b69ad5d3c51cabe881c839dbe133"},"breadcrumb":{"@id":"https:\/\/theplayoffs.news\/fr\/actualite-mlb\/vladimir-guerrero-jr-desir-rester-toronto-carriere\/#breadcrumb"},"inLanguage":"fr-FR","potentialAction":[{"@type":"ReadAction","target":["https:\/\/theplayoffs.news\/fr\/actualite-mlb\/vladimir-guerrero-jr-desir-rester-toronto-carriere\/"]}]},{"@type":"ImageObject","inLanguage":"fr-FR","@id":"https:\/\/theplayoffs.news\/fr\/actualite-mlb\/vladimir-guerrero-jr-desir-rester-toronto-carriere\/#primaryimage","url":"https:\/\/theplayoffs.news\/fr\/wp-content\/uploads\/2023\/04\/r846643_1296x729_16-9.jpg","contentUrl":"https:\/\/theplayoffs.news\/fr\/wp-content\/uploads\/2023\/04\/r846643_1296x729_16-9.jpg","width":1296,"height":729,"caption":"vladimir guerrero Jr"},{"@type":"BreadcrumbList","@id":"https:\/\/theplayoffs.news\/fr\/actualite-mlb\/vladimir-guerrero-jr-desir-rester-toronto-carriere\/#breadcrumb","itemListElement":[{"@type":"ListItem","position":1,"name":"Accueil","item":"https:\/\/theplayoffs.news\/fr\/"},{"@type":"ListItem","position":2,"name":"Vladimir Guerrero Jr. exprime le d\u00e9sir de rester \u00e0 Toronto pour toute sa carri\u00e8re"}]},{"@type":"WebSite","@id":"https:\/\/theplayoffs.news\/fr\/#website","url":"https:\/\/theplayoffs.news\/fr\/","name":"The Playoffs FR","description":"NBA-NFL-NHL-MLB","potentialAction":[{"@type":"SearchAction","target":{"@type":"EntryPoint","urlTemplate":"https:\/\/theplayoffs.news\/fr\/?s={search_term_string}"},"query-input":{"@type":"PropertyValueSpecification","valueRequired":true,"valueName":"search_term_string"}}],"inLanguage":"fr-FR"},{"@type":"Person","@id":"https:\/\/theplayoffs.news\/fr\/#\/schema\/person\/eee5b69ad5d3c51cabe881c839dbe133","name":"Charles Taudin","image":{"@type":"ImageObject","inLanguage":"fr-FR","@id":"https:\/\/theplayoffs.news\/fr\/#\/schema\/person\/image\/","url":"https:\/\/secure.gravatar.com\/avatar\/59a1e772205ce9fd255edfcafc93013736822e20261f294c5753b20c41ede9f2?s=96&d=mm&r=g","contentUrl":"https:\/\/secure.gravatar.com\/avatar\/59a1e772205ce9fd255edfcafc93013736822e20261f294c5753b20c41ede9f2?s=96&d=mm&r=g","caption":"Charles Taudin"},"description":"R\u00e9dacteur en chef global de The Playoffs, j\u2019ai cr\u00e9\u00e9 The Free Agent, devenu The Playoffs FR, en 2020 durant la pand\u00e9mie. Amoureux depuis des ann\u00e9es des 4 sports majeurs am\u00e9ricains, j\u2019organise maintenant la strat\u00e9gie \u00e9ditoriale et les r\u00e9seaux sociaux de l\u2019ensemble des versions de The Playoffs. Il m\u2019arrive encore d\u2019\u00e9crire sur certains sports que j\u2019affectionne particuli\u00e8rement comme la NFL ou la MLB. Si vous devez retenir qu\u2019une chose : Eli Manning est le vrai GOAT pour avoir battu deux fois Tom Brady.","sameAs":["https:\/\/www.instagram.com\/ctaudin_\/"],"url":"https:\/\/theplayoffs.news\/fr\/author\/charles-taudin\/"}]}},"_links":{"self":[{"href":"https:\/\/theplayoffs.news\/fr\/wp-json\/wp\/v2\/posts\/580652","targetHints":{"allow":["GET"]}}],"collection":[{"href":"https:\/\/theplayoffs.news\/fr\/wp-json\/wp\/v2\/posts"}],"about":[{"href":"https:\/\/theplayoffs.news\/fr\/wp-json\/wp\/v2\/types\/post"}],"author":[{"embeddable":true,"href":"https:\/\/theplayoffs.news\/fr\/wp-json\/wp\/v2\/users\/13"}],"replies":[{"embeddable":true,"href":"https:\/\/theplayoffs.news\/fr\/wp-json\/wp\/v2\/comments?post=580652"}],"version-history":[{"count":2,"href":"https:\/\/theplayoffs.news\/fr\/wp-json\/wp\/v2\/posts\/580652\/revisions"}],"predecessor-version":[{"id":580655,"href":"https:\/\/theplayoffs.news\/fr\/wp-json\/wp\/v2\/posts\/580652\/revisions\/580655"}],"wp:featuredmedia":[{"embeddable":true,"href":"https:\/\/theplayoffs.news\/fr\/wp-json\/wp\/v2\/media\/580653"}],"wp:attachment":[{"href":"https:\/\/theplayoffs.news\/fr\/wp-json\/wp\/v2\/media?parent=580652"}],"wp:term":[{"taxonomy":"category","embeddable":true,"href":"https:\/\/theplayoffs.news\/fr\/wp-json\/wp\/v2\/categories?post=580652"},{"taxonomy":"post_tag","embeddable":true,"href":"https:\/\/theplayoffs.news\/fr\/wp-json\/wp\/v2\/tags?post=580652"},{"taxonomy":"sport","embeddable":true,"href":"https:\/\/theplayoffs.news\/fr\/wp-json\/wp\/v2\/sport?post=580652"},{"taxonomy":"saison","embeddable":true,"href":"https:\/\/theplayoffs.news\/fr\/wp-json\/wp\/v2\/saison?post=580652"}],"curies":[{"name":"wp","href":"https:\/\/api.w.org\/{rel}","templated":true}]}}