{"id":580533,"date":"2023-04-07T20:47:51","date_gmt":"2023-04-07T18:47:51","guid":{"rendered":"https:\/\/theplayoffs.news\/fr\/?p=580533"},"modified":"2023-04-07T20:47:52","modified_gmt":"2023-04-07T18:47:52","slug":"kyrie-irving-mavericks-mis-a-lecart","status":"publish","type":"post","link":"https:\/\/theplayoffs.news\/fr\/actualite-nba\/kyrie-irving-mavericks-mis-a-lecart\/","title":{"rendered":"Kyrie Irving et les principaux joueurs des Mavericks mis \u00e0 l&rsquo;\u00e9cart pour le match crucial de ce soir"},"content":{"rendered":"<h2>Dans un match crucial pour les Dallas Mavericks, le meneur All-Star Kyrie Irving et quatre joueurs cl&eacute;s seront absents alors que l&rsquo;&eacute;quipe affrontera les Chicago Bulls ce soir.<\/h2><p>Avec une qualification pour le play-in en jeu, les Mavs ont d&eacute;sesp&eacute;r&eacute;ment besoin d&rsquo;une victoire pour &eacute;viter l&rsquo;&eacute;limination.<\/p><p><a href=\"https:\/\/theplayoffs.news\/fr\/joueur\/kyrie-irving-nba-12884\/\" class=\"trk-cta-link\" data-cta-trk='{\"ctaType\":\"Link\",\"ctaSubType\":\"main\"}'><strong>Kyrie Irving<\/strong><\/a> (r&eacute;cup&eacute;ration d&rsquo;une blessure au pied droit), Tim Hardaway Jr. (douleur &agrave; la cheville gauche), Josh Green (repos) et Maxi Kleber (r&eacute;cup&eacute;ration d&rsquo;une blessure &agrave; l&rsquo;ischio-jambier droit) et Christian Wood (repos) ont tous &eacute;t&eacute; exclu pour le match de ce soir. Leur absence porte un coup aux espoirs de l&rsquo;&eacute;quipe de se qualifier pour le play-in, laissant Dallas (38-42) dans une position pr&eacute;caire, &agrave; &eacute;galit&eacute; avec les Bulls pour la 10e meilleure cote de loterie.<\/p><p>Dans le cadre de l&rsquo;&eacute;change de Kristaps Porzingis, les Mavericks doivent aux New York Knicks un choix prot&eacute;g&eacute; parmi les 10 premiers. Pour se qualifier pour le play-in en tant que t&ecirc;te de s&eacute;rie n &deg; 10 de la Conf&eacute;rence Ouest, Dallas doit gagner &agrave; la fois le match de ce soir contre les Bulls et le match de dimanche apr&egrave;s-midi contre les San Antonio Spurs. De plus, ils ont besoin du Thunder d&rsquo;Oklahoma City pour perdre &agrave; domicile dimanche contre les Grizzlies de Memphis.<\/p><p>Le meneur All-Star Luka Doncic est r&eacute;pertori&eacute; comme probable pour le match de ce soir en raison d&rsquo;une blessure &agrave; la cuisse gauche. Doncic a clairement indiqu&eacute; qu&rsquo;il ne resterait pas assis comme mesure de tanking pour prot&eacute;ger la position de loterie des Mavs. &laquo;&nbsp;Tant qu&rsquo;il y aura encore une chance, je jouerai&nbsp;&raquo;, a d&eacute;clar&eacute; Doncic plus t&ocirc;t cette semaine.<\/p><p>Le propri&eacute;taire des Mavericks, Mark Cuban, a d&eacute;j&agrave; &eacute;t&eacute; condamn&eacute; &agrave; une amende de 600 000 $ en 2018 pour avoir admis publiquement que les Mavs &eacute;taient en train de tanker. Cependant, Cuban a d&eacute;clar&eacute; qu&rsquo;il comprenait le processus de r&eacute;flexion des fans qui pensent que la protection de la position de loterie est la strat&eacute;gie la plus intelligente de l&rsquo;&eacute;quipe.<\/p><blockquote><p>&laquo;&nbsp;Les gars ne veulent pas faire &ccedil;a&nbsp;&raquo;, <a href=\"https:\/\/www.espn.com\/nba\/story\/_\/id\/36105747\/kyrie-irving-5-mavericks-ruled-win-game\" class=\"trk-cta-link\" data-cta-trk='{\"ctaType\":\"Link\",\"ctaSubType\":\"main\"}'>a d&eacute;clar&eacute; Cuban<\/a>. &laquo;&nbsp;Les joueurs ne vont pas faire &ccedil;a. Les joueurs ne font pas &ccedil;a.&nbsp;&raquo;<\/p><\/blockquote><p>Malgr&eacute; l&rsquo;absence de joueurs cl&eacute;s, les Mavericks sont d&eacute;termin&eacute;s &agrave; se battre pour leur vie en s&eacute;ries &eacute;liminatoires. Il reste &agrave; voir si la formation restante sera en mesure d&rsquo;intensifier et d&rsquo;obtenir les victoires n&eacute;cessaires pour maintenir leurs espoirs de jeu en vie.<\/p>\n","protected":false},"excerpt":{"rendered":"","protected":false},"author":13,"featured_media":580534,"comment_status":"open","ping_status":"closed","sticky":false,"template":"","format":"standard","meta":{"inline_featured_image":false,"kia_subtitle":"","_mux_skip_reasons":[],"proofreadBy":0,"footnotes":""},"categories":[110,10],"tags":[595,1073],"sport":[],"saison":[],"class_list":["post-580533","post","type-post","status-publish","format-standard","has-post-thumbnail","hentry","category-actualite-nba","category-nba","tag-dallas-mavericks","tag-kyrie-irving"],"acf":[],"yoast_head":"<!-- This site is optimized with the Yoast SEO plugin v24.2 - https:\/\/yoast.com\/wordpress\/plugins\/seo\/ -->\n<title>Kyrie Irving et les principaux joueurs des Mavericks mis &agrave; l&#039;&eacute;cart pour le match crucial de ce soir - The Playoffs FR<\/title>\n<meta name=\"robots\" content=\"index, follow, max-snippet:-1, max-image-preview:large, max-video-preview:-1\" \/>\n<link rel=\"canonical\" href=\"https:\/\/theplayoffs.news\/fr\/actualite-nba\/kyrie-irving-mavericks-mis-a-lecart\/\" \/>\n<meta property=\"og:locale\" content=\"fr_FR\" \/>\n<meta property=\"og:type\" content=\"article\" \/>\n<meta property=\"og:title\" content=\"Kyrie Irving et les principaux joueurs des Mavericks mis &agrave; l&#039;&eacute;cart pour le match crucial de ce soir - The Playoffs FR\" \/>\n<meta property=\"og:url\" content=\"https:\/\/theplayoffs.news\/fr\/actualite-nba\/kyrie-irving-mavericks-mis-a-lecart\/\" \/>\n<meta property=\"og:site_name\" content=\"The Playoffs FR\" \/>\n<meta property=\"article:publisher\" content=\"https:\/\/www.facebook.com\/TheFreeAgentFR\/\" \/>\n<meta property=\"article:modified_time\" content=\"2023-04-07T20:47:52+02:00\" \/>\n<meta property=\"og:image\" content=\"https:\/\/theplayoffs.news\/fr\/wp-content\/uploads\/2023\/04\/1479213884.0.jpg\" \/>\n\t<meta property=\"og:image:width\" content=\"1200\" \/>\n\t<meta property=\"og:image:height\" content=\"800\" \/>\n\t<meta property=\"og:image:type\" content=\"image\/jpeg\" \/>\n<meta name=\"author\" content=\"Charles Taudin\" \/>\n<meta name=\"twitter:card\" content=\"summary_large_image\" \/>\n<meta name=\"twitter:creator\" content=\"@TheFreeAgentFR\" \/>\n<meta name=\"twitter:site\" content=\"@TheFreeAgentFR\" \/>\n<meta name=\"twitter:label1\" content=\"\u00c9crit par\" \/>\n\t<meta name=\"twitter:data1\" content=\"Charles Taudin\" \/>\n\t<meta name=\"twitter:label2\" content=\"Dur\u00e9e de lecture estim\u00e9e\" \/>\n\t<meta name=\"twitter:data2\" content=\"2 minutes\" \/>\n<script type=\"application\/ld+json\" class=\"yoast-schema-graph\">{\"@context\":\"https:\/\/schema.org\",\"@graph\":[{\"@type\":\"WebPage\",\"@id\":\"https:\/\/theplayoffs.news\/fr\/actualite-nba\/kyrie-irving-mavericks-mis-a-lecart\/\",\"url\":\"https:\/\/theplayoffs.news\/fr\/actualite-nba\/kyrie-irving-mavericks-mis-a-lecart\/\",\"name\":\"Kyrie Irving et les principaux joueurs des Mavericks mis \u00e0 l\\\\'\u00e9cart pour le match crucial de ce soir - The Playoffs FR\",\"isPartOf\":{\"@id\":\"https:\/\/theplayoffs.news\/fr\/#website\"},\"primaryImageOfPage\":{\"@id\":\"https:\/\/theplayoffs.news\/fr\/actualite-nba\/kyrie-irving-mavericks-mis-a-lecart\/#primaryimage\"},\"image\":{\"@id\":\"https:\/\/theplayoffs.news\/fr\/actualite-nba\/kyrie-irving-mavericks-mis-a-lecart\/#primaryimage\"},\"thumbnailUrl\":\"https:\/\/theplayoffs.news\/fr\/wp-content\/uploads\/2023\/04\/1479213884.0.jpg\",\"datePublished\":\"2023-04-07T18:47:51+00:00\",\"dateModified\":\"2023-04-07T18:47:52+00:00\",\"author\":{\"@id\":\"https:\/\/theplayoffs.news\/fr\/#\/schema\/person\/eee5b69ad5d3c51cabe881c839dbe133\"},\"breadcrumb\":{\"@id\":\"https:\/\/theplayoffs.news\/fr\/actualite-nba\/kyrie-irving-mavericks-mis-a-lecart\/#breadcrumb\"},\"inLanguage\":\"fr-FR\",\"potentialAction\":[{\"@type\":\"ReadAction\",\"target\":[\"https:\/\/theplayoffs.news\/fr\/actualite-nba\/kyrie-irving-mavericks-mis-a-lecart\/\"]}]},{\"@type\":\"ImageObject\",\"inLanguage\":\"fr-FR\",\"@id\":\"https:\/\/theplayoffs.news\/fr\/actualite-nba\/kyrie-irving-mavericks-mis-a-lecart\/#primaryimage\",\"url\":\"https:\/\/theplayoffs.news\/fr\/wp-content\/uploads\/2023\/04\/1479213884.0.jpg\",\"contentUrl\":\"https:\/\/theplayoffs.news\/fr\/wp-content\/uploads\/2023\/04\/1479213884.0.jpg\",\"width\":1200,\"height\":800,\"caption\":\"Kyrie Irving\"},{\"@type\":\"BreadcrumbList\",\"@id\":\"https:\/\/theplayoffs.news\/fr\/actualite-nba\/kyrie-irving-mavericks-mis-a-lecart\/#breadcrumb\",\"itemListElement\":[{\"@type\":\"ListItem\",\"position\":1,\"name\":\"Accueil\",\"item\":\"https:\/\/theplayoffs.news\/fr\/\"},{\"@type\":\"ListItem\",\"position\":2,\"name\":\"Kyrie Irving et les principaux joueurs des Mavericks mis \u00e0 l&rsquo;\u00e9cart pour le match crucial de ce soir\"}]},{\"@type\":\"WebSite\",\"@id\":\"https:\/\/theplayoffs.news\/fr\/#website\",\"url\":\"https:\/\/theplayoffs.news\/fr\/\",\"name\":\"The Playoffs FR\",\"description\":\"NBA-NFL-NHL-MLB\",\"potentialAction\":[{\"@type\":\"SearchAction\",\"target\":{\"@type\":\"EntryPoint\",\"urlTemplate\":\"https:\/\/theplayoffs.news\/fr\/?s={search_term_string}\"},\"query-input\":{\"@type\":\"PropertyValueSpecification\",\"valueRequired\":true,\"valueName\":\"search_term_string\"}}],\"inLanguage\":\"fr-FR\"},{\"@type\":\"Person\",\"@id\":\"https:\/\/theplayoffs.news\/fr\/#\/schema\/person\/eee5b69ad5d3c51cabe881c839dbe133\",\"name\":\"Charles Taudin\",\"image\":{\"@type\":\"ImageObject\",\"inLanguage\":\"fr-FR\",\"@id\":\"https:\/\/theplayoffs.news\/fr\/#\/schema\/person\/image\/\",\"url\":\"https:\/\/secure.gravatar.com\/avatar\/59a1e772205ce9fd255edfcafc93013736822e20261f294c5753b20c41ede9f2?s=96&d=mm&r=g\",\"contentUrl\":\"https:\/\/secure.gravatar.com\/avatar\/59a1e772205ce9fd255edfcafc93013736822e20261f294c5753b20c41ede9f2?s=96&d=mm&r=g\",\"caption\":\"Charles Taudin\"},\"description\":\"R\u00e9dacteur en chef global de The Playoffs, j\u2019ai cr\u00e9\u00e9 The Free Agent, devenu The Playoffs FR, en 2020 durant la pand\u00e9mie. Amoureux depuis des ann\u00e9es des 4 sports majeurs am\u00e9ricains, j\u2019organise maintenant la strat\u00e9gie \u00e9ditoriale et les r\u00e9seaux sociaux de l\u2019ensemble des versions de The Playoffs. Il m\u2019arrive encore d\u2019\u00e9crire sur certains sports que j\u2019affectionne particuli\u00e8rement comme la NFL ou la MLB. Si vous devez retenir qu\u2019une chose : Eli Manning est le vrai GOAT pour avoir battu deux fois Tom Brady.\",\"sameAs\":[\"https:\/\/www.instagram.com\/ctaudin_\/\"],\"url\":\"https:\/\/theplayoffs.news\/fr\/author\/charles-taudin\/\"}]}<\/script>\n<!-- \/ Yoast SEO plugin. -->","yoast_head_json":{"title":"Kyrie Irving et les principaux joueurs des Mavericks mis &agrave; l&#039;&eacute;cart pour le match crucial de ce soir - The Playoffs FR","robots":{"index":"index","follow":"follow","max-snippet":"max-snippet:-1","max-image-preview":"max-image-preview:large","max-video-preview":"max-video-preview:-1"},"canonical":"https:\/\/theplayoffs.news\/fr\/actualite-nba\/kyrie-irving-mavericks-mis-a-lecart\/","og_locale":"fr_FR","og_type":"article","og_title":"Kyrie Irving et les principaux joueurs des Mavericks mis &agrave; l&#039;&eacute;cart pour le match crucial de ce soir - The Playoffs FR","og_url":"https:\/\/theplayoffs.news\/fr\/actualite-nba\/kyrie-irving-mavericks-mis-a-lecart\/","og_site_name":"The Playoffs FR","article_publisher":"https:\/\/www.facebook.com\/TheFreeAgentFR\/","article_modified_time":"2023-04-07T18:47:52+00:00","og_image":[{"width":1200,"height":800,"url":"https:\/\/theplayoffs.news\/fr\/wp-content\/uploads\/2023\/04\/1479213884.0.jpg","type":"image\/jpeg"}],"author":"Charles Taudin","twitter_card":"summary_large_image","twitter_creator":"@TheFreeAgentFR","twitter_site":"@TheFreeAgentFR","twitter_misc":{"\u00c9crit par":"Charles Taudin","Dur\u00e9e de lecture estim\u00e9e":"2 minutes"},"schema":{"@context":"https:\/\/schema.org","@graph":[{"@type":"WebPage","@id":"https:\/\/theplayoffs.news\/fr\/actualite-nba\/kyrie-irving-mavericks-mis-a-lecart\/","url":"https:\/\/theplayoffs.news\/fr\/actualite-nba\/kyrie-irving-mavericks-mis-a-lecart\/","name":"Kyrie Irving et les principaux joueurs des Mavericks mis \u00e0 l\\'\u00e9cart pour le match crucial de ce soir - The Playoffs FR","isPartOf":{"@id":"https:\/\/theplayoffs.news\/fr\/#website"},"primaryImageOfPage":{"@id":"https:\/\/theplayoffs.news\/fr\/actualite-nba\/kyrie-irving-mavericks-mis-a-lecart\/#primaryimage"},"image":{"@id":"https:\/\/theplayoffs.news\/fr\/actualite-nba\/kyrie-irving-mavericks-mis-a-lecart\/#primaryimage"},"thumbnailUrl":"https:\/\/theplayoffs.news\/fr\/wp-content\/uploads\/2023\/04\/1479213884.0.jpg","datePublished":"2023-04-07T18:47:51+00:00","dateModified":"2023-04-07T18:47:52+00:00","author":{"@id":"https:\/\/theplayoffs.news\/fr\/#\/schema\/person\/eee5b69ad5d3c51cabe881c839dbe133"},"breadcrumb":{"@id":"https:\/\/theplayoffs.news\/fr\/actualite-nba\/kyrie-irving-mavericks-mis-a-lecart\/#breadcrumb"},"inLanguage":"fr-FR","potentialAction":[{"@type":"ReadAction","target":["https:\/\/theplayoffs.news\/fr\/actualite-nba\/kyrie-irving-mavericks-mis-a-lecart\/"]}]},{"@type":"ImageObject","inLanguage":"fr-FR","@id":"https:\/\/theplayoffs.news\/fr\/actualite-nba\/kyrie-irving-mavericks-mis-a-lecart\/#primaryimage","url":"https:\/\/theplayoffs.news\/fr\/wp-content\/uploads\/2023\/04\/1479213884.0.jpg","contentUrl":"https:\/\/theplayoffs.news\/fr\/wp-content\/uploads\/2023\/04\/1479213884.0.jpg","width":1200,"height":800,"caption":"Kyrie Irving"},{"@type":"BreadcrumbList","@id":"https:\/\/theplayoffs.news\/fr\/actualite-nba\/kyrie-irving-mavericks-mis-a-lecart\/#breadcrumb","itemListElement":[{"@type":"ListItem","position":1,"name":"Accueil","item":"https:\/\/theplayoffs.news\/fr\/"},{"@type":"ListItem","position":2,"name":"Kyrie Irving et les principaux joueurs des Mavericks mis \u00e0 l&rsquo;\u00e9cart pour le match crucial de ce soir"}]},{"@type":"WebSite","@id":"https:\/\/theplayoffs.news\/fr\/#website","url":"https:\/\/theplayoffs.news\/fr\/","name":"The Playoffs FR","description":"NBA-NFL-NHL-MLB","potentialAction":[{"@type":"SearchAction","target":{"@type":"EntryPoint","urlTemplate":"https:\/\/theplayoffs.news\/fr\/?s={search_term_string}"},"query-input":{"@type":"PropertyValueSpecification","valueRequired":true,"valueName":"search_term_string"}}],"inLanguage":"fr-FR"},{"@type":"Person","@id":"https:\/\/theplayoffs.news\/fr\/#\/schema\/person\/eee5b69ad5d3c51cabe881c839dbe133","name":"Charles Taudin","image":{"@type":"ImageObject","inLanguage":"fr-FR","@id":"https:\/\/theplayoffs.news\/fr\/#\/schema\/person\/image\/","url":"https:\/\/secure.gravatar.com\/avatar\/59a1e772205ce9fd255edfcafc93013736822e20261f294c5753b20c41ede9f2?s=96&d=mm&r=g","contentUrl":"https:\/\/secure.gravatar.com\/avatar\/59a1e772205ce9fd255edfcafc93013736822e20261f294c5753b20c41ede9f2?s=96&d=mm&r=g","caption":"Charles Taudin"},"description":"R\u00e9dacteur en chef global de The Playoffs, j\u2019ai cr\u00e9\u00e9 The Free Agent, devenu The Playoffs FR, en 2020 durant la pand\u00e9mie. Amoureux depuis des ann\u00e9es des 4 sports majeurs am\u00e9ricains, j\u2019organise maintenant la strat\u00e9gie \u00e9ditoriale et les r\u00e9seaux sociaux de l\u2019ensemble des versions de The Playoffs. Il m\u2019arrive encore d\u2019\u00e9crire sur certains sports que j\u2019affectionne particuli\u00e8rement comme la NFL ou la MLB. Si vous devez retenir qu\u2019une chose : Eli Manning est le vrai GOAT pour avoir battu deux fois Tom Brady.","sameAs":["https:\/\/www.instagram.com\/ctaudin_\/"],"url":"https:\/\/theplayoffs.news\/fr\/author\/charles-taudin\/"}]}},"_links":{"self":[{"href":"https:\/\/theplayoffs.news\/fr\/wp-json\/wp\/v2\/posts\/580533","targetHints":{"allow":["GET"]}}],"collection":[{"href":"https:\/\/theplayoffs.news\/fr\/wp-json\/wp\/v2\/posts"}],"about":[{"href":"https:\/\/theplayoffs.news\/fr\/wp-json\/wp\/v2\/types\/post"}],"author":[{"embeddable":true,"href":"https:\/\/theplayoffs.news\/fr\/wp-json\/wp\/v2\/users\/13"}],"replies":[{"embeddable":true,"href":"https:\/\/theplayoffs.news\/fr\/wp-json\/wp\/v2\/comments?post=580533"}],"version-history":[{"count":3,"href":"https:\/\/theplayoffs.news\/fr\/wp-json\/wp\/v2\/posts\/580533\/revisions"}],"predecessor-version":[{"id":580537,"href":"https:\/\/theplayoffs.news\/fr\/wp-json\/wp\/v2\/posts\/580533\/revisions\/580537"}],"wp:featuredmedia":[{"embeddable":true,"href":"https:\/\/theplayoffs.news\/fr\/wp-json\/wp\/v2\/media\/580534"}],"wp:attachment":[{"href":"https:\/\/theplayoffs.news\/fr\/wp-json\/wp\/v2\/media?parent=580533"}],"wp:term":[{"taxonomy":"category","embeddable":true,"href":"https:\/\/theplayoffs.news\/fr\/wp-json\/wp\/v2\/categories?post=580533"},{"taxonomy":"post_tag","embeddable":true,"href":"https:\/\/theplayoffs.news\/fr\/wp-json\/wp\/v2\/tags?post=580533"},{"taxonomy":"sport","embeddable":true,"href":"https:\/\/theplayoffs.news\/fr\/wp-json\/wp\/v2\/sport?post=580533"},{"taxonomy":"saison","embeddable":true,"href":"https:\/\/theplayoffs.news\/fr\/wp-json\/wp\/v2\/saison?post=580533"}],"curies":[{"name":"wp","href":"https:\/\/api.w.org\/{rel}","templated":true}]}}