{"id":580514,"date":"2023-04-07T16:49:22","date_gmt":"2023-04-07T14:49:22","guid":{"rendered":"https:\/\/theplayoffs.news\/fr\/?p=580514"},"modified":"2023-04-07T16:49:23","modified_gmt":"2023-04-07T14:49:23","slug":"harden-depart-sixers","status":"publish","type":"post","link":"https:\/\/theplayoffs.news\/fr\/actualite-nba\/harden-depart-sixers\/","title":{"rendered":"James Harden vers un d\u00e9part des Sixers \u00e0 la fin de saison ?"},"content":{"rendered":"<h2>Certaines personnes au sein de l&rsquo;organisation des Philadelphia Sixers ne seraient pas du tout oppos&eacute;es &agrave; un d&eacute;part de James Harden cet &eacute;t&eacute;.<\/h2><p>&nbsp;<\/p><p>Un directeur g&eacute;n&eacute;ral de la NBA, dont le nom n&rsquo;a pas &eacute;t&eacute; r&eacute;v&eacute;l&eacute;, a d&eacute;clar&eacute; &agrave; Sean Deveney du m&eacute;dia Heavy :<\/p><p>&nbsp;<\/p><blockquote><p>&nbsp;&laquo;&nbsp;Je ne pense pas qu&rsquo;il continuera. Et dans le cas o&ugrave; Harden continue avec les Sixers, il n&rsquo;obtiendra pas un tr&egrave;s long contrat. Il vieillit, vous ne savez pas jusqu&rsquo;&agrave; quel point vous voulez vous engager avec lui&nbsp;&raquo;.<\/p><\/blockquote><p>&nbsp;<\/p><p><a href=\"https:\/\/theplayoffs.news\/fr\/joueur\/james-harden-philadelphia-76ers-nba\/\" class=\"trk-cta-link\" data-cta-trk='{\"ctaType\":\"Link\",\"ctaSubType\":\"main\"}'>James Harden<\/a>, 33 ans, affiche une moyenne de 21 points, 10,7 passes d&eacute;cisives et 6,1 rebonds par match pour les Sixers, qui ont d&eacute;croch&eacute; la troisi&egrave;me place de la Conf&eacute;rence Est cette ann&eacute;e. Mais le 10 fois All-Star pourrait donc devenir agent libre cet &eacute;t&eacute;.<\/p><p>D&rsquo;apr&egrave;s Deveney, la priorit&eacute; des dirigeants des Sixers seraient <a href=\"https:\/\/twitter.com\/SeanDeveney\/status\/1644147931707056129?ref_src=twsrc%5Etfw%7Ctwcamp%5Etweetembed%7Ctwterm%5E1644147931707056129%7Ctwgr%5E74e955413a48fae5aa43bb6208474be6a4cf5f77%7Ctwcon%5Es1_c10&amp;ref_url=https%3A%2F%2Fthefreeagent.fr%2Fwp-admin%2Fpost-new.php\" class=\"trk-cta-link\" data-cta-trk='{\"ctaType\":\"Link\",\"ctaSubType\":\"main\"}'>la prolongation de Tyrese Maxey<\/a> :<\/p><p>&nbsp;<\/p><blockquote><p>&laquo;&nbsp;Les dirigeants de la ligue sont de plus en plus nombreux &agrave; dire que Maxey se dirige vers une extension de contrat maximale avec les Sixers&nbsp;&raquo;.<\/p><\/blockquote><p>&nbsp;<\/p><blockquote class=\"twitter-tweet\" data-width=\"500\" data-dnt=\"true\">\n<p lang=\"en\" dir=\"ltr\">Multiple NBA execs told <a href=\"https:\/\/twitter.com\/HeavyOnSports?ref_src=twsrc%5Etfw\" class=\"trk-cta-link\" data-cta-trk='{\"ctaType\":\"Link\",\"ctaSubType\":\"main\"}'>@HeavyOnSports<\/a> that <a href=\"https:\/\/twitter.com\/sixers?ref_src=twsrc%5Etfw\" class=\"trk-cta-link\" data-cta-trk='{\"ctaType\":\"Link\",\"ctaSubType\":\"main\"}'>@sixers<\/a> G Tyrse Maxey will likely get a max rookie contract extension this offseason. \"He&rsquo;s gotten better at every turn,\" one told me. <br>More:<a href=\"https:\/\/t.co\/GZUyu6h5oV\" class=\"trk-cta-link\" data-cta-trk='{\"ctaType\":\"Link\",\"ctaSubType\":\"main\"}'>https:\/\/t.co\/GZUyu6h5oV<\/a><\/p>\n<p>&mdash; Sean Deveney (@SeanDeveney) <a href=\"https:\/\/twitter.com\/SeanDeveney\/status\/1644147931707056129?ref_src=twsrc%5Etfw\" class=\"trk-cta-link\" data-cta-trk='{\"ctaType\":\"Link\",\"ctaSubType\":\"main\"}'>April 7, 2023<\/a><\/p><\/blockquote><p><script async src=\"https:\/\/platform.twitter.com\/widgets.js\" charset=\"utf-8\"><\/script><\/p><p>Maxey affiche 20,3 points et 48,1 % de r&eacute;ussite au tir cette ann&eacute;e. Le jeune joueur de 22 ans peut pr&eacute;tendre &agrave; une prolongation de contrat apr&egrave;s cette saison. Pour l&rsquo;instant, il est sous contrat jusqu&rsquo;en 2024, l&rsquo;&eacute;quipe ayant lev&eacute; son option pour l&rsquo;ann&eacute;e prochaine.<\/p><p>&nbsp;<\/p><p><strong>Un retour &agrave; Houston ?<\/strong><\/p><p>Des rumeurs ont fait surface cette ann&eacute;e selon lesquelles Harden serait int&eacute;ress&eacute; par un retour aux Houston Rockets, o&ugrave; il a connu son plus grand succ&egrave;s en carri&egrave;re et a m&ecirc;me remport&eacute; le titre de&nbsp; MVP en 2017-2018.<\/p><p>Adrian Wojnarowski d&rsquo;ESPN a rapport&eacute; le 25 d&eacute;cembre qu&rsquo;Harden &laquo;&nbsp;<em>envisageait s&eacute;rieusement<\/em>&nbsp;&raquo; un retour &agrave; Houston s&rsquo;il ne re signait pas avec Philadelphie. Deveney a soutenu ces rumeurs dans son dernier article, &eacute;crivant que &laquo;&nbsp;<em>l&rsquo;on continuait &agrave; parler<\/em>&nbsp;&raquo; de cette possibilit&eacute;.<\/p><p>&Agrave; premi&egrave;re vue, il est difficile de comprendre pourquoi Harden voudrait revenir &agrave; Houston, qui a touch&eacute; le fond depuis son d&eacute;part avec l&rsquo;avant-dernier bilan de la NBA. Cependant, l&rsquo;&eacute;quipe dispose d&rsquo;un grand nombre de jeunes talents au potentiel int&eacute;ressant, tels que <a href=\"https:\/\/theplayoffs.news\/fr\/joueur\/jalen-green-nba-8874488\/\" class=\"trk-cta-link\" data-cta-trk='{\"ctaType\":\"Link\",\"ctaSubType\":\"main\"}'>Jalen Green<\/a>, <a href=\"https:\/\/theplayoffs.news\/fr\/joueur\/jabari-smith-jr-nba-8865278\/\" class=\"trk-cta-link\" data-cta-trk='{\"ctaType\":\"Link\",\"ctaSubType\":\"main\"}'>Jabari Smith Jr<\/a>, <a href=\"https:\/\/theplayoffs.news\/fr\/joueur\/tari-eason-houston-rockets-nba\/\" class=\"trk-cta-link\" data-cta-trk='{\"ctaType\":\"Link\",\"ctaSubType\":\"main\"}'>Tari Eason<\/a> et <a href=\"https:\/\/theplayoffs.news\/fr\/joueur\/alperen-sengun-nba-9742288\/\" class=\"trk-cta-link\" data-cta-trk='{\"ctaType\":\"Link\",\"ctaSubType\":\"main\"}'>Alperen Sengun<\/a>.<\/p><p>Si Harden s&rsquo;en va, Philadelphie aura la possibilit&eacute; de construire autour de sa superstar, Embiid, et d&rsquo;une jeune star en devenir, Maxey, qui pourrait bien devenir un All-Star de la NBA &agrave; l&rsquo;avenir.<\/p>\n","protected":false},"excerpt":{"rendered":"","protected":false},"author":180310144,"featured_media":570584,"comment_status":"open","ping_status":"closed","sticky":false,"template":"","format":"standard","meta":{"inline_featured_image":false,"kia_subtitle":"","_mux_skip_reasons":[],"proofreadBy":0,"footnotes":""},"categories":[110,10],"tags":[140,23,5522],"sport":[],"saison":[],"class_list":["post-580514","post","type-post","status-publish","format-standard","has-post-thumbnail","hentry","category-actualite-nba","category-nba","tag-james-harden","tag-nba-tag","tag-philadelphia-sixers"],"acf":[],"yoast_head":"<!-- This site is optimized with the Yoast SEO plugin v24.2 - https:\/\/yoast.com\/wordpress\/plugins\/seo\/ -->\n<title>James Harden vers un d&eacute;part des Sixers &agrave; la fin de saison ? - The Playoffs FR<\/title>\n<meta name=\"robots\" content=\"index, follow, max-snippet:-1, max-image-preview:large, max-video-preview:-1\" \/>\n<link rel=\"canonical\" href=\"https:\/\/theplayoffs.news\/fr\/actualite-nba\/harden-depart-sixers\/\" \/>\n<meta property=\"og:locale\" content=\"fr_FR\" \/>\n<meta property=\"og:type\" content=\"article\" \/>\n<meta property=\"og:title\" content=\"James Harden vers un d&eacute;part des Sixers &agrave; la fin de saison ? - The Playoffs FR\" \/>\n<meta property=\"og:url\" content=\"https:\/\/theplayoffs.news\/fr\/actualite-nba\/harden-depart-sixers\/\" \/>\n<meta property=\"og:site_name\" content=\"The Playoffs FR\" \/>\n<meta property=\"article:publisher\" content=\"https:\/\/www.facebook.com\/TheFreeAgentFR\/\" \/>\n<meta property=\"article:modified_time\" content=\"2023-04-07T16:49:23+02:00\" \/>\n<meta property=\"og:image\" content=\"https:\/\/theplayoffs.news\/fr\/wp-content\/uploads\/2023\/03\/James-Harden.jpg\" \/>\n\t<meta property=\"og:image:width\" content=\"1200\" \/>\n\t<meta property=\"og:image:height\" content=\"800\" \/>\n\t<meta property=\"og:image:type\" content=\"image\/jpeg\" \/>\n<meta name=\"author\" content=\"Evan Glomot\" \/>\n<meta name=\"twitter:card\" content=\"summary_large_image\" \/>\n<meta name=\"twitter:creator\" content=\"@TheFreeAgentFR\" \/>\n<meta name=\"twitter:site\" content=\"@TheFreeAgentFR\" \/>\n<meta name=\"twitter:label1\" content=\"\u00c9crit par\" \/>\n\t<meta name=\"twitter:data1\" content=\"Evan Glomot\" \/>\n\t<meta name=\"twitter:label2\" content=\"Dur\u00e9e de lecture estim\u00e9e\" \/>\n\t<meta name=\"twitter:data2\" content=\"2 minutes\" \/>\n<script type=\"application\/ld+json\" class=\"yoast-schema-graph\">{\"@context\":\"https:\/\/schema.org\",\"@graph\":[{\"@type\":\"WebPage\",\"@id\":\"https:\/\/theplayoffs.news\/fr\/actualite-nba\/harden-depart-sixers\/\",\"url\":\"https:\/\/theplayoffs.news\/fr\/actualite-nba\/harden-depart-sixers\/\",\"name\":\"James Harden vers un d\u00e9part des Sixers \u00e0 la fin de saison ? - The Playoffs FR\",\"isPartOf\":{\"@id\":\"https:\/\/theplayoffs.news\/fr\/#website\"},\"primaryImageOfPage\":{\"@id\":\"https:\/\/theplayoffs.news\/fr\/actualite-nba\/harden-depart-sixers\/#primaryimage\"},\"image\":{\"@id\":\"https:\/\/theplayoffs.news\/fr\/actualite-nba\/harden-depart-sixers\/#primaryimage\"},\"thumbnailUrl\":\"https:\/\/theplayoffs.news\/fr\/wp-content\/uploads\/2023\/03\/James-Harden.jpg\",\"datePublished\":\"2023-04-07T14:49:22+00:00\",\"dateModified\":\"2023-04-07T14:49:23+00:00\",\"author\":{\"@id\":\"https:\/\/theplayoffs.news\/fr\/#\/schema\/person\/efcb1404f7c790a161fdc0aa29e81646\"},\"breadcrumb\":{\"@id\":\"https:\/\/theplayoffs.news\/fr\/actualite-nba\/harden-depart-sixers\/#breadcrumb\"},\"inLanguage\":\"fr-FR\",\"potentialAction\":[{\"@type\":\"ReadAction\",\"target\":[\"https:\/\/theplayoffs.news\/fr\/actualite-nba\/harden-depart-sixers\/\"]}]},{\"@type\":\"ImageObject\",\"inLanguage\":\"fr-FR\",\"@id\":\"https:\/\/theplayoffs.news\/fr\/actualite-nba\/harden-depart-sixers\/#primaryimage\",\"url\":\"https:\/\/theplayoffs.news\/fr\/wp-content\/uploads\/2023\/03\/James-Harden.jpg\",\"contentUrl\":\"https:\/\/theplayoffs.news\/fr\/wp-content\/uploads\/2023\/03\/James-Harden.jpg\",\"width\":1200,\"height\":800,\"caption\":\"Harden\"},{\"@type\":\"BreadcrumbList\",\"@id\":\"https:\/\/theplayoffs.news\/fr\/actualite-nba\/harden-depart-sixers\/#breadcrumb\",\"itemListElement\":[{\"@type\":\"ListItem\",\"position\":1,\"name\":\"Accueil\",\"item\":\"https:\/\/theplayoffs.news\/fr\/\"},{\"@type\":\"ListItem\",\"position\":2,\"name\":\"James Harden vers un d\u00e9part des Sixers \u00e0 la fin de saison ?\"}]},{\"@type\":\"WebSite\",\"@id\":\"https:\/\/theplayoffs.news\/fr\/#website\",\"url\":\"https:\/\/theplayoffs.news\/fr\/\",\"name\":\"The Playoffs FR\",\"description\":\"NBA-NFL-NHL-MLB\",\"potentialAction\":[{\"@type\":\"SearchAction\",\"target\":{\"@type\":\"EntryPoint\",\"urlTemplate\":\"https:\/\/theplayoffs.news\/fr\/?s={search_term_string}\"},\"query-input\":{\"@type\":\"PropertyValueSpecification\",\"valueRequired\":true,\"valueName\":\"search_term_string\"}}],\"inLanguage\":\"fr-FR\"},{\"@type\":\"Person\",\"@id\":\"https:\/\/theplayoffs.news\/fr\/#\/schema\/person\/efcb1404f7c790a161fdc0aa29e81646\",\"name\":\"Evan Glomot\",\"image\":{\"@type\":\"ImageObject\",\"inLanguage\":\"fr-FR\",\"@id\":\"https:\/\/theplayoffs.news\/fr\/#\/schema\/person\/image\/\",\"url\":\"https:\/\/secure.gravatar.com\/avatar\/93e18dce985a4dfed140ef5ef5ecc82be40a165cbb4838e421f46abb52b7c315?s=96&d=mm&r=g\",\"contentUrl\":\"https:\/\/secure.gravatar.com\/avatar\/93e18dce985a4dfed140ef5ef5ecc82be40a165cbb4838e421f46abb52b7c315?s=96&d=mm&r=g\",\"caption\":\"Evan Glomot\"},\"url\":\"https:\/\/theplayoffs.news\/fr\/author\/evanglomotgmail-com\/\"}]}<\/script>\n<!-- \/ Yoast SEO plugin. -->","yoast_head_json":{"title":"James Harden vers un d&eacute;part des Sixers &agrave; la fin de saison ? - The Playoffs FR","robots":{"index":"index","follow":"follow","max-snippet":"max-snippet:-1","max-image-preview":"max-image-preview:large","max-video-preview":"max-video-preview:-1"},"canonical":"https:\/\/theplayoffs.news\/fr\/actualite-nba\/harden-depart-sixers\/","og_locale":"fr_FR","og_type":"article","og_title":"James Harden vers un d&eacute;part des Sixers &agrave; la fin de saison ? - The Playoffs FR","og_url":"https:\/\/theplayoffs.news\/fr\/actualite-nba\/harden-depart-sixers\/","og_site_name":"The Playoffs FR","article_publisher":"https:\/\/www.facebook.com\/TheFreeAgentFR\/","article_modified_time":"2023-04-07T14:49:23+00:00","og_image":[{"width":1200,"height":800,"url":"https:\/\/theplayoffs.news\/fr\/wp-content\/uploads\/2023\/03\/James-Harden.jpg","type":"image\/jpeg"}],"author":"Evan Glomot","twitter_card":"summary_large_image","twitter_creator":"@TheFreeAgentFR","twitter_site":"@TheFreeAgentFR","twitter_misc":{"\u00c9crit par":"Evan Glomot","Dur\u00e9e de lecture estim\u00e9e":"2 minutes"},"schema":{"@context":"https:\/\/schema.org","@graph":[{"@type":"WebPage","@id":"https:\/\/theplayoffs.news\/fr\/actualite-nba\/harden-depart-sixers\/","url":"https:\/\/theplayoffs.news\/fr\/actualite-nba\/harden-depart-sixers\/","name":"James Harden vers un d\u00e9part des Sixers \u00e0 la fin de saison ? - The Playoffs FR","isPartOf":{"@id":"https:\/\/theplayoffs.news\/fr\/#website"},"primaryImageOfPage":{"@id":"https:\/\/theplayoffs.news\/fr\/actualite-nba\/harden-depart-sixers\/#primaryimage"},"image":{"@id":"https:\/\/theplayoffs.news\/fr\/actualite-nba\/harden-depart-sixers\/#primaryimage"},"thumbnailUrl":"https:\/\/theplayoffs.news\/fr\/wp-content\/uploads\/2023\/03\/James-Harden.jpg","datePublished":"2023-04-07T14:49:22+00:00","dateModified":"2023-04-07T14:49:23+00:00","author":{"@id":"https:\/\/theplayoffs.news\/fr\/#\/schema\/person\/efcb1404f7c790a161fdc0aa29e81646"},"breadcrumb":{"@id":"https:\/\/theplayoffs.news\/fr\/actualite-nba\/harden-depart-sixers\/#breadcrumb"},"inLanguage":"fr-FR","potentialAction":[{"@type":"ReadAction","target":["https:\/\/theplayoffs.news\/fr\/actualite-nba\/harden-depart-sixers\/"]}]},{"@type":"ImageObject","inLanguage":"fr-FR","@id":"https:\/\/theplayoffs.news\/fr\/actualite-nba\/harden-depart-sixers\/#primaryimage","url":"https:\/\/theplayoffs.news\/fr\/wp-content\/uploads\/2023\/03\/James-Harden.jpg","contentUrl":"https:\/\/theplayoffs.news\/fr\/wp-content\/uploads\/2023\/03\/James-Harden.jpg","width":1200,"height":800,"caption":"Harden"},{"@type":"BreadcrumbList","@id":"https:\/\/theplayoffs.news\/fr\/actualite-nba\/harden-depart-sixers\/#breadcrumb","itemListElement":[{"@type":"ListItem","position":1,"name":"Accueil","item":"https:\/\/theplayoffs.news\/fr\/"},{"@type":"ListItem","position":2,"name":"James Harden vers un d\u00e9part des Sixers \u00e0 la fin de saison ?"}]},{"@type":"WebSite","@id":"https:\/\/theplayoffs.news\/fr\/#website","url":"https:\/\/theplayoffs.news\/fr\/","name":"The Playoffs FR","description":"NBA-NFL-NHL-MLB","potentialAction":[{"@type":"SearchAction","target":{"@type":"EntryPoint","urlTemplate":"https:\/\/theplayoffs.news\/fr\/?s={search_term_string}"},"query-input":{"@type":"PropertyValueSpecification","valueRequired":true,"valueName":"search_term_string"}}],"inLanguage":"fr-FR"},{"@type":"Person","@id":"https:\/\/theplayoffs.news\/fr\/#\/schema\/person\/efcb1404f7c790a161fdc0aa29e81646","name":"Evan Glomot","image":{"@type":"ImageObject","inLanguage":"fr-FR","@id":"https:\/\/theplayoffs.news\/fr\/#\/schema\/person\/image\/","url":"https:\/\/secure.gravatar.com\/avatar\/93e18dce985a4dfed140ef5ef5ecc82be40a165cbb4838e421f46abb52b7c315?s=96&d=mm&r=g","contentUrl":"https:\/\/secure.gravatar.com\/avatar\/93e18dce985a4dfed140ef5ef5ecc82be40a165cbb4838e421f46abb52b7c315?s=96&d=mm&r=g","caption":"Evan Glomot"},"url":"https:\/\/theplayoffs.news\/fr\/author\/evanglomotgmail-com\/"}]}},"_links":{"self":[{"href":"https:\/\/theplayoffs.news\/fr\/wp-json\/wp\/v2\/posts\/580514","targetHints":{"allow":["GET"]}}],"collection":[{"href":"https:\/\/theplayoffs.news\/fr\/wp-json\/wp\/v2\/posts"}],"about":[{"href":"https:\/\/theplayoffs.news\/fr\/wp-json\/wp\/v2\/types\/post"}],"author":[{"embeddable":true,"href":"https:\/\/theplayoffs.news\/fr\/wp-json\/wp\/v2\/users\/180310144"}],"replies":[{"embeddable":true,"href":"https:\/\/theplayoffs.news\/fr\/wp-json\/wp\/v2\/comments?post=580514"}],"version-history":[{"count":2,"href":"https:\/\/theplayoffs.news\/fr\/wp-json\/wp\/v2\/posts\/580514\/revisions"}],"predecessor-version":[{"id":580517,"href":"https:\/\/theplayoffs.news\/fr\/wp-json\/wp\/v2\/posts\/580514\/revisions\/580517"}],"wp:featuredmedia":[{"embeddable":true,"href":"https:\/\/theplayoffs.news\/fr\/wp-json\/wp\/v2\/media\/570584"}],"wp:attachment":[{"href":"https:\/\/theplayoffs.news\/fr\/wp-json\/wp\/v2\/media?parent=580514"}],"wp:term":[{"taxonomy":"category","embeddable":true,"href":"https:\/\/theplayoffs.news\/fr\/wp-json\/wp\/v2\/categories?post=580514"},{"taxonomy":"post_tag","embeddable":true,"href":"https:\/\/theplayoffs.news\/fr\/wp-json\/wp\/v2\/tags?post=580514"},{"taxonomy":"sport","embeddable":true,"href":"https:\/\/theplayoffs.news\/fr\/wp-json\/wp\/v2\/sport?post=580514"},{"taxonomy":"saison","embeddable":true,"href":"https:\/\/theplayoffs.news\/fr\/wp-json\/wp\/v2\/saison?post=580514"}],"curies":[{"name":"wp","href":"https:\/\/api.w.org\/{rel}","templated":true}]}}