{"id":580342,"date":"2023-04-07T07:30:47","date_gmt":"2023-04-07T05:30:47","guid":{"rendered":"https:\/\/theplayoffs.news\/fr\/?p=580342"},"modified":"2023-04-07T07:32:06","modified_gmt":"2023-04-07T05:32:06","slug":"nba-rejette-demande-mavericks","status":"publish","type":"post","link":"https:\/\/theplayoffs.news\/fr\/actualite-nba\/nba-rejette-demande-mavericks\/","title":{"rendered":"La NBA rejette la demande des Mavericks de rejouer leur match contre les Warriors"},"content":{"rendered":"<h2>La NBA a rejet&eacute; la r&eacute;clamation des Dallas Mavericks concernant leur match du 22 mars dernier contre les Golden State Warriors, au cours duquel un quiproquo arbitral avait conduit &agrave; une situation inhabituelle sur le parquet.<\/h2><p>Depuis 2008, la ligue n&rsquo;a pas jug&eacute; n&eacute;cessaire de rejouer un match suite &agrave; une r&eacute;clamation d&eacute;pos&eacute;e par une &eacute;quipe.<\/p><p>Lors de cette rencontre, les Mavericks s&rsquo;&eacute;taient inclin&eacute;s de deux points face aux Warriors. Le quiproquo arbitral en question avait eu lieu en fin de troisi&egrave;me quart-temps, lorsque <a href=\"https:\/\/theplayoffs.news\/fr\/joueur\/kevon-looney-golden-state-warriors-nba\/\" class=\"trk-cta-link\" data-cta-trk='{\"ctaType\":\"Link\",\"ctaSubType\":\"main\"}'><strong>Kevon Looney<\/strong><\/a> avait r&eacute;alis&eacute; un dunk apr&egrave;s une remise en jeu, alors que tous les joueurs texans se trouvaient de l&rsquo;autre c&ocirc;t&eacute; du terrain. Cette s&eacute;quence in&eacute;dite avait suscit&eacute; de nombreuses r&eacute;actions, notamment de la part de Mark Cuban sur Twitter et de Jason Kidd en conf&eacute;rence de presse.<\/p><p>Cependant, <a href=\"https:\/\/twitter.com\/NBAPR\/status\/1644030729376919565?s=20\" class=\"trk-cta-link\" data-cta-trk='{\"ctaType\":\"Link\",\"ctaSubType\":\"main\"}'>la NBA a estim&eacute;<\/a> que les Mavericks avaient eu suffisamment de temps (14 minutes) apr&egrave;s cet incident pour se ressaisir et l&rsquo;emporter. La ligue a &eacute;galement rappel&eacute; que l&rsquo;&eacute;quipe de Luka Doncic avait men&eacute; &agrave; deux reprises lors des quatre derni&egrave;res minutes du match.<\/p><p>Avec cette d&eacute;cision, le dossier est d&eacute;sormais clos. Les Mavericks, actuellement class&eacute;s 11e &agrave; l&rsquo;Ouest et &agrave; trois jours de la fin de la saison r&eacute;guli&egrave;re, auraient pourtant bien eu besoin de ce succ&egrave;s face aux Warriors ou d&rsquo;un match rejou&eacute; pour am&eacute;liorer leur position au classement.<\/p><p>La NBA maintient ainsi sa position concernant les r&eacute;clamations pour rejouer des matchs, consid&eacute;rant qu&rsquo;il n&rsquo;est pas n&eacute;cessaire de revenir sur des d&eacute;cisions arbitrales, m&ecirc;me inhabituelles. Les &eacute;quipes devront continuer &agrave; faire preuve de r&eacute;silience et s&rsquo;adapter aux circonstances de chaque match, quelles que soient les erreurs commises sur le parquet.<\/p>\n","protected":false},"excerpt":{"rendered":"","protected":false},"author":13,"featured_media":580343,"comment_status":"open","ping_status":"closed","sticky":false,"template":"","format":"standard","meta":{"inline_featured_image":false,"kia_subtitle":"","_mux_skip_reasons":[],"proofreadBy":0,"footnotes":""},"categories":[110,10],"tags":[595],"sport":[],"saison":[],"class_list":["post-580342","post","type-post","status-publish","format-standard","has-post-thumbnail","hentry","category-actualite-nba","category-nba","tag-dallas-mavericks"],"acf":[],"yoast_head":"<!-- This site is optimized with the Yoast SEO plugin v24.2 - https:\/\/yoast.com\/wordpress\/plugins\/seo\/ -->\n<title>La NBA rejette la demande des Mavericks de rejouer leur match contre les Warriors - The Playoffs FR<\/title>\n<meta name=\"robots\" content=\"index, follow, max-snippet:-1, max-image-preview:large, max-video-preview:-1\" \/>\n<link rel=\"canonical\" href=\"https:\/\/theplayoffs.news\/fr\/actualite-nba\/nba-rejette-demande-mavericks\/\" \/>\n<meta property=\"og:locale\" content=\"fr_FR\" \/>\n<meta property=\"og:type\" content=\"article\" \/>\n<meta property=\"og:title\" content=\"La NBA rejette la demande des Mavericks de rejouer leur match contre les Warriors - The Playoffs FR\" \/>\n<meta property=\"og:url\" content=\"https:\/\/theplayoffs.news\/fr\/actualite-nba\/nba-rejette-demande-mavericks\/\" \/>\n<meta property=\"og:site_name\" content=\"The Playoffs FR\" \/>\n<meta property=\"article:publisher\" content=\"https:\/\/www.facebook.com\/TheFreeAgentFR\/\" \/>\n<meta property=\"article:modified_time\" content=\"2023-04-07T07:32:06+02:00\" \/>\n<meta property=\"og:image\" content=\"https:\/\/theplayoffs.news\/fr\/wp-content\/uploads\/2023\/04\/MavsDefense.jpg\" \/>\n\t<meta property=\"og:image:width\" content=\"840\" \/>\n\t<meta property=\"og:image:height\" content=\"472\" \/>\n\t<meta property=\"og:image:type\" content=\"image\/jpeg\" \/>\n<meta name=\"author\" content=\"Charles Taudin\" \/>\n<meta name=\"twitter:card\" content=\"summary_large_image\" \/>\n<meta name=\"twitter:creator\" content=\"@TheFreeAgentFR\" \/>\n<meta name=\"twitter:site\" content=\"@TheFreeAgentFR\" \/>\n<meta name=\"twitter:label1\" content=\"\u00c9crit par\" \/>\n\t<meta name=\"twitter:data1\" content=\"Charles Taudin\" \/>\n\t<meta name=\"twitter:label2\" content=\"Dur\u00e9e de lecture estim\u00e9e\" \/>\n\t<meta name=\"twitter:data2\" content=\"1 minute\" \/>\n<script type=\"application\/ld+json\" class=\"yoast-schema-graph\">{\"@context\":\"https:\/\/schema.org\",\"@graph\":[{\"@type\":\"WebPage\",\"@id\":\"https:\/\/theplayoffs.news\/fr\/actualite-nba\/nba-rejette-demande-mavericks\/\",\"url\":\"https:\/\/theplayoffs.news\/fr\/actualite-nba\/nba-rejette-demande-mavericks\/\",\"name\":\"La NBA rejette la demande des Mavericks de rejouer leur match contre les Warriors - The Playoffs FR\",\"isPartOf\":{\"@id\":\"https:\/\/theplayoffs.news\/fr\/#website\"},\"primaryImageOfPage\":{\"@id\":\"https:\/\/theplayoffs.news\/fr\/actualite-nba\/nba-rejette-demande-mavericks\/#primaryimage\"},\"image\":{\"@id\":\"https:\/\/theplayoffs.news\/fr\/actualite-nba\/nba-rejette-demande-mavericks\/#primaryimage\"},\"thumbnailUrl\":\"https:\/\/theplayoffs.news\/fr\/wp-content\/uploads\/2023\/04\/MavsDefense.jpg\",\"datePublished\":\"2023-04-07T05:30:47+00:00\",\"dateModified\":\"2023-04-07T05:32:06+00:00\",\"author\":{\"@id\":\"https:\/\/theplayoffs.news\/fr\/#\/schema\/person\/eee5b69ad5d3c51cabe881c839dbe133\"},\"breadcrumb\":{\"@id\":\"https:\/\/theplayoffs.news\/fr\/actualite-nba\/nba-rejette-demande-mavericks\/#breadcrumb\"},\"inLanguage\":\"fr-FR\",\"potentialAction\":[{\"@type\":\"ReadAction\",\"target\":[\"https:\/\/theplayoffs.news\/fr\/actualite-nba\/nba-rejette-demande-mavericks\/\"]}]},{\"@type\":\"ImageObject\",\"inLanguage\":\"fr-FR\",\"@id\":\"https:\/\/theplayoffs.news\/fr\/actualite-nba\/nba-rejette-demande-mavericks\/#primaryimage\",\"url\":\"https:\/\/theplayoffs.news\/fr\/wp-content\/uploads\/2023\/04\/MavsDefense.jpg\",\"contentUrl\":\"https:\/\/theplayoffs.news\/fr\/wp-content\/uploads\/2023\/04\/MavsDefense.jpg\",\"width\":840,\"height\":472,\"caption\":\"Mavericks\"},{\"@type\":\"BreadcrumbList\",\"@id\":\"https:\/\/theplayoffs.news\/fr\/actualite-nba\/nba-rejette-demande-mavericks\/#breadcrumb\",\"itemListElement\":[{\"@type\":\"ListItem\",\"position\":1,\"name\":\"Accueil\",\"item\":\"https:\/\/theplayoffs.news\/fr\/\"},{\"@type\":\"ListItem\",\"position\":2,\"name\":\"La NBA rejette la demande des Mavericks de rejouer leur match contre les Warriors\"}]},{\"@type\":\"WebSite\",\"@id\":\"https:\/\/theplayoffs.news\/fr\/#website\",\"url\":\"https:\/\/theplayoffs.news\/fr\/\",\"name\":\"The Playoffs FR\",\"description\":\"NBA-NFL-NHL-MLB\",\"potentialAction\":[{\"@type\":\"SearchAction\",\"target\":{\"@type\":\"EntryPoint\",\"urlTemplate\":\"https:\/\/theplayoffs.news\/fr\/?s={search_term_string}\"},\"query-input\":{\"@type\":\"PropertyValueSpecification\",\"valueRequired\":true,\"valueName\":\"search_term_string\"}}],\"inLanguage\":\"fr-FR\"},{\"@type\":\"Person\",\"@id\":\"https:\/\/theplayoffs.news\/fr\/#\/schema\/person\/eee5b69ad5d3c51cabe881c839dbe133\",\"name\":\"Charles Taudin\",\"image\":{\"@type\":\"ImageObject\",\"inLanguage\":\"fr-FR\",\"@id\":\"https:\/\/theplayoffs.news\/fr\/#\/schema\/person\/image\/\",\"url\":\"https:\/\/secure.gravatar.com\/avatar\/59a1e772205ce9fd255edfcafc93013736822e20261f294c5753b20c41ede9f2?s=96&d=mm&r=g\",\"contentUrl\":\"https:\/\/secure.gravatar.com\/avatar\/59a1e772205ce9fd255edfcafc93013736822e20261f294c5753b20c41ede9f2?s=96&d=mm&r=g\",\"caption\":\"Charles Taudin\"},\"description\":\"R\u00e9dacteur en chef global de The Playoffs, j\u2019ai cr\u00e9\u00e9 The Free Agent, devenu The Playoffs FR, en 2020 durant la pand\u00e9mie. Amoureux depuis des ann\u00e9es des 4 sports majeurs am\u00e9ricains, j\u2019organise maintenant la strat\u00e9gie \u00e9ditoriale et les r\u00e9seaux sociaux de l\u2019ensemble des versions de The Playoffs. Il m\u2019arrive encore d\u2019\u00e9crire sur certains sports que j\u2019affectionne particuli\u00e8rement comme la NFL ou la MLB. Si vous devez retenir qu\u2019une chose : Eli Manning est le vrai GOAT pour avoir battu deux fois Tom Brady.\",\"sameAs\":[\"https:\/\/www.instagram.com\/ctaudin_\/\"],\"url\":\"https:\/\/theplayoffs.news\/fr\/author\/charles-taudin\/\"}]}<\/script>\n<!-- \/ Yoast SEO plugin. -->","yoast_head_json":{"title":"La NBA rejette la demande des Mavericks de rejouer leur match contre les Warriors - The Playoffs FR","robots":{"index":"index","follow":"follow","max-snippet":"max-snippet:-1","max-image-preview":"max-image-preview:large","max-video-preview":"max-video-preview:-1"},"canonical":"https:\/\/theplayoffs.news\/fr\/actualite-nba\/nba-rejette-demande-mavericks\/","og_locale":"fr_FR","og_type":"article","og_title":"La NBA rejette la demande des Mavericks de rejouer leur match contre les Warriors - The Playoffs FR","og_url":"https:\/\/theplayoffs.news\/fr\/actualite-nba\/nba-rejette-demande-mavericks\/","og_site_name":"The Playoffs FR","article_publisher":"https:\/\/www.facebook.com\/TheFreeAgentFR\/","article_modified_time":"2023-04-07T05:32:06+00:00","og_image":[{"width":840,"height":472,"url":"https:\/\/theplayoffs.news\/fr\/wp-content\/uploads\/2023\/04\/MavsDefense.jpg","type":"image\/jpeg"}],"author":"Charles Taudin","twitter_card":"summary_large_image","twitter_creator":"@TheFreeAgentFR","twitter_site":"@TheFreeAgentFR","twitter_misc":{"\u00c9crit par":"Charles Taudin","Dur\u00e9e de lecture estim\u00e9e":"1 minute"},"schema":{"@context":"https:\/\/schema.org","@graph":[{"@type":"WebPage","@id":"https:\/\/theplayoffs.news\/fr\/actualite-nba\/nba-rejette-demande-mavericks\/","url":"https:\/\/theplayoffs.news\/fr\/actualite-nba\/nba-rejette-demande-mavericks\/","name":"La NBA rejette la demande des Mavericks de rejouer leur match contre les Warriors - The Playoffs FR","isPartOf":{"@id":"https:\/\/theplayoffs.news\/fr\/#website"},"primaryImageOfPage":{"@id":"https:\/\/theplayoffs.news\/fr\/actualite-nba\/nba-rejette-demande-mavericks\/#primaryimage"},"image":{"@id":"https:\/\/theplayoffs.news\/fr\/actualite-nba\/nba-rejette-demande-mavericks\/#primaryimage"},"thumbnailUrl":"https:\/\/theplayoffs.news\/fr\/wp-content\/uploads\/2023\/04\/MavsDefense.jpg","datePublished":"2023-04-07T05:30:47+00:00","dateModified":"2023-04-07T05:32:06+00:00","author":{"@id":"https:\/\/theplayoffs.news\/fr\/#\/schema\/person\/eee5b69ad5d3c51cabe881c839dbe133"},"breadcrumb":{"@id":"https:\/\/theplayoffs.news\/fr\/actualite-nba\/nba-rejette-demande-mavericks\/#breadcrumb"},"inLanguage":"fr-FR","potentialAction":[{"@type":"ReadAction","target":["https:\/\/theplayoffs.news\/fr\/actualite-nba\/nba-rejette-demande-mavericks\/"]}]},{"@type":"ImageObject","inLanguage":"fr-FR","@id":"https:\/\/theplayoffs.news\/fr\/actualite-nba\/nba-rejette-demande-mavericks\/#primaryimage","url":"https:\/\/theplayoffs.news\/fr\/wp-content\/uploads\/2023\/04\/MavsDefense.jpg","contentUrl":"https:\/\/theplayoffs.news\/fr\/wp-content\/uploads\/2023\/04\/MavsDefense.jpg","width":840,"height":472,"caption":"Mavericks"},{"@type":"BreadcrumbList","@id":"https:\/\/theplayoffs.news\/fr\/actualite-nba\/nba-rejette-demande-mavericks\/#breadcrumb","itemListElement":[{"@type":"ListItem","position":1,"name":"Accueil","item":"https:\/\/theplayoffs.news\/fr\/"},{"@type":"ListItem","position":2,"name":"La NBA rejette la demande des Mavericks de rejouer leur match contre les Warriors"}]},{"@type":"WebSite","@id":"https:\/\/theplayoffs.news\/fr\/#website","url":"https:\/\/theplayoffs.news\/fr\/","name":"The Playoffs FR","description":"NBA-NFL-NHL-MLB","potentialAction":[{"@type":"SearchAction","target":{"@type":"EntryPoint","urlTemplate":"https:\/\/theplayoffs.news\/fr\/?s={search_term_string}"},"query-input":{"@type":"PropertyValueSpecification","valueRequired":true,"valueName":"search_term_string"}}],"inLanguage":"fr-FR"},{"@type":"Person","@id":"https:\/\/theplayoffs.news\/fr\/#\/schema\/person\/eee5b69ad5d3c51cabe881c839dbe133","name":"Charles Taudin","image":{"@type":"ImageObject","inLanguage":"fr-FR","@id":"https:\/\/theplayoffs.news\/fr\/#\/schema\/person\/image\/","url":"https:\/\/secure.gravatar.com\/avatar\/59a1e772205ce9fd255edfcafc93013736822e20261f294c5753b20c41ede9f2?s=96&d=mm&r=g","contentUrl":"https:\/\/secure.gravatar.com\/avatar\/59a1e772205ce9fd255edfcafc93013736822e20261f294c5753b20c41ede9f2?s=96&d=mm&r=g","caption":"Charles Taudin"},"description":"R\u00e9dacteur en chef global de The Playoffs, j\u2019ai cr\u00e9\u00e9 The Free Agent, devenu The Playoffs FR, en 2020 durant la pand\u00e9mie. Amoureux depuis des ann\u00e9es des 4 sports majeurs am\u00e9ricains, j\u2019organise maintenant la strat\u00e9gie \u00e9ditoriale et les r\u00e9seaux sociaux de l\u2019ensemble des versions de The Playoffs. Il m\u2019arrive encore d\u2019\u00e9crire sur certains sports que j\u2019affectionne particuli\u00e8rement comme la NFL ou la MLB. Si vous devez retenir qu\u2019une chose : Eli Manning est le vrai GOAT pour avoir battu deux fois Tom Brady.","sameAs":["https:\/\/www.instagram.com\/ctaudin_\/"],"url":"https:\/\/theplayoffs.news\/fr\/author\/charles-taudin\/"}]}},"_links":{"self":[{"href":"https:\/\/theplayoffs.news\/fr\/wp-json\/wp\/v2\/posts\/580342","targetHints":{"allow":["GET"]}}],"collection":[{"href":"https:\/\/theplayoffs.news\/fr\/wp-json\/wp\/v2\/posts"}],"about":[{"href":"https:\/\/theplayoffs.news\/fr\/wp-json\/wp\/v2\/types\/post"}],"author":[{"embeddable":true,"href":"https:\/\/theplayoffs.news\/fr\/wp-json\/wp\/v2\/users\/13"}],"replies":[{"embeddable":true,"href":"https:\/\/theplayoffs.news\/fr\/wp-json\/wp\/v2\/comments?post=580342"}],"version-history":[{"count":2,"href":"https:\/\/theplayoffs.news\/fr\/wp-json\/wp\/v2\/posts\/580342\/revisions"}],"predecessor-version":[{"id":580345,"href":"https:\/\/theplayoffs.news\/fr\/wp-json\/wp\/v2\/posts\/580342\/revisions\/580345"}],"wp:featuredmedia":[{"embeddable":true,"href":"https:\/\/theplayoffs.news\/fr\/wp-json\/wp\/v2\/media\/580343"}],"wp:attachment":[{"href":"https:\/\/theplayoffs.news\/fr\/wp-json\/wp\/v2\/media?parent=580342"}],"wp:term":[{"taxonomy":"category","embeddable":true,"href":"https:\/\/theplayoffs.news\/fr\/wp-json\/wp\/v2\/categories?post=580342"},{"taxonomy":"post_tag","embeddable":true,"href":"https:\/\/theplayoffs.news\/fr\/wp-json\/wp\/v2\/tags?post=580342"},{"taxonomy":"sport","embeddable":true,"href":"https:\/\/theplayoffs.news\/fr\/wp-json\/wp\/v2\/sport?post=580342"},{"taxonomy":"saison","embeddable":true,"href":"https:\/\/theplayoffs.news\/fr\/wp-json\/wp\/v2\/saison?post=580342"}],"curies":[{"name":"wp","href":"https:\/\/api.w.org\/{rel}","templated":true}]}}