{"id":579696,"date":"2023-04-04T15:08:18","date_gmt":"2023-04-04T13:08:18","guid":{"rendered":"https:\/\/theplayoffs.news\/fr\/?p=579696"},"modified":"2023-04-04T15:08:19","modified_gmt":"2023-04-04T13:08:19","slug":"kyrie-irving-depart-mavs-cet-ete","status":"publish","type":"post","link":"https:\/\/theplayoffs.news\/fr\/actualite-nba\/kyrie-irving-depart-mavs-cet-ete\/","title":{"rendered":"Kyrie Irving vers un d\u00e9part de Dallas cet \u00e9t\u00e9\u00a0?"},"content":{"rendered":"<h2>En difficult&eacute; avec les Mavs, Kyrie Irving ne compterait pas resigner dans la franchise texane et pr&eacute;f&egrave;rerait tester le march&eacute; des agents libres &agrave; l&rsquo;intersaison.<\/h2><p>&nbsp;<\/p><p>Les mauvaises nouvelles s&rsquo;encha&icirc;nent du c&ocirc;t&eacute; de Dallas. Quasiment &eacute;limin&eacute;s de la course aux play-offs les Mavs vont tenter de resigner <a href=\"https:\/\/theplayoffs.news\/fr\/joueur\/kyrie-irving-nba-12884\/\" class=\"trk-cta-link\" data-cta-trk='{\"ctaType\":\"Link\",\"ctaSubType\":\"main\"}'>Kyrie Irving<\/a>, arriv&eacute; &agrave; la trade deadline pour la saison prochaine. Mais cet int&eacute;r&ecirc;t n&rsquo;as pas l&rsquo;air d&rsquo;&ecirc;tre r&eacute;ciproque&hellip; Selon <a href=\"https:\/\/bleacherreport.com\/articles\/10071032-nba-insider-notebook-steph-names-his-mvp-kyrie-irvings-mavericks-future-more\" class=\"trk-cta-link\" data-cta-trk='{\"ctaType\":\"Link\",\"ctaSubType\":\"main\"}'>Bleacher Report<\/a>, plusieurs sources internes auraient confirm&eacute; que Kyrie voudrait tester le march&eacute; des agents libres cet &eacute;t&eacute;.<\/p><blockquote class=\"twitter-tweet\" data-width=\"500\" data-dnt=\"true\">\n<p lang=\"en\" dir=\"ltr\">BREAKING: Kyrie Irving will test free Agency despite being eligible for an extension by the Mavs, per <a href=\"https:\/\/twitter.com\/ChrisBHaynes?ref_src=twsrc%5Etfw\" class=\"trk-cta-link\" data-cta-trk='{\"ctaType\":\"Link\",\"ctaSubType\":\"main\"}'>@ChrisBHaynes<\/a> <a href=\"https:\/\/twitter.com\/hashtag\/MFFL?src=hash&amp;ref_src=twsrc%5Etfw\" class=\"trk-cta-link\" data-cta-trk='{\"ctaType\":\"Link\",\"ctaSubType\":\"main\"}'>#MFFL<\/a> <a href=\"https:\/\/t.co\/9lxRGPVxEV\" class=\"trk-cta-link\" data-cta-trk='{\"ctaType\":\"Link\",\"ctaSubType\":\"main\"}'>pic.twitter.com\/9lxRGPVxEV<\/a><\/p>\n<p>&mdash; MFFL (@Mavs_FFL) <a href=\"https:\/\/twitter.com\/Mavs_FFL\/status\/1642961117600419840?ref_src=twsrc%5Etfw\" class=\"trk-cta-link\" data-cta-trk='{\"ctaType\":\"Link\",\"ctaSubType\":\"main\"}'>April 3, 2023<\/a><\/p><\/blockquote><p><script async src=\"https:\/\/platform.twitter.com\/widgets.js\" charset=\"utf-8\"><\/script><\/p><p>Depuis sont arriv&eacute;e en f&eacute;vrier dernier les Mavs enregistrent un record de 9 victoires pour 16 d&eacute;faites. Son association avec <a href=\"https:\/\/theplayoffs.news\/fr\/joueur\/luka-doncic-nba-7890548\/\" class=\"trk-cta-link\" data-cta-trk='{\"ctaType\":\"Link\",\"ctaSubType\":\"main\"}'>Luka Doncic<\/a> est un &eacute;chec et l&rsquo;alchimie ne prend pas avec l&rsquo;&eacute;quipe. Dallas a perdu dans le trade deux joueurs importants de leur rotation&nbsp;: <a href=\"https:\/\/theplayoffs.news\/fr\/joueur\/spencer-dinwiddie-nba-5161564\/\" class=\"trk-cta-link\" data-cta-trk='{\"ctaType\":\"Link\",\"ctaSubType\":\"main\"}'>Spencer Dinwiddie<\/a> et <a href=\"https:\/\/theplayoffs.news\/fr\/joueur\/dorian-finney-smith-nba-5156370\/\" class=\"trk-cta-link\" data-cta-trk='{\"ctaType\":\"Link\",\"ctaSubType\":\"main\"}'>Dorian Finney-Smith<\/a>. Leur absence se fait ressentir notamment en d&eacute;fense.<\/p><p>&nbsp;<\/p><p>Kyrie Irving sera donc agent libre cet &eacute;t&eacute; et va certainement demander un contrat max. Le meneur touche cette saison <a href=\"https:\/\/www.spotrac.com\/nba\/dallas-mavericks\/kyrie-irving-8051\/\" class=\"trk-cta-link\" data-cta-trk='{\"ctaType\":\"Link\",\"ctaSubType\":\"main\"}'>36 millions de dollars<\/a>, pas sur qu&rsquo;une franchise soit pr&ecirc;te &agrave; mettre autant d&rsquo;argent sur la table.<\/p><p>&nbsp;<\/p><p>Malgr&eacute; un niveau de jeu exceptionnel, Kyrie apporte en effet beaucoup d&rsquo;incertitudes. En quatre ans aux Nets il n&rsquo;a jou&eacute; que 36 matchs de moyenne par saison notamment &agrave; cause de blessures. Il a &eacute;galement &eacute;t&eacute; &eacute;cart&eacute; &agrave; plusieurs reprises pour des raisons extra-sportives&nbsp;: refus de se faire vacciner, propos pol&eacute;miques, probl&egrave;mes personnels.<\/p><p>&nbsp;<\/p><p>En cas de d&eacute;part de Kyrie Irving, les Mavs disposeront d&rsquo;une marge financi&egrave;re pour se renforcer cet &eacute;t&eacute;. Mark Cuban et le front-office devront absolument apporter de l&rsquo;aide &agrave; leur jeune star Luka Doncic apr&egrave;s la d&eacute;sillusion de cette saison.<\/p>\n","protected":false},"excerpt":{"rendered":"","protected":false},"author":180310163,"featured_media":579697,"comment_status":"open","ping_status":"closed","sticky":false,"template":"","format":"standard","meta":{"inline_featured_image":false,"kia_subtitle":"","_mux_skip_reasons":[],"proofreadBy":0,"footnotes":""},"categories":[110,10],"tags":[595,1073],"sport":[2783],"saison":[],"class_list":["post-579696","post","type-post","status-publish","format-standard","has-post-thumbnail","hentry","category-actualite-nba","category-nba","tag-dallas-mavericks","tag-kyrie-irving","sport-nba"],"acf":[],"yoast_head":"<!-- This site is optimized with the Yoast SEO plugin v24.2 - https:\/\/yoast.com\/wordpress\/plugins\/seo\/ -->\n<title>Kyrie Irving vers un d&eacute;part de Dallas cet &eacute;t&eacute;&nbsp;? - The Playoffs FR<\/title>\n<meta name=\"robots\" content=\"index, follow, max-snippet:-1, max-image-preview:large, max-video-preview:-1\" \/>\n<link rel=\"canonical\" href=\"https:\/\/theplayoffs.news\/fr\/actualite-nba\/kyrie-irving-depart-mavs-cet-ete\/\" \/>\n<meta property=\"og:locale\" content=\"fr_FR\" \/>\n<meta property=\"og:type\" content=\"article\" \/>\n<meta property=\"og:title\" content=\"Kyrie Irving vers un d&eacute;part de Dallas cet &eacute;t&eacute;&nbsp;? - The Playoffs FR\" \/>\n<meta property=\"og:url\" content=\"https:\/\/theplayoffs.news\/fr\/actualite-nba\/kyrie-irving-depart-mavs-cet-ete\/\" \/>\n<meta property=\"og:site_name\" content=\"The Playoffs FR\" \/>\n<meta property=\"article:publisher\" content=\"https:\/\/www.facebook.com\/TheFreeAgentFR\/\" \/>\n<meta property=\"article:modified_time\" content=\"2023-04-04T15:08:19+02:00\" \/>\n<meta property=\"og:image\" content=\"https:\/\/theplayoffs.news\/fr\/wp-content\/uploads\/2023\/04\/FszkLnIXwAcuadS.jpg\" \/>\n\t<meta property=\"og:image:width\" content=\"680\" \/>\n\t<meta property=\"og:image:height\" content=\"468\" \/>\n\t<meta property=\"og:image:type\" content=\"image\/jpeg\" \/>\n<meta name=\"author\" content=\"Vincent Roume\" \/>\n<meta name=\"twitter:card\" content=\"summary_large_image\" \/>\n<meta name=\"twitter:creator\" content=\"@TheFreeAgentFR\" \/>\n<meta name=\"twitter:site\" content=\"@TheFreeAgentFR\" \/>\n<meta name=\"twitter:label1\" content=\"\u00c9crit par\" \/>\n\t<meta name=\"twitter:data1\" content=\"Vincent Roume\" \/>\n\t<meta name=\"twitter:label2\" content=\"Dur\u00e9e de lecture estim\u00e9e\" \/>\n\t<meta name=\"twitter:data2\" content=\"2 minutes\" \/>\n<script type=\"application\/ld+json\" class=\"yoast-schema-graph\">{\"@context\":\"https:\/\/schema.org\",\"@graph\":[{\"@type\":\"WebPage\",\"@id\":\"https:\/\/theplayoffs.news\/fr\/actualite-nba\/kyrie-irving-depart-mavs-cet-ete\/\",\"url\":\"https:\/\/theplayoffs.news\/fr\/actualite-nba\/kyrie-irving-depart-mavs-cet-ete\/\",\"name\":\"Kyrie Irving vers un d\u00e9part de Dallas cet \u00e9t\u00e9\u00a0? - The Playoffs FR\",\"isPartOf\":{\"@id\":\"https:\/\/theplayoffs.news\/fr\/#website\"},\"primaryImageOfPage\":{\"@id\":\"https:\/\/theplayoffs.news\/fr\/actualite-nba\/kyrie-irving-depart-mavs-cet-ete\/#primaryimage\"},\"image\":{\"@id\":\"https:\/\/theplayoffs.news\/fr\/actualite-nba\/kyrie-irving-depart-mavs-cet-ete\/#primaryimage\"},\"thumbnailUrl\":\"https:\/\/theplayoffs.news\/fr\/wp-content\/uploads\/2023\/04\/FszkLnIXwAcuadS.jpg\",\"datePublished\":\"2023-04-04T13:08:18+00:00\",\"dateModified\":\"2023-04-04T13:08:19+00:00\",\"author\":{\"@id\":\"https:\/\/theplayoffs.news\/fr\/#\/schema\/person\/e1eb37e783b47f37f6df5a709b09eae2\"},\"breadcrumb\":{\"@id\":\"https:\/\/theplayoffs.news\/fr\/actualite-nba\/kyrie-irving-depart-mavs-cet-ete\/#breadcrumb\"},\"inLanguage\":\"fr-FR\",\"potentialAction\":[{\"@type\":\"ReadAction\",\"target\":[\"https:\/\/theplayoffs.news\/fr\/actualite-nba\/kyrie-irving-depart-mavs-cet-ete\/\"]}]},{\"@type\":\"ImageObject\",\"inLanguage\":\"fr-FR\",\"@id\":\"https:\/\/theplayoffs.news\/fr\/actualite-nba\/kyrie-irving-depart-mavs-cet-ete\/#primaryimage\",\"url\":\"https:\/\/theplayoffs.news\/fr\/wp-content\/uploads\/2023\/04\/FszkLnIXwAcuadS.jpg\",\"contentUrl\":\"https:\/\/theplayoffs.news\/fr\/wp-content\/uploads\/2023\/04\/FszkLnIXwAcuadS.jpg\",\"width\":680,\"height\":468,\"caption\":\"Kyrie Irving, Dallas Mavericks\"},{\"@type\":\"BreadcrumbList\",\"@id\":\"https:\/\/theplayoffs.news\/fr\/actualite-nba\/kyrie-irving-depart-mavs-cet-ete\/#breadcrumb\",\"itemListElement\":[{\"@type\":\"ListItem\",\"position\":1,\"name\":\"Accueil\",\"item\":\"https:\/\/theplayoffs.news\/fr\/\"},{\"@type\":\"ListItem\",\"position\":2,\"name\":\"Kyrie Irving vers un d\u00e9part de Dallas cet \u00e9t\u00e9\u00a0?\"}]},{\"@type\":\"WebSite\",\"@id\":\"https:\/\/theplayoffs.news\/fr\/#website\",\"url\":\"https:\/\/theplayoffs.news\/fr\/\",\"name\":\"The Playoffs FR\",\"description\":\"NBA-NFL-NHL-MLB\",\"potentialAction\":[{\"@type\":\"SearchAction\",\"target\":{\"@type\":\"EntryPoint\",\"urlTemplate\":\"https:\/\/theplayoffs.news\/fr\/?s={search_term_string}\"},\"query-input\":{\"@type\":\"PropertyValueSpecification\",\"valueRequired\":true,\"valueName\":\"search_term_string\"}}],\"inLanguage\":\"fr-FR\"},{\"@type\":\"Person\",\"@id\":\"https:\/\/theplayoffs.news\/fr\/#\/schema\/person\/e1eb37e783b47f37f6df5a709b09eae2\",\"name\":\"Vincent Roume\",\"image\":{\"@type\":\"ImageObject\",\"inLanguage\":\"fr-FR\",\"@id\":\"https:\/\/theplayoffs.news\/fr\/#\/schema\/person\/image\/\",\"url\":\"https:\/\/secure.gravatar.com\/avatar\/369ea9e86b8e0b97c7028ca828abb59d958ea6f5a23ce2eb8c04af3eb2dbd218?s=96&d=mm&r=g\",\"contentUrl\":\"https:\/\/secure.gravatar.com\/avatar\/369ea9e86b8e0b97c7028ca828abb59d958ea6f5a23ce2eb8c04af3eb2dbd218?s=96&d=mm&r=g\",\"caption\":\"Vincent Roume\"},\"url\":\"https:\/\/theplayoffs.news\/fr\/author\/vincent-roumegmail-com\/\"}]}<\/script>\n<!-- \/ Yoast SEO plugin. -->","yoast_head_json":{"title":"Kyrie Irving vers un d&eacute;part de Dallas cet &eacute;t&eacute;&nbsp;? - The Playoffs FR","robots":{"index":"index","follow":"follow","max-snippet":"max-snippet:-1","max-image-preview":"max-image-preview:large","max-video-preview":"max-video-preview:-1"},"canonical":"https:\/\/theplayoffs.news\/fr\/actualite-nba\/kyrie-irving-depart-mavs-cet-ete\/","og_locale":"fr_FR","og_type":"article","og_title":"Kyrie Irving vers un d&eacute;part de Dallas cet &eacute;t&eacute;&nbsp;? - The Playoffs FR","og_url":"https:\/\/theplayoffs.news\/fr\/actualite-nba\/kyrie-irving-depart-mavs-cet-ete\/","og_site_name":"The Playoffs FR","article_publisher":"https:\/\/www.facebook.com\/TheFreeAgentFR\/","article_modified_time":"2023-04-04T13:08:19+00:00","og_image":[{"width":680,"height":468,"url":"https:\/\/theplayoffs.news\/fr\/wp-content\/uploads\/2023\/04\/FszkLnIXwAcuadS.jpg","type":"image\/jpeg"}],"author":"Vincent Roume","twitter_card":"summary_large_image","twitter_creator":"@TheFreeAgentFR","twitter_site":"@TheFreeAgentFR","twitter_misc":{"\u00c9crit par":"Vincent Roume","Dur\u00e9e de lecture estim\u00e9e":"2 minutes"},"schema":{"@context":"https:\/\/schema.org","@graph":[{"@type":"WebPage","@id":"https:\/\/theplayoffs.news\/fr\/actualite-nba\/kyrie-irving-depart-mavs-cet-ete\/","url":"https:\/\/theplayoffs.news\/fr\/actualite-nba\/kyrie-irving-depart-mavs-cet-ete\/","name":"Kyrie Irving vers un d\u00e9part de Dallas cet \u00e9t\u00e9\u00a0? - The Playoffs FR","isPartOf":{"@id":"https:\/\/theplayoffs.news\/fr\/#website"},"primaryImageOfPage":{"@id":"https:\/\/theplayoffs.news\/fr\/actualite-nba\/kyrie-irving-depart-mavs-cet-ete\/#primaryimage"},"image":{"@id":"https:\/\/theplayoffs.news\/fr\/actualite-nba\/kyrie-irving-depart-mavs-cet-ete\/#primaryimage"},"thumbnailUrl":"https:\/\/theplayoffs.news\/fr\/wp-content\/uploads\/2023\/04\/FszkLnIXwAcuadS.jpg","datePublished":"2023-04-04T13:08:18+00:00","dateModified":"2023-04-04T13:08:19+00:00","author":{"@id":"https:\/\/theplayoffs.news\/fr\/#\/schema\/person\/e1eb37e783b47f37f6df5a709b09eae2"},"breadcrumb":{"@id":"https:\/\/theplayoffs.news\/fr\/actualite-nba\/kyrie-irving-depart-mavs-cet-ete\/#breadcrumb"},"inLanguage":"fr-FR","potentialAction":[{"@type":"ReadAction","target":["https:\/\/theplayoffs.news\/fr\/actualite-nba\/kyrie-irving-depart-mavs-cet-ete\/"]}]},{"@type":"ImageObject","inLanguage":"fr-FR","@id":"https:\/\/theplayoffs.news\/fr\/actualite-nba\/kyrie-irving-depart-mavs-cet-ete\/#primaryimage","url":"https:\/\/theplayoffs.news\/fr\/wp-content\/uploads\/2023\/04\/FszkLnIXwAcuadS.jpg","contentUrl":"https:\/\/theplayoffs.news\/fr\/wp-content\/uploads\/2023\/04\/FszkLnIXwAcuadS.jpg","width":680,"height":468,"caption":"Kyrie Irving, Dallas Mavericks"},{"@type":"BreadcrumbList","@id":"https:\/\/theplayoffs.news\/fr\/actualite-nba\/kyrie-irving-depart-mavs-cet-ete\/#breadcrumb","itemListElement":[{"@type":"ListItem","position":1,"name":"Accueil","item":"https:\/\/theplayoffs.news\/fr\/"},{"@type":"ListItem","position":2,"name":"Kyrie Irving vers un d\u00e9part de Dallas cet \u00e9t\u00e9\u00a0?"}]},{"@type":"WebSite","@id":"https:\/\/theplayoffs.news\/fr\/#website","url":"https:\/\/theplayoffs.news\/fr\/","name":"The Playoffs FR","description":"NBA-NFL-NHL-MLB","potentialAction":[{"@type":"SearchAction","target":{"@type":"EntryPoint","urlTemplate":"https:\/\/theplayoffs.news\/fr\/?s={search_term_string}"},"query-input":{"@type":"PropertyValueSpecification","valueRequired":true,"valueName":"search_term_string"}}],"inLanguage":"fr-FR"},{"@type":"Person","@id":"https:\/\/theplayoffs.news\/fr\/#\/schema\/person\/e1eb37e783b47f37f6df5a709b09eae2","name":"Vincent Roume","image":{"@type":"ImageObject","inLanguage":"fr-FR","@id":"https:\/\/theplayoffs.news\/fr\/#\/schema\/person\/image\/","url":"https:\/\/secure.gravatar.com\/avatar\/369ea9e86b8e0b97c7028ca828abb59d958ea6f5a23ce2eb8c04af3eb2dbd218?s=96&d=mm&r=g","contentUrl":"https:\/\/secure.gravatar.com\/avatar\/369ea9e86b8e0b97c7028ca828abb59d958ea6f5a23ce2eb8c04af3eb2dbd218?s=96&d=mm&r=g","caption":"Vincent Roume"},"url":"https:\/\/theplayoffs.news\/fr\/author\/vincent-roumegmail-com\/"}]}},"_links":{"self":[{"href":"https:\/\/theplayoffs.news\/fr\/wp-json\/wp\/v2\/posts\/579696","targetHints":{"allow":["GET"]}}],"collection":[{"href":"https:\/\/theplayoffs.news\/fr\/wp-json\/wp\/v2\/posts"}],"about":[{"href":"https:\/\/theplayoffs.news\/fr\/wp-json\/wp\/v2\/types\/post"}],"author":[{"embeddable":true,"href":"https:\/\/theplayoffs.news\/fr\/wp-json\/wp\/v2\/users\/180310163"}],"replies":[{"embeddable":true,"href":"https:\/\/theplayoffs.news\/fr\/wp-json\/wp\/v2\/comments?post=579696"}],"version-history":[{"count":3,"href":"https:\/\/theplayoffs.news\/fr\/wp-json\/wp\/v2\/posts\/579696\/revisions"}],"predecessor-version":[{"id":579703,"href":"https:\/\/theplayoffs.news\/fr\/wp-json\/wp\/v2\/posts\/579696\/revisions\/579703"}],"wp:featuredmedia":[{"embeddable":true,"href":"https:\/\/theplayoffs.news\/fr\/wp-json\/wp\/v2\/media\/579697"}],"wp:attachment":[{"href":"https:\/\/theplayoffs.news\/fr\/wp-json\/wp\/v2\/media?parent=579696"}],"wp:term":[{"taxonomy":"category","embeddable":true,"href":"https:\/\/theplayoffs.news\/fr\/wp-json\/wp\/v2\/categories?post=579696"},{"taxonomy":"post_tag","embeddable":true,"href":"https:\/\/theplayoffs.news\/fr\/wp-json\/wp\/v2\/tags?post=579696"},{"taxonomy":"sport","embeddable":true,"href":"https:\/\/theplayoffs.news\/fr\/wp-json\/wp\/v2\/sport?post=579696"},{"taxonomy":"saison","embeddable":true,"href":"https:\/\/theplayoffs.news\/fr\/wp-json\/wp\/v2\/saison?post=579696"}],"curies":[{"name":"wp","href":"https:\/\/api.w.org\/{rel}","templated":true}]}}