{"id":579659,"date":"2023-04-04T11:34:59","date_gmt":"2023-04-04T09:34:59","guid":{"rendered":"https:\/\/theplayoffs.news\/fr\/?p=579659"},"modified":"2023-04-04T11:35:00","modified_gmt":"2023-04-04T09:35:00","slug":"curry-vote-embiid-titre-mvp","status":"publish","type":"post","link":"https:\/\/theplayoffs.news\/fr\/actualite-nba\/curry-vote-embiid-titre-mvp\/","title":{"rendered":"Stephen Curry vote Jo\u00ebl Embiid pour le titre de MVP"},"content":{"rendered":"<h2>Stephen Curry a choisi son favori pour le titre de MVP. Questionn&eacute; sur le sujet par Bleacher Report, la star des Warriors a opt&eacute; pour le pivot des Sixers Jo&euml;l Embiid.<\/h2><p>&nbsp;<\/p><p>Entre <a href=\"https:\/\/theplayoffs.news\/fr\/joueur\/nikola-jokic-nba-6224670\/\" class=\"trk-cta-link\" data-cta-trk='{\"ctaType\":\"Link\",\"ctaSubType\":\"main\"}'>Jokic<\/a>, <a href=\"https:\/\/theplayoffs.news\/fr\/joueur\/giannis-antetokounmpo-milwaukee-bucks-nba\/\" class=\"trk-cta-link\" data-cta-trk='{\"ctaType\":\"Link\",\"ctaSubType\":\"main\"}'>Antetokounmpo<\/a> et <a href=\"https:\/\/theplayoffs.news\/fr\/joueur\/joel-embiid-philadelphia-76ers-nba\/\" class=\"trk-cta-link\" data-cta-trk='{\"ctaType\":\"Link\",\"ctaSubType\":\"main\"}'>Embiid<\/a>, les trois favoris pour le titre de MVP, Stephen Curry <a href=\"https:\/\/twitter.com\/CurryBrazil\/status\/1642969470917386242?ref_src=twsrc%5Etfw%7Ctwcamp%5Etweetembed%7Ctwterm%5E1642969470917386242%7Ctwgr%5Eee8fb8d3bcc353f9fd58be9f64eeea2b4c880c7d%7Ctwcon%5Es1_c10&amp;ref_url=https%3A%2F%2Fthefreeagent.fr%2Fwp-admin%2Fpost-new.php\" class=\"trk-cta-link\" data-cta-trk='{\"ctaType\":\"Link\",\"ctaSubType\":\"main\"}'>semble avoir fait son choix<\/a>. Et celui-ci va dans le sens du joueur qui n&rsquo;a pas encore obtenu cette prestigieuse r&eacute;compense individuelle (Jokic et Giannis sont en course pour un 3&egrave;me titre de MVP).<\/p><blockquote><p>&laquo;&nbsp;Je dirais Jo&euml;l. N&rsquo;importe quelle personne que vous choisissez, ce choix sera compar&eacute; &agrave; Joki&#263; ou Giannis. Mais Jo&euml;l a pass&eacute; un cap que beaucoup de gens ne s&rsquo;attendaient pas &agrave; voir car il &eacute;tait d&eacute;j&agrave; dominant. Ce cap a fait tourner les t&ecirc;tes et a mis Philly dans une excellente position. Si je devais choisir, ce serait lui&nbsp;&raquo;<\/p><\/blockquote><blockquote class=\"twitter-tweet\" data-width=\"500\" data-dnt=\"true\">\n<p lang=\"pt\" dir=\"ltr\">\"Joel deu um salto que muitas pessoas n&atilde;o esperavam porque ele j&aacute; era dominante. Esse salto chamou aten&ccedil;&atilde;o e colocou Philadelphia em uma &oacute;tima posi&ccedil;&atilde;o. Se eu tivesse que escolher, seria ele.\" <\/p>\n<p>&ndash; Stephen Curry escolheria Joel Embiid para ser o MVP. <a href=\"https:\/\/t.co\/DHZjHtlHu6\" class=\"trk-cta-link\" data-cta-trk='{\"ctaType\":\"Link\",\"ctaSubType\":\"main\"}'>pic.twitter.com\/DHZjHtlHu6<\/a><\/p>\n<p>&mdash; Curry Brazil &#127463;&#127479; (@CurryBrazil) <a href=\"https:\/\/twitter.com\/CurryBrazil\/status\/1642969470917386242?ref_src=twsrc%5Etfw\" class=\"trk-cta-link\" data-cta-trk='{\"ctaType\":\"Link\",\"ctaSubType\":\"main\"}'>April 3, 2023<\/a><\/p><\/blockquote><p><script async src=\"https:\/\/platform.twitter.com\/widgets.js\" charset=\"utf-8\"><\/script><\/p><p>Au dernier pointage d&rsquo;un sondage r&eacute;alis&eacute; par les journalistes d&rsquo;ESPN, Embiid est plac&eacute; en t&ecirc;te avec deux petits points d&rsquo;avance sur le Joker. Giannis compl&egrave;te le podium. Nikola Jokic tourne en moyenne &agrave; 24,9 points, 11,9 rebonds, 9,9 passes d&eacute;cisives, 0,7 bloc et 1,2 interception cette saison. Embiid affiche lui 33 points, 10,2 rebonds, 4,2 passes d&eacute;cisives, 1,7 contre et 1 interception.<\/p>\n","protected":false},"excerpt":{"rendered":"","protected":false},"author":180310144,"featured_media":579666,"comment_status":"open","ping_status":"closed","sticky":false,"template":"","format":"standard","meta":{"inline_featured_image":false,"kia_subtitle":"","_mux_skip_reasons":[],"proofreadBy":0,"footnotes":""},"categories":[110,10],"tags":[742,23,68],"sport":[],"saison":[],"class_list":["post-579659","post","type-post","status-publish","format-standard","has-post-thumbnail","hentry","category-actualite-nba","category-nba","tag-joel-embiid","tag-nba-tag","tag-stephen-curry"],"acf":[],"yoast_head":"<!-- This site is optimized with the Yoast SEO plugin v24.2 - https:\/\/yoast.com\/wordpress\/plugins\/seo\/ -->\n<title>Stephen Curry vote Jo&euml;l Embiid pour le titre de MVP - The Playoffs FR<\/title>\n<meta name=\"robots\" content=\"index, follow, max-snippet:-1, max-image-preview:large, max-video-preview:-1\" \/>\n<link rel=\"canonical\" href=\"https:\/\/theplayoffs.news\/fr\/actualite-nba\/curry-vote-embiid-titre-mvp\/\" \/>\n<meta property=\"og:locale\" content=\"fr_FR\" \/>\n<meta property=\"og:type\" content=\"article\" \/>\n<meta property=\"og:title\" content=\"Stephen Curry vote Jo&euml;l Embiid pour le titre de MVP - The Playoffs FR\" \/>\n<meta property=\"og:url\" content=\"https:\/\/theplayoffs.news\/fr\/actualite-nba\/curry-vote-embiid-titre-mvp\/\" \/>\n<meta property=\"og:site_name\" content=\"The Playoffs FR\" \/>\n<meta property=\"article:publisher\" content=\"https:\/\/www.facebook.com\/TheFreeAgentFR\/\" \/>\n<meta property=\"article:modified_time\" content=\"2023-04-04T11:35:00+02:00\" \/>\n<meta property=\"og:image\" content=\"https:\/\/theplayoffs.news\/fr\/wp-content\/uploads\/2023\/04\/curry-embiid.jpg\" \/>\n\t<meta property=\"og:image:width\" content=\"680\" \/>\n\t<meta property=\"og:image:height\" content=\"416\" \/>\n\t<meta property=\"og:image:type\" content=\"image\/jpeg\" \/>\n<meta name=\"author\" content=\"Evan Glomot\" \/>\n<meta name=\"twitter:card\" content=\"summary_large_image\" \/>\n<meta name=\"twitter:creator\" content=\"@TheFreeAgentFR\" \/>\n<meta name=\"twitter:site\" content=\"@TheFreeAgentFR\" \/>\n<meta name=\"twitter:label1\" content=\"\u00c9crit par\" \/>\n\t<meta name=\"twitter:data1\" content=\"Evan Glomot\" \/>\n\t<meta name=\"twitter:label2\" content=\"Dur\u00e9e de lecture estim\u00e9e\" \/>\n\t<meta name=\"twitter:data2\" content=\"1 minute\" \/>\n<script type=\"application\/ld+json\" class=\"yoast-schema-graph\">{\"@context\":\"https:\/\/schema.org\",\"@graph\":[{\"@type\":\"WebPage\",\"@id\":\"https:\/\/theplayoffs.news\/fr\/actualite-nba\/curry-vote-embiid-titre-mvp\/\",\"url\":\"https:\/\/theplayoffs.news\/fr\/actualite-nba\/curry-vote-embiid-titre-mvp\/\",\"name\":\"Stephen Curry vote Jo\u00ebl Embiid pour le titre de MVP - The Playoffs FR\",\"isPartOf\":{\"@id\":\"https:\/\/theplayoffs.news\/fr\/#website\"},\"primaryImageOfPage\":{\"@id\":\"https:\/\/theplayoffs.news\/fr\/actualite-nba\/curry-vote-embiid-titre-mvp\/#primaryimage\"},\"image\":{\"@id\":\"https:\/\/theplayoffs.news\/fr\/actualite-nba\/curry-vote-embiid-titre-mvp\/#primaryimage\"},\"thumbnailUrl\":\"https:\/\/theplayoffs.news\/fr\/wp-content\/uploads\/2023\/04\/curry-embiid.jpg\",\"datePublished\":\"2023-04-04T09:34:59+00:00\",\"dateModified\":\"2023-04-04T09:35:00+00:00\",\"author\":{\"@id\":\"https:\/\/theplayoffs.news\/fr\/#\/schema\/person\/efcb1404f7c790a161fdc0aa29e81646\"},\"breadcrumb\":{\"@id\":\"https:\/\/theplayoffs.news\/fr\/actualite-nba\/curry-vote-embiid-titre-mvp\/#breadcrumb\"},\"inLanguage\":\"fr-FR\",\"potentialAction\":[{\"@type\":\"ReadAction\",\"target\":[\"https:\/\/theplayoffs.news\/fr\/actualite-nba\/curry-vote-embiid-titre-mvp\/\"]}]},{\"@type\":\"ImageObject\",\"inLanguage\":\"fr-FR\",\"@id\":\"https:\/\/theplayoffs.news\/fr\/actualite-nba\/curry-vote-embiid-titre-mvp\/#primaryimage\",\"url\":\"https:\/\/theplayoffs.news\/fr\/wp-content\/uploads\/2023\/04\/curry-embiid.jpg\",\"contentUrl\":\"https:\/\/theplayoffs.news\/fr\/wp-content\/uploads\/2023\/04\/curry-embiid.jpg\",\"width\":680,\"height\":416,\"caption\":\"curry\"},{\"@type\":\"BreadcrumbList\",\"@id\":\"https:\/\/theplayoffs.news\/fr\/actualite-nba\/curry-vote-embiid-titre-mvp\/#breadcrumb\",\"itemListElement\":[{\"@type\":\"ListItem\",\"position\":1,\"name\":\"Accueil\",\"item\":\"https:\/\/theplayoffs.news\/fr\/\"},{\"@type\":\"ListItem\",\"position\":2,\"name\":\"Stephen Curry vote Jo\u00ebl Embiid pour le titre de MVP\"}]},{\"@type\":\"WebSite\",\"@id\":\"https:\/\/theplayoffs.news\/fr\/#website\",\"url\":\"https:\/\/theplayoffs.news\/fr\/\",\"name\":\"The Playoffs FR\",\"description\":\"NBA-NFL-NHL-MLB\",\"potentialAction\":[{\"@type\":\"SearchAction\",\"target\":{\"@type\":\"EntryPoint\",\"urlTemplate\":\"https:\/\/theplayoffs.news\/fr\/?s={search_term_string}\"},\"query-input\":{\"@type\":\"PropertyValueSpecification\",\"valueRequired\":true,\"valueName\":\"search_term_string\"}}],\"inLanguage\":\"fr-FR\"},{\"@type\":\"Person\",\"@id\":\"https:\/\/theplayoffs.news\/fr\/#\/schema\/person\/efcb1404f7c790a161fdc0aa29e81646\",\"name\":\"Evan Glomot\",\"image\":{\"@type\":\"ImageObject\",\"inLanguage\":\"fr-FR\",\"@id\":\"https:\/\/theplayoffs.news\/fr\/#\/schema\/person\/image\/\",\"url\":\"https:\/\/secure.gravatar.com\/avatar\/93e18dce985a4dfed140ef5ef5ecc82be40a165cbb4838e421f46abb52b7c315?s=96&d=mm&r=g\",\"contentUrl\":\"https:\/\/secure.gravatar.com\/avatar\/93e18dce985a4dfed140ef5ef5ecc82be40a165cbb4838e421f46abb52b7c315?s=96&d=mm&r=g\",\"caption\":\"Evan Glomot\"},\"url\":\"https:\/\/theplayoffs.news\/fr\/author\/evanglomotgmail-com\/\"}]}<\/script>\n<!-- \/ Yoast SEO plugin. -->","yoast_head_json":{"title":"Stephen Curry vote Jo&euml;l Embiid pour le titre de MVP - The Playoffs FR","robots":{"index":"index","follow":"follow","max-snippet":"max-snippet:-1","max-image-preview":"max-image-preview:large","max-video-preview":"max-video-preview:-1"},"canonical":"https:\/\/theplayoffs.news\/fr\/actualite-nba\/curry-vote-embiid-titre-mvp\/","og_locale":"fr_FR","og_type":"article","og_title":"Stephen Curry vote Jo&euml;l Embiid pour le titre de MVP - The Playoffs FR","og_url":"https:\/\/theplayoffs.news\/fr\/actualite-nba\/curry-vote-embiid-titre-mvp\/","og_site_name":"The Playoffs FR","article_publisher":"https:\/\/www.facebook.com\/TheFreeAgentFR\/","article_modified_time":"2023-04-04T09:35:00+00:00","og_image":[{"width":680,"height":416,"url":"https:\/\/theplayoffs.news\/fr\/wp-content\/uploads\/2023\/04\/curry-embiid.jpg","type":"image\/jpeg"}],"author":"Evan Glomot","twitter_card":"summary_large_image","twitter_creator":"@TheFreeAgentFR","twitter_site":"@TheFreeAgentFR","twitter_misc":{"\u00c9crit par":"Evan Glomot","Dur\u00e9e de lecture estim\u00e9e":"1 minute"},"schema":{"@context":"https:\/\/schema.org","@graph":[{"@type":"WebPage","@id":"https:\/\/theplayoffs.news\/fr\/actualite-nba\/curry-vote-embiid-titre-mvp\/","url":"https:\/\/theplayoffs.news\/fr\/actualite-nba\/curry-vote-embiid-titre-mvp\/","name":"Stephen Curry vote Jo\u00ebl Embiid pour le titre de MVP - The Playoffs FR","isPartOf":{"@id":"https:\/\/theplayoffs.news\/fr\/#website"},"primaryImageOfPage":{"@id":"https:\/\/theplayoffs.news\/fr\/actualite-nba\/curry-vote-embiid-titre-mvp\/#primaryimage"},"image":{"@id":"https:\/\/theplayoffs.news\/fr\/actualite-nba\/curry-vote-embiid-titre-mvp\/#primaryimage"},"thumbnailUrl":"https:\/\/theplayoffs.news\/fr\/wp-content\/uploads\/2023\/04\/curry-embiid.jpg","datePublished":"2023-04-04T09:34:59+00:00","dateModified":"2023-04-04T09:35:00+00:00","author":{"@id":"https:\/\/theplayoffs.news\/fr\/#\/schema\/person\/efcb1404f7c790a161fdc0aa29e81646"},"breadcrumb":{"@id":"https:\/\/theplayoffs.news\/fr\/actualite-nba\/curry-vote-embiid-titre-mvp\/#breadcrumb"},"inLanguage":"fr-FR","potentialAction":[{"@type":"ReadAction","target":["https:\/\/theplayoffs.news\/fr\/actualite-nba\/curry-vote-embiid-titre-mvp\/"]}]},{"@type":"ImageObject","inLanguage":"fr-FR","@id":"https:\/\/theplayoffs.news\/fr\/actualite-nba\/curry-vote-embiid-titre-mvp\/#primaryimage","url":"https:\/\/theplayoffs.news\/fr\/wp-content\/uploads\/2023\/04\/curry-embiid.jpg","contentUrl":"https:\/\/theplayoffs.news\/fr\/wp-content\/uploads\/2023\/04\/curry-embiid.jpg","width":680,"height":416,"caption":"curry"},{"@type":"BreadcrumbList","@id":"https:\/\/theplayoffs.news\/fr\/actualite-nba\/curry-vote-embiid-titre-mvp\/#breadcrumb","itemListElement":[{"@type":"ListItem","position":1,"name":"Accueil","item":"https:\/\/theplayoffs.news\/fr\/"},{"@type":"ListItem","position":2,"name":"Stephen Curry vote Jo\u00ebl Embiid pour le titre de MVP"}]},{"@type":"WebSite","@id":"https:\/\/theplayoffs.news\/fr\/#website","url":"https:\/\/theplayoffs.news\/fr\/","name":"The Playoffs FR","description":"NBA-NFL-NHL-MLB","potentialAction":[{"@type":"SearchAction","target":{"@type":"EntryPoint","urlTemplate":"https:\/\/theplayoffs.news\/fr\/?s={search_term_string}"},"query-input":{"@type":"PropertyValueSpecification","valueRequired":true,"valueName":"search_term_string"}}],"inLanguage":"fr-FR"},{"@type":"Person","@id":"https:\/\/theplayoffs.news\/fr\/#\/schema\/person\/efcb1404f7c790a161fdc0aa29e81646","name":"Evan Glomot","image":{"@type":"ImageObject","inLanguage":"fr-FR","@id":"https:\/\/theplayoffs.news\/fr\/#\/schema\/person\/image\/","url":"https:\/\/secure.gravatar.com\/avatar\/93e18dce985a4dfed140ef5ef5ecc82be40a165cbb4838e421f46abb52b7c315?s=96&d=mm&r=g","contentUrl":"https:\/\/secure.gravatar.com\/avatar\/93e18dce985a4dfed140ef5ef5ecc82be40a165cbb4838e421f46abb52b7c315?s=96&d=mm&r=g","caption":"Evan Glomot"},"url":"https:\/\/theplayoffs.news\/fr\/author\/evanglomotgmail-com\/"}]}},"_links":{"self":[{"href":"https:\/\/theplayoffs.news\/fr\/wp-json\/wp\/v2\/posts\/579659","targetHints":{"allow":["GET"]}}],"collection":[{"href":"https:\/\/theplayoffs.news\/fr\/wp-json\/wp\/v2\/posts"}],"about":[{"href":"https:\/\/theplayoffs.news\/fr\/wp-json\/wp\/v2\/types\/post"}],"author":[{"embeddable":true,"href":"https:\/\/theplayoffs.news\/fr\/wp-json\/wp\/v2\/users\/180310144"}],"replies":[{"embeddable":true,"href":"https:\/\/theplayoffs.news\/fr\/wp-json\/wp\/v2\/comments?post=579659"}],"version-history":[{"count":2,"href":"https:\/\/theplayoffs.news\/fr\/wp-json\/wp\/v2\/posts\/579659\/revisions"}],"predecessor-version":[{"id":579673,"href":"https:\/\/theplayoffs.news\/fr\/wp-json\/wp\/v2\/posts\/579659\/revisions\/579673"}],"wp:featuredmedia":[{"embeddable":true,"href":"https:\/\/theplayoffs.news\/fr\/wp-json\/wp\/v2\/media\/579666"}],"wp:attachment":[{"href":"https:\/\/theplayoffs.news\/fr\/wp-json\/wp\/v2\/media?parent=579659"}],"wp:term":[{"taxonomy":"category","embeddable":true,"href":"https:\/\/theplayoffs.news\/fr\/wp-json\/wp\/v2\/categories?post=579659"},{"taxonomy":"post_tag","embeddable":true,"href":"https:\/\/theplayoffs.news\/fr\/wp-json\/wp\/v2\/tags?post=579659"},{"taxonomy":"sport","embeddable":true,"href":"https:\/\/theplayoffs.news\/fr\/wp-json\/wp\/v2\/sport?post=579659"},{"taxonomy":"saison","embeddable":true,"href":"https:\/\/theplayoffs.news\/fr\/wp-json\/wp\/v2\/saison?post=579659"}],"curies":[{"name":"wp","href":"https:\/\/api.w.org\/{rel}","templated":true}]}}