{"id":578737,"date":"2023-04-01T07:30:27","date_gmt":"2023-04-01T05:30:27","guid":{"rendered":"https:\/\/theplayoffs.news\/fr\/?p=578737"},"modified":"2023-04-01T07:32:05","modified_gmt":"2023-04-01T05:32:05","slug":"lamarcus-aldridge-prend-sa-retraite-2","status":"publish","type":"post","link":"https:\/\/theplayoffs.news\/fr\/actualite-nba\/lamarcus-aldridge-prend-sa-retraite-2\/","title":{"rendered":"LaMarcus Aldridge prend sa retraite \u00e0 37 ans"},"content":{"rendered":"<h2>Clap de fin d&eacute;finitif pour LaMarcus Aldridge<\/h2><p>&nbsp;<\/p><p><span id=\"p34\">LaMarcus Aldridge,37 ans, met un terme pour de bons &agrave; sa carri&egrave;re de joueur NBA.<\/span><span id=\"p1\">&nbsp;Il avait d&eacute;j&agrave; pris une premi&egrave;re retraite en 2021 suite &agrave; la <a href=\"https:\/\/theplayoffs.news\/fr\/nba-basketball\/lamarcus-aldridge-sengage-avec-les-nets\/\" class=\"trk-cta-link\" data-cta-trk='{\"ctaType\":\"Link\",\"ctaSubType\":\"main\"}'>d&eacute;tection de probl&egrave;mes cardiaques<\/a>.<\/span><span id=\"p2\">&nbsp;Suite &agrave; une op&eacute;ration, il est sorti de sa retraite pour une derni&egrave;re exp&eacute;rience aux Brooklyn Nets.<\/span><\/p><p><span id=\"p35\">Il est un joueur embl&eacute;matique des Portland Trail Blazers&nbsp;<span id=\"36\" class=\"s-rg-t\">qui le draft en 2e position en 2006<\/span>.<\/span><span id=\"p5\">&nbsp;Il forme avec Brandon Roy et Nicolas&nbsp;<span id=\"26\" class=\"s-rg-t\">Batum<\/span>&nbsp;une &eacute;quipe importante de la conf&eacute;rence Ouest.<\/span><span id=\"p6\">&nbsp;L&rsquo;incapacit&eacute; de l&rsquo;&eacute;quipe,&nbsp;min&eacute;e&nbsp;par les&nbsp;blessures&nbsp;de Roy, &agrave; atteindre les finales NBA entra&icirc;ne en 2015&nbsp;<span id=\"29\" class=\"s-rg-t\">un changement<\/span>&nbsp;de strat&eacute;gie de Portland.<\/span><span id=\"p7\">&nbsp;<\/span><\/p><p><a href=\"https:\/\/www.statmuse.com\/nba\/player\/lamarcus-aldridge-38\" class=\"trk-cta-link\" data-cta-trk='{\"ctaType\":\"Link\",\"ctaSubType\":\"main\"}'><span id=\"30\" class=\"s-rg-t\">LaMarcus<\/span>&nbsp;<span id=\"31\" class=\"s-rg-t\">Aldridge<\/span><\/a>&nbsp;signe un gros contrat aux&nbsp;<span id=\"32\" class=\"s-rg-t\">San Antonio<\/span>&nbsp;Spurs de 80 millions de dollars sur quatre ans.<span id=\"p37\">&nbsp;En 2017, il prolonge pour trois ans.<\/span><span id=\"p9\"><\/span><\/p><p><span id=\"p10\">Les r&eacute;sultats ne sont pas l&agrave; et le joueur n&eacute;gocie son d&eacute;part en cours de saison 2021 avant de s&rsquo;engager avec les Brooklyn Nets.<\/span><span id=\"p11\">&nbsp;L&rsquo;aventure tourne court et &agrave; l&rsquo;issue de la saison 2022, le joueur est sans franchise.<\/span><\/p><p><span id=\"p12\">Il est&nbsp;<span id=\"20\" class=\"s-rg-t\">All<\/span>&nbsp;Star &agrave; 7 reprises en huis saison de 2012 &agrave; 2019.<\/span><span id=\"p13\">&nbsp;Il est absent en 2017.<\/span><span id=\"p14\">&nbsp;Ses statistiques en carri&egrave;re sont de 19,1 points par match, 8,1 rebonds, 1,9&nbsp;<span id=\"21\" class=\"s-rg-t\">passes<\/span>&nbsp;et 1,1 contre.<\/span><span id=\"p15\"><\/span><\/p><p><span id=\"p16\">Il est le meilleur&nbsp;<span id=\"22\" class=\"s-rg-t\">rebondeur<\/span>&nbsp;des Portland Trail Blazers.<\/span><\/p><p><span id=\"p17\">Le joueur marque son&nbsp;&eacute;poque, mais&nbsp;son absence de titre NBA n&rsquo;en fait pas un candidat au Hall of&nbsp;<span id=\"24\" class=\"s-rg-t\">Fame<\/span>.<\/span><span id=\"p18\">&nbsp;Des surprises peuvent se produire.<\/span><\/p><p>&nbsp;<\/p><blockquote class=\"twitter-tweet\" data-width=\"500\" data-dnt=\"true\">\n<p lang=\"en\" dir=\"ltr\">After 16 NBA seasons, LaMarcus Aldridge announces he has retired from basketball. Aldridge was a seven-time NBA All-Star and played for Portland, San Antonio and Brooklyn after going No. 2 in the 2006 NBA Draft.<\/p>\n<p>&mdash; Shams Charania (@ShamsCharania) <a href=\"https:\/\/twitter.com\/ShamsCharania\/status\/1641852425605611541?ref_src=twsrc%5Etfw\" class=\"trk-cta-link\" data-cta-trk='{\"ctaType\":\"Link\",\"ctaSubType\":\"main\"}'>March 31, 2023<\/a><\/p><\/blockquote><p><script async src=\"https:\/\/platform.twitter.com\/widgets.js\" charset=\"utf-8\"><\/script><\/p>\n","protected":false},"excerpt":{"rendered":"","protected":false},"author":180309821,"featured_media":300038,"comment_status":"open","ping_status":"closed","sticky":false,"template":"","format":"standard","meta":{"inline_featured_image":false,"kia_subtitle":"","_mux_skip_reasons":[],"proofreadBy":0,"footnotes":""},"categories":[110,10],"tags":[499,2209,1382,131],"sport":[2783],"saison":[3453],"class_list":["post-578737","post","type-post","status-publish","format-standard","has-post-thumbnail","hentry","category-actualite-nba","category-nba","tag-brooklyn-nets","tag-lamarcus-aldrige","tag-portland-trail-blazers","tag-san-antonio-spurs","sport-nba","saison-3453"],"acf":[],"yoast_head":"<!-- This site is optimized with the Yoast SEO plugin v24.2 - https:\/\/yoast.com\/wordpress\/plugins\/seo\/ -->\n<title>LaMarcus Aldridge prend sa retraite &agrave; 37 ans - The Playoffs FR<\/title>\n<meta name=\"robots\" content=\"index, follow, max-snippet:-1, max-image-preview:large, max-video-preview:-1\" \/>\n<link rel=\"canonical\" href=\"https:\/\/theplayoffs.news\/fr\/actualite-nba\/lamarcus-aldridge-prend-sa-retraite-2\/\" \/>\n<meta property=\"og:locale\" content=\"fr_FR\" \/>\n<meta property=\"og:type\" content=\"article\" \/>\n<meta property=\"og:title\" content=\"LaMarcus Aldridge prend sa retraite &agrave; 37 ans - The Playoffs FR\" \/>\n<meta property=\"og:url\" content=\"https:\/\/theplayoffs.news\/fr\/actualite-nba\/lamarcus-aldridge-prend-sa-retraite-2\/\" \/>\n<meta property=\"og:site_name\" content=\"The Playoffs FR\" \/>\n<meta property=\"article:publisher\" content=\"https:\/\/www.facebook.com\/TheFreeAgentFR\/\" \/>\n<meta property=\"article:modified_time\" content=\"2023-04-01T07:32:05+02:00\" \/>\n<meta property=\"og:image\" content=\"https:\/\/theplayoffs.news\/fr\/wp-content\/uploads\/2021\/04\/LaMarcus-Aldrige.jpg\" \/>\n\t<meta property=\"og:image:width\" content=\"1200\" \/>\n\t<meta property=\"og:image:height\" content=\"675\" \/>\n\t<meta property=\"og:image:type\" content=\"image\/jpeg\" \/>\n<meta name=\"author\" content=\"Maxime Le Gorjus\" \/>\n<meta name=\"twitter:card\" content=\"summary_large_image\" \/>\n<meta name=\"twitter:creator\" content=\"@TheFreeAgentFR\" \/>\n<meta name=\"twitter:site\" content=\"@TheFreeAgentFR\" \/>\n<meta name=\"twitter:label1\" content=\"\u00c9crit par\" \/>\n\t<meta name=\"twitter:data1\" content=\"Maxime Le Gorjus\" \/>\n\t<meta name=\"twitter:label2\" content=\"Dur\u00e9e de lecture estim\u00e9e\" \/>\n\t<meta name=\"twitter:data2\" content=\"1 minute\" \/>\n<script type=\"application\/ld+json\" class=\"yoast-schema-graph\">{\"@context\":\"https:\/\/schema.org\",\"@graph\":[{\"@type\":\"WebPage\",\"@id\":\"https:\/\/theplayoffs.news\/fr\/actualite-nba\/lamarcus-aldridge-prend-sa-retraite-2\/\",\"url\":\"https:\/\/theplayoffs.news\/fr\/actualite-nba\/lamarcus-aldridge-prend-sa-retraite-2\/\",\"name\":\"LaMarcus Aldridge prend sa retraite \u00e0 37 ans - The Playoffs FR\",\"isPartOf\":{\"@id\":\"https:\/\/theplayoffs.news\/fr\/#website\"},\"primaryImageOfPage\":{\"@id\":\"https:\/\/theplayoffs.news\/fr\/actualite-nba\/lamarcus-aldridge-prend-sa-retraite-2\/#primaryimage\"},\"image\":{\"@id\":\"https:\/\/theplayoffs.news\/fr\/actualite-nba\/lamarcus-aldridge-prend-sa-retraite-2\/#primaryimage\"},\"thumbnailUrl\":\"https:\/\/theplayoffs.news\/fr\/wp-content\/uploads\/2021\/04\/LaMarcus-Aldrige.jpg\",\"datePublished\":\"2023-04-01T05:30:27+00:00\",\"dateModified\":\"2023-04-01T05:32:05+00:00\",\"author\":{\"@id\":\"https:\/\/theplayoffs.news\/fr\/#\/schema\/person\/e71dc12410195fc77183dda929d3a10c\"},\"breadcrumb\":{\"@id\":\"https:\/\/theplayoffs.news\/fr\/actualite-nba\/lamarcus-aldridge-prend-sa-retraite-2\/#breadcrumb\"},\"inLanguage\":\"fr-FR\",\"potentialAction\":[{\"@type\":\"ReadAction\",\"target\":[\"https:\/\/theplayoffs.news\/fr\/actualite-nba\/lamarcus-aldridge-prend-sa-retraite-2\/\"]}]},{\"@type\":\"ImageObject\",\"inLanguage\":\"fr-FR\",\"@id\":\"https:\/\/theplayoffs.news\/fr\/actualite-nba\/lamarcus-aldridge-prend-sa-retraite-2\/#primaryimage\",\"url\":\"https:\/\/theplayoffs.news\/fr\/wp-content\/uploads\/2021\/04\/LaMarcus-Aldrige.jpg\",\"contentUrl\":\"https:\/\/theplayoffs.news\/fr\/wp-content\/uploads\/2021\/04\/LaMarcus-Aldrige.jpg\",\"width\":1200,\"height\":675,\"caption\":\"LaMarcus Aldridge\"},{\"@type\":\"BreadcrumbList\",\"@id\":\"https:\/\/theplayoffs.news\/fr\/actualite-nba\/lamarcus-aldridge-prend-sa-retraite-2\/#breadcrumb\",\"itemListElement\":[{\"@type\":\"ListItem\",\"position\":1,\"name\":\"Accueil\",\"item\":\"https:\/\/theplayoffs.news\/fr\/\"},{\"@type\":\"ListItem\",\"position\":2,\"name\":\"LaMarcus Aldridge prend sa retraite \u00e0 37 ans\"}]},{\"@type\":\"WebSite\",\"@id\":\"https:\/\/theplayoffs.news\/fr\/#website\",\"url\":\"https:\/\/theplayoffs.news\/fr\/\",\"name\":\"The Playoffs FR\",\"description\":\"NBA-NFL-NHL-MLB\",\"potentialAction\":[{\"@type\":\"SearchAction\",\"target\":{\"@type\":\"EntryPoint\",\"urlTemplate\":\"https:\/\/theplayoffs.news\/fr\/?s={search_term_string}\"},\"query-input\":{\"@type\":\"PropertyValueSpecification\",\"valueRequired\":true,\"valueName\":\"search_term_string\"}}],\"inLanguage\":\"fr-FR\"},{\"@type\":\"Person\",\"@id\":\"https:\/\/theplayoffs.news\/fr\/#\/schema\/person\/e71dc12410195fc77183dda929d3a10c\",\"name\":\"Maxime Le Gorjus\",\"image\":{\"@type\":\"ImageObject\",\"inLanguage\":\"fr-FR\",\"@id\":\"https:\/\/theplayoffs.news\/fr\/#\/schema\/person\/image\/\",\"url\":\"https:\/\/secure.gravatar.com\/avatar\/e9d907366de9735d771ce06fa32e62740f99d507b84a46e08ed7e5e05c120b42?s=96&d=mm&r=g\",\"contentUrl\":\"https:\/\/secure.gravatar.com\/avatar\/e9d907366de9735d771ce06fa32e62740f99d507b84a46e08ed7e5e05c120b42?s=96&d=mm&r=g\",\"caption\":\"Maxime Le Gorjus\"},\"url\":\"https:\/\/theplayoffs.news\/fr\/author\/maximelegorjus\/\"}]}<\/script>\n<!-- \/ Yoast SEO plugin. -->","yoast_head_json":{"title":"LaMarcus Aldridge prend sa retraite &agrave; 37 ans - The Playoffs FR","robots":{"index":"index","follow":"follow","max-snippet":"max-snippet:-1","max-image-preview":"max-image-preview:large","max-video-preview":"max-video-preview:-1"},"canonical":"https:\/\/theplayoffs.news\/fr\/actualite-nba\/lamarcus-aldridge-prend-sa-retraite-2\/","og_locale":"fr_FR","og_type":"article","og_title":"LaMarcus Aldridge prend sa retraite &agrave; 37 ans - The Playoffs FR","og_url":"https:\/\/theplayoffs.news\/fr\/actualite-nba\/lamarcus-aldridge-prend-sa-retraite-2\/","og_site_name":"The Playoffs FR","article_publisher":"https:\/\/www.facebook.com\/TheFreeAgentFR\/","article_modified_time":"2023-04-01T05:32:05+00:00","og_image":[{"width":1200,"height":675,"url":"https:\/\/theplayoffs.news\/fr\/wp-content\/uploads\/2021\/04\/LaMarcus-Aldrige.jpg","type":"image\/jpeg"}],"author":"Maxime Le Gorjus","twitter_card":"summary_large_image","twitter_creator":"@TheFreeAgentFR","twitter_site":"@TheFreeAgentFR","twitter_misc":{"\u00c9crit par":"Maxime Le Gorjus","Dur\u00e9e de lecture estim\u00e9e":"1 minute"},"schema":{"@context":"https:\/\/schema.org","@graph":[{"@type":"WebPage","@id":"https:\/\/theplayoffs.news\/fr\/actualite-nba\/lamarcus-aldridge-prend-sa-retraite-2\/","url":"https:\/\/theplayoffs.news\/fr\/actualite-nba\/lamarcus-aldridge-prend-sa-retraite-2\/","name":"LaMarcus Aldridge prend sa retraite \u00e0 37 ans - The Playoffs FR","isPartOf":{"@id":"https:\/\/theplayoffs.news\/fr\/#website"},"primaryImageOfPage":{"@id":"https:\/\/theplayoffs.news\/fr\/actualite-nba\/lamarcus-aldridge-prend-sa-retraite-2\/#primaryimage"},"image":{"@id":"https:\/\/theplayoffs.news\/fr\/actualite-nba\/lamarcus-aldridge-prend-sa-retraite-2\/#primaryimage"},"thumbnailUrl":"https:\/\/theplayoffs.news\/fr\/wp-content\/uploads\/2021\/04\/LaMarcus-Aldrige.jpg","datePublished":"2023-04-01T05:30:27+00:00","dateModified":"2023-04-01T05:32:05+00:00","author":{"@id":"https:\/\/theplayoffs.news\/fr\/#\/schema\/person\/e71dc12410195fc77183dda929d3a10c"},"breadcrumb":{"@id":"https:\/\/theplayoffs.news\/fr\/actualite-nba\/lamarcus-aldridge-prend-sa-retraite-2\/#breadcrumb"},"inLanguage":"fr-FR","potentialAction":[{"@type":"ReadAction","target":["https:\/\/theplayoffs.news\/fr\/actualite-nba\/lamarcus-aldridge-prend-sa-retraite-2\/"]}]},{"@type":"ImageObject","inLanguage":"fr-FR","@id":"https:\/\/theplayoffs.news\/fr\/actualite-nba\/lamarcus-aldridge-prend-sa-retraite-2\/#primaryimage","url":"https:\/\/theplayoffs.news\/fr\/wp-content\/uploads\/2021\/04\/LaMarcus-Aldrige.jpg","contentUrl":"https:\/\/theplayoffs.news\/fr\/wp-content\/uploads\/2021\/04\/LaMarcus-Aldrige.jpg","width":1200,"height":675,"caption":"LaMarcus Aldridge"},{"@type":"BreadcrumbList","@id":"https:\/\/theplayoffs.news\/fr\/actualite-nba\/lamarcus-aldridge-prend-sa-retraite-2\/#breadcrumb","itemListElement":[{"@type":"ListItem","position":1,"name":"Accueil","item":"https:\/\/theplayoffs.news\/fr\/"},{"@type":"ListItem","position":2,"name":"LaMarcus Aldridge prend sa retraite \u00e0 37 ans"}]},{"@type":"WebSite","@id":"https:\/\/theplayoffs.news\/fr\/#website","url":"https:\/\/theplayoffs.news\/fr\/","name":"The Playoffs FR","description":"NBA-NFL-NHL-MLB","potentialAction":[{"@type":"SearchAction","target":{"@type":"EntryPoint","urlTemplate":"https:\/\/theplayoffs.news\/fr\/?s={search_term_string}"},"query-input":{"@type":"PropertyValueSpecification","valueRequired":true,"valueName":"search_term_string"}}],"inLanguage":"fr-FR"},{"@type":"Person","@id":"https:\/\/theplayoffs.news\/fr\/#\/schema\/person\/e71dc12410195fc77183dda929d3a10c","name":"Maxime Le Gorjus","image":{"@type":"ImageObject","inLanguage":"fr-FR","@id":"https:\/\/theplayoffs.news\/fr\/#\/schema\/person\/image\/","url":"https:\/\/secure.gravatar.com\/avatar\/e9d907366de9735d771ce06fa32e62740f99d507b84a46e08ed7e5e05c120b42?s=96&d=mm&r=g","contentUrl":"https:\/\/secure.gravatar.com\/avatar\/e9d907366de9735d771ce06fa32e62740f99d507b84a46e08ed7e5e05c120b42?s=96&d=mm&r=g","caption":"Maxime Le Gorjus"},"url":"https:\/\/theplayoffs.news\/fr\/author\/maximelegorjus\/"}]}},"_links":{"self":[{"href":"https:\/\/theplayoffs.news\/fr\/wp-json\/wp\/v2\/posts\/578737","targetHints":{"allow":["GET"]}}],"collection":[{"href":"https:\/\/theplayoffs.news\/fr\/wp-json\/wp\/v2\/posts"}],"about":[{"href":"https:\/\/theplayoffs.news\/fr\/wp-json\/wp\/v2\/types\/post"}],"author":[{"embeddable":true,"href":"https:\/\/theplayoffs.news\/fr\/wp-json\/wp\/v2\/users\/180309821"}],"replies":[{"embeddable":true,"href":"https:\/\/theplayoffs.news\/fr\/wp-json\/wp\/v2\/comments?post=578737"}],"version-history":[{"count":3,"href":"https:\/\/theplayoffs.news\/fr\/wp-json\/wp\/v2\/posts\/578737\/revisions"}],"predecessor-version":[{"id":578979,"href":"https:\/\/theplayoffs.news\/fr\/wp-json\/wp\/v2\/posts\/578737\/revisions\/578979"}],"wp:featuredmedia":[{"embeddable":true,"href":"https:\/\/theplayoffs.news\/fr\/wp-json\/wp\/v2\/media\/300038"}],"wp:attachment":[{"href":"https:\/\/theplayoffs.news\/fr\/wp-json\/wp\/v2\/media?parent=578737"}],"wp:term":[{"taxonomy":"category","embeddable":true,"href":"https:\/\/theplayoffs.news\/fr\/wp-json\/wp\/v2\/categories?post=578737"},{"taxonomy":"post_tag","embeddable":true,"href":"https:\/\/theplayoffs.news\/fr\/wp-json\/wp\/v2\/tags?post=578737"},{"taxonomy":"sport","embeddable":true,"href":"https:\/\/theplayoffs.news\/fr\/wp-json\/wp\/v2\/sport?post=578737"},{"taxonomy":"saison","embeddable":true,"href":"https:\/\/theplayoffs.news\/fr\/wp-json\/wp\/v2\/saison?post=578737"}],"curies":[{"name":"wp","href":"https:\/\/api.w.org\/{rel}","templated":true}]}}