{"id":577779,"date":"2023-03-28T08:15:31","date_gmt":"2023-03-28T06:15:31","guid":{"rendered":"https:\/\/theplayoffs.news\/fr\/?p=577779"},"modified":"2023-03-28T08:16:05","modified_gmt":"2023-03-28T06:16:05","slug":"nico-hoerner-3-ans-de-plus-chez-les-chicago-cubs","status":"publish","type":"post","link":"https:\/\/theplayoffs.news\/fr\/actualite-mlb\/nico-hoerner-3-ans-de-plus-chez-les-chicago-cubs\/","title":{"rendered":"Nico Hoerner\u00a0: 3 ans de plus chez les Chicago Cubs !"},"content":{"rendered":"<p style=\"text-align: justify\"><a href=\"https:\/\/theplayoffs.news\/fr\/joueur\/nico-hoerner-mlb-82438\/\" class=\"trk-cta-link\" data-cta-trk='{\"ctaType\":\"Link\",\"ctaSubType\":\"main\"}'>Nico Hoerner<\/a> et les <a href=\"https:\/\/theplayoffs.news\/fr\/equipe\/chicago-cubs-mlb\/\" class=\"trk-cta-link\" data-cta-trk='{\"ctaType\":\"Link\",\"ctaSubType\":\"main\"}'>Chicago Cubs<\/a> ont trouv&eacute; un accord pour une extension de contrat de 3 ans et 35 millions de dollars.<\/p><blockquote class=\"twitter-tweet\" data-width=\"500\" data-dnt=\"true\">\n<p lang=\"en\" dir=\"ltr\">Second baseman Nico Hoerner and the Chicago Cubs are in agreement on a three-year, $35 million contract extension, sources tell ESPN. Deal buys out one year of free agency, but Hoerner still will hit the market at 29. Final two arbitration years priced ~$15M and FA year at ~$20M.<\/p>\n<p>&mdash; Jeff Passan (@JeffPassan) <a href=\"https:\/\/twitter.com\/JeffPassan\/status\/1640521089888428032?ref_src=twsrc%5Etfw\" class=\"trk-cta-link\" data-cta-trk='{\"ctaType\":\"Link\",\"ctaSubType\":\"main\"}'>March 28, 2023<\/a><\/p><\/blockquote><p><script async src=\"https:\/\/platform.twitter.com\/widgets.js\" charset=\"utf-8\"><\/script><\/p><h3 style=\"text-align: justify\">Nico Hoerner&nbsp;: la r&eacute;compense d&rsquo;une bonne saison<\/h3><p style=\"text-align: justify\">Nico Hoerner f&ucirc;t la bonne surprise dans une saison morose pour les Chicago Cubs. Ce dernier a termin&eacute; avec une jolie ligne de .281\/.327\/.410, 10 homeruns, et 55 points produits.<\/p><p style=\"text-align: justify\">D&eacute;fensivement, Nico Hoerner a montr&eacute; aussi qu&rsquo;il avait le niveau pour la grande ligue, commettant seulement 13 erreurs pour &nbsp;127 retraits et 58 double-jeu r&eacute;ussis.<\/p><p>&nbsp;<\/p><p>[cloudflare_stream_videoplayer idvid=&nbsp;&raquo;7715b41833f0f0a2676a26653e681ef0&Prime;]<\/p><p>&nbsp;<\/p><p style=\"text-align: justify\">Alors que son contrat lui permettait d&rsquo;&ecirc;tre agent libre en 2025, les Chicago Cubs ont d&eacute;cid&eacute; de passer &agrave; l&rsquo;action pour s&eacute;curiser la pr&eacute;sence de leur jeune joueur pour les 3 prochaines saisons.<\/p><p style=\"text-align: justify\">La franchise de l&rsquo;illinois va donc payer 15 millions d&rsquo;arbitrage pour les deux prochaines saisons et 20 millions pour la saison 2025.<\/p><h3 style=\"text-align: justify\">Nico Hoerner\/Dansby Swanson&nbsp;: un duo attendu<\/h3><p><img loading=\"lazy\" decoding=\"async\" class=\"alignnone wp-image-577782 size-full\" src=\"https:\/\/theplayoffs.news\/fr\/wp-content\/uploads\/2023\/03\/Dansby-Nico-hoerner.jpeg\" alt=\"Nico Hoerner\" width=\"1787\" height=\"1056\" srcset=\"https:\/\/theplayoffs.news\/fr\/wp-content\/uploads\/2023\/03\/Dansby-Nico-hoerner.jpeg 1787w, https:\/\/theplayoffs.news\/fr\/wp-content\/uploads\/2023\/03\/Dansby-Nico-hoerner-300x177.jpeg 300w, https:\/\/theplayoffs.news\/fr\/wp-content\/uploads\/2023\/03\/Dansby-Nico-hoerner-1030x609.jpeg 1030w, https:\/\/theplayoffs.news\/fr\/wp-content\/uploads\/2023\/03\/Dansby-Nico-hoerner-768x454.jpeg 768w, https:\/\/theplayoffs.news\/fr\/wp-content\/uploads\/2023\/03\/Dansby-Nico-hoerner-1536x908.jpeg 1536w, https:\/\/theplayoffs.news\/fr\/wp-content\/uploads\/2023\/03\/Dansby-Nico-hoerner-1500x886.jpeg 1500w, https:\/\/theplayoffs.news\/fr\/wp-content\/uploads\/2023\/03\/Dansby-Nico-hoerner-705x417.jpeg 705w, https:\/\/theplayoffs.news\/fr\/wp-content\/uploads\/2023\/03\/Dansby-Nico-hoerner-1320x780.jpeg 1320w\" sizes=\"auto, (max-width: 1787px) 100vw, 1787px\" \/><\/p><p style=\"text-align: justify\">L&rsquo;arriv&eacute;e cet hiver de Dansby Swanson en arr&ecirc;t-court a donc pouss&eacute; <a href=\"https:\/\/fr.wikipedia.org\/wiki\/David_Ross_(baseball)\" class=\"trk-cta-link\" data-cta-trk='{\"ctaType\":\"Link\",\"ctaSubType\":\"main\"}'>David Ross<\/a> &agrave; effectuer un ajustement en pla&ccedil;ant Nico Hoerner au poste de deuxi&egrave;me base. Un changement que ce dernier a bien pris au moment de la signature de Swanson.<\/p><blockquote><p>&laquo;&nbsp;Les Cubs ont &eacute;t&eacute; incroyable avec moi depuis le d&eacute;part que ce soit sur la communication ou sur la free agency en g&eacute;n&eacute;ral. Avant m&ecirc;me le d&eacute;but de la saison (2022) ils ont &eacute;t&eacute; clair &agrave; mon sujet, ils ont cru en moi pour jouer arr&ecirc;t-court, mais il y avait beaucoup de gros noms &agrave; ce poste sur le march&eacute;.&nbsp;&raquo; Nico Hoerner<\/p><\/blockquote><blockquote class=\"twitter-tweet\" data-width=\"500\" data-dnt=\"true\">\n<p lang=\"en\" dir=\"ltr\">Oh yeah, that's the stuff. <a href=\"https:\/\/t.co\/bqtXDm9AiY\" class=\"trk-cta-link\" data-cta-trk='{\"ctaType\":\"Link\",\"ctaSubType\":\"main\"}'>pic.twitter.com\/bqtXDm9AiY<\/a><\/p>\n<p>&mdash; Chicago Cubs (@Cubs) <a href=\"https:\/\/twitter.com\/Cubs\/status\/1629578003205464064?ref_src=twsrc%5Etfw\" class=\"trk-cta-link\" data-cta-trk='{\"ctaType\":\"Link\",\"ctaSubType\":\"main\"}'>February 25, 2023<\/a><\/p><\/blockquote><p><script async src=\"https:\/\/platform.twitter.com\/widgets.js\" charset=\"utf-8\"><\/script><\/p><p style=\"text-align: justify\">Le duo est attendu comme peut-&ecirc;tre la meilleure paire Arr&ecirc;t-court\/deuxi&egrave;me base de la National League, voir de la MLB. Les Chicago Cubs ont donc verrouill&eacute; leur jeune r&eacute;v&eacute;lation. Un suite logique dans leur qu&ecirc;te de reconstruction.<\/p><p style=\"text-align: justify\">M&ecirc;me si le cas Nico Hoerner n&rsquo;&eacute;tait pas le dossier le plus urgent, les dirigeants des Chicago Cubs n&rsquo;ont pas voulu prendre de risque avec ce dernier en lui offrant cette extension.<\/p><p>&nbsp;<\/p>\n","protected":false},"excerpt":{"rendered":"","protected":false},"author":180309823,"featured_media":577783,"comment_status":"open","ping_status":"closed","sticky":false,"template":"","format":"standard","meta":{"inline_featured_image":false,"kia_subtitle":"","_mux_skip_reasons":[],"proofreadBy":0,"footnotes":""},"categories":[188,9],"tags":[451,4908,3712,5738],"sport":[2786],"saison":[3453],"class_list":["post-577779","post","type-post","status-publish","format-standard","has-post-thumbnail","hentry","category-actualite-mlb","category-mlb","tag-chicago-cubs","tag-dansby-swanson","tag-david-ross","tag-nico-hoerner","sport-mlb","saison-3453"],"acf":[],"yoast_head":"<!-- This site is optimized with the Yoast SEO plugin v24.2 - https:\/\/yoast.com\/wordpress\/plugins\/seo\/ -->\n<title>Nico Hoerner&nbsp;: 3 ans de plus chez les Chicago Cubs ! - The Playoffs FR<\/title>\n<meta name=\"robots\" content=\"index, follow, max-snippet:-1, max-image-preview:large, max-video-preview:-1\" \/>\n<link rel=\"canonical\" href=\"https:\/\/theplayoffs.news\/fr\/actualite-mlb\/nico-hoerner-3-ans-de-plus-chez-les-chicago-cubs\/\" \/>\n<meta property=\"og:locale\" content=\"fr_FR\" \/>\n<meta property=\"og:type\" content=\"article\" \/>\n<meta property=\"og:title\" content=\"Nico Hoerner&nbsp;: 3 ans de plus chez les Chicago Cubs ! - The Playoffs FR\" \/>\n<meta property=\"og:url\" content=\"https:\/\/theplayoffs.news\/fr\/actualite-mlb\/nico-hoerner-3-ans-de-plus-chez-les-chicago-cubs\/\" \/>\n<meta property=\"og:site_name\" content=\"The Playoffs FR\" \/>\n<meta property=\"article:publisher\" content=\"https:\/\/www.facebook.com\/TheFreeAgentFR\/\" \/>\n<meta property=\"article:modified_time\" content=\"2023-03-28T08:16:05+02:00\" \/>\n<meta property=\"og:image\" content=\"https:\/\/theplayoffs.news\/fr\/wp-content\/uploads\/2023\/03\/Nico-Hoerner.jpg\" \/>\n\t<meta property=\"og:image:width\" content=\"1724\" \/>\n\t<meta property=\"og:image:height\" content=\"868\" \/>\n\t<meta property=\"og:image:type\" content=\"image\/jpeg\" \/>\n<meta name=\"author\" content=\"Nicolas Blanchard\" \/>\n<meta name=\"twitter:card\" content=\"summary_large_image\" \/>\n<meta name=\"twitter:creator\" content=\"@TheFreeAgentFR\" \/>\n<meta name=\"twitter:site\" content=\"@TheFreeAgentFR\" \/>\n<meta name=\"twitter:label1\" content=\"\u00c9crit par\" \/>\n\t<meta name=\"twitter:data1\" content=\"Nicolas Blanchard\" \/>\n\t<meta name=\"twitter:label2\" content=\"Dur\u00e9e de lecture estim\u00e9e\" \/>\n\t<meta name=\"twitter:data2\" content=\"2 minutes\" \/>\n<script type=\"application\/ld+json\" class=\"yoast-schema-graph\">{\"@context\":\"https:\/\/schema.org\",\"@graph\":[{\"@type\":\"WebPage\",\"@id\":\"https:\/\/theplayoffs.news\/fr\/actualite-mlb\/nico-hoerner-3-ans-de-plus-chez-les-chicago-cubs\/\",\"url\":\"https:\/\/theplayoffs.news\/fr\/actualite-mlb\/nico-hoerner-3-ans-de-plus-chez-les-chicago-cubs\/\",\"name\":\"Nico Hoerner\u00a0: 3 ans de plus chez les Chicago Cubs ! - The Playoffs FR\",\"isPartOf\":{\"@id\":\"https:\/\/theplayoffs.news\/fr\/#website\"},\"primaryImageOfPage\":{\"@id\":\"https:\/\/theplayoffs.news\/fr\/actualite-mlb\/nico-hoerner-3-ans-de-plus-chez-les-chicago-cubs\/#primaryimage\"},\"image\":{\"@id\":\"https:\/\/theplayoffs.news\/fr\/actualite-mlb\/nico-hoerner-3-ans-de-plus-chez-les-chicago-cubs\/#primaryimage\"},\"thumbnailUrl\":\"https:\/\/theplayoffs.news\/fr\/wp-content\/uploads\/2023\/03\/Nico-Hoerner.jpg\",\"datePublished\":\"2023-03-28T06:15:31+00:00\",\"dateModified\":\"2023-03-28T06:16:05+00:00\",\"author\":{\"@id\":\"https:\/\/theplayoffs.news\/fr\/#\/schema\/person\/940879031feb6d5e27cf3c6b69917900\"},\"breadcrumb\":{\"@id\":\"https:\/\/theplayoffs.news\/fr\/actualite-mlb\/nico-hoerner-3-ans-de-plus-chez-les-chicago-cubs\/#breadcrumb\"},\"inLanguage\":\"fr-FR\",\"potentialAction\":[{\"@type\":\"ReadAction\",\"target\":[\"https:\/\/theplayoffs.news\/fr\/actualite-mlb\/nico-hoerner-3-ans-de-plus-chez-les-chicago-cubs\/\"]}]},{\"@type\":\"ImageObject\",\"inLanguage\":\"fr-FR\",\"@id\":\"https:\/\/theplayoffs.news\/fr\/actualite-mlb\/nico-hoerner-3-ans-de-plus-chez-les-chicago-cubs\/#primaryimage\",\"url\":\"https:\/\/theplayoffs.news\/fr\/wp-content\/uploads\/2023\/03\/Nico-Hoerner.jpg\",\"contentUrl\":\"https:\/\/theplayoffs.news\/fr\/wp-content\/uploads\/2023\/03\/Nico-Hoerner.jpg\",\"width\":1724,\"height\":868},{\"@type\":\"BreadcrumbList\",\"@id\":\"https:\/\/theplayoffs.news\/fr\/actualite-mlb\/nico-hoerner-3-ans-de-plus-chez-les-chicago-cubs\/#breadcrumb\",\"itemListElement\":[{\"@type\":\"ListItem\",\"position\":1,\"name\":\"Accueil\",\"item\":\"https:\/\/theplayoffs.news\/fr\/\"},{\"@type\":\"ListItem\",\"position\":2,\"name\":\"Nico Hoerner\u00a0: 3 ans de plus chez les Chicago Cubs !\"}]},{\"@type\":\"WebSite\",\"@id\":\"https:\/\/theplayoffs.news\/fr\/#website\",\"url\":\"https:\/\/theplayoffs.news\/fr\/\",\"name\":\"The Playoffs FR\",\"description\":\"NBA-NFL-NHL-MLB\",\"potentialAction\":[{\"@type\":\"SearchAction\",\"target\":{\"@type\":\"EntryPoint\",\"urlTemplate\":\"https:\/\/theplayoffs.news\/fr\/?s={search_term_string}\"},\"query-input\":{\"@type\":\"PropertyValueSpecification\",\"valueRequired\":true,\"valueName\":\"search_term_string\"}}],\"inLanguage\":\"fr-FR\"},{\"@type\":\"Person\",\"@id\":\"https:\/\/theplayoffs.news\/fr\/#\/schema\/person\/940879031feb6d5e27cf3c6b69917900\",\"name\":\"Nicolas Blanchard\",\"image\":{\"@type\":\"ImageObject\",\"inLanguage\":\"fr-FR\",\"@id\":\"https:\/\/theplayoffs.news\/fr\/#\/schema\/person\/image\/\",\"url\":\"https:\/\/secure.gravatar.com\/avatar\/98953498460526f9290cb098aaa573c5e0a48837b1ca5807dd22cace83810899?s=96&d=mm&r=g\",\"contentUrl\":\"https:\/\/secure.gravatar.com\/avatar\/98953498460526f9290cb098aaa573c5e0a48837b1ca5807dd22cace83810899?s=96&d=mm&r=g\",\"caption\":\"Nicolas Blanchard\"},\"description\":\"Fan de MLB depuis une dizaine d\u2019ann\u00e9es, je suis tomb\u00e9 amoureux des Chicago Cubs lorsque j\u2019ai vu Bill Murray c\u00e9l\u00e9brer ce premier sacre depuis 108 ans. Mon premier contact avec le Sport US s\u2019est fait lorsque je suis tomb\u00e9 sur une VHS d\u2019Allen Iverson et se fut la r\u00e9v\u00e9lation. Je suis devenu r\u00e9dacteur depuis maintenant 4 ans et cela m\u2019apporte une nouvelle vision du Sport US \u00e0 la fois analytique et bien plus globale (et oui il faut couvrir toutes les \u00e9quipes m\u00eame les chaussettes rouges de Boston).\",\"url\":\"https:\/\/theplayoffs.news\/fr\/author\/nico4017\/\"}]}<\/script>\n<!-- \/ Yoast SEO plugin. -->","yoast_head_json":{"title":"Nico Hoerner&nbsp;: 3 ans de plus chez les Chicago Cubs ! - The Playoffs FR","robots":{"index":"index","follow":"follow","max-snippet":"max-snippet:-1","max-image-preview":"max-image-preview:large","max-video-preview":"max-video-preview:-1"},"canonical":"https:\/\/theplayoffs.news\/fr\/actualite-mlb\/nico-hoerner-3-ans-de-plus-chez-les-chicago-cubs\/","og_locale":"fr_FR","og_type":"article","og_title":"Nico Hoerner&nbsp;: 3 ans de plus chez les Chicago Cubs ! - The Playoffs FR","og_url":"https:\/\/theplayoffs.news\/fr\/actualite-mlb\/nico-hoerner-3-ans-de-plus-chez-les-chicago-cubs\/","og_site_name":"The Playoffs FR","article_publisher":"https:\/\/www.facebook.com\/TheFreeAgentFR\/","article_modified_time":"2023-03-28T06:16:05+00:00","og_image":[{"width":1724,"height":868,"url":"https:\/\/theplayoffs.news\/fr\/wp-content\/uploads\/2023\/03\/Nico-Hoerner.jpg","type":"image\/jpeg"}],"author":"Nicolas Blanchard","twitter_card":"summary_large_image","twitter_creator":"@TheFreeAgentFR","twitter_site":"@TheFreeAgentFR","twitter_misc":{"\u00c9crit par":"Nicolas Blanchard","Dur\u00e9e de lecture estim\u00e9e":"2 minutes"},"schema":{"@context":"https:\/\/schema.org","@graph":[{"@type":"WebPage","@id":"https:\/\/theplayoffs.news\/fr\/actualite-mlb\/nico-hoerner-3-ans-de-plus-chez-les-chicago-cubs\/","url":"https:\/\/theplayoffs.news\/fr\/actualite-mlb\/nico-hoerner-3-ans-de-plus-chez-les-chicago-cubs\/","name":"Nico Hoerner\u00a0: 3 ans de plus chez les Chicago Cubs ! - The Playoffs FR","isPartOf":{"@id":"https:\/\/theplayoffs.news\/fr\/#website"},"primaryImageOfPage":{"@id":"https:\/\/theplayoffs.news\/fr\/actualite-mlb\/nico-hoerner-3-ans-de-plus-chez-les-chicago-cubs\/#primaryimage"},"image":{"@id":"https:\/\/theplayoffs.news\/fr\/actualite-mlb\/nico-hoerner-3-ans-de-plus-chez-les-chicago-cubs\/#primaryimage"},"thumbnailUrl":"https:\/\/theplayoffs.news\/fr\/wp-content\/uploads\/2023\/03\/Nico-Hoerner.jpg","datePublished":"2023-03-28T06:15:31+00:00","dateModified":"2023-03-28T06:16:05+00:00","author":{"@id":"https:\/\/theplayoffs.news\/fr\/#\/schema\/person\/940879031feb6d5e27cf3c6b69917900"},"breadcrumb":{"@id":"https:\/\/theplayoffs.news\/fr\/actualite-mlb\/nico-hoerner-3-ans-de-plus-chez-les-chicago-cubs\/#breadcrumb"},"inLanguage":"fr-FR","potentialAction":[{"@type":"ReadAction","target":["https:\/\/theplayoffs.news\/fr\/actualite-mlb\/nico-hoerner-3-ans-de-plus-chez-les-chicago-cubs\/"]}]},{"@type":"ImageObject","inLanguage":"fr-FR","@id":"https:\/\/theplayoffs.news\/fr\/actualite-mlb\/nico-hoerner-3-ans-de-plus-chez-les-chicago-cubs\/#primaryimage","url":"https:\/\/theplayoffs.news\/fr\/wp-content\/uploads\/2023\/03\/Nico-Hoerner.jpg","contentUrl":"https:\/\/theplayoffs.news\/fr\/wp-content\/uploads\/2023\/03\/Nico-Hoerner.jpg","width":1724,"height":868},{"@type":"BreadcrumbList","@id":"https:\/\/theplayoffs.news\/fr\/actualite-mlb\/nico-hoerner-3-ans-de-plus-chez-les-chicago-cubs\/#breadcrumb","itemListElement":[{"@type":"ListItem","position":1,"name":"Accueil","item":"https:\/\/theplayoffs.news\/fr\/"},{"@type":"ListItem","position":2,"name":"Nico Hoerner\u00a0: 3 ans de plus chez les Chicago Cubs !"}]},{"@type":"WebSite","@id":"https:\/\/theplayoffs.news\/fr\/#website","url":"https:\/\/theplayoffs.news\/fr\/","name":"The Playoffs FR","description":"NBA-NFL-NHL-MLB","potentialAction":[{"@type":"SearchAction","target":{"@type":"EntryPoint","urlTemplate":"https:\/\/theplayoffs.news\/fr\/?s={search_term_string}"},"query-input":{"@type":"PropertyValueSpecification","valueRequired":true,"valueName":"search_term_string"}}],"inLanguage":"fr-FR"},{"@type":"Person","@id":"https:\/\/theplayoffs.news\/fr\/#\/schema\/person\/940879031feb6d5e27cf3c6b69917900","name":"Nicolas Blanchard","image":{"@type":"ImageObject","inLanguage":"fr-FR","@id":"https:\/\/theplayoffs.news\/fr\/#\/schema\/person\/image\/","url":"https:\/\/secure.gravatar.com\/avatar\/98953498460526f9290cb098aaa573c5e0a48837b1ca5807dd22cace83810899?s=96&d=mm&r=g","contentUrl":"https:\/\/secure.gravatar.com\/avatar\/98953498460526f9290cb098aaa573c5e0a48837b1ca5807dd22cace83810899?s=96&d=mm&r=g","caption":"Nicolas Blanchard"},"description":"Fan de MLB depuis une dizaine d\u2019ann\u00e9es, je suis tomb\u00e9 amoureux des Chicago Cubs lorsque j\u2019ai vu Bill Murray c\u00e9l\u00e9brer ce premier sacre depuis 108 ans. Mon premier contact avec le Sport US s\u2019est fait lorsque je suis tomb\u00e9 sur une VHS d\u2019Allen Iverson et se fut la r\u00e9v\u00e9lation. Je suis devenu r\u00e9dacteur depuis maintenant 4 ans et cela m\u2019apporte une nouvelle vision du Sport US \u00e0 la fois analytique et bien plus globale (et oui il faut couvrir toutes les \u00e9quipes m\u00eame les chaussettes rouges de Boston).","url":"https:\/\/theplayoffs.news\/fr\/author\/nico4017\/"}]}},"_links":{"self":[{"href":"https:\/\/theplayoffs.news\/fr\/wp-json\/wp\/v2\/posts\/577779","targetHints":{"allow":["GET"]}}],"collection":[{"href":"https:\/\/theplayoffs.news\/fr\/wp-json\/wp\/v2\/posts"}],"about":[{"href":"https:\/\/theplayoffs.news\/fr\/wp-json\/wp\/v2\/types\/post"}],"author":[{"embeddable":true,"href":"https:\/\/theplayoffs.news\/fr\/wp-json\/wp\/v2\/users\/180309823"}],"replies":[{"embeddable":true,"href":"https:\/\/theplayoffs.news\/fr\/wp-json\/wp\/v2\/comments?post=577779"}],"version-history":[{"count":4,"href":"https:\/\/theplayoffs.news\/fr\/wp-json\/wp\/v2\/posts\/577779\/revisions"}],"predecessor-version":[{"id":577787,"href":"https:\/\/theplayoffs.news\/fr\/wp-json\/wp\/v2\/posts\/577779\/revisions\/577787"}],"wp:featuredmedia":[{"embeddable":true,"href":"https:\/\/theplayoffs.news\/fr\/wp-json\/wp\/v2\/media\/577783"}],"wp:attachment":[{"href":"https:\/\/theplayoffs.news\/fr\/wp-json\/wp\/v2\/media?parent=577779"}],"wp:term":[{"taxonomy":"category","embeddable":true,"href":"https:\/\/theplayoffs.news\/fr\/wp-json\/wp\/v2\/categories?post=577779"},{"taxonomy":"post_tag","embeddable":true,"href":"https:\/\/theplayoffs.news\/fr\/wp-json\/wp\/v2\/tags?post=577779"},{"taxonomy":"sport","embeddable":true,"href":"https:\/\/theplayoffs.news\/fr\/wp-json\/wp\/v2\/sport?post=577779"},{"taxonomy":"saison","embeddable":true,"href":"https:\/\/theplayoffs.news\/fr\/wp-json\/wp\/v2\/saison?post=577779"}],"curies":[{"name":"wp","href":"https:\/\/api.w.org\/{rel}","templated":true}]}}