{"id":577650,"date":"2023-03-28T15:28:31","date_gmt":"2023-03-28T13:28:31","guid":{"rendered":"https:\/\/theplayoffs.news\/fr\/?p=577650"},"modified":"2023-03-28T15:32:06","modified_gmt":"2023-03-28T13:32:06","slug":"sean-farrell-debarque-a-montreal","status":"publish","type":"post","link":"https:\/\/theplayoffs.news\/fr\/actualite-nhl\/sean-farrell-debarque-a-montreal\/","title":{"rendered":"Sean Farrell d\u00e9barque \u00e0 Montr\u00e9al !!!"},"content":{"rendered":"<h2>Sean Farrell signe un contrat d&rsquo;entr&eacute;e<\/h2><blockquote class=\"twitter-tweet\" data-width=\"500\" data-dnt=\"true\">\n<p lang=\"fr\" dir=\"ltr\">Les Canadiens s'entendent sur les termes d'un contrat d'entr&eacute;e de trois saisons (2022-2023 &agrave; 2024-2025) avec l'attaquant Sean Farrell.<a href=\"https:\/\/twitter.com\/hashtag\/GoHabsGo?src=hash&amp;ref_src=twsrc%5Etfw\" class=\"trk-cta-link\" data-cta-trk='{\"ctaType\":\"Link\",\"ctaSubType\":\"main\"}'>#GoHabsGo<\/a> <a href=\"https:\/\/t.co\/zreNFlClVq\" class=\"trk-cta-link\" data-cta-trk='{\"ctaType\":\"Link\",\"ctaSubType\":\"main\"}'>https:\/\/t.co\/zreNFlClVq<\/a><\/p>\n<p>&mdash; Canadiens Montr&eacute;al (@CanadiensMTL) <a href=\"https:\/\/twitter.com\/CanadiensMTL\/status\/1640005721629552641?ref_src=twsrc%5Etfw\" class=\"trk-cta-link\" data-cta-trk='{\"ctaType\":\"Link\",\"ctaSubType\":\"main\"}'>March 26, 2023<\/a><\/p><\/blockquote><p><script async src=\"https:\/\/platform.twitter.com\/widgets.js\" charset=\"utf-8\"><\/script><\/p><p>Ce dimanche 26 mars, le jeune espoir des <strong>Canadiens de Montr&eacute;al<\/strong>, <a href=\"https:\/\/www.hockeydb.com\/ihdb\/stats\/pdisplay.php?pid=209489\" class=\"trk-cta-link\" data-cta-trk='{\"ctaType\":\"Link\",\"ctaSubType\":\"main\"}'><strong>Sean Farrell<\/strong><\/a>, a sign&eacute; un contrat d&rsquo;entr&eacute;e de 3 ans dans la NHL &agrave; 897 500 dollars par ann&eacute;e de contrat.<\/p><p>&nbsp;<\/p><h3>Sean Farrell, une r&eacute;compense bien m&eacute;rit&eacute;e<\/h3><p>&nbsp;<\/p><p><a href=\"https:\/\/www.hockeydb.com\/ihdb\/stats\/pdisplay.php?pid=209489\" class=\"trk-cta-link\" data-cta-trk='{\"ctaType\":\"Link\",\"ctaSubType\":\"main\"}'><strong>Sean Farrell<\/strong><\/a> a connu une saison extraordinaire dans le championnat universitaire des Etats-Unis en inscrivant 20 buts, 33 passes d&eacute;cisives pour un total de 53 points en 34 parties jou&eacute;es avec <strong>l&rsquo;universit&eacute; d&rsquo;Harvard<\/strong>. Ce n&rsquo;est pas tout, <a href=\"https:\/\/www.hockeydb.com\/ihdb\/stats\/pdisplay.php?pid=209489\" class=\"trk-cta-link\" data-cta-trk='{\"ctaType\":\"Link\",\"ctaSubType\":\"main\"}'><strong>Sean Farrell<\/strong><\/a> se positionne donc au 4e rang au chapitre des meilleurs pointeurs de la NCAA derri&egrave;re <a href=\"https:\/\/www.hockeydb.com\/ihdb\/stats\/pdisplay.php?pid=226641\" class=\"trk-cta-link\" data-cta-trk='{\"ctaType\":\"Link\",\"ctaSubType\":\"main\"}'><strong>Collin Graf<\/strong><\/a> (56 points en 39 matchs), <a href=\"https:\/\/www.hockeydb.com\/ihdb\/stats\/pdisplay.php?pid=238269\" class=\"trk-cta-link\" data-cta-trk='{\"ctaType\":\"Link\",\"ctaSubType\":\"main\"}'><strong>Logan Cooley<\/strong><\/a> (57 points en 37 matchs) et <a href=\"https:\/\/www.hockeydb.com\/ihdb\/stats\/pdisplay.php?pid=238272\" class=\"trk-cta-link\" data-cta-trk='{\"ctaType\":\"Link\",\"ctaSubType\":\"main\"}'><strong>Adam Fantilli<\/strong><\/a> (64 points en 35 matchs). Concernant son ratio de points par matchs, <a href=\"https:\/\/www.hockeydb.com\/ihdb\/stats\/pdisplay.php?pid=209489\" class=\"trk-cta-link\" data-cta-trk='{\"ctaType\":\"Link\",\"ctaSubType\":\"main\"}'><strong>Sean Farrell<\/strong><\/a> est le 3e joueur ayant le meilleur ratio en NCAA avec une moyenne de 1.56 derri&egrave;re <a href=\"https:\/\/www.eliteprospects.com\/player\/290187\/frank-ireland\" class=\"trk-cta-link\" data-cta-trk='{\"ctaType\":\"Link\",\"ctaSubType\":\"main\"}'><strong>Frank Ireland<\/strong><\/a> (1.76) et <strong>Adam Fantilli<\/strong> (1.83).<\/p><blockquote class=\"twitter-tweet\" data-width=\"500\" data-dnt=\"true\">\n<p lang=\"en\" dir=\"ltr\">Jordan Harris has faced Sean Farrell a few times in the past.<a href=\"https:\/\/twitter.com\/hashtag\/GoHabsGo?src=hash&amp;ref_src=twsrc%5Etfw\" class=\"trk-cta-link\" data-cta-trk='{\"ctaType\":\"Link\",\"ctaSubType\":\"main\"}'>#GoHabsGo<\/a> <a href=\"https:\/\/t.co\/m2d1caC8vR\" class=\"trk-cta-link\" data-cta-trk='{\"ctaType\":\"Link\",\"ctaSubType\":\"main\"}'>pic.twitter.com\/m2d1caC8vR<\/a><\/p>\n<p>&mdash; Canadiens Montr&eacute;al (@CanadiensMTL) <a href=\"https:\/\/twitter.com\/CanadiensMTL\/status\/1640045996334874624?ref_src=twsrc%5Etfw\" class=\"trk-cta-link\" data-cta-trk='{\"ctaType\":\"Link\",\"ctaSubType\":\"main\"}'>March 26, 2023<\/a><\/p><\/blockquote><p><script async src=\"https:\/\/platform.twitter.com\/widgets.js\" charset=\"utf-8\"><\/script><\/p><p><a href=\"https:\/\/www.hockeydb.com\/ihdb\/stats\/pdisplay.php?pid=209489\" class=\"trk-cta-link\" data-cta-trk='{\"ctaType\":\"Link\",\"ctaSubType\":\"main\"}'><strong>Sean Farrell<\/strong><\/a> est un jeune joueur am&eacute;ricain de 21 ans s&eacute;lectionn&eacute; au 124e choix du rep&ecirc;chage de 2020, soit au 4e tour. Les <strong>Canadiens de Montr&eacute;al<\/strong> ont annonc&eacute; qu&rsquo;il fera le voyage avec l&rsquo;&eacute;quipe dans leur p&eacute;riple &agrave; <strong>Buffalo<\/strong> et &agrave; <strong>Philadelphie<\/strong> le 26 mars tandis qu&rsquo;il ne s&rsquo;est pas entrain&eacute; le matin pr&eacute;c&eacute;dant le match face &agrave; <strong>Buffalo<\/strong> du 27 mars. Tout pourrait porter &agrave; croire que nous pourrions d&eacute;couvrir l&rsquo;&eacute;tendue du talent de <a href=\"https:\/\/www.hockeydb.com\/ihdb\/stats\/pdisplay.php?pid=209489\" class=\"trk-cta-link\" data-cta-trk='{\"ctaType\":\"Link\",\"ctaSubType\":\"main\"}'><strong>Sean Farrell<\/strong><\/a> face aux <strong>Flyers de Philadelphie<\/strong> ce mardi 28 mars malgr&eacute; les propos de <strong>Martin Saint-Louis<\/strong> au micro de <strong>RDS<\/strong> :<\/p><blockquote><p>&laquo;&nbsp;&Ccedil;a va lui (<strong>Sean Farrell<\/strong>) permettre de s&rsquo;habituer &agrave; notre environnement. Il pourra voir comment les choses se passent, avec notre calendrier quotidien. Il pourra rencontrer le personnel et les joueurs.&nbsp;&raquo;<\/p>\n<p><strong>Martin Saint-Louis<\/strong> &agrave; propos de <strong>Sean Farrell<\/strong> (<strong><em><a href=\"https:\/\/www.rds.ca\/hockey\/canadiens\/canadiens-sean-farrell-signe-son-contrat-d-entree-de-trois-saisons-1.16755940\" class=\"trk-cta-link\" data-cta-trk='{\"ctaType\":\"Link\",\"ctaSubType\":\"main\"}'>RDS<\/a><\/em><\/strong>)<\/p><\/blockquote><p><a href=\"https:\/\/www.hockeydb.com\/ihdb\/stats\/pdisplay.php?pid=209489\" class=\"trk-cta-link\" data-cta-trk='{\"ctaType\":\"Link\",\"ctaSubType\":\"main\"}'><strong>Sean Farrell<\/strong><\/a> devra sans doute s&rsquo;adapter &agrave; la robustesse et &agrave; l&rsquo;impact physique des joueurs de la ligue. D&rsquo;apr&egrave;s <a href=\"https:\/\/theplayoffs.news\/fr\/joueur\/jordan-harris-montreal-canadiens-nhl\/\" class=\"trk-cta-link\" data-cta-trk='{\"ctaType\":\"Link\",\"ctaSubType\":\"main\"}'><strong>Jordan Harris<\/strong><\/a>, d&eacute;fenseur du <strong>Canadien de Montr&eacute;al<\/strong>, <a href=\"https:\/\/www.hockeydb.com\/ihdb\/stats\/pdisplay.php?pid=209489\" class=\"trk-cta-link\" data-cta-trk='{\"ctaType\":\"Link\",\"ctaSubType\":\"main\"}'><strong>Sean Farrell<\/strong><\/a> devra utiliser ses principales atouts dans le jeu, notamment sa vision du jeu ou encore sa capacit&eacute; &agrave; marquer tandis que <a href=\"https:\/\/theplayoffs.news\/fr\/joueur\/rafael-harvey-pinard-montreal-canadiens-nhl\/\" class=\"trk-cta-link\" data-cta-trk='{\"ctaType\":\"Link\",\"ctaSubType\":\"main\"}'><strong>Rafa&euml;l Harvey-Pinard<\/strong><\/a> conseille modestement &agrave; <a href=\"https:\/\/www.hockeydb.com\/ihdb\/stats\/pdisplay.php?pid=209489\" class=\"trk-cta-link\" data-cta-trk='{\"ctaType\":\"Link\",\"ctaSubType\":\"main\"}'><strong>Sean Farrell<\/strong><\/a> de rester lui-m&ecirc;me lors de cette transition :<\/p><blockquote><p>&laquo;&nbsp;C&rsquo;est un bon joueur, un bon gars. C&rsquo;est la personne la plus gentille qui soit. En tant que joueur, il (<strong>Sean Farrell<\/strong>) est incroyablement intelligent, rus&eacute;, bon fabricant de jeu. Je ne pense pas qu&rsquo;on lui accorde suffisamment de m&eacute;rite pour son tir, sa capacit&eacute; &agrave; marquer des buts.&nbsp;&raquo;<\/p>\n<p><strong>Jordan Harris<\/strong> &agrave; propos de <strong>Sean Farrell<\/strong> (<em>interview d&rsquo;apr&egrave;s entrainement,<\/em> <strong><em>compte twitter des Canadiens de Montr&eacute;al<\/em><\/strong>)<\/p>\n<p>&nbsp;&raquo; Il ne faut pas essayer de devenir un joueur que tu n&rsquo;es pas. Garde ton identit&eacute; et ton style de jeu et am&egrave;ne cela au prochain niveau.&nbsp;&raquo;<\/p>\n<p><strong>Rafa&euml;l Harvey-Pinard<\/strong> &agrave; propos de la transition de <strong>Sean Farrell<\/strong> en <strong>NHL<\/strong> (<a href=\"https:\/\/www.rds.ca\/hockey\/canadiens\/canadiens-sean-farrell-signe-son-contrat-d-entree-de-trois-saisons-1.16755940\" class=\"trk-cta-link\" data-cta-trk='{\"ctaType\":\"Link\",\"ctaSubType\":\"main\"}'><em><strong>RDS<\/strong><\/em><\/a>)<\/p><\/blockquote><p>Voici d&eacute;j&agrave; un aper&ccedil;u du tout nouveau joueur des Canadiens de Montr&eacute;al, Sean Farrell, avec la compilation de tous ses points inscrits cette saison avec Harvard (<a href=\"https:\/\/www.youtube.com\/watch?v=JOMwWWEfQYI\" class=\"trk-cta-link\" data-cta-trk='{\"ctaType\":\"Link\",\"ctaSubType\":\"main\"}'><em><strong>cliquez ici<\/strong><\/em><\/a>).<\/p>\n","protected":false},"excerpt":{"rendered":"","protected":false},"author":180310148,"featured_media":577655,"comment_status":"open","ping_status":"closed","sticky":false,"template":"","format":"standard","meta":{"inline_featured_image":false,"kia_subtitle":"","_mux_skip_reasons":[],"proofreadBy":0,"footnotes":""},"categories":[187,26],"tags":[5369,1165,24,5737],"sport":[],"saison":[],"class_list":["post-577650","post","type-post","status-publish","format-standard","has-post-thumbnail","hentry","category-actualite-nhl","category-nhl","tag-nhlfr","tag-montreal-canadiens","tag-nhl","tag-sean-farrell"],"acf":[],"yoast_head":"<!-- This site is optimized with the Yoast SEO plugin v24.2 - https:\/\/yoast.com\/wordpress\/plugins\/seo\/ -->\n<title>Sean Farrell d&eacute;barque &agrave; Montr&eacute;al !!! - The Playoffs FR<\/title>\n<meta name=\"robots\" content=\"index, follow, max-snippet:-1, max-image-preview:large, max-video-preview:-1\" \/>\n<link rel=\"canonical\" href=\"https:\/\/theplayoffs.news\/fr\/actualite-nhl\/sean-farrell-debarque-a-montreal\/\" \/>\n<meta property=\"og:locale\" content=\"fr_FR\" \/>\n<meta property=\"og:type\" content=\"article\" \/>\n<meta property=\"og:title\" content=\"Sean Farrell d&eacute;barque &agrave; Montr&eacute;al !!! - The Playoffs FR\" \/>\n<meta property=\"og:url\" content=\"https:\/\/theplayoffs.news\/fr\/actualite-nhl\/sean-farrell-debarque-a-montreal\/\" \/>\n<meta property=\"og:site_name\" content=\"The Playoffs FR\" \/>\n<meta property=\"article:publisher\" content=\"https:\/\/www.facebook.com\/TheFreeAgentFR\/\" \/>\n<meta property=\"article:modified_time\" content=\"2023-03-28T15:32:06+02:00\" \/>\n<meta property=\"og:image\" content=\"https:\/\/theplayoffs.news\/fr\/wp-content\/uploads\/2023\/03\/SeanFarrell.jpg\" \/>\n\t<meta property=\"og:image:width\" content=\"1200\" \/>\n\t<meta property=\"og:image:height\" content=\"800\" \/>\n\t<meta property=\"og:image:type\" content=\"image\/jpeg\" \/>\n<meta name=\"author\" content=\"Rapha\u00ebl Dangueuger\" \/>\n<meta name=\"twitter:card\" content=\"summary_large_image\" \/>\n<meta name=\"twitter:creator\" content=\"@TheFreeAgentFR\" \/>\n<meta name=\"twitter:site\" content=\"@TheFreeAgentFR\" \/>\n<meta name=\"twitter:label1\" content=\"\u00c9crit par\" \/>\n\t<meta name=\"twitter:data1\" content=\"Rapha\u00ebl Dangueuger\" \/>\n\t<meta name=\"twitter:label2\" content=\"Dur\u00e9e de lecture estim\u00e9e\" \/>\n\t<meta name=\"twitter:data2\" content=\"2 minutes\" \/>\n<script type=\"application\/ld+json\" class=\"yoast-schema-graph\">{\"@context\":\"https:\/\/schema.org\",\"@graph\":[{\"@type\":\"WebPage\",\"@id\":\"https:\/\/theplayoffs.news\/fr\/actualite-nhl\/sean-farrell-debarque-a-montreal\/\",\"url\":\"https:\/\/theplayoffs.news\/fr\/actualite-nhl\/sean-farrell-debarque-a-montreal\/\",\"name\":\"Sean Farrell d\u00e9barque \u00e0 Montr\u00e9al !!! - The Playoffs FR\",\"isPartOf\":{\"@id\":\"https:\/\/theplayoffs.news\/fr\/#website\"},\"primaryImageOfPage\":{\"@id\":\"https:\/\/theplayoffs.news\/fr\/actualite-nhl\/sean-farrell-debarque-a-montreal\/#primaryimage\"},\"image\":{\"@id\":\"https:\/\/theplayoffs.news\/fr\/actualite-nhl\/sean-farrell-debarque-a-montreal\/#primaryimage\"},\"thumbnailUrl\":\"https:\/\/theplayoffs.news\/fr\/wp-content\/uploads\/2023\/03\/SeanFarrell.jpg\",\"datePublished\":\"2023-03-28T13:28:31+00:00\",\"dateModified\":\"2023-03-28T13:32:06+00:00\",\"author\":{\"@id\":\"https:\/\/theplayoffs.news\/fr\/#\/schema\/person\/4b02b53432403b95b5e8ccbd4da65f97\"},\"breadcrumb\":{\"@id\":\"https:\/\/theplayoffs.news\/fr\/actualite-nhl\/sean-farrell-debarque-a-montreal\/#breadcrumb\"},\"inLanguage\":\"fr-FR\",\"potentialAction\":[{\"@type\":\"ReadAction\",\"target\":[\"https:\/\/theplayoffs.news\/fr\/actualite-nhl\/sean-farrell-debarque-a-montreal\/\"]}]},{\"@type\":\"ImageObject\",\"inLanguage\":\"fr-FR\",\"@id\":\"https:\/\/theplayoffs.news\/fr\/actualite-nhl\/sean-farrell-debarque-a-montreal\/#primaryimage\",\"url\":\"https:\/\/theplayoffs.news\/fr\/wp-content\/uploads\/2023\/03\/SeanFarrell.jpg\",\"contentUrl\":\"https:\/\/theplayoffs.news\/fr\/wp-content\/uploads\/2023\/03\/SeanFarrell.jpg\",\"width\":1200,\"height\":800,\"caption\":\"Sean Farrell\"},{\"@type\":\"BreadcrumbList\",\"@id\":\"https:\/\/theplayoffs.news\/fr\/actualite-nhl\/sean-farrell-debarque-a-montreal\/#breadcrumb\",\"itemListElement\":[{\"@type\":\"ListItem\",\"position\":1,\"name\":\"Accueil\",\"item\":\"https:\/\/theplayoffs.news\/fr\/\"},{\"@type\":\"ListItem\",\"position\":2,\"name\":\"Sean Farrell d\u00e9barque \u00e0 Montr\u00e9al !!!\"}]},{\"@type\":\"WebSite\",\"@id\":\"https:\/\/theplayoffs.news\/fr\/#website\",\"url\":\"https:\/\/theplayoffs.news\/fr\/\",\"name\":\"The Playoffs FR\",\"description\":\"NBA-NFL-NHL-MLB\",\"potentialAction\":[{\"@type\":\"SearchAction\",\"target\":{\"@type\":\"EntryPoint\",\"urlTemplate\":\"https:\/\/theplayoffs.news\/fr\/?s={search_term_string}\"},\"query-input\":{\"@type\":\"PropertyValueSpecification\",\"valueRequired\":true,\"valueName\":\"search_term_string\"}}],\"inLanguage\":\"fr-FR\"},{\"@type\":\"Person\",\"@id\":\"https:\/\/theplayoffs.news\/fr\/#\/schema\/person\/4b02b53432403b95b5e8ccbd4da65f97\",\"name\":\"Rapha\u00ebl Dangueuger\",\"image\":{\"@type\":\"ImageObject\",\"inLanguage\":\"fr-FR\",\"@id\":\"https:\/\/theplayoffs.news\/fr\/#\/schema\/person\/image\/\",\"url\":\"https:\/\/secure.gravatar.com\/avatar\/18c9032760c2b9c175c3f0c3b7c2cb563384755cdbc1a585e4cc6d57b742cfed?s=96&d=mm&r=g\",\"contentUrl\":\"https:\/\/secure.gravatar.com\/avatar\/18c9032760c2b9c175c3f0c3b7c2cb563384755cdbc1a585e4cc6d57b742cfed?s=96&d=mm&r=g\",\"caption\":\"Rapha\u00ebl Dangueuger\"},\"url\":\"https:\/\/theplayoffs.news\/fr\/author\/rdangueugeroutlook-fr\/\"}]}<\/script>\n<!-- \/ Yoast SEO plugin. -->","yoast_head_json":{"title":"Sean Farrell d&eacute;barque &agrave; Montr&eacute;al !!! - The Playoffs FR","robots":{"index":"index","follow":"follow","max-snippet":"max-snippet:-1","max-image-preview":"max-image-preview:large","max-video-preview":"max-video-preview:-1"},"canonical":"https:\/\/theplayoffs.news\/fr\/actualite-nhl\/sean-farrell-debarque-a-montreal\/","og_locale":"fr_FR","og_type":"article","og_title":"Sean Farrell d&eacute;barque &agrave; Montr&eacute;al !!! - The Playoffs FR","og_url":"https:\/\/theplayoffs.news\/fr\/actualite-nhl\/sean-farrell-debarque-a-montreal\/","og_site_name":"The Playoffs FR","article_publisher":"https:\/\/www.facebook.com\/TheFreeAgentFR\/","article_modified_time":"2023-03-28T13:32:06+00:00","og_image":[{"width":1200,"height":800,"url":"https:\/\/theplayoffs.news\/fr\/wp-content\/uploads\/2023\/03\/SeanFarrell.jpg","type":"image\/jpeg"}],"author":"Rapha\u00ebl Dangueuger","twitter_card":"summary_large_image","twitter_creator":"@TheFreeAgentFR","twitter_site":"@TheFreeAgentFR","twitter_misc":{"\u00c9crit par":"Rapha\u00ebl Dangueuger","Dur\u00e9e de lecture estim\u00e9e":"2 minutes"},"schema":{"@context":"https:\/\/schema.org","@graph":[{"@type":"WebPage","@id":"https:\/\/theplayoffs.news\/fr\/actualite-nhl\/sean-farrell-debarque-a-montreal\/","url":"https:\/\/theplayoffs.news\/fr\/actualite-nhl\/sean-farrell-debarque-a-montreal\/","name":"Sean Farrell d\u00e9barque \u00e0 Montr\u00e9al !!! - The Playoffs FR","isPartOf":{"@id":"https:\/\/theplayoffs.news\/fr\/#website"},"primaryImageOfPage":{"@id":"https:\/\/theplayoffs.news\/fr\/actualite-nhl\/sean-farrell-debarque-a-montreal\/#primaryimage"},"image":{"@id":"https:\/\/theplayoffs.news\/fr\/actualite-nhl\/sean-farrell-debarque-a-montreal\/#primaryimage"},"thumbnailUrl":"https:\/\/theplayoffs.news\/fr\/wp-content\/uploads\/2023\/03\/SeanFarrell.jpg","datePublished":"2023-03-28T13:28:31+00:00","dateModified":"2023-03-28T13:32:06+00:00","author":{"@id":"https:\/\/theplayoffs.news\/fr\/#\/schema\/person\/4b02b53432403b95b5e8ccbd4da65f97"},"breadcrumb":{"@id":"https:\/\/theplayoffs.news\/fr\/actualite-nhl\/sean-farrell-debarque-a-montreal\/#breadcrumb"},"inLanguage":"fr-FR","potentialAction":[{"@type":"ReadAction","target":["https:\/\/theplayoffs.news\/fr\/actualite-nhl\/sean-farrell-debarque-a-montreal\/"]}]},{"@type":"ImageObject","inLanguage":"fr-FR","@id":"https:\/\/theplayoffs.news\/fr\/actualite-nhl\/sean-farrell-debarque-a-montreal\/#primaryimage","url":"https:\/\/theplayoffs.news\/fr\/wp-content\/uploads\/2023\/03\/SeanFarrell.jpg","contentUrl":"https:\/\/theplayoffs.news\/fr\/wp-content\/uploads\/2023\/03\/SeanFarrell.jpg","width":1200,"height":800,"caption":"Sean Farrell"},{"@type":"BreadcrumbList","@id":"https:\/\/theplayoffs.news\/fr\/actualite-nhl\/sean-farrell-debarque-a-montreal\/#breadcrumb","itemListElement":[{"@type":"ListItem","position":1,"name":"Accueil","item":"https:\/\/theplayoffs.news\/fr\/"},{"@type":"ListItem","position":2,"name":"Sean Farrell d\u00e9barque \u00e0 Montr\u00e9al !!!"}]},{"@type":"WebSite","@id":"https:\/\/theplayoffs.news\/fr\/#website","url":"https:\/\/theplayoffs.news\/fr\/","name":"The Playoffs FR","description":"NBA-NFL-NHL-MLB","potentialAction":[{"@type":"SearchAction","target":{"@type":"EntryPoint","urlTemplate":"https:\/\/theplayoffs.news\/fr\/?s={search_term_string}"},"query-input":{"@type":"PropertyValueSpecification","valueRequired":true,"valueName":"search_term_string"}}],"inLanguage":"fr-FR"},{"@type":"Person","@id":"https:\/\/theplayoffs.news\/fr\/#\/schema\/person\/4b02b53432403b95b5e8ccbd4da65f97","name":"Rapha\u00ebl Dangueuger","image":{"@type":"ImageObject","inLanguage":"fr-FR","@id":"https:\/\/theplayoffs.news\/fr\/#\/schema\/person\/image\/","url":"https:\/\/secure.gravatar.com\/avatar\/18c9032760c2b9c175c3f0c3b7c2cb563384755cdbc1a585e4cc6d57b742cfed?s=96&d=mm&r=g","contentUrl":"https:\/\/secure.gravatar.com\/avatar\/18c9032760c2b9c175c3f0c3b7c2cb563384755cdbc1a585e4cc6d57b742cfed?s=96&d=mm&r=g","caption":"Rapha\u00ebl Dangueuger"},"url":"https:\/\/theplayoffs.news\/fr\/author\/rdangueugeroutlook-fr\/"}]}},"_links":{"self":[{"href":"https:\/\/theplayoffs.news\/fr\/wp-json\/wp\/v2\/posts\/577650","targetHints":{"allow":["GET"]}}],"collection":[{"href":"https:\/\/theplayoffs.news\/fr\/wp-json\/wp\/v2\/posts"}],"about":[{"href":"https:\/\/theplayoffs.news\/fr\/wp-json\/wp\/v2\/types\/post"}],"author":[{"embeddable":true,"href":"https:\/\/theplayoffs.news\/fr\/wp-json\/wp\/v2\/users\/180310148"}],"replies":[{"embeddable":true,"href":"https:\/\/theplayoffs.news\/fr\/wp-json\/wp\/v2\/comments?post=577650"}],"version-history":[{"count":2,"href":"https:\/\/theplayoffs.news\/fr\/wp-json\/wp\/v2\/posts\/577650\/revisions"}],"predecessor-version":[{"id":577853,"href":"https:\/\/theplayoffs.news\/fr\/wp-json\/wp\/v2\/posts\/577650\/revisions\/577853"}],"wp:featuredmedia":[{"embeddable":true,"href":"https:\/\/theplayoffs.news\/fr\/wp-json\/wp\/v2\/media\/577655"}],"wp:attachment":[{"href":"https:\/\/theplayoffs.news\/fr\/wp-json\/wp\/v2\/media?parent=577650"}],"wp:term":[{"taxonomy":"category","embeddable":true,"href":"https:\/\/theplayoffs.news\/fr\/wp-json\/wp\/v2\/categories?post=577650"},{"taxonomy":"post_tag","embeddable":true,"href":"https:\/\/theplayoffs.news\/fr\/wp-json\/wp\/v2\/tags?post=577650"},{"taxonomy":"sport","embeddable":true,"href":"https:\/\/theplayoffs.news\/fr\/wp-json\/wp\/v2\/sport?post=577650"},{"taxonomy":"saison","embeddable":true,"href":"https:\/\/theplayoffs.news\/fr\/wp-json\/wp\/v2\/saison?post=577650"}],"curies":[{"name":"wp","href":"https:\/\/api.w.org\/{rel}","templated":true}]}}