{"id":577185,"date":"2023-03-26T08:30:05","date_gmt":"2023-03-26T06:30:05","guid":{"rendered":"https:\/\/theplayoffs.news\/fr\/?p=577185"},"modified":"2023-03-26T08:32:05","modified_gmt":"2023-03-26T06:32:05","slug":"ben-simmons-la-blessure-connue","status":"publish","type":"post","link":"https:\/\/theplayoffs.news\/fr\/actualite-nba\/ben-simmons-la-blessure-connue\/","title":{"rendered":"Ben Simmons, les Nets confirment la blessure"},"content":{"rendered":"<h2><span id=\"p213\">Ben Simmons sait enfin de quoi il souffre.<\/span><span id=\"p214\">&nbsp;Depuis des mois, le sort de Ben&nbsp;<span id=\"219\" class=\"s-rg-t\">Simmons<\/span>&nbsp;et de son &eacute;tat physique est sujet &agrave; sp&eacute;culation.<\/span><\/h2><p>&nbsp;<\/p><p><span id=\"p216\">Les Brooklyn Nets annoncent que <a href=\"https:\/\/theplayoffs.news\/fr\/joueur\/ben-simmons-nba-7814774\/\" class=\"trk-cta-link\" data-cta-trk='{\"ctaType\":\"Link\",\"ctaSubType\":\"main\"}'>Ben&nbsp;<span id=\"220\" class=\"s-rg-t\">Simmons<\/span><\/a>&nbsp;souffre d&rsquo;un pincement d&rsquo;un nerf dans le dos.<\/span><span id=\"p224\">&nbsp;Pour le joueur, c&rsquo;est un soulagement, mais aussi une source de doute sur l&rsquo;avenir de sa carri&egrave;re.<\/span><span id=\"p225\">&nbsp;&Agrave; ce stade, il n&rsquo;est pas pr&eacute;cis&eacute; le protocole de soin que doit subir le joueur.<\/span><\/p><p>&nbsp;<\/p><blockquote class=\"twitter-tweet\" data-width=\"500\" data-dnt=\"true\">\n<p lang=\"en\" dir=\"ltr\">The Nets announce Ben Simmons has been diagnosed with a nerve impingement in his back, and will remain out.<\/p>\n<p>&mdash; Tim Bontemps (@TimBontemps) <a href=\"https:\/\/twitter.com\/TimBontemps\/status\/1639386935390265344?ref_src=twsrc%5Etfw\" class=\"trk-cta-link\" data-cta-trk='{\"ctaType\":\"Link\",\"ctaSubType\":\"main\"}'>March 24, 2023<\/a><\/p><\/blockquote><p><script async src=\"https:\/\/platform.twitter.com\/widgets.js\" charset=\"utf-8\"><\/script><\/p><p>&nbsp;<\/p><p><span id=\"p0\">L&rsquo;Australien&nbsp;a disput&eacute; 42 matchs cette saison apr&egrave;s son d&eacute;part des Philadelphia&nbsp;<span id=\"5\">76ers<\/span>&nbsp;dans l&rsquo;&eacute;change avec <a href=\"https:\/\/www.statmuse.com\/nba\/player\/james-harden-1489\" class=\"trk-cta-link\" data-cta-trk='{\"ctaType\":\"Link\",\"ctaSubType\":\"main\"}'>James&nbsp;<span id=\"6\">Harden<\/span><\/a>.<\/span><span id=\"p1\">&nbsp;Les Brooklyn Nets ont un joueur avec encore deux ans de contrat avec respectivement 37 et 40 millions de dollars.<\/span><span id=\"p2\">&nbsp;Il est un gros probl&egrave;me pour les Nets si sa sant&eacute; ne s&rsquo;am&eacute;liore pas.<\/span><span id=\"p3\">&nbsp;&nbsp;<\/span><\/p><p>&nbsp;<\/p><blockquote class=\"twitter-tweet\" data-width=\"500\" data-dnt=\"true\">\n<p lang=\"en\" dir=\"ltr\">Ben Simmons Medical Update: <a href=\"https:\/\/t.co\/kRcxsjrHLG\" class=\"trk-cta-link\" data-cta-trk='{\"ctaType\":\"Link\",\"ctaSubType\":\"main\"}'>pic.twitter.com\/kRcxsjrHLG<\/a><\/p>\n<p>&mdash; Brooklyn Nets (@BrooklynNets) <a href=\"https:\/\/twitter.com\/BrooklynNets\/status\/1639387919789051910?ref_src=twsrc%5Etfw\" class=\"trk-cta-link\" data-cta-trk='{\"ctaType\":\"Link\",\"ctaSubType\":\"main\"}'>March 24, 2023<\/a><\/p><\/blockquote><p><script async src=\"https:\/\/platform.twitter.com\/widgets.js\" charset=\"utf-8\"><\/script><\/p><p>&nbsp;<\/p>\n","protected":false},"excerpt":{"rendered":"","protected":false},"author":180309821,"featured_media":576822,"comment_status":"open","ping_status":"closed","sticky":false,"template":"","format":"standard","meta":{"inline_featured_image":false,"kia_subtitle":"","_mux_skip_reasons":[],"proofreadBy":0,"footnotes":""},"categories":[110,10],"tags":[518,499],"sport":[2783],"saison":[3453],"class_list":["post-577185","post","type-post","status-publish","format-standard","has-post-thumbnail","hentry","category-actualite-nba","category-nba","tag-ben-simmons","tag-brooklyn-nets","sport-nba","saison-3453"],"acf":[],"yoast_head":"<!-- This site is optimized with the Yoast SEO plugin v24.2 - https:\/\/yoast.com\/wordpress\/plugins\/seo\/ -->\n<title>Ben Simmons, les Nets confirment la blessure - The Playoffs FR<\/title>\n<meta name=\"robots\" content=\"index, follow, max-snippet:-1, max-image-preview:large, max-video-preview:-1\" \/>\n<link rel=\"canonical\" href=\"https:\/\/theplayoffs.news\/fr\/actualite-nba\/ben-simmons-la-blessure-connue\/\" \/>\n<meta property=\"og:locale\" content=\"fr_FR\" \/>\n<meta property=\"og:type\" content=\"article\" \/>\n<meta property=\"og:title\" content=\"Ben Simmons, les Nets confirment la blessure - The Playoffs FR\" \/>\n<meta property=\"og:url\" content=\"https:\/\/theplayoffs.news\/fr\/actualite-nba\/ben-simmons-la-blessure-connue\/\" \/>\n<meta property=\"og:site_name\" content=\"The Playoffs FR\" \/>\n<meta property=\"article:publisher\" content=\"https:\/\/www.facebook.com\/TheFreeAgentFR\/\" \/>\n<meta property=\"article:modified_time\" content=\"2023-03-26T08:32:05+02:00\" \/>\n<meta property=\"og:image\" content=\"https:\/\/theplayoffs.news\/fr\/wp-content\/uploads\/2023\/03\/tinywow_ben-simmons-parting-ways-agency_17510669.jpg\" \/>\n\t<meta property=\"og:image:width\" content=\"1920\" \/>\n\t<meta property=\"og:image:height\" content=\"1080\" \/>\n\t<meta property=\"og:image:type\" content=\"image\/jpeg\" \/>\n<meta name=\"author\" content=\"Maxime Le Gorjus\" \/>\n<meta name=\"twitter:card\" content=\"summary_large_image\" \/>\n<meta name=\"twitter:creator\" content=\"@TheFreeAgentFR\" \/>\n<meta name=\"twitter:site\" content=\"@TheFreeAgentFR\" \/>\n<meta name=\"twitter:label1\" content=\"\u00c9crit par\" \/>\n\t<meta name=\"twitter:data1\" content=\"Maxime Le Gorjus\" \/>\n\t<meta name=\"twitter:label2\" content=\"Dur\u00e9e de lecture estim\u00e9e\" \/>\n\t<meta name=\"twitter:data2\" content=\"1 minute\" \/>\n<script type=\"application\/ld+json\" class=\"yoast-schema-graph\">{\"@context\":\"https:\/\/schema.org\",\"@graph\":[{\"@type\":\"WebPage\",\"@id\":\"https:\/\/theplayoffs.news\/fr\/actualite-nba\/ben-simmons-la-blessure-connue\/\",\"url\":\"https:\/\/theplayoffs.news\/fr\/actualite-nba\/ben-simmons-la-blessure-connue\/\",\"name\":\"Ben Simmons, les Nets confirment la blessure - The Playoffs FR\",\"isPartOf\":{\"@id\":\"https:\/\/theplayoffs.news\/fr\/#website\"},\"primaryImageOfPage\":{\"@id\":\"https:\/\/theplayoffs.news\/fr\/actualite-nba\/ben-simmons-la-blessure-connue\/#primaryimage\"},\"image\":{\"@id\":\"https:\/\/theplayoffs.news\/fr\/actualite-nba\/ben-simmons-la-blessure-connue\/#primaryimage\"},\"thumbnailUrl\":\"https:\/\/theplayoffs.news\/fr\/wp-content\/uploads\/2023\/03\/tinywow_ben-simmons-parting-ways-agency_17510669.jpg\",\"datePublished\":\"2023-03-26T06:30:05+00:00\",\"dateModified\":\"2023-03-26T06:32:05+00:00\",\"author\":{\"@id\":\"https:\/\/theplayoffs.news\/fr\/#\/schema\/person\/e71dc12410195fc77183dda929d3a10c\"},\"breadcrumb\":{\"@id\":\"https:\/\/theplayoffs.news\/fr\/actualite-nba\/ben-simmons-la-blessure-connue\/#breadcrumb\"},\"inLanguage\":\"fr-FR\",\"potentialAction\":[{\"@type\":\"ReadAction\",\"target\":[\"https:\/\/theplayoffs.news\/fr\/actualite-nba\/ben-simmons-la-blessure-connue\/\"]}]},{\"@type\":\"ImageObject\",\"inLanguage\":\"fr-FR\",\"@id\":\"https:\/\/theplayoffs.news\/fr\/actualite-nba\/ben-simmons-la-blessure-connue\/#primaryimage\",\"url\":\"https:\/\/theplayoffs.news\/fr\/wp-content\/uploads\/2023\/03\/tinywow_ben-simmons-parting-ways-agency_17510669.jpg\",\"contentUrl\":\"https:\/\/theplayoffs.news\/fr\/wp-content\/uploads\/2023\/03\/tinywow_ben-simmons-parting-ways-agency_17510669.jpg\",\"width\":1920,\"height\":1080,\"caption\":\"ben Simmons\"},{\"@type\":\"BreadcrumbList\",\"@id\":\"https:\/\/theplayoffs.news\/fr\/actualite-nba\/ben-simmons-la-blessure-connue\/#breadcrumb\",\"itemListElement\":[{\"@type\":\"ListItem\",\"position\":1,\"name\":\"Accueil\",\"item\":\"https:\/\/theplayoffs.news\/fr\/\"},{\"@type\":\"ListItem\",\"position\":2,\"name\":\"Ben Simmons, les Nets confirment la blessure\"}]},{\"@type\":\"WebSite\",\"@id\":\"https:\/\/theplayoffs.news\/fr\/#website\",\"url\":\"https:\/\/theplayoffs.news\/fr\/\",\"name\":\"The Playoffs FR\",\"description\":\"NBA-NFL-NHL-MLB\",\"potentialAction\":[{\"@type\":\"SearchAction\",\"target\":{\"@type\":\"EntryPoint\",\"urlTemplate\":\"https:\/\/theplayoffs.news\/fr\/?s={search_term_string}\"},\"query-input\":{\"@type\":\"PropertyValueSpecification\",\"valueRequired\":true,\"valueName\":\"search_term_string\"}}],\"inLanguage\":\"fr-FR\"},{\"@type\":\"Person\",\"@id\":\"https:\/\/theplayoffs.news\/fr\/#\/schema\/person\/e71dc12410195fc77183dda929d3a10c\",\"name\":\"Maxime Le Gorjus\",\"image\":{\"@type\":\"ImageObject\",\"inLanguage\":\"fr-FR\",\"@id\":\"https:\/\/theplayoffs.news\/fr\/#\/schema\/person\/image\/\",\"url\":\"https:\/\/secure.gravatar.com\/avatar\/e9d907366de9735d771ce06fa32e62740f99d507b84a46e08ed7e5e05c120b42?s=96&d=mm&r=g\",\"contentUrl\":\"https:\/\/secure.gravatar.com\/avatar\/e9d907366de9735d771ce06fa32e62740f99d507b84a46e08ed7e5e05c120b42?s=96&d=mm&r=g\",\"caption\":\"Maxime Le Gorjus\"},\"url\":\"https:\/\/theplayoffs.news\/fr\/author\/maximelegorjus\/\"}]}<\/script>\n<!-- \/ Yoast SEO plugin. -->","yoast_head_json":{"title":"Ben Simmons, les Nets confirment la blessure - The Playoffs FR","robots":{"index":"index","follow":"follow","max-snippet":"max-snippet:-1","max-image-preview":"max-image-preview:large","max-video-preview":"max-video-preview:-1"},"canonical":"https:\/\/theplayoffs.news\/fr\/actualite-nba\/ben-simmons-la-blessure-connue\/","og_locale":"fr_FR","og_type":"article","og_title":"Ben Simmons, les Nets confirment la blessure - The Playoffs FR","og_url":"https:\/\/theplayoffs.news\/fr\/actualite-nba\/ben-simmons-la-blessure-connue\/","og_site_name":"The Playoffs FR","article_publisher":"https:\/\/www.facebook.com\/TheFreeAgentFR\/","article_modified_time":"2023-03-26T06:32:05+00:00","og_image":[{"width":1920,"height":1080,"url":"https:\/\/theplayoffs.news\/fr\/wp-content\/uploads\/2023\/03\/tinywow_ben-simmons-parting-ways-agency_17510669.jpg","type":"image\/jpeg"}],"author":"Maxime Le Gorjus","twitter_card":"summary_large_image","twitter_creator":"@TheFreeAgentFR","twitter_site":"@TheFreeAgentFR","twitter_misc":{"\u00c9crit par":"Maxime Le Gorjus","Dur\u00e9e de lecture estim\u00e9e":"1 minute"},"schema":{"@context":"https:\/\/schema.org","@graph":[{"@type":"WebPage","@id":"https:\/\/theplayoffs.news\/fr\/actualite-nba\/ben-simmons-la-blessure-connue\/","url":"https:\/\/theplayoffs.news\/fr\/actualite-nba\/ben-simmons-la-blessure-connue\/","name":"Ben Simmons, les Nets confirment la blessure - The Playoffs FR","isPartOf":{"@id":"https:\/\/theplayoffs.news\/fr\/#website"},"primaryImageOfPage":{"@id":"https:\/\/theplayoffs.news\/fr\/actualite-nba\/ben-simmons-la-blessure-connue\/#primaryimage"},"image":{"@id":"https:\/\/theplayoffs.news\/fr\/actualite-nba\/ben-simmons-la-blessure-connue\/#primaryimage"},"thumbnailUrl":"https:\/\/theplayoffs.news\/fr\/wp-content\/uploads\/2023\/03\/tinywow_ben-simmons-parting-ways-agency_17510669.jpg","datePublished":"2023-03-26T06:30:05+00:00","dateModified":"2023-03-26T06:32:05+00:00","author":{"@id":"https:\/\/theplayoffs.news\/fr\/#\/schema\/person\/e71dc12410195fc77183dda929d3a10c"},"breadcrumb":{"@id":"https:\/\/theplayoffs.news\/fr\/actualite-nba\/ben-simmons-la-blessure-connue\/#breadcrumb"},"inLanguage":"fr-FR","potentialAction":[{"@type":"ReadAction","target":["https:\/\/theplayoffs.news\/fr\/actualite-nba\/ben-simmons-la-blessure-connue\/"]}]},{"@type":"ImageObject","inLanguage":"fr-FR","@id":"https:\/\/theplayoffs.news\/fr\/actualite-nba\/ben-simmons-la-blessure-connue\/#primaryimage","url":"https:\/\/theplayoffs.news\/fr\/wp-content\/uploads\/2023\/03\/tinywow_ben-simmons-parting-ways-agency_17510669.jpg","contentUrl":"https:\/\/theplayoffs.news\/fr\/wp-content\/uploads\/2023\/03\/tinywow_ben-simmons-parting-ways-agency_17510669.jpg","width":1920,"height":1080,"caption":"ben Simmons"},{"@type":"BreadcrumbList","@id":"https:\/\/theplayoffs.news\/fr\/actualite-nba\/ben-simmons-la-blessure-connue\/#breadcrumb","itemListElement":[{"@type":"ListItem","position":1,"name":"Accueil","item":"https:\/\/theplayoffs.news\/fr\/"},{"@type":"ListItem","position":2,"name":"Ben Simmons, les Nets confirment la blessure"}]},{"@type":"WebSite","@id":"https:\/\/theplayoffs.news\/fr\/#website","url":"https:\/\/theplayoffs.news\/fr\/","name":"The Playoffs FR","description":"NBA-NFL-NHL-MLB","potentialAction":[{"@type":"SearchAction","target":{"@type":"EntryPoint","urlTemplate":"https:\/\/theplayoffs.news\/fr\/?s={search_term_string}"},"query-input":{"@type":"PropertyValueSpecification","valueRequired":true,"valueName":"search_term_string"}}],"inLanguage":"fr-FR"},{"@type":"Person","@id":"https:\/\/theplayoffs.news\/fr\/#\/schema\/person\/e71dc12410195fc77183dda929d3a10c","name":"Maxime Le Gorjus","image":{"@type":"ImageObject","inLanguage":"fr-FR","@id":"https:\/\/theplayoffs.news\/fr\/#\/schema\/person\/image\/","url":"https:\/\/secure.gravatar.com\/avatar\/e9d907366de9735d771ce06fa32e62740f99d507b84a46e08ed7e5e05c120b42?s=96&d=mm&r=g","contentUrl":"https:\/\/secure.gravatar.com\/avatar\/e9d907366de9735d771ce06fa32e62740f99d507b84a46e08ed7e5e05c120b42?s=96&d=mm&r=g","caption":"Maxime Le Gorjus"},"url":"https:\/\/theplayoffs.news\/fr\/author\/maximelegorjus\/"}]}},"_links":{"self":[{"href":"https:\/\/theplayoffs.news\/fr\/wp-json\/wp\/v2\/posts\/577185","targetHints":{"allow":["GET"]}}],"collection":[{"href":"https:\/\/theplayoffs.news\/fr\/wp-json\/wp\/v2\/posts"}],"about":[{"href":"https:\/\/theplayoffs.news\/fr\/wp-json\/wp\/v2\/types\/post"}],"author":[{"embeddable":true,"href":"https:\/\/theplayoffs.news\/fr\/wp-json\/wp\/v2\/users\/180309821"}],"replies":[{"embeddable":true,"href":"https:\/\/theplayoffs.news\/fr\/wp-json\/wp\/v2\/comments?post=577185"}],"version-history":[{"count":4,"href":"https:\/\/theplayoffs.news\/fr\/wp-json\/wp\/v2\/posts\/577185\/revisions"}],"predecessor-version":[{"id":577192,"href":"https:\/\/theplayoffs.news\/fr\/wp-json\/wp\/v2\/posts\/577185\/revisions\/577192"}],"wp:featuredmedia":[{"embeddable":true,"href":"https:\/\/theplayoffs.news\/fr\/wp-json\/wp\/v2\/media\/576822"}],"wp:attachment":[{"href":"https:\/\/theplayoffs.news\/fr\/wp-json\/wp\/v2\/media?parent=577185"}],"wp:term":[{"taxonomy":"category","embeddable":true,"href":"https:\/\/theplayoffs.news\/fr\/wp-json\/wp\/v2\/categories?post=577185"},{"taxonomy":"post_tag","embeddable":true,"href":"https:\/\/theplayoffs.news\/fr\/wp-json\/wp\/v2\/tags?post=577185"},{"taxonomy":"sport","embeddable":true,"href":"https:\/\/theplayoffs.news\/fr\/wp-json\/wp\/v2\/sport?post=577185"},{"taxonomy":"saison","embeddable":true,"href":"https:\/\/theplayoffs.news\/fr\/wp-json\/wp\/v2\/saison?post=577185"}],"curies":[{"name":"wp","href":"https:\/\/api.w.org\/{rel}","templated":true}]}}