{"id":577118,"date":"2023-03-26T00:02:52","date_gmt":"2023-03-25T23:02:52","guid":{"rendered":"https:\/\/theplayoffs.news\/fr\/?p=577118"},"modified":"2023-03-26T00:02:53","modified_gmt":"2023-03-25T23:02:53","slug":"damian-lillard-saison-finie","status":"publish","type":"post","link":"https:\/\/theplayoffs.news\/fr\/actualite-nba\/damian-lillard-saison-finie\/","title":{"rendered":"Damian Lillard, saison finie"},"content":{"rendered":"<h2>Alors que les Portland Trail Blazers n&rsquo;ont plus rien &agrave; jouer, leur star Damian Lillard est absent pour le reste de la saison.<\/h2><p>&nbsp;<\/p><p><a href=\"https:\/\/www.statmuse.com\/nba\/player\/damian-lillard-2205\" class=\"trk-cta-link\" data-cta-trk='{\"ctaType\":\"Link\",\"ctaSubType\":\"main\"}'>Damian Lillard<\/a> qui r&eacute;alise une excellente saison avec un record de points &agrave; 71 dans un match, est mis au repos par son &eacute;quipe.<\/p><p>&nbsp;<\/p><blockquote class=\"twitter-tweet\" data-width=\"500\" data-dnt=\"true\">\n<p lang=\"en\" dir=\"ltr\">Sources: The Portland Trail Blazers are leaning toward shutting down All-Star Damian Lillard for the season's final nine games. The franchise is seriously considering taking precautions as Lillard deals with calf injury and the team is 3.5 games out of Play-In Tournament race.<\/p>\n<p>&mdash; Shams Charania (@ShamsCharania) <a href=\"https:\/\/twitter.com\/ShamsCharania\/status\/1639749211133558785?ref_src=twsrc%5Etfw\" class=\"trk-cta-link\" data-cta-trk='{\"ctaType\":\"Link\",\"ctaSubType\":\"main\"}'>March 25, 2023<\/a><\/p><\/blockquote><p><script async src=\"https:\/\/platform.twitter.com\/widgets.js\" charset=\"utf-8\"><\/script><\/p><p><span id=\"p121\">Les Blazers, avec 2,5 matchs de retard sur la place de&nbsp;<span id=\"134\" class=\"s-rg-t\">play-in<\/span>, pr&eacute;f&egrave;rent tirer un trait sur la fin de saison et prot&eacute;ger leur star.<\/span><\/p><p><span id=\"p152\">Il a pour statistiques 32,2 points de moyenne par match, 4,8 rebonds et 7,3 passes, ses statistiques en carri&egrave;re.<\/span><span id=\"p153\">&nbsp;Son adresse est de 46,3 %, dont 31,7 % &agrave; trois points.<\/span><\/p><p><span id=\"p124\">Malgr&eacute; cela, Portland &eacute;choue &agrave; atteindre les&nbsp;<span id=\"141\" class=\"s-rg-t\">play-in<\/span>&nbsp;off.<\/span><span id=\"p125\">&nbsp;L&rsquo;avenir du joueur et de l&rsquo;entra&icirc;neur<a href=\"https:\/\/theplayoffs.news\/fr\/nba-basketball\/a-portland-les-temps-sont-durs\/\" class=\"trk-cta-link\" data-cta-trk='{\"ctaType\":\"Link\",\"ctaSubType\":\"main\"}'>&nbsp;<span id=\"142\" class=\"s-rg-t\">Chauncey<\/span>&nbsp;<span id=\"143\" class=\"s-rg-t\">Billups<\/span><\/a>&nbsp;reste incertain.<\/span><\/p><p>&nbsp;<\/p><p><img loading=\"lazy\" decoding=\"async\" class=\"alignnone size-full wp-image-456534\" src=\"https:\/\/theplayoffs.news\/fr\/wp-content\/uploads\/2022\/11\/1-7.jpg\" alt=\"Chauncey Billups\" width=\"900\" height=\"506\" srcset=\"https:\/\/theplayoffs.news\/fr\/wp-content\/uploads\/2022\/11\/1-7.jpg 900w, https:\/\/theplayoffs.news\/fr\/wp-content\/uploads\/2022\/11\/1-7-300x169.jpg 300w, https:\/\/theplayoffs.news\/fr\/wp-content\/uploads\/2022\/11\/1-7-768x432.jpg 768w, https:\/\/theplayoffs.news\/fr\/wp-content\/uploads\/2022\/11\/1-7-705x396.jpg 705w\" sizes=\"auto, (max-width: 900px) 100vw, 900px\" \/><\/p><p><span id=\"p126\"><span id=\"144\" class=\"s-rg-t\">Portland<\/span>&nbsp;doit pr&eacute;parer l&rsquo;avenir, il reste une saison &agrave; Damian&nbsp;<span id=\"145\" class=\"s-rg-t\">Lillard<\/span>&nbsp;&agrave; 44 millions de dollars et une option.<\/span><span id=\"p127\">&nbsp;La question de l&rsquo;avenir de la star dans l&rsquo;<span id=\"146\" class=\"s-rg-t\">oregon<\/span>&nbsp;reste incertaine malgr&eacute; l&rsquo;attachement du joueur &agrave; la franchise.<\/span><span id=\"p128\">&nbsp;Il fait partie des joueurs qui pr&eacute;f&egrave;rent rester toute leur carri&egrave;re dans une franchise que de changer de franchise pour avoir un ou plusieurs titres de champions &agrave; l&rsquo;instar d&rsquo;un&nbsp;<span id=\"147\" class=\"s-rg-t\">LeBron<\/span>&nbsp;James.<\/span><\/p><p><span id=\"p154\">&Agrave; 32 ans, il doit penser &agrave; sa fin de carri&egrave;re et &agrave; l&rsquo;h&eacute;ritage qu&rsquo;il veut laisser.<\/span><span id=\"p130\">&nbsp;Il sera intronis&eacute; au Hall of&nbsp;<span id=\"149\" class=\"s-rg-t\">Fame<\/span>&nbsp;avec certitude, avec ou sans titre.<\/span><span id=\"p155\">&nbsp;&Agrave; titre personnel, la recherche d&rsquo;un titre dans une autre franchise peut se comprendre.<\/span><\/p><p><span id=\"p132\">Les Portland Trail Blazers et Damian&nbsp;<span id=\"151\" class=\"s-rg-t\">Lillard<\/span>&nbsp;commencent d&eacute;j&agrave; &agrave; r&eacute;fl&eacute;chir &agrave; leur avenir.<\/span><\/p><p>&nbsp;<\/p>\n","protected":false},"excerpt":{"rendered":"","protected":false},"author":180309821,"featured_media":574981,"comment_status":"open","ping_status":"closed","sticky":false,"template":"","format":"standard","meta":{"inline_featured_image":false,"kia_subtitle":"","_mux_skip_reasons":[],"proofreadBy":0,"footnotes":""},"categories":[110,10],"tags":[508,1382],"sport":[2783],"saison":[3453],"class_list":["post-577118","post","type-post","status-publish","format-standard","has-post-thumbnail","hentry","category-actualite-nba","category-nba","tag-damian-lillard","tag-portland-trail-blazers","sport-nba","saison-3453"],"acf":[],"yoast_head":"<!-- This site is optimized with the Yoast SEO plugin v24.2 - https:\/\/yoast.com\/wordpress\/plugins\/seo\/ -->\n<title>Damian Lillard, saison finie - The Playoffs FR<\/title>\n<meta name=\"robots\" content=\"index, follow, max-snippet:-1, max-image-preview:large, max-video-preview:-1\" \/>\n<link rel=\"canonical\" href=\"https:\/\/theplayoffs.news\/fr\/actualite-nba\/damian-lillard-saison-finie\/\" \/>\n<meta property=\"og:locale\" content=\"fr_FR\" \/>\n<meta property=\"og:type\" content=\"article\" \/>\n<meta property=\"og:title\" content=\"Damian Lillard, saison finie - The Playoffs FR\" \/>\n<meta property=\"og:url\" content=\"https:\/\/theplayoffs.news\/fr\/actualite-nba\/damian-lillard-saison-finie\/\" \/>\n<meta property=\"og:site_name\" content=\"The Playoffs FR\" \/>\n<meta property=\"article:publisher\" content=\"https:\/\/www.facebook.com\/TheFreeAgentFR\/\" \/>\n<meta property=\"article:modified_time\" content=\"2023-03-26T00:02:53+01:00\" \/>\n<meta property=\"og:image\" content=\"https:\/\/theplayoffs.news\/fr\/wp-content\/uploads\/2023\/03\/Capture-decran-2023-03-17-163416.jpg\" \/>\n\t<meta property=\"og:image:width\" content=\"1565\" \/>\n\t<meta property=\"og:image:height\" content=\"888\" \/>\n\t<meta property=\"og:image:type\" content=\"image\/jpeg\" \/>\n<meta name=\"author\" content=\"Maxime Le Gorjus\" \/>\n<meta name=\"twitter:card\" content=\"summary_large_image\" \/>\n<meta name=\"twitter:creator\" content=\"@TheFreeAgentFR\" \/>\n<meta name=\"twitter:site\" content=\"@TheFreeAgentFR\" \/>\n<meta name=\"twitter:label1\" content=\"\u00c9crit par\" \/>\n\t<meta name=\"twitter:data1\" content=\"Maxime Le Gorjus\" \/>\n\t<meta name=\"twitter:label2\" content=\"Dur\u00e9e de lecture estim\u00e9e\" \/>\n\t<meta name=\"twitter:data2\" content=\"1 minute\" \/>\n<script type=\"application\/ld+json\" class=\"yoast-schema-graph\">{\"@context\":\"https:\/\/schema.org\",\"@graph\":[{\"@type\":\"WebPage\",\"@id\":\"https:\/\/theplayoffs.news\/fr\/actualite-nba\/damian-lillard-saison-finie\/\",\"url\":\"https:\/\/theplayoffs.news\/fr\/actualite-nba\/damian-lillard-saison-finie\/\",\"name\":\"Damian Lillard, saison finie - The Playoffs FR\",\"isPartOf\":{\"@id\":\"https:\/\/theplayoffs.news\/fr\/#website\"},\"primaryImageOfPage\":{\"@id\":\"https:\/\/theplayoffs.news\/fr\/actualite-nba\/damian-lillard-saison-finie\/#primaryimage\"},\"image\":{\"@id\":\"https:\/\/theplayoffs.news\/fr\/actualite-nba\/damian-lillard-saison-finie\/#primaryimage\"},\"thumbnailUrl\":\"https:\/\/theplayoffs.news\/fr\/wp-content\/uploads\/2023\/03\/Capture-decran-2023-03-17-163416.jpg\",\"datePublished\":\"2023-03-25T23:02:52+00:00\",\"dateModified\":\"2023-03-25T23:02:53+00:00\",\"author\":{\"@id\":\"https:\/\/theplayoffs.news\/fr\/#\/schema\/person\/e71dc12410195fc77183dda929d3a10c\"},\"breadcrumb\":{\"@id\":\"https:\/\/theplayoffs.news\/fr\/actualite-nba\/damian-lillard-saison-finie\/#breadcrumb\"},\"inLanguage\":\"fr-FR\",\"potentialAction\":[{\"@type\":\"ReadAction\",\"target\":[\"https:\/\/theplayoffs.news\/fr\/actualite-nba\/damian-lillard-saison-finie\/\"]}]},{\"@type\":\"ImageObject\",\"inLanguage\":\"fr-FR\",\"@id\":\"https:\/\/theplayoffs.news\/fr\/actualite-nba\/damian-lillard-saison-finie\/#primaryimage\",\"url\":\"https:\/\/theplayoffs.news\/fr\/wp-content\/uploads\/2023\/03\/Capture-decran-2023-03-17-163416.jpg\",\"contentUrl\":\"https:\/\/theplayoffs.news\/fr\/wp-content\/uploads\/2023\/03\/Capture-decran-2023-03-17-163416.jpg\",\"width\":1565,\"height\":888,\"caption\":\"Damian Lillard, Blazers\"},{\"@type\":\"BreadcrumbList\",\"@id\":\"https:\/\/theplayoffs.news\/fr\/actualite-nba\/damian-lillard-saison-finie\/#breadcrumb\",\"itemListElement\":[{\"@type\":\"ListItem\",\"position\":1,\"name\":\"Accueil\",\"item\":\"https:\/\/theplayoffs.news\/fr\/\"},{\"@type\":\"ListItem\",\"position\":2,\"name\":\"Damian Lillard, saison finie\"}]},{\"@type\":\"WebSite\",\"@id\":\"https:\/\/theplayoffs.news\/fr\/#website\",\"url\":\"https:\/\/theplayoffs.news\/fr\/\",\"name\":\"The Playoffs FR\",\"description\":\"NBA-NFL-NHL-MLB\",\"potentialAction\":[{\"@type\":\"SearchAction\",\"target\":{\"@type\":\"EntryPoint\",\"urlTemplate\":\"https:\/\/theplayoffs.news\/fr\/?s={search_term_string}\"},\"query-input\":{\"@type\":\"PropertyValueSpecification\",\"valueRequired\":true,\"valueName\":\"search_term_string\"}}],\"inLanguage\":\"fr-FR\"},{\"@type\":\"Person\",\"@id\":\"https:\/\/theplayoffs.news\/fr\/#\/schema\/person\/e71dc12410195fc77183dda929d3a10c\",\"name\":\"Maxime Le Gorjus\",\"image\":{\"@type\":\"ImageObject\",\"inLanguage\":\"fr-FR\",\"@id\":\"https:\/\/theplayoffs.news\/fr\/#\/schema\/person\/image\/\",\"url\":\"https:\/\/secure.gravatar.com\/avatar\/e9d907366de9735d771ce06fa32e62740f99d507b84a46e08ed7e5e05c120b42?s=96&d=mm&r=g\",\"contentUrl\":\"https:\/\/secure.gravatar.com\/avatar\/e9d907366de9735d771ce06fa32e62740f99d507b84a46e08ed7e5e05c120b42?s=96&d=mm&r=g\",\"caption\":\"Maxime Le Gorjus\"},\"url\":\"https:\/\/theplayoffs.news\/fr\/author\/maximelegorjus\/\"}]}<\/script>\n<!-- \/ Yoast SEO plugin. -->","yoast_head_json":{"title":"Damian Lillard, saison finie - The Playoffs FR","robots":{"index":"index","follow":"follow","max-snippet":"max-snippet:-1","max-image-preview":"max-image-preview:large","max-video-preview":"max-video-preview:-1"},"canonical":"https:\/\/theplayoffs.news\/fr\/actualite-nba\/damian-lillard-saison-finie\/","og_locale":"fr_FR","og_type":"article","og_title":"Damian Lillard, saison finie - The Playoffs FR","og_url":"https:\/\/theplayoffs.news\/fr\/actualite-nba\/damian-lillard-saison-finie\/","og_site_name":"The Playoffs FR","article_publisher":"https:\/\/www.facebook.com\/TheFreeAgentFR\/","article_modified_time":"2023-03-25T23:02:53+00:00","og_image":[{"width":1565,"height":888,"url":"https:\/\/theplayoffs.news\/fr\/wp-content\/uploads\/2023\/03\/Capture-decran-2023-03-17-163416.jpg","type":"image\/jpeg"}],"author":"Maxime Le Gorjus","twitter_card":"summary_large_image","twitter_creator":"@TheFreeAgentFR","twitter_site":"@TheFreeAgentFR","twitter_misc":{"\u00c9crit par":"Maxime Le Gorjus","Dur\u00e9e de lecture estim\u00e9e":"1 minute"},"schema":{"@context":"https:\/\/schema.org","@graph":[{"@type":"WebPage","@id":"https:\/\/theplayoffs.news\/fr\/actualite-nba\/damian-lillard-saison-finie\/","url":"https:\/\/theplayoffs.news\/fr\/actualite-nba\/damian-lillard-saison-finie\/","name":"Damian Lillard, saison finie - The Playoffs FR","isPartOf":{"@id":"https:\/\/theplayoffs.news\/fr\/#website"},"primaryImageOfPage":{"@id":"https:\/\/theplayoffs.news\/fr\/actualite-nba\/damian-lillard-saison-finie\/#primaryimage"},"image":{"@id":"https:\/\/theplayoffs.news\/fr\/actualite-nba\/damian-lillard-saison-finie\/#primaryimage"},"thumbnailUrl":"https:\/\/theplayoffs.news\/fr\/wp-content\/uploads\/2023\/03\/Capture-decran-2023-03-17-163416.jpg","datePublished":"2023-03-25T23:02:52+00:00","dateModified":"2023-03-25T23:02:53+00:00","author":{"@id":"https:\/\/theplayoffs.news\/fr\/#\/schema\/person\/e71dc12410195fc77183dda929d3a10c"},"breadcrumb":{"@id":"https:\/\/theplayoffs.news\/fr\/actualite-nba\/damian-lillard-saison-finie\/#breadcrumb"},"inLanguage":"fr-FR","potentialAction":[{"@type":"ReadAction","target":["https:\/\/theplayoffs.news\/fr\/actualite-nba\/damian-lillard-saison-finie\/"]}]},{"@type":"ImageObject","inLanguage":"fr-FR","@id":"https:\/\/theplayoffs.news\/fr\/actualite-nba\/damian-lillard-saison-finie\/#primaryimage","url":"https:\/\/theplayoffs.news\/fr\/wp-content\/uploads\/2023\/03\/Capture-decran-2023-03-17-163416.jpg","contentUrl":"https:\/\/theplayoffs.news\/fr\/wp-content\/uploads\/2023\/03\/Capture-decran-2023-03-17-163416.jpg","width":1565,"height":888,"caption":"Damian Lillard, Blazers"},{"@type":"BreadcrumbList","@id":"https:\/\/theplayoffs.news\/fr\/actualite-nba\/damian-lillard-saison-finie\/#breadcrumb","itemListElement":[{"@type":"ListItem","position":1,"name":"Accueil","item":"https:\/\/theplayoffs.news\/fr\/"},{"@type":"ListItem","position":2,"name":"Damian Lillard, saison finie"}]},{"@type":"WebSite","@id":"https:\/\/theplayoffs.news\/fr\/#website","url":"https:\/\/theplayoffs.news\/fr\/","name":"The Playoffs FR","description":"NBA-NFL-NHL-MLB","potentialAction":[{"@type":"SearchAction","target":{"@type":"EntryPoint","urlTemplate":"https:\/\/theplayoffs.news\/fr\/?s={search_term_string}"},"query-input":{"@type":"PropertyValueSpecification","valueRequired":true,"valueName":"search_term_string"}}],"inLanguage":"fr-FR"},{"@type":"Person","@id":"https:\/\/theplayoffs.news\/fr\/#\/schema\/person\/e71dc12410195fc77183dda929d3a10c","name":"Maxime Le Gorjus","image":{"@type":"ImageObject","inLanguage":"fr-FR","@id":"https:\/\/theplayoffs.news\/fr\/#\/schema\/person\/image\/","url":"https:\/\/secure.gravatar.com\/avatar\/e9d907366de9735d771ce06fa32e62740f99d507b84a46e08ed7e5e05c120b42?s=96&d=mm&r=g","contentUrl":"https:\/\/secure.gravatar.com\/avatar\/e9d907366de9735d771ce06fa32e62740f99d507b84a46e08ed7e5e05c120b42?s=96&d=mm&r=g","caption":"Maxime Le Gorjus"},"url":"https:\/\/theplayoffs.news\/fr\/author\/maximelegorjus\/"}]}},"_links":{"self":[{"href":"https:\/\/theplayoffs.news\/fr\/wp-json\/wp\/v2\/posts\/577118","targetHints":{"allow":["GET"]}}],"collection":[{"href":"https:\/\/theplayoffs.news\/fr\/wp-json\/wp\/v2\/posts"}],"about":[{"href":"https:\/\/theplayoffs.news\/fr\/wp-json\/wp\/v2\/types\/post"}],"author":[{"embeddable":true,"href":"https:\/\/theplayoffs.news\/fr\/wp-json\/wp\/v2\/users\/180309821"}],"replies":[{"embeddable":true,"href":"https:\/\/theplayoffs.news\/fr\/wp-json\/wp\/v2\/comments?post=577118"}],"version-history":[{"count":3,"href":"https:\/\/theplayoffs.news\/fr\/wp-json\/wp\/v2\/posts\/577118\/revisions"}],"predecessor-version":[{"id":577129,"href":"https:\/\/theplayoffs.news\/fr\/wp-json\/wp\/v2\/posts\/577118\/revisions\/577129"}],"wp:featuredmedia":[{"embeddable":true,"href":"https:\/\/theplayoffs.news\/fr\/wp-json\/wp\/v2\/media\/574981"}],"wp:attachment":[{"href":"https:\/\/theplayoffs.news\/fr\/wp-json\/wp\/v2\/media?parent=577118"}],"wp:term":[{"taxonomy":"category","embeddable":true,"href":"https:\/\/theplayoffs.news\/fr\/wp-json\/wp\/v2\/categories?post=577118"},{"taxonomy":"post_tag","embeddable":true,"href":"https:\/\/theplayoffs.news\/fr\/wp-json\/wp\/v2\/tags?post=577118"},{"taxonomy":"sport","embeddable":true,"href":"https:\/\/theplayoffs.news\/fr\/wp-json\/wp\/v2\/sport?post=577118"},{"taxonomy":"saison","embeddable":true,"href":"https:\/\/theplayoffs.news\/fr\/wp-json\/wp\/v2\/saison?post=577118"}],"curies":[{"name":"wp","href":"https:\/\/api.w.org\/{rel}","templated":true}]}}