{"id":577080,"date":"2023-03-25T19:24:11","date_gmt":"2023-03-25T18:24:11","guid":{"rendered":"https:\/\/theplayoffs.news\/fr\/?p=577080"},"modified":"2023-03-25T19:24:12","modified_gmt":"2023-03-25T18:24:12","slug":"anthony-edwards-pret-evenir-timberwolves","status":"publish","type":"post","link":"https:\/\/theplayoffs.news\/fr\/actualite-nba\/anthony-edwards-pret-evenir-timberwolves\/","title":{"rendered":"Anthony Edwards pr\u00eat \u00e0 revenir pour les Timberwolves"},"content":{"rendered":"<h2><strong>Les fans des Minnesota Timberwolves attendent avec impatience le retour de leur All-Star Anthony Edwards, car il devrait revenir sur le terrain apr&egrave;s une blessure &agrave; la cheville.<\/strong><\/h2><p>Apr&egrave;s une br&egrave;ve interruption en raison d&rsquo;une blessure &agrave; la cheville, le guard All-Star des Minnesota Timberwolves Anthony Edwards est sur le point de faire son retour sur le terrain. Des sources au sein de l&rsquo;organisation Timberwolves expriment un &laquo;&nbsp;fort optimisme&nbsp;&raquo; quant au retour d&rsquo;Edwards d&egrave;s le match de dimanche contre les Golden State Warriors, selon <a href=\"https:\/\/twitter.com\/ChrisBHaynes\/status\/1639686379952308224\" class=\"trk-cta-link\" data-cta-trk='{\"ctaType\":\"Link\",\"ctaSubType\":\"main\"}'>Chris Haynes de Bleacher Report et TNT.<\/a><\/p><p><a href=\"https:\/\/theplayoffs.news\/fr\/joueur\/anthony-edwards-nba-9188536\/\" class=\"trk-cta-link\" data-cta-trk='{\"ctaType\":\"Link\",\"ctaSubType\":\"main\"}'><strong>Anthony Edwards<\/strong><\/a>, 21 ans, a &eacute;t&eacute; mis &agrave; l&rsquo;&eacute;cart au cours des trois derniers matchs, marquant la premi&egrave;re fois qu&rsquo;il est absent de l&rsquo;alignement cette saison. Sa pr&eacute;sence sur le terrain a cruellement manqu&eacute;, car les Timberwolves ont eu du mal &agrave; maintenir leur &eacute;lan sans leur jeune garde dynamique.<\/p><p>Depuis qu&rsquo;il a &eacute;t&eacute; rep&ecirc;ch&eacute; en tant que premier choix au total lors de la draft de la NBA 2020, Anthony Edwards a &eacute;t&eacute; une force motrice pour les Timberwolves, mettant en valeur ses impressionnantes capacit&eacute;s de scoring. Cette saison, il a continu&eacute; &agrave; s&rsquo;appuyer sur sa r&eacute;putation d&eacute;j&agrave; excellente, avec une moyenne de 24,7 points, 5,9 rebonds et 4,4 passes d&eacute;cisives par match.<\/p><p>Le retour d&rsquo;Anthony Edwards dans l&rsquo;alignement devrait donner un coup de pouce indispensable aux Timberwolves, car ils ont &eacute;t&eacute; aux prises avec une s&eacute;rie de matchs difficiles. Les Wolves ont perdu 3 des 5 derniers matchs. Ils pointent actuellement &agrave; la 7&egrave; place de la conf&eacute;rence Ouest &agrave; &eacute;galit&eacute; avec les Lakers.<\/p><p>Le match de dimanche contre les redoutables Golden State Warriors sera l&rsquo;occasion de se rapprocher encore un peu plus de la 6&egrave; place. En cas de victoire, les Wolves ne seraient plus qu&rsquo;&agrave; un demi match de leur adversaire.<\/p>\n","protected":false},"excerpt":{"rendered":"","protected":false},"author":13,"featured_media":337893,"comment_status":"open","ping_status":"closed","sticky":false,"template":"","format":"standard","meta":{"inline_featured_image":false,"kia_subtitle":"","_mux_skip_reasons":[],"proofreadBy":0,"footnotes":""},"categories":[110,10],"tags":[925,856],"sport":[],"saison":[],"class_list":["post-577080","post","type-post","status-publish","format-standard","has-post-thumbnail","hentry","category-actualite-nba","category-nba","tag-anthony-edwards","tag-minnesota-timberwolves"],"acf":[],"yoast_head":"<!-- This site is optimized with the Yoast SEO plugin v24.2 - https:\/\/yoast.com\/wordpress\/plugins\/seo\/ -->\n<title>Anthony Edwards pr&ecirc;t &agrave; revenir pour les Timberwolves - The Playoffs FR<\/title>\n<meta name=\"robots\" content=\"index, follow, max-snippet:-1, max-image-preview:large, max-video-preview:-1\" \/>\n<link rel=\"canonical\" href=\"https:\/\/theplayoffs.news\/fr\/actualite-nba\/anthony-edwards-pret-evenir-timberwolves\/\" \/>\n<meta property=\"og:locale\" content=\"fr_FR\" \/>\n<meta property=\"og:type\" content=\"article\" \/>\n<meta property=\"og:title\" content=\"Anthony Edwards pr&ecirc;t &agrave; revenir pour les Timberwolves - The Playoffs FR\" \/>\n<meta property=\"og:url\" content=\"https:\/\/theplayoffs.news\/fr\/actualite-nba\/anthony-edwards-pret-evenir-timberwolves\/\" \/>\n<meta property=\"og:site_name\" content=\"The Playoffs FR\" \/>\n<meta property=\"article:publisher\" content=\"https:\/\/www.facebook.com\/TheFreeAgentFR\/\" \/>\n<meta property=\"article:modified_time\" content=\"2023-03-25T19:24:12+01:00\" \/>\n<meta property=\"og:image\" content=\"https:\/\/theplayoffs.news\/fr\/wp-content\/uploads\/2022\/04\/anthony-edwards-wolves-660x330-1.jpg\" \/>\n\t<meta property=\"og:image:width\" content=\"660\" \/>\n\t<meta property=\"og:image:height\" content=\"330\" \/>\n\t<meta property=\"og:image:type\" content=\"image\/jpeg\" \/>\n<meta name=\"author\" content=\"Charles Taudin\" \/>\n<meta name=\"twitter:card\" content=\"summary_large_image\" \/>\n<meta name=\"twitter:creator\" content=\"@TheFreeAgentFR\" \/>\n<meta name=\"twitter:site\" content=\"@TheFreeAgentFR\" \/>\n<meta name=\"twitter:label1\" content=\"\u00c9crit par\" \/>\n\t<meta name=\"twitter:data1\" content=\"Charles Taudin\" \/>\n\t<meta name=\"twitter:label2\" content=\"Dur\u00e9e de lecture estim\u00e9e\" \/>\n\t<meta name=\"twitter:data2\" content=\"1 minute\" \/>\n<script type=\"application\/ld+json\" class=\"yoast-schema-graph\">{\"@context\":\"https:\/\/schema.org\",\"@graph\":[{\"@type\":\"WebPage\",\"@id\":\"https:\/\/theplayoffs.news\/fr\/actualite-nba\/anthony-edwards-pret-evenir-timberwolves\/\",\"url\":\"https:\/\/theplayoffs.news\/fr\/actualite-nba\/anthony-edwards-pret-evenir-timberwolves\/\",\"name\":\"Anthony Edwards pr\u00eat \u00e0 revenir pour les Timberwolves - The Playoffs FR\",\"isPartOf\":{\"@id\":\"https:\/\/theplayoffs.news\/fr\/#website\"},\"primaryImageOfPage\":{\"@id\":\"https:\/\/theplayoffs.news\/fr\/actualite-nba\/anthony-edwards-pret-evenir-timberwolves\/#primaryimage\"},\"image\":{\"@id\":\"https:\/\/theplayoffs.news\/fr\/actualite-nba\/anthony-edwards-pret-evenir-timberwolves\/#primaryimage\"},\"thumbnailUrl\":\"https:\/\/theplayoffs.news\/fr\/wp-content\/uploads\/2022\/04\/anthony-edwards-wolves-660x330-1.jpg\",\"datePublished\":\"2023-03-25T18:24:11+00:00\",\"dateModified\":\"2023-03-25T18:24:12+00:00\",\"author\":{\"@id\":\"https:\/\/theplayoffs.news\/fr\/#\/schema\/person\/eee5b69ad5d3c51cabe881c839dbe133\"},\"breadcrumb\":{\"@id\":\"https:\/\/theplayoffs.news\/fr\/actualite-nba\/anthony-edwards-pret-evenir-timberwolves\/#breadcrumb\"},\"inLanguage\":\"fr-FR\",\"potentialAction\":[{\"@type\":\"ReadAction\",\"target\":[\"https:\/\/theplayoffs.news\/fr\/actualite-nba\/anthony-edwards-pret-evenir-timberwolves\/\"]}]},{\"@type\":\"ImageObject\",\"inLanguage\":\"fr-FR\",\"@id\":\"https:\/\/theplayoffs.news\/fr\/actualite-nba\/anthony-edwards-pret-evenir-timberwolves\/#primaryimage\",\"url\":\"https:\/\/theplayoffs.news\/fr\/wp-content\/uploads\/2022\/04\/anthony-edwards-wolves-660x330-1.jpg\",\"contentUrl\":\"https:\/\/theplayoffs.news\/fr\/wp-content\/uploads\/2022\/04\/anthony-edwards-wolves-660x330-1.jpg\",\"width\":660,\"height\":330,\"caption\":\"Minnesota Timberwolves Anthony Edwards\"},{\"@type\":\"BreadcrumbList\",\"@id\":\"https:\/\/theplayoffs.news\/fr\/actualite-nba\/anthony-edwards-pret-evenir-timberwolves\/#breadcrumb\",\"itemListElement\":[{\"@type\":\"ListItem\",\"position\":1,\"name\":\"Accueil\",\"item\":\"https:\/\/theplayoffs.news\/fr\/\"},{\"@type\":\"ListItem\",\"position\":2,\"name\":\"Anthony Edwards pr\u00eat \u00e0 revenir pour les Timberwolves\"}]},{\"@type\":\"WebSite\",\"@id\":\"https:\/\/theplayoffs.news\/fr\/#website\",\"url\":\"https:\/\/theplayoffs.news\/fr\/\",\"name\":\"The Playoffs FR\",\"description\":\"NBA-NFL-NHL-MLB\",\"potentialAction\":[{\"@type\":\"SearchAction\",\"target\":{\"@type\":\"EntryPoint\",\"urlTemplate\":\"https:\/\/theplayoffs.news\/fr\/?s={search_term_string}\"},\"query-input\":{\"@type\":\"PropertyValueSpecification\",\"valueRequired\":true,\"valueName\":\"search_term_string\"}}],\"inLanguage\":\"fr-FR\"},{\"@type\":\"Person\",\"@id\":\"https:\/\/theplayoffs.news\/fr\/#\/schema\/person\/eee5b69ad5d3c51cabe881c839dbe133\",\"name\":\"Charles Taudin\",\"image\":{\"@type\":\"ImageObject\",\"inLanguage\":\"fr-FR\",\"@id\":\"https:\/\/theplayoffs.news\/fr\/#\/schema\/person\/image\/\",\"url\":\"https:\/\/secure.gravatar.com\/avatar\/59a1e772205ce9fd255edfcafc93013736822e20261f294c5753b20c41ede9f2?s=96&d=mm&r=g\",\"contentUrl\":\"https:\/\/secure.gravatar.com\/avatar\/59a1e772205ce9fd255edfcafc93013736822e20261f294c5753b20c41ede9f2?s=96&d=mm&r=g\",\"caption\":\"Charles Taudin\"},\"description\":\"R\u00e9dacteur en chef global de The Playoffs, j\u2019ai cr\u00e9\u00e9 The Free Agent, devenu The Playoffs FR, en 2020 durant la pand\u00e9mie. Amoureux depuis des ann\u00e9es des 4 sports majeurs am\u00e9ricains, j\u2019organise maintenant la strat\u00e9gie \u00e9ditoriale et les r\u00e9seaux sociaux de l\u2019ensemble des versions de The Playoffs. Il m\u2019arrive encore d\u2019\u00e9crire sur certains sports que j\u2019affectionne particuli\u00e8rement comme la NFL ou la MLB. Si vous devez retenir qu\u2019une chose : Eli Manning est le vrai GOAT pour avoir battu deux fois Tom Brady.\",\"sameAs\":[\"https:\/\/www.instagram.com\/ctaudin_\/\"],\"url\":\"https:\/\/theplayoffs.news\/fr\/author\/charles-taudin\/\"}]}<\/script>\n<!-- \/ Yoast SEO plugin. -->","yoast_head_json":{"title":"Anthony Edwards pr&ecirc;t &agrave; revenir pour les Timberwolves - The Playoffs FR","robots":{"index":"index","follow":"follow","max-snippet":"max-snippet:-1","max-image-preview":"max-image-preview:large","max-video-preview":"max-video-preview:-1"},"canonical":"https:\/\/theplayoffs.news\/fr\/actualite-nba\/anthony-edwards-pret-evenir-timberwolves\/","og_locale":"fr_FR","og_type":"article","og_title":"Anthony Edwards pr&ecirc;t &agrave; revenir pour les Timberwolves - The Playoffs FR","og_url":"https:\/\/theplayoffs.news\/fr\/actualite-nba\/anthony-edwards-pret-evenir-timberwolves\/","og_site_name":"The Playoffs FR","article_publisher":"https:\/\/www.facebook.com\/TheFreeAgentFR\/","article_modified_time":"2023-03-25T18:24:12+00:00","og_image":[{"width":660,"height":330,"url":"https:\/\/theplayoffs.news\/fr\/wp-content\/uploads\/2022\/04\/anthony-edwards-wolves-660x330-1.jpg","type":"image\/jpeg"}],"author":"Charles Taudin","twitter_card":"summary_large_image","twitter_creator":"@TheFreeAgentFR","twitter_site":"@TheFreeAgentFR","twitter_misc":{"\u00c9crit par":"Charles Taudin","Dur\u00e9e de lecture estim\u00e9e":"1 minute"},"schema":{"@context":"https:\/\/schema.org","@graph":[{"@type":"WebPage","@id":"https:\/\/theplayoffs.news\/fr\/actualite-nba\/anthony-edwards-pret-evenir-timberwolves\/","url":"https:\/\/theplayoffs.news\/fr\/actualite-nba\/anthony-edwards-pret-evenir-timberwolves\/","name":"Anthony Edwards pr\u00eat \u00e0 revenir pour les Timberwolves - The Playoffs FR","isPartOf":{"@id":"https:\/\/theplayoffs.news\/fr\/#website"},"primaryImageOfPage":{"@id":"https:\/\/theplayoffs.news\/fr\/actualite-nba\/anthony-edwards-pret-evenir-timberwolves\/#primaryimage"},"image":{"@id":"https:\/\/theplayoffs.news\/fr\/actualite-nba\/anthony-edwards-pret-evenir-timberwolves\/#primaryimage"},"thumbnailUrl":"https:\/\/theplayoffs.news\/fr\/wp-content\/uploads\/2022\/04\/anthony-edwards-wolves-660x330-1.jpg","datePublished":"2023-03-25T18:24:11+00:00","dateModified":"2023-03-25T18:24:12+00:00","author":{"@id":"https:\/\/theplayoffs.news\/fr\/#\/schema\/person\/eee5b69ad5d3c51cabe881c839dbe133"},"breadcrumb":{"@id":"https:\/\/theplayoffs.news\/fr\/actualite-nba\/anthony-edwards-pret-evenir-timberwolves\/#breadcrumb"},"inLanguage":"fr-FR","potentialAction":[{"@type":"ReadAction","target":["https:\/\/theplayoffs.news\/fr\/actualite-nba\/anthony-edwards-pret-evenir-timberwolves\/"]}]},{"@type":"ImageObject","inLanguage":"fr-FR","@id":"https:\/\/theplayoffs.news\/fr\/actualite-nba\/anthony-edwards-pret-evenir-timberwolves\/#primaryimage","url":"https:\/\/theplayoffs.news\/fr\/wp-content\/uploads\/2022\/04\/anthony-edwards-wolves-660x330-1.jpg","contentUrl":"https:\/\/theplayoffs.news\/fr\/wp-content\/uploads\/2022\/04\/anthony-edwards-wolves-660x330-1.jpg","width":660,"height":330,"caption":"Minnesota Timberwolves Anthony Edwards"},{"@type":"BreadcrumbList","@id":"https:\/\/theplayoffs.news\/fr\/actualite-nba\/anthony-edwards-pret-evenir-timberwolves\/#breadcrumb","itemListElement":[{"@type":"ListItem","position":1,"name":"Accueil","item":"https:\/\/theplayoffs.news\/fr\/"},{"@type":"ListItem","position":2,"name":"Anthony Edwards pr\u00eat \u00e0 revenir pour les Timberwolves"}]},{"@type":"WebSite","@id":"https:\/\/theplayoffs.news\/fr\/#website","url":"https:\/\/theplayoffs.news\/fr\/","name":"The Playoffs FR","description":"NBA-NFL-NHL-MLB","potentialAction":[{"@type":"SearchAction","target":{"@type":"EntryPoint","urlTemplate":"https:\/\/theplayoffs.news\/fr\/?s={search_term_string}"},"query-input":{"@type":"PropertyValueSpecification","valueRequired":true,"valueName":"search_term_string"}}],"inLanguage":"fr-FR"},{"@type":"Person","@id":"https:\/\/theplayoffs.news\/fr\/#\/schema\/person\/eee5b69ad5d3c51cabe881c839dbe133","name":"Charles Taudin","image":{"@type":"ImageObject","inLanguage":"fr-FR","@id":"https:\/\/theplayoffs.news\/fr\/#\/schema\/person\/image\/","url":"https:\/\/secure.gravatar.com\/avatar\/59a1e772205ce9fd255edfcafc93013736822e20261f294c5753b20c41ede9f2?s=96&d=mm&r=g","contentUrl":"https:\/\/secure.gravatar.com\/avatar\/59a1e772205ce9fd255edfcafc93013736822e20261f294c5753b20c41ede9f2?s=96&d=mm&r=g","caption":"Charles Taudin"},"description":"R\u00e9dacteur en chef global de The Playoffs, j\u2019ai cr\u00e9\u00e9 The Free Agent, devenu The Playoffs FR, en 2020 durant la pand\u00e9mie. Amoureux depuis des ann\u00e9es des 4 sports majeurs am\u00e9ricains, j\u2019organise maintenant la strat\u00e9gie \u00e9ditoriale et les r\u00e9seaux sociaux de l\u2019ensemble des versions de The Playoffs. Il m\u2019arrive encore d\u2019\u00e9crire sur certains sports que j\u2019affectionne particuli\u00e8rement comme la NFL ou la MLB. Si vous devez retenir qu\u2019une chose : Eli Manning est le vrai GOAT pour avoir battu deux fois Tom Brady.","sameAs":["https:\/\/www.instagram.com\/ctaudin_\/"],"url":"https:\/\/theplayoffs.news\/fr\/author\/charles-taudin\/"}]}},"_links":{"self":[{"href":"https:\/\/theplayoffs.news\/fr\/wp-json\/wp\/v2\/posts\/577080","targetHints":{"allow":["GET"]}}],"collection":[{"href":"https:\/\/theplayoffs.news\/fr\/wp-json\/wp\/v2\/posts"}],"about":[{"href":"https:\/\/theplayoffs.news\/fr\/wp-json\/wp\/v2\/types\/post"}],"author":[{"embeddable":true,"href":"https:\/\/theplayoffs.news\/fr\/wp-json\/wp\/v2\/users\/13"}],"replies":[{"embeddable":true,"href":"https:\/\/theplayoffs.news\/fr\/wp-json\/wp\/v2\/comments?post=577080"}],"version-history":[{"count":2,"href":"https:\/\/theplayoffs.news\/fr\/wp-json\/wp\/v2\/posts\/577080\/revisions"}],"predecessor-version":[{"id":577082,"href":"https:\/\/theplayoffs.news\/fr\/wp-json\/wp\/v2\/posts\/577080\/revisions\/577082"}],"wp:featuredmedia":[{"embeddable":true,"href":"https:\/\/theplayoffs.news\/fr\/wp-json\/wp\/v2\/media\/337893"}],"wp:attachment":[{"href":"https:\/\/theplayoffs.news\/fr\/wp-json\/wp\/v2\/media?parent=577080"}],"wp:term":[{"taxonomy":"category","embeddable":true,"href":"https:\/\/theplayoffs.news\/fr\/wp-json\/wp\/v2\/categories?post=577080"},{"taxonomy":"post_tag","embeddable":true,"href":"https:\/\/theplayoffs.news\/fr\/wp-json\/wp\/v2\/tags?post=577080"},{"taxonomy":"sport","embeddable":true,"href":"https:\/\/theplayoffs.news\/fr\/wp-json\/wp\/v2\/sport?post=577080"},{"taxonomy":"saison","embeddable":true,"href":"https:\/\/theplayoffs.news\/fr\/wp-json\/wp\/v2\/saison?post=577080"}],"curies":[{"name":"wp","href":"https:\/\/api.w.org\/{rel}","templated":true}]}}