{"id":577049,"date":"2023-03-25T17:49:48","date_gmt":"2023-03-25T16:49:48","guid":{"rendered":"https:\/\/theplayoffs.news\/fr\/?p=577049"},"modified":"2023-03-25T17:51:44","modified_gmt":"2023-03-25T16:51:44","slug":"les-dallas-mavericks-un-echec","status":"publish","type":"post","link":"https:\/\/theplayoffs.news\/fr\/actualite-nba\/les-dallas-mavericks-un-echec\/","title":{"rendered":"Les Dallas Mavericks en danger, chronique d&rsquo;un \u00e9chec"},"content":{"rendered":"<h2><span id=\"p0\">Alors que les Dallas&nbsp;<span id=\"47\" class=\"s-rg-t\">Mavericks<\/span>&nbsp;sont sur une s&eacute;rie de trois d&eacute;faites de suite, la derni&egrave;re en titre contre les Charlotte&nbsp;<span id=\"48\" class=\"s-rg-t\">Hornets<\/span>&nbsp;d&eacute;j&agrave; &eacute;limin&eacute; de la course au&nbsp;<span id=\"49\" class=\"s-rg-t\">play-in<\/span>.<\/span><span id=\"p102\">&nbsp;En cas de non-qualification, ce serait un &eacute;chec retentissant.<\/span><\/h2><p>&nbsp;<\/p><p><img loading=\"lazy\" decoding=\"async\" class=\"alignnone size-large wp-image-282019\" src=\"https:\/\/theplayoffs.news\/fr\/wp-content\/uploads\/2021\/01\/Dallas-Mavericks-1024x576.png\" alt=\"Dallas Mavericks \" width=\"1024\" height=\"576\" srcset=\"https:\/\/theplayoffs.news\/fr\/wp-content\/uploads\/2021\/01\/Dallas-Mavericks-1024x576.png 1024w, https:\/\/theplayoffs.news\/fr\/wp-content\/uploads\/2021\/01\/Dallas-Mavericks-300x169.png 300w, https:\/\/theplayoffs.news\/fr\/wp-content\/uploads\/2021\/01\/Dallas-Mavericks-768x432.png 768w, https:\/\/theplayoffs.news\/fr\/wp-content\/uploads\/2021\/01\/Dallas-Mavericks-1536x864.png 1536w, https:\/\/theplayoffs.news\/fr\/wp-content\/uploads\/2021\/01\/Dallas-Mavericks-2048x1152.png 2048w, https:\/\/theplayoffs.news\/fr\/wp-content\/uploads\/2021\/01\/Dallas-Mavericks-1080x608.png 1080w, https:\/\/theplayoffs.news\/fr\/wp-content\/uploads\/2021\/01\/Dallas-Mavericks-1280x720.png 1280w, https:\/\/theplayoffs.news\/fr\/wp-content\/uploads\/2021\/01\/Dallas-Mavericks-980x551.png 980w, https:\/\/theplayoffs.news\/fr\/wp-content\/uploads\/2021\/01\/Dallas-Mavericks-480x270.png 480w\" sizes=\"auto, (max-width: 1024px) 100vw, 1024px\" \/><\/p><p>&nbsp;<\/p><p>&nbsp;<\/p><h3><span id=\"p4\">Chronique d&rsquo;un &eacute;chec annonc&eacute;<\/span><\/h3><p>&nbsp;<\/p><blockquote class=\"twitter-tweet\" data-width=\"500\" data-dnt=\"true\">\n<p lang=\"en\" dir=\"ltr\">Knock your SOCKS off &#129510;&#128565;<a href=\"https:\/\/twitter.com\/BryceMcgowens5?ref_src=twsrc%5Etfw\" class=\"trk-cta-link\" data-cta-trk='{\"ctaType\":\"Link\",\"ctaSubType\":\"main\"}'>@BryceMcgowens5<\/a> | @HornetsOnBally <a href=\"https:\/\/t.co\/UD57QfvnaI\" class=\"trk-cta-link\" data-cta-trk='{\"ctaType\":\"Link\",\"ctaSubType\":\"main\"}'>pic.twitter.com\/UD57QfvnaI<\/a><\/p>\n<p>&mdash; Charlotte Hornets (@hornets) <a href=\"https:\/\/twitter.com\/hornets\/status\/1639456647956541441?ref_src=twsrc%5Etfw\" class=\"trk-cta-link\" data-cta-trk='{\"ctaType\":\"Link\",\"ctaSubType\":\"main\"}'>March 25, 2023<\/a><\/p><\/blockquote><p><script async src=\"https:\/\/platform.twitter.com\/widgets.js\" charset=\"utf-8\"><\/script><\/p><p>&nbsp;<\/p><p><span id=\"p6\">Les Dallas&nbsp;<span id=\"93\" class=\"s-rg-t\">Mavericks<\/span>&nbsp;commencent une s&eacute;rie de cinq matchs &agrave; l&rsquo;Est, un&nbsp;<span id=\"94\" class=\"s-rg-t\">road<\/span>&nbsp;trip d&eacute;cisif contre des &eacute;quipes qui luttent elles aussi pour une place dans le&nbsp;<span id=\"95\" class=\"s-rg-t\">play-in<\/span>.<\/span><span id=\"p7\">&nbsp;Les&nbsp;<span id=\"96\" class=\"s-rg-t\">Hornets<\/span>, le premier match est le seul match accessible en&nbsp;<span id=\"97\" class=\"s-rg-t\">back<\/span>&nbsp;to&nbsp;<span id=\"98\" class=\"s-rg-t\">back<\/span>, deux matchs de suite contre la m&ecirc;me&nbsp;&eacute;quipe, mais&nbsp;ces derniers viennent de les dominer &agrave;&nbsp;Dallas.<\/span><span id=\"p8\">&nbsp;Il serait surprenant de voir Dallas perdre encore contre le m&ecirc;me adversaire.<\/span><\/p><p>&nbsp;<\/p><p><img loading=\"lazy\" decoding=\"async\" class=\"alignnone size-large wp-image-577056\" src=\"https:\/\/theplayoffs.news\/fr\/wp-content\/uploads\/2023\/03\/Luka-Doncic-824x1030.jpg\" alt=\"\" width=\"824\" height=\"1030\" srcset=\"https:\/\/theplayoffs.news\/fr\/wp-content\/uploads\/2023\/03\/Luka-Doncic-824x1030.jpg 824w, https:\/\/theplayoffs.news\/fr\/wp-content\/uploads\/2023\/03\/Luka-Doncic-240x300.jpg 240w, https:\/\/theplayoffs.news\/fr\/wp-content\/uploads\/2023\/03\/Luka-Doncic-768x960.jpg 768w, https:\/\/theplayoffs.news\/fr\/wp-content\/uploads\/2023\/03\/Luka-Doncic-1229x1536.jpg 1229w, https:\/\/theplayoffs.news\/fr\/wp-content\/uploads\/2023\/03\/Luka-Doncic-1200x1500.jpg 1200w, https:\/\/theplayoffs.news\/fr\/wp-content\/uploads\/2023\/03\/Luka-Doncic-564x705.jpg 564w, https:\/\/theplayoffs.news\/fr\/wp-content\/uploads\/2023\/03\/Luka-Doncic-1320x1650.jpg 1320w, https:\/\/theplayoffs.news\/fr\/wp-content\/uploads\/2023\/03\/Luka-Doncic.jpg 1536w\" sizes=\"auto, (max-width: 824px) 100vw, 824px\" \/><\/p><p>&nbsp;<\/p><p><span id=\"p10\">Une d&eacute;faite condamnerait presque d&eacute;j&agrave; les espoirs des Dallas&nbsp;<span id=\"51\" class=\"s-rg-t\">Mavericks<\/span>&nbsp;de qualification pour le&nbsp;<span id=\"52\" class=\"s-rg-t\">play-in<\/span>.<\/span><span id=\"p11\">&nbsp;Mark&nbsp;<span id=\"53\" class=\"s-rg-t\">Cuban<\/span>, le propri&eacute;taire des&nbsp;<span id=\"54\" class=\"s-rg-t\">Mavericks<\/span>, a beau avoir pos&eacute; une r&eacute;clamation contre l&rsquo;arbitrage lors de la d&eacute;faite face aux Golden&nbsp;<span id=\"55\" class=\"s-rg-t\">State<\/span>&nbsp;<span id=\"56\" class=\"s-rg-t\">Warriors<\/span>, ce n&rsquo;est pas une d&eacute;faite qui explique l&rsquo;&eacute;chec.<\/span><\/p><p><span id=\"p12\"><span id=\"57\" class=\"s-rg-t\">Quelque<\/span>&nbsp;soit la conclusion de la saison r&eacute;guli&egrave;re, les Dallas&nbsp;<span id=\"58\" class=\"s-rg-t\">Mavericks<\/span>&nbsp;ont jou&eacute; leur va-tout dans le transfert de <a href=\"https:\/\/theplayoffs.news\/fr\/joueur\/kyrie-irving-nba-12884\/\" class=\"trk-cta-link\" data-cta-trk='{\"ctaType\":\"Link\",\"ctaSubType\":\"main\"}'>Kyrie Irving<\/a>.<\/span><span id=\"p13\">&nbsp;Le r&eacute;sultat est sans appel, c&rsquo;est un &eacute;chec.<\/span><span id=\"p14\">&nbsp;&Agrave;&nbsp;l&rsquo;heure o&ugrave; nous &eacute;crivons ces lignes, le sort des&nbsp;<span id=\"60\" class=\"s-rg-t\">Mavericks<\/span>&nbsp;n&rsquo;est pas&nbsp;scell&eacute;, mais&nbsp;la dynamique de trois d&eacute;faites cons&eacute;cutives est la pire des &eacute;quipes candidates aux&nbsp;<span id=\"62\" class=\"s-rg-t\">play-in<\/span>.<\/span><\/p><p><span id=\"p15\">Il s&rsquo;agit du r&eacute;sultat d&rsquo;une succession d&rsquo;erreurs.<\/span><span id=\"p16\">&nbsp;La premi&egrave;re et la plus importante, faire venir Kyrie Irving.<\/span><span id=\"p103\">&nbsp;Sportivement, c&rsquo;est une erreur.<\/span><span id=\"p18\">&nbsp;Le but est de faire plaisir &agrave; la star Luka&nbsp;<span id=\"64\" class=\"s-rg-t\">Doncic<\/span>.<\/span><span id=\"p19\">&nbsp;Ils ont disput&eacute; dix matchs ensemble.<\/span><span id=\"p20\">&nbsp;<a href=\"https:\/\/www.statmuse.com\/nba\/ask\/how-many-games-luka-doncic-and-kyrie-irving-play-together\" class=\"trk-cta-link\" data-cta-trk='{\"ctaType\":\"Link\",\"ctaSubType\":\"main\"}'>Le bilan est sans appel,<\/a> six d&eacute;faites pour trois victoires.<\/span><span id=\"p21\">&nbsp;Les deux joueurs veulent avoir tous les deux le ballon.<\/span><span id=\"p22\">&nbsp;Ils ne sont pas compl&eacute;mentaires.<\/span><\/p><p>&nbsp;<\/p><p><img loading=\"lazy\" decoding=\"async\" class=\"alignnone size-full wp-image-309748\" src=\"https:\/\/theplayoffs.news\/fr\/wp-content\/uploads\/2021\/08\/spencer-dinwiddie.jpg\" alt=\"\" width=\"740\" height=\"494\" srcset=\"https:\/\/theplayoffs.news\/fr\/wp-content\/uploads\/2021\/08\/spencer-dinwiddie.jpg 740w, https:\/\/theplayoffs.news\/fr\/wp-content\/uploads\/2021\/08\/spencer-dinwiddie-705x471.jpg 705w, https:\/\/theplayoffs.news\/fr\/wp-content\/uploads\/2021\/08\/spencer-dinwiddie-300x200.jpg 300w, https:\/\/theplayoffs.news\/fr\/wp-content\/uploads\/2021\/08\/spencer-dinwiddie-480x320.jpg 480w\" sizes=\"auto, (max-width: 740px) 100vw, 740px\" \/><\/p><p>&nbsp;<\/p><p><span id=\"p23\">Dallas a perdu deux joueurs dont l&rsquo;absence se fait cruellement sentir.<\/span><span id=\"p24\">&nbsp;Spencer&nbsp;<span id=\"65\" class=\"s-rg-t\">Dinwiddie<\/span>&nbsp;et Dorian&nbsp;<span id=\"66\" class=\"s-rg-t\">Finney-Smith<\/span>.<\/span><span id=\"p25\">&nbsp;Ils ont &eacute;chang&eacute; un poste quatre de bon niveau, joueur de devoir,&nbsp;<span id=\"67\" class=\"s-rg-t\">Finney-Smith<\/span>&nbsp;et un pur meneur avec&nbsp;<span id=\"68\" class=\"s-rg-t\">Dinwiddie<\/span>, pour une star sans chercher plus loin.<\/span><\/p><p><span id=\"p26\"><span id=\"69\" class=\"s-rg-t\">Kyrie Irving<\/span>&nbsp;est un&nbsp;<span id=\"70\" class=\"s-rg-t\">All<\/span>&nbsp;Star et un joueur, quand il veut jouer, d&rsquo;un niveau rare.<\/span><span id=\"p27\">&nbsp;Mais les&nbsp;<span id=\"71\" class=\"s-rg-t\">Mavericks<\/span>&nbsp;ont cru qu&rsquo;en faisant plaisir &agrave;&nbsp;<span id=\"72\" class=\"s-rg-t\">Doncic<\/span>&nbsp;en lui faisant venir un grand nom que le&nbsp;<span id=\"73\" class=\"s-rg-t\">Slov&eacute;ne<\/span>&nbsp;r&eacute;clamais les r&eacute;sultats seraient imm&eacute;diat.<\/span><span id=\"p28\">&nbsp;<span id=\"74\" class=\"s-rg-t\">Force<\/span>&nbsp;est de constater que l&rsquo;&eacute;chec est l&agrave;.<\/span><span id=\"p29\">&nbsp;L&rsquo;&eacute;quipe, qui vise la qualification directe pour les&nbsp;<span id=\"75\" class=\"s-rg-t\">play-off<\/span>&nbsp;et affiche ouvertement ses ambitions pour le titre, est&nbsp;loin de ces objectifs.<\/span><\/p><p>&nbsp;<\/p><p><img loading=\"lazy\" decoding=\"async\" class=\"alignnone size-large wp-image-576574\" src=\"https:\/\/theplayoffs.news\/fr\/wp-content\/uploads\/2023\/03\/Capture-decran-2023-03-23-132938-1030x702.jpg\" alt=\"Dallas Mavericks, Mark Cuban\" width=\"1030\" height=\"702\" srcset=\"https:\/\/theplayoffs.news\/fr\/wp-content\/uploads\/2023\/03\/Capture-decran-2023-03-23-132938-1030x702.jpg 1030w, https:\/\/theplayoffs.news\/fr\/wp-content\/uploads\/2023\/03\/Capture-decran-2023-03-23-132938-300x205.jpg 300w, https:\/\/theplayoffs.news\/fr\/wp-content\/uploads\/2023\/03\/Capture-decran-2023-03-23-132938-768x524.jpg 768w, https:\/\/theplayoffs.news\/fr\/wp-content\/uploads\/2023\/03\/Capture-decran-2023-03-23-132938-705x481.jpg 705w, https:\/\/theplayoffs.news\/fr\/wp-content\/uploads\/2023\/03\/Capture-decran-2023-03-23-132938.jpg 1179w\" sizes=\"auto, (max-width: 1030px) 100vw, 1030px\" \/><\/p><p>&nbsp;<\/p><p><span id=\"p30\">L&rsquo;entra&icirc;neur, <a href=\"https:\/\/theplayoffs.news\/fr\/nba-basketball\/dallas-mavericks-defaite-charlotte-hornets\/\" class=\"trk-cta-link\" data-cta-trk='{\"ctaType\":\"Link\",\"ctaSubType\":\"main\"}'>Jason&nbsp;<span id=\"78\" class=\"s-rg-t\">Kidd<\/span><\/a>, n&rsquo;est pas responsable de l&rsquo;&eacute;change, mais&nbsp;il en subit les cons&eacute;quences et sera certainement tenu responsable des r&eacute;sultats.<\/span><span id=\"p104\">&nbsp;Il est plus facile de s&rsquo;en prendre &agrave; l&rsquo;entra&icirc;neur qu&rsquo;au front office responsable d&rsquo;avoir c&eacute;d&eacute; aux demandes de leur star.<\/span><span id=\"p32\">&nbsp;Irving est en fin de contrat.<\/span><span id=\"p33\">&nbsp;Les Dallas&nbsp;<span id=\"81\" class=\"s-rg-t\">Mavericks<\/span>&nbsp;perdent des joueurs de qualit&eacute;s pour un joueur &agrave; la sensibilit&eacute; exacerb&eacute;e et aux exigences d&eacute;mesur&eacute;es.<\/span><\/p><p><span id=\"p34\">Les Dallas Mavericks ont jou&eacute; et les Dallas Mavericks ont perdu.<\/span><span id=\"p35\">&nbsp;Au mieux, ils seront en&nbsp;<span id=\"82\" class=\"s-rg-t\">play-in<\/span>&nbsp;et sur un malentendu, en&nbsp;play-off, mais&nbsp;l&rsquo;objectif du titre semble tr&egrave;s peu atteignable au vu de l&rsquo;adversaire et du niveau des autres &eacute;quipes de la conf&eacute;rence Ouest.<\/span><span id=\"p105\">&nbsp;La densit&eacute; est telle que la moindre d&eacute;faite ou la victoire remet en cause toutes les analyses.<\/span><\/p><p><img loading=\"lazy\" decoding=\"async\" class=\"alignnone size-full wp-image-340105\" src=\"https:\/\/theplayoffs.news\/fr\/wp-content\/uploads\/2022\/05\/16917600.jpeg\" alt=\"dallas mavericks jason kidd\" width=\"1920\" height=\"1210\" srcset=\"https:\/\/theplayoffs.news\/fr\/wp-content\/uploads\/2022\/05\/16917600.jpeg 1920w, https:\/\/theplayoffs.news\/fr\/wp-content\/uploads\/2022\/05\/16917600-768x484.jpeg 768w, https:\/\/theplayoffs.news\/fr\/wp-content\/uploads\/2022\/05\/16917600-1500x945.jpeg 1500w, https:\/\/theplayoffs.news\/fr\/wp-content\/uploads\/2022\/05\/16917600-705x444.jpeg 705w\" sizes=\"auto, (max-width: 1920px) 100vw, 1920px\" \/><\/p><p><span id=\"p37\">Au jour d&rsquo;aujourd&rsquo;hui, les Dallas&nbsp;<span id=\"86\" class=\"s-rg-t\">Mavericks<\/span>&nbsp;sont en danger et l&rsquo;&eacute;chec n&rsquo;est pas une surprise.<\/span><span id=\"p38\">&nbsp;La gestion de la franchise devra &ecirc;tre remise en cause.<\/span><span id=\"p39\">&nbsp;La pr&eacute;sence du Slov&egrave;ne dont l&rsquo;attitude sur le terrain est critiquable dans ses relations avec les arbitres et ses complaintes permanentes.<\/span><span id=\"p40\">&nbsp;Malgr&eacute; des statistiques de tr&egrave;s haut niveau, il peut &ecirc;tre int&eacute;ressant pour le front-office, l&rsquo;&eacute;quipe dirigeante, d&rsquo;envisager un tel sc&eacute;nario.<\/span><\/p><p><span id=\"p41\">Les derni&egrave;res &eacute;quipes vainqueurs du titre NBA ont pour point commun, un joueur hors norme, Curry&nbsp;<span id=\"87\" class=\"s-rg-t\">Antetokounmpo<\/span>&nbsp;et&nbsp;<span id=\"88\" class=\"s-rg-t\">LeBron<\/span>&nbsp;James.<\/span><span id=\"p106\">&nbsp;Pour autant, ces joueurs ont besoin de joueurs autour d&rsquo;eux qui acceptent de se mettre &agrave; leur service et non de vouloir &ecirc;tre au m&ecirc;me niveau.<\/span><span id=\"p43\">&nbsp;<span id=\"90\" class=\"s-rg-t\">Kyrie Irving<\/span>, dans son jeu, non pas dans ses d&eacute;clarations, est incapable de&nbsp;se&nbsp;mettre au service de Luka&nbsp;<span id=\"92\" class=\"s-rg-t\">Doncic<\/span>.<\/span><\/p><p>Enfin Kyrie Irving et <a href=\"https:\/\/theplayoffs.news\/fr\/joueur\/luka-doncic-nba-7890548\/\" class=\"trk-cta-link\" data-cta-trk='{\"ctaType\":\"Link\",\"ctaSubType\":\"main\"}'>Luka Doncic<\/a> n&rsquo;ont aucune envie de d&eacute;fendre. Aucune &eacute;quipe ne peut gagner de matchs sans d&eacute;fendre un minimum.<\/p><p><span id=\"p44\">Tous ces &eacute;l&eacute;ments expliquent en quoi Dallas est en danger et en quoi un &eacute;chec ne serait pas une surprise, mais une suite logique.<\/span><span id=\"p45\"><\/span><\/p><p>&nbsp;<\/p><p>&nbsp;<\/p><p>&nbsp;<\/p><p>&nbsp;<\/p><p>&nbsp;<\/p>\n","protected":false},"excerpt":{"rendered":"","protected":false},"author":180309821,"featured_media":571105,"comment_status":"open","ping_status":"closed","sticky":false,"template":"","format":"standard","meta":{"inline_featured_image":false,"kia_subtitle":"","_mux_skip_reasons":[],"proofreadBy":0,"footnotes":""},"categories":[110,10],"tags":[595,5396,1073,545,2708],"sport":[2783],"saison":[3453],"class_list":["post-577049","post","type-post","status-publish","format-standard","has-post-thumbnail","hentry","category-actualite-nba","category-nba","tag-dallas-mavericks","tag-dorian-finney-smith","tag-kyrie-irving","tag-luka-doncic","tag-spencer-dinwiddie","sport-nba","saison-3453"],"acf":[],"yoast_head":"<!-- This site is optimized with the Yoast SEO plugin v24.2 - https:\/\/yoast.com\/wordpress\/plugins\/seo\/ -->\n<title>Les Dallas Mavericks en danger, chronique d&#039;un &eacute;chec - The Playoffs FR<\/title>\n<meta name=\"robots\" content=\"index, follow, max-snippet:-1, max-image-preview:large, max-video-preview:-1\" \/>\n<link rel=\"canonical\" href=\"https:\/\/theplayoffs.news\/fr\/actualite-nba\/les-dallas-mavericks-un-echec\/\" \/>\n<meta property=\"og:locale\" content=\"fr_FR\" \/>\n<meta property=\"og:type\" content=\"article\" \/>\n<meta property=\"og:title\" content=\"Les Dallas Mavericks en danger, chronique d&#039;un &eacute;chec - The Playoffs FR\" \/>\n<meta property=\"og:url\" content=\"https:\/\/theplayoffs.news\/fr\/actualite-nba\/les-dallas-mavericks-un-echec\/\" \/>\n<meta property=\"og:site_name\" content=\"The Playoffs FR\" \/>\n<meta property=\"article:publisher\" content=\"https:\/\/www.facebook.com\/TheFreeAgentFR\/\" \/>\n<meta property=\"article:modified_time\" content=\"2023-03-25T17:51:44+01:00\" \/>\n<meta property=\"og:image\" content=\"https:\/\/theplayoffs.news\/fr\/wp-content\/uploads\/2023\/03\/Luka-x-Kyrie.jpg\" \/>\n\t<meta property=\"og:image:width\" content=\"1920\" \/>\n\t<meta property=\"og:image:height\" content=\"1080\" \/>\n\t<meta property=\"og:image:type\" content=\"image\/jpeg\" \/>\n<meta name=\"author\" content=\"Maxime Le Gorjus\" \/>\n<meta name=\"twitter:card\" content=\"summary_large_image\" \/>\n<meta name=\"twitter:creator\" content=\"@TheFreeAgentFR\" \/>\n<meta name=\"twitter:site\" content=\"@TheFreeAgentFR\" \/>\n<meta name=\"twitter:label1\" content=\"\u00c9crit par\" \/>\n\t<meta name=\"twitter:data1\" content=\"Maxime Le Gorjus\" \/>\n\t<meta name=\"twitter:label2\" content=\"Dur\u00e9e de lecture estim\u00e9e\" \/>\n\t<meta name=\"twitter:data2\" content=\"4 minutes\" \/>\n<script type=\"application\/ld+json\" class=\"yoast-schema-graph\">{\"@context\":\"https:\/\/schema.org\",\"@graph\":[{\"@type\":\"WebPage\",\"@id\":\"https:\/\/theplayoffs.news\/fr\/actualite-nba\/les-dallas-mavericks-un-echec\/\",\"url\":\"https:\/\/theplayoffs.news\/fr\/actualite-nba\/les-dallas-mavericks-un-echec\/\",\"name\":\"Les Dallas Mavericks en danger, chronique d\\\\'un \u00e9chec - The Playoffs FR\",\"isPartOf\":{\"@id\":\"https:\/\/theplayoffs.news\/fr\/#website\"},\"primaryImageOfPage\":{\"@id\":\"https:\/\/theplayoffs.news\/fr\/actualite-nba\/les-dallas-mavericks-un-echec\/#primaryimage\"},\"image\":{\"@id\":\"https:\/\/theplayoffs.news\/fr\/actualite-nba\/les-dallas-mavericks-un-echec\/#primaryimage\"},\"thumbnailUrl\":\"https:\/\/theplayoffs.news\/fr\/wp-content\/uploads\/2023\/03\/Luka-x-Kyrie.jpg\",\"datePublished\":\"2023-03-25T16:49:48+00:00\",\"dateModified\":\"2023-03-25T16:51:44+00:00\",\"author\":{\"@id\":\"https:\/\/theplayoffs.news\/fr\/#\/schema\/person\/e71dc12410195fc77183dda929d3a10c\"},\"breadcrumb\":{\"@id\":\"https:\/\/theplayoffs.news\/fr\/actualite-nba\/les-dallas-mavericks-un-echec\/#breadcrumb\"},\"inLanguage\":\"fr-FR\",\"potentialAction\":[{\"@type\":\"ReadAction\",\"target\":[\"https:\/\/theplayoffs.news\/fr\/actualite-nba\/les-dallas-mavericks-un-echec\/\"]}]},{\"@type\":\"ImageObject\",\"inLanguage\":\"fr-FR\",\"@id\":\"https:\/\/theplayoffs.news\/fr\/actualite-nba\/les-dallas-mavericks-un-echec\/#primaryimage\",\"url\":\"https:\/\/theplayoffs.news\/fr\/wp-content\/uploads\/2023\/03\/Luka-x-Kyrie.jpg\",\"contentUrl\":\"https:\/\/theplayoffs.news\/fr\/wp-content\/uploads\/2023\/03\/Luka-x-Kyrie.jpg\",\"width\":1920,\"height\":1080,\"caption\":\"Dallas Mavericks\"},{\"@type\":\"BreadcrumbList\",\"@id\":\"https:\/\/theplayoffs.news\/fr\/actualite-nba\/les-dallas-mavericks-un-echec\/#breadcrumb\",\"itemListElement\":[{\"@type\":\"ListItem\",\"position\":1,\"name\":\"Accueil\",\"item\":\"https:\/\/theplayoffs.news\/fr\/\"},{\"@type\":\"ListItem\",\"position\":2,\"name\":\"Les Dallas Mavericks en danger, chronique d&rsquo;un \u00e9chec\"}]},{\"@type\":\"WebSite\",\"@id\":\"https:\/\/theplayoffs.news\/fr\/#website\",\"url\":\"https:\/\/theplayoffs.news\/fr\/\",\"name\":\"The Playoffs FR\",\"description\":\"NBA-NFL-NHL-MLB\",\"potentialAction\":[{\"@type\":\"SearchAction\",\"target\":{\"@type\":\"EntryPoint\",\"urlTemplate\":\"https:\/\/theplayoffs.news\/fr\/?s={search_term_string}\"},\"query-input\":{\"@type\":\"PropertyValueSpecification\",\"valueRequired\":true,\"valueName\":\"search_term_string\"}}],\"inLanguage\":\"fr-FR\"},{\"@type\":\"Person\",\"@id\":\"https:\/\/theplayoffs.news\/fr\/#\/schema\/person\/e71dc12410195fc77183dda929d3a10c\",\"name\":\"Maxime Le Gorjus\",\"image\":{\"@type\":\"ImageObject\",\"inLanguage\":\"fr-FR\",\"@id\":\"https:\/\/theplayoffs.news\/fr\/#\/schema\/person\/image\/\",\"url\":\"https:\/\/secure.gravatar.com\/avatar\/e9d907366de9735d771ce06fa32e62740f99d507b84a46e08ed7e5e05c120b42?s=96&d=mm&r=g\",\"contentUrl\":\"https:\/\/secure.gravatar.com\/avatar\/e9d907366de9735d771ce06fa32e62740f99d507b84a46e08ed7e5e05c120b42?s=96&d=mm&r=g\",\"caption\":\"Maxime Le Gorjus\"},\"url\":\"https:\/\/theplayoffs.news\/fr\/author\/maximelegorjus\/\"}]}<\/script>\n<!-- \/ Yoast SEO plugin. -->","yoast_head_json":{"title":"Les Dallas Mavericks en danger, chronique d&#039;un &eacute;chec - The Playoffs FR","robots":{"index":"index","follow":"follow","max-snippet":"max-snippet:-1","max-image-preview":"max-image-preview:large","max-video-preview":"max-video-preview:-1"},"canonical":"https:\/\/theplayoffs.news\/fr\/actualite-nba\/les-dallas-mavericks-un-echec\/","og_locale":"fr_FR","og_type":"article","og_title":"Les Dallas Mavericks en danger, chronique d&#039;un &eacute;chec - The Playoffs FR","og_url":"https:\/\/theplayoffs.news\/fr\/actualite-nba\/les-dallas-mavericks-un-echec\/","og_site_name":"The Playoffs FR","article_publisher":"https:\/\/www.facebook.com\/TheFreeAgentFR\/","article_modified_time":"2023-03-25T16:51:44+00:00","og_image":[{"width":1920,"height":1080,"url":"https:\/\/theplayoffs.news\/fr\/wp-content\/uploads\/2023\/03\/Luka-x-Kyrie.jpg","type":"image\/jpeg"}],"author":"Maxime Le Gorjus","twitter_card":"summary_large_image","twitter_creator":"@TheFreeAgentFR","twitter_site":"@TheFreeAgentFR","twitter_misc":{"\u00c9crit par":"Maxime Le Gorjus","Dur\u00e9e de lecture estim\u00e9e":"4 minutes"},"schema":{"@context":"https:\/\/schema.org","@graph":[{"@type":"WebPage","@id":"https:\/\/theplayoffs.news\/fr\/actualite-nba\/les-dallas-mavericks-un-echec\/","url":"https:\/\/theplayoffs.news\/fr\/actualite-nba\/les-dallas-mavericks-un-echec\/","name":"Les Dallas Mavericks en danger, chronique d\\'un \u00e9chec - The Playoffs FR","isPartOf":{"@id":"https:\/\/theplayoffs.news\/fr\/#website"},"primaryImageOfPage":{"@id":"https:\/\/theplayoffs.news\/fr\/actualite-nba\/les-dallas-mavericks-un-echec\/#primaryimage"},"image":{"@id":"https:\/\/theplayoffs.news\/fr\/actualite-nba\/les-dallas-mavericks-un-echec\/#primaryimage"},"thumbnailUrl":"https:\/\/theplayoffs.news\/fr\/wp-content\/uploads\/2023\/03\/Luka-x-Kyrie.jpg","datePublished":"2023-03-25T16:49:48+00:00","dateModified":"2023-03-25T16:51:44+00:00","author":{"@id":"https:\/\/theplayoffs.news\/fr\/#\/schema\/person\/e71dc12410195fc77183dda929d3a10c"},"breadcrumb":{"@id":"https:\/\/theplayoffs.news\/fr\/actualite-nba\/les-dallas-mavericks-un-echec\/#breadcrumb"},"inLanguage":"fr-FR","potentialAction":[{"@type":"ReadAction","target":["https:\/\/theplayoffs.news\/fr\/actualite-nba\/les-dallas-mavericks-un-echec\/"]}]},{"@type":"ImageObject","inLanguage":"fr-FR","@id":"https:\/\/theplayoffs.news\/fr\/actualite-nba\/les-dallas-mavericks-un-echec\/#primaryimage","url":"https:\/\/theplayoffs.news\/fr\/wp-content\/uploads\/2023\/03\/Luka-x-Kyrie.jpg","contentUrl":"https:\/\/theplayoffs.news\/fr\/wp-content\/uploads\/2023\/03\/Luka-x-Kyrie.jpg","width":1920,"height":1080,"caption":"Dallas Mavericks"},{"@type":"BreadcrumbList","@id":"https:\/\/theplayoffs.news\/fr\/actualite-nba\/les-dallas-mavericks-un-echec\/#breadcrumb","itemListElement":[{"@type":"ListItem","position":1,"name":"Accueil","item":"https:\/\/theplayoffs.news\/fr\/"},{"@type":"ListItem","position":2,"name":"Les Dallas Mavericks en danger, chronique d&rsquo;un \u00e9chec"}]},{"@type":"WebSite","@id":"https:\/\/theplayoffs.news\/fr\/#website","url":"https:\/\/theplayoffs.news\/fr\/","name":"The Playoffs FR","description":"NBA-NFL-NHL-MLB","potentialAction":[{"@type":"SearchAction","target":{"@type":"EntryPoint","urlTemplate":"https:\/\/theplayoffs.news\/fr\/?s={search_term_string}"},"query-input":{"@type":"PropertyValueSpecification","valueRequired":true,"valueName":"search_term_string"}}],"inLanguage":"fr-FR"},{"@type":"Person","@id":"https:\/\/theplayoffs.news\/fr\/#\/schema\/person\/e71dc12410195fc77183dda929d3a10c","name":"Maxime Le Gorjus","image":{"@type":"ImageObject","inLanguage":"fr-FR","@id":"https:\/\/theplayoffs.news\/fr\/#\/schema\/person\/image\/","url":"https:\/\/secure.gravatar.com\/avatar\/e9d907366de9735d771ce06fa32e62740f99d507b84a46e08ed7e5e05c120b42?s=96&d=mm&r=g","contentUrl":"https:\/\/secure.gravatar.com\/avatar\/e9d907366de9735d771ce06fa32e62740f99d507b84a46e08ed7e5e05c120b42?s=96&d=mm&r=g","caption":"Maxime Le Gorjus"},"url":"https:\/\/theplayoffs.news\/fr\/author\/maximelegorjus\/"}]}},"_links":{"self":[{"href":"https:\/\/theplayoffs.news\/fr\/wp-json\/wp\/v2\/posts\/577049","targetHints":{"allow":["GET"]}}],"collection":[{"href":"https:\/\/theplayoffs.news\/fr\/wp-json\/wp\/v2\/posts"}],"about":[{"href":"https:\/\/theplayoffs.news\/fr\/wp-json\/wp\/v2\/types\/post"}],"author":[{"embeddable":true,"href":"https:\/\/theplayoffs.news\/fr\/wp-json\/wp\/v2\/users\/180309821"}],"replies":[{"embeddable":true,"href":"https:\/\/theplayoffs.news\/fr\/wp-json\/wp\/v2\/comments?post=577049"}],"version-history":[{"count":4,"href":"https:\/\/theplayoffs.news\/fr\/wp-json\/wp\/v2\/posts\/577049\/revisions"}],"predecessor-version":[{"id":577062,"href":"https:\/\/theplayoffs.news\/fr\/wp-json\/wp\/v2\/posts\/577049\/revisions\/577062"}],"wp:featuredmedia":[{"embeddable":true,"href":"https:\/\/theplayoffs.news\/fr\/wp-json\/wp\/v2\/media\/571105"}],"wp:attachment":[{"href":"https:\/\/theplayoffs.news\/fr\/wp-json\/wp\/v2\/media?parent=577049"}],"wp:term":[{"taxonomy":"category","embeddable":true,"href":"https:\/\/theplayoffs.news\/fr\/wp-json\/wp\/v2\/categories?post=577049"},{"taxonomy":"post_tag","embeddable":true,"href":"https:\/\/theplayoffs.news\/fr\/wp-json\/wp\/v2\/tags?post=577049"},{"taxonomy":"sport","embeddable":true,"href":"https:\/\/theplayoffs.news\/fr\/wp-json\/wp\/v2\/sport?post=577049"},{"taxonomy":"saison","embeddable":true,"href":"https:\/\/theplayoffs.news\/fr\/wp-json\/wp\/v2\/saison?post=577049"}],"curies":[{"name":"wp","href":"https:\/\/api.w.org\/{rel}","templated":true}]}}