{"id":577029,"date":"2023-03-25T11:45:06","date_gmt":"2023-03-25T10:45:06","guid":{"rendered":"https:\/\/theplayoffs.news\/fr\/?p=577029"},"modified":"2023-03-25T11:45:07","modified_gmt":"2023-03-25T10:45:07","slug":"connor-mcdavid-soutiens-nuit-de-la-fierte","status":"publish","type":"post","link":"https:\/\/theplayoffs.news\/fr\/actualite-nhl\/connor-mcdavid-soutiens-nuit-de-la-fierte\/","title":{"rendered":"Connor McDavid et les Oilers d&rsquo;Edmonton apportent leur soutiens aux c\u00e9l\u00e9brations de la nuit de la fiert\u00e9"},"content":{"rendered":"<h2><strong>Alors que le d&eacute;bat entourant les c&eacute;l&eacute;brations de la Pride Night dans la LNH s&rsquo;intensifie, les Oilers d&rsquo;Edmonton et Connor mcDavid restent fermes dans leur soutien &agrave; la communaut&eacute; LGBTQIA+.<\/strong><\/h2><p>Les Oilers c&eacute;l&eacute;breront la Pride Night lors de leur match contre les Golden Knights de Vegas samedi, et le capitaine de l&rsquo;&eacute;quipe <a href=\"https:\/\/theplayoffs.news\/fr\/joueur\/connor-mcdavid-nhl-7790148\/\" class=\"trk-cta-link\" data-cta-trk='{\"ctaType\":\"Link\",\"ctaSubType\":\"main\"}'><strong>Connor McDavid<\/strong><\/a> a exprim&eacute; l&rsquo;engagement ind&eacute;fectible de l&rsquo;organisation envers l&rsquo;initiative.<\/p><p>S&rsquo;adressant aux journalistes vendredi, <a href=\"https:\/\/twitter.com\/cspotweet\/status\/1639362458761453595?s=20\" class=\"trk-cta-link\" data-cta-trk='{\"ctaType\":\"Link\",\"ctaSubType\":\"main\"}'>McDavid a soulign&eacute;<\/a> la conviction des Oilers que le hockey devrait &ecirc;tre inclusif pour tout le monde :<\/p><blockquote><p>&laquo;&nbsp;Ici &agrave; Edmonton, nous croyons fermement que le hockey est pour tout le monde et nous appuyons fortement la Pride Night. Nous avons &eacute;t&eacute; la premi&egrave;re &eacute;quipe &agrave; utiliser le ruban de fiert&eacute; lors des &eacute;chauffements, et nous croyons fermement &agrave; la c&eacute;l&eacute;bration qu&rsquo;est la Pride Night. Nous l&rsquo;attendons avec impatience .&nbsp;&raquo;<\/p><\/blockquote><p>L&rsquo;attaquant des Oilers <a href=\"https:\/\/theplayoffs.news\/fr\/joueur\/zach-hyman-nhl-11018\/\" class=\"trk-cta-link\" data-cta-trk='{\"ctaType\":\"Link\",\"ctaSubType\":\"main\"}'><strong>Zach Hyman<\/strong><\/a> a &eacute;galement partag&eacute; ses r&eacute;flexions lors d&rsquo;une s&eacute;ance avec les m&eacute;dias, soulignant l&rsquo;importance d&rsquo;&ecirc;tre ouvert et accueillant envers la communaut&eacute; LGBTQIA+ :<\/p><blockquote><p>&laquo;&nbsp;C&rsquo;est une &eacute;vidence &eacute;vidente. Si j&rsquo;&eacute;tais dans cette position, j&rsquo;en porterais une. Cela ne va &agrave; l&rsquo;encontre d&rsquo;aucune de mes convictions. Au contraire, je pense qu&rsquo;il est extr&ecirc;mement important d&rsquo;&ecirc;tre ouvert et accueillant envers cette grande communaut&eacute;. simplement parce qu&rsquo;ils sont une minorit&eacute; et qu&rsquo;ils font face &agrave; de nombreuses pers&eacute;cutions au fil des ans. Montrer que nous nous soucions d&rsquo;eux et que nous sommes dispos&eacute;s et pr&ecirc;ts &agrave; les inclure dans notre jeu, dans notre sport, est extr&ecirc;mement important pour moi.&nbsp;&raquo;<\/p><\/blockquote><p>Les Pride Nights dans la LNH sont devenues une question litigieuse depuis que le d&eacute;fenseur des Flyers de Philadelphie Ivan Provorov a refus&eacute; de porter le chandail de fiert&eacute; arc-en-ciel de l&rsquo;&eacute;quipe pendant les &eacute;chauffements, invoquant ses croyances religieuses. D&rsquo;autres joueurs, comme James Reimer et les fr&egrave;res Eric et Marc Staal, ont &eacute;galement choisi de ne pas participer aux c&eacute;l&eacute;brations de la Pride Night de leurs &eacute;quipes.<\/p><p>Les Rangers de New York, les Islanders de New York, le Wild du Minnesota et les Blackhawks de Chicago ont choisi de ne pas faire en sorte que les joueurs portent des maillots de fiert&eacute; lors des &eacute;chauffements cette saison pour diverses raisons, notamment des pr&eacute;occupations pour la s&eacute;curit&eacute; des joueurs russes &agrave; la lumi&egrave;re de l&rsquo;interdiction &eacute;largie par la Russie de &laquo;&nbsp;la propagande gays.&nbsp;&raquo;<\/p><p>Cependant, le sous-commissaire de la LNH, Bill Daly, a d&eacute;clar&eacute; &agrave; The Athletic que la ligue n&rsquo;avait &laquo;&nbsp;aucune information sugg&eacute;rant qu&rsquo;il existerait une menace mat&eacute;rielle (en Russie ou ailleurs) li&eacute;e &agrave; la participation d&rsquo;un joueur russe aux activit&eacute;s d&rsquo;un club li&eacute;es &agrave; la Pride Night&nbsp;&raquo;.<\/p><p>Comme plusieurs &eacute;quipes ont encore des c&eacute;l&eacute;brations de Pride Night pr&eacute;vues avant la fin de la saison r&eacute;guli&egrave;re en avril, il reste incertain si plus d&rsquo;&eacute;quipes ou de joueurs d&eacute;cideront de ne pas porter de maillots de fiert&eacute;.<\/p><p>N&eacute;anmoins, les Oilers d&rsquo;Edmonton et leur capitaine, Connor McDavid, continuent d&rsquo;&ecirc;tre de fervents d&eacute;fenseurs de l&rsquo;inclusivit&eacute; dans le hockey et de l&rsquo;importance de soutenir la communaut&eacute; LGBTQIA+.<\/p>\n","protected":false},"excerpt":{"rendered":"","protected":false},"author":13,"featured_media":577030,"comment_status":"open","ping_status":"closed","sticky":false,"template":"","format":"standard","meta":{"inline_featured_image":false,"kia_subtitle":"","_mux_skip_reasons":[],"proofreadBy":0,"footnotes":""},"categories":[187,26],"tags":[1398,352,4380],"sport":[],"saison":[],"class_list":["post-577029","post","type-post","status-publish","format-standard","has-post-thumbnail","hentry","category-actualite-nhl","category-nhl","tag-connor-mcdavid","tag-edmonton-oilers","tag-pride-night"],"acf":[],"yoast_head":"<!-- This site is optimized with the Yoast SEO plugin v24.2 - https:\/\/yoast.com\/wordpress\/plugins\/seo\/ -->\n<title>Connor McDavid et les Oilers d&#039;Edmonton apportent leur soutiens aux c&eacute;l&eacute;brations de la nuit de la fiert&eacute; - The Playoffs FR<\/title>\n<meta name=\"robots\" content=\"index, follow, max-snippet:-1, max-image-preview:large, max-video-preview:-1\" \/>\n<link rel=\"canonical\" href=\"https:\/\/theplayoffs.news\/fr\/actualite-nhl\/connor-mcdavid-soutiens-nuit-de-la-fierte\/\" \/>\n<meta property=\"og:locale\" content=\"fr_FR\" \/>\n<meta property=\"og:type\" content=\"article\" \/>\n<meta property=\"og:title\" content=\"Connor McDavid et les Oilers d&#039;Edmonton apportent leur soutiens aux c&eacute;l&eacute;brations de la nuit de la fiert&eacute; - The Playoffs FR\" \/>\n<meta property=\"og:url\" content=\"https:\/\/theplayoffs.news\/fr\/actualite-nhl\/connor-mcdavid-soutiens-nuit-de-la-fierte\/\" \/>\n<meta property=\"og:site_name\" content=\"The Playoffs FR\" \/>\n<meta property=\"article:publisher\" content=\"https:\/\/www.facebook.com\/TheFreeAgentFR\/\" \/>\n<meta property=\"article:modified_time\" content=\"2023-03-25T11:45:07+01:00\" \/>\n<meta property=\"og:image\" content=\"https:\/\/theplayoffs.news\/fr\/wp-content\/uploads\/2023\/03\/cut-1-1.jpg\" \/>\n\t<meta property=\"og:image:width\" content=\"1024\" \/>\n\t<meta property=\"og:image:height\" content=\"576\" \/>\n\t<meta property=\"og:image:type\" content=\"image\/jpeg\" \/>\n<meta name=\"author\" content=\"Charles Taudin\" \/>\n<meta name=\"twitter:card\" content=\"summary_large_image\" \/>\n<meta name=\"twitter:creator\" content=\"@TheFreeAgentFR\" \/>\n<meta name=\"twitter:site\" content=\"@TheFreeAgentFR\" \/>\n<meta name=\"twitter:label1\" content=\"\u00c9crit par\" \/>\n\t<meta name=\"twitter:data1\" content=\"Charles Taudin\" \/>\n\t<meta name=\"twitter:label2\" content=\"Dur\u00e9e de lecture estim\u00e9e\" \/>\n\t<meta name=\"twitter:data2\" content=\"3 minutes\" \/>\n<script type=\"application\/ld+json\" class=\"yoast-schema-graph\">{\"@context\":\"https:\/\/schema.org\",\"@graph\":[{\"@type\":\"WebPage\",\"@id\":\"https:\/\/theplayoffs.news\/fr\/actualite-nhl\/connor-mcdavid-soutiens-nuit-de-la-fierte\/\",\"url\":\"https:\/\/theplayoffs.news\/fr\/actualite-nhl\/connor-mcdavid-soutiens-nuit-de-la-fierte\/\",\"name\":\"Connor McDavid et les Oilers d\\\\'Edmonton apportent leur soutiens aux c\u00e9l\u00e9brations de la nuit de la fiert\u00e9 - The Playoffs FR\",\"isPartOf\":{\"@id\":\"https:\/\/theplayoffs.news\/fr\/#website\"},\"primaryImageOfPage\":{\"@id\":\"https:\/\/theplayoffs.news\/fr\/actualite-nhl\/connor-mcdavid-soutiens-nuit-de-la-fierte\/#primaryimage\"},\"image\":{\"@id\":\"https:\/\/theplayoffs.news\/fr\/actualite-nhl\/connor-mcdavid-soutiens-nuit-de-la-fierte\/#primaryimage\"},\"thumbnailUrl\":\"https:\/\/theplayoffs.news\/fr\/wp-content\/uploads\/2023\/03\/cut-1-1.jpg\",\"datePublished\":\"2023-03-25T10:45:06+00:00\",\"dateModified\":\"2023-03-25T10:45:07+00:00\",\"author\":{\"@id\":\"https:\/\/theplayoffs.news\/fr\/#\/schema\/person\/eee5b69ad5d3c51cabe881c839dbe133\"},\"breadcrumb\":{\"@id\":\"https:\/\/theplayoffs.news\/fr\/actualite-nhl\/connor-mcdavid-soutiens-nuit-de-la-fierte\/#breadcrumb\"},\"inLanguage\":\"fr-FR\",\"potentialAction\":[{\"@type\":\"ReadAction\",\"target\":[\"https:\/\/theplayoffs.news\/fr\/actualite-nhl\/connor-mcdavid-soutiens-nuit-de-la-fierte\/\"]}]},{\"@type\":\"ImageObject\",\"inLanguage\":\"fr-FR\",\"@id\":\"https:\/\/theplayoffs.news\/fr\/actualite-nhl\/connor-mcdavid-soutiens-nuit-de-la-fierte\/#primaryimage\",\"url\":\"https:\/\/theplayoffs.news\/fr\/wp-content\/uploads\/2023\/03\/cut-1-1.jpg\",\"contentUrl\":\"https:\/\/theplayoffs.news\/fr\/wp-content\/uploads\/2023\/03\/cut-1-1.jpg\",\"width\":1024,\"height\":576,\"caption\":\"connor mcdavid pride night\"},{\"@type\":\"BreadcrumbList\",\"@id\":\"https:\/\/theplayoffs.news\/fr\/actualite-nhl\/connor-mcdavid-soutiens-nuit-de-la-fierte\/#breadcrumb\",\"itemListElement\":[{\"@type\":\"ListItem\",\"position\":1,\"name\":\"Accueil\",\"item\":\"https:\/\/theplayoffs.news\/fr\/\"},{\"@type\":\"ListItem\",\"position\":2,\"name\":\"Connor McDavid et les Oilers d&rsquo;Edmonton apportent leur soutiens aux c\u00e9l\u00e9brations de la nuit de la fiert\u00e9\"}]},{\"@type\":\"WebSite\",\"@id\":\"https:\/\/theplayoffs.news\/fr\/#website\",\"url\":\"https:\/\/theplayoffs.news\/fr\/\",\"name\":\"The Playoffs FR\",\"description\":\"NBA-NFL-NHL-MLB\",\"potentialAction\":[{\"@type\":\"SearchAction\",\"target\":{\"@type\":\"EntryPoint\",\"urlTemplate\":\"https:\/\/theplayoffs.news\/fr\/?s={search_term_string}\"},\"query-input\":{\"@type\":\"PropertyValueSpecification\",\"valueRequired\":true,\"valueName\":\"search_term_string\"}}],\"inLanguage\":\"fr-FR\"},{\"@type\":\"Person\",\"@id\":\"https:\/\/theplayoffs.news\/fr\/#\/schema\/person\/eee5b69ad5d3c51cabe881c839dbe133\",\"name\":\"Charles Taudin\",\"image\":{\"@type\":\"ImageObject\",\"inLanguage\":\"fr-FR\",\"@id\":\"https:\/\/theplayoffs.news\/fr\/#\/schema\/person\/image\/\",\"url\":\"https:\/\/secure.gravatar.com\/avatar\/59a1e772205ce9fd255edfcafc93013736822e20261f294c5753b20c41ede9f2?s=96&d=mm&r=g\",\"contentUrl\":\"https:\/\/secure.gravatar.com\/avatar\/59a1e772205ce9fd255edfcafc93013736822e20261f294c5753b20c41ede9f2?s=96&d=mm&r=g\",\"caption\":\"Charles Taudin\"},\"description\":\"R\u00e9dacteur en chef global de The Playoffs, j\u2019ai cr\u00e9\u00e9 The Free Agent, devenu The Playoffs FR, en 2020 durant la pand\u00e9mie. Amoureux depuis des ann\u00e9es des 4 sports majeurs am\u00e9ricains, j\u2019organise maintenant la strat\u00e9gie \u00e9ditoriale et les r\u00e9seaux sociaux de l\u2019ensemble des versions de The Playoffs. Il m\u2019arrive encore d\u2019\u00e9crire sur certains sports que j\u2019affectionne particuli\u00e8rement comme la NFL ou la MLB. Si vous devez retenir qu\u2019une chose : Eli Manning est le vrai GOAT pour avoir battu deux fois Tom Brady.\",\"sameAs\":[\"https:\/\/www.instagram.com\/ctaudin_\/\"],\"url\":\"https:\/\/theplayoffs.news\/fr\/author\/charles-taudin\/\"}]}<\/script>\n<!-- \/ Yoast SEO plugin. -->","yoast_head_json":{"title":"Connor McDavid et les Oilers d&#039;Edmonton apportent leur soutiens aux c&eacute;l&eacute;brations de la nuit de la fiert&eacute; - The Playoffs FR","robots":{"index":"index","follow":"follow","max-snippet":"max-snippet:-1","max-image-preview":"max-image-preview:large","max-video-preview":"max-video-preview:-1"},"canonical":"https:\/\/theplayoffs.news\/fr\/actualite-nhl\/connor-mcdavid-soutiens-nuit-de-la-fierte\/","og_locale":"fr_FR","og_type":"article","og_title":"Connor McDavid et les Oilers d&#039;Edmonton apportent leur soutiens aux c&eacute;l&eacute;brations de la nuit de la fiert&eacute; - The Playoffs FR","og_url":"https:\/\/theplayoffs.news\/fr\/actualite-nhl\/connor-mcdavid-soutiens-nuit-de-la-fierte\/","og_site_name":"The Playoffs FR","article_publisher":"https:\/\/www.facebook.com\/TheFreeAgentFR\/","article_modified_time":"2023-03-25T10:45:07+00:00","og_image":[{"width":1024,"height":576,"url":"https:\/\/theplayoffs.news\/fr\/wp-content\/uploads\/2023\/03\/cut-1-1.jpg","type":"image\/jpeg"}],"author":"Charles Taudin","twitter_card":"summary_large_image","twitter_creator":"@TheFreeAgentFR","twitter_site":"@TheFreeAgentFR","twitter_misc":{"\u00c9crit par":"Charles Taudin","Dur\u00e9e de lecture estim\u00e9e":"3 minutes"},"schema":{"@context":"https:\/\/schema.org","@graph":[{"@type":"WebPage","@id":"https:\/\/theplayoffs.news\/fr\/actualite-nhl\/connor-mcdavid-soutiens-nuit-de-la-fierte\/","url":"https:\/\/theplayoffs.news\/fr\/actualite-nhl\/connor-mcdavid-soutiens-nuit-de-la-fierte\/","name":"Connor McDavid et les Oilers d\\'Edmonton apportent leur soutiens aux c\u00e9l\u00e9brations de la nuit de la fiert\u00e9 - The Playoffs FR","isPartOf":{"@id":"https:\/\/theplayoffs.news\/fr\/#website"},"primaryImageOfPage":{"@id":"https:\/\/theplayoffs.news\/fr\/actualite-nhl\/connor-mcdavid-soutiens-nuit-de-la-fierte\/#primaryimage"},"image":{"@id":"https:\/\/theplayoffs.news\/fr\/actualite-nhl\/connor-mcdavid-soutiens-nuit-de-la-fierte\/#primaryimage"},"thumbnailUrl":"https:\/\/theplayoffs.news\/fr\/wp-content\/uploads\/2023\/03\/cut-1-1.jpg","datePublished":"2023-03-25T10:45:06+00:00","dateModified":"2023-03-25T10:45:07+00:00","author":{"@id":"https:\/\/theplayoffs.news\/fr\/#\/schema\/person\/eee5b69ad5d3c51cabe881c839dbe133"},"breadcrumb":{"@id":"https:\/\/theplayoffs.news\/fr\/actualite-nhl\/connor-mcdavid-soutiens-nuit-de-la-fierte\/#breadcrumb"},"inLanguage":"fr-FR","potentialAction":[{"@type":"ReadAction","target":["https:\/\/theplayoffs.news\/fr\/actualite-nhl\/connor-mcdavid-soutiens-nuit-de-la-fierte\/"]}]},{"@type":"ImageObject","inLanguage":"fr-FR","@id":"https:\/\/theplayoffs.news\/fr\/actualite-nhl\/connor-mcdavid-soutiens-nuit-de-la-fierte\/#primaryimage","url":"https:\/\/theplayoffs.news\/fr\/wp-content\/uploads\/2023\/03\/cut-1-1.jpg","contentUrl":"https:\/\/theplayoffs.news\/fr\/wp-content\/uploads\/2023\/03\/cut-1-1.jpg","width":1024,"height":576,"caption":"connor mcdavid pride night"},{"@type":"BreadcrumbList","@id":"https:\/\/theplayoffs.news\/fr\/actualite-nhl\/connor-mcdavid-soutiens-nuit-de-la-fierte\/#breadcrumb","itemListElement":[{"@type":"ListItem","position":1,"name":"Accueil","item":"https:\/\/theplayoffs.news\/fr\/"},{"@type":"ListItem","position":2,"name":"Connor McDavid et les Oilers d&rsquo;Edmonton apportent leur soutiens aux c\u00e9l\u00e9brations de la nuit de la fiert\u00e9"}]},{"@type":"WebSite","@id":"https:\/\/theplayoffs.news\/fr\/#website","url":"https:\/\/theplayoffs.news\/fr\/","name":"The Playoffs FR","description":"NBA-NFL-NHL-MLB","potentialAction":[{"@type":"SearchAction","target":{"@type":"EntryPoint","urlTemplate":"https:\/\/theplayoffs.news\/fr\/?s={search_term_string}"},"query-input":{"@type":"PropertyValueSpecification","valueRequired":true,"valueName":"search_term_string"}}],"inLanguage":"fr-FR"},{"@type":"Person","@id":"https:\/\/theplayoffs.news\/fr\/#\/schema\/person\/eee5b69ad5d3c51cabe881c839dbe133","name":"Charles Taudin","image":{"@type":"ImageObject","inLanguage":"fr-FR","@id":"https:\/\/theplayoffs.news\/fr\/#\/schema\/person\/image\/","url":"https:\/\/secure.gravatar.com\/avatar\/59a1e772205ce9fd255edfcafc93013736822e20261f294c5753b20c41ede9f2?s=96&d=mm&r=g","contentUrl":"https:\/\/secure.gravatar.com\/avatar\/59a1e772205ce9fd255edfcafc93013736822e20261f294c5753b20c41ede9f2?s=96&d=mm&r=g","caption":"Charles Taudin"},"description":"R\u00e9dacteur en chef global de The Playoffs, j\u2019ai cr\u00e9\u00e9 The Free Agent, devenu The Playoffs FR, en 2020 durant la pand\u00e9mie. Amoureux depuis des ann\u00e9es des 4 sports majeurs am\u00e9ricains, j\u2019organise maintenant la strat\u00e9gie \u00e9ditoriale et les r\u00e9seaux sociaux de l\u2019ensemble des versions de The Playoffs. Il m\u2019arrive encore d\u2019\u00e9crire sur certains sports que j\u2019affectionne particuli\u00e8rement comme la NFL ou la MLB. Si vous devez retenir qu\u2019une chose : Eli Manning est le vrai GOAT pour avoir battu deux fois Tom Brady.","sameAs":["https:\/\/www.instagram.com\/ctaudin_\/"],"url":"https:\/\/theplayoffs.news\/fr\/author\/charles-taudin\/"}]}},"_links":{"self":[{"href":"https:\/\/theplayoffs.news\/fr\/wp-json\/wp\/v2\/posts\/577029","targetHints":{"allow":["GET"]}}],"collection":[{"href":"https:\/\/theplayoffs.news\/fr\/wp-json\/wp\/v2\/posts"}],"about":[{"href":"https:\/\/theplayoffs.news\/fr\/wp-json\/wp\/v2\/types\/post"}],"author":[{"embeddable":true,"href":"https:\/\/theplayoffs.news\/fr\/wp-json\/wp\/v2\/users\/13"}],"replies":[{"embeddable":true,"href":"https:\/\/theplayoffs.news\/fr\/wp-json\/wp\/v2\/comments?post=577029"}],"version-history":[{"count":3,"href":"https:\/\/theplayoffs.news\/fr\/wp-json\/wp\/v2\/posts\/577029\/revisions"}],"predecessor-version":[{"id":577033,"href":"https:\/\/theplayoffs.news\/fr\/wp-json\/wp\/v2\/posts\/577029\/revisions\/577033"}],"wp:featuredmedia":[{"embeddable":true,"href":"https:\/\/theplayoffs.news\/fr\/wp-json\/wp\/v2\/media\/577030"}],"wp:attachment":[{"href":"https:\/\/theplayoffs.news\/fr\/wp-json\/wp\/v2\/media?parent=577029"}],"wp:term":[{"taxonomy":"category","embeddable":true,"href":"https:\/\/theplayoffs.news\/fr\/wp-json\/wp\/v2\/categories?post=577029"},{"taxonomy":"post_tag","embeddable":true,"href":"https:\/\/theplayoffs.news\/fr\/wp-json\/wp\/v2\/tags?post=577029"},{"taxonomy":"sport","embeddable":true,"href":"https:\/\/theplayoffs.news\/fr\/wp-json\/wp\/v2\/sport?post=577029"},{"taxonomy":"saison","embeddable":true,"href":"https:\/\/theplayoffs.news\/fr\/wp-json\/wp\/v2\/saison?post=577029"}],"curies":[{"name":"wp","href":"https:\/\/api.w.org\/{rel}","templated":true}]}}