{"id":576885,"date":"2023-03-24T21:47:28","date_gmt":"2023-03-24T20:47:28","guid":{"rendered":"https:\/\/theplayoffs.news\/fr\/?p=576885"},"modified":"2023-03-24T21:47:29","modified_gmt":"2023-03-24T20:47:29","slug":"marquez-callaway-rejoint-broncos","status":"publish","type":"post","link":"https:\/\/theplayoffs.news\/fr\/actualite-nfl\/marquez-callaway-rejoint-broncos\/","title":{"rendered":"Marquez Callaway rejoint les Broncos de Denver et retrouve l&rsquo;entra\u00eeneur Sean Payton"},"content":{"rendered":"<h2>L&rsquo;ancien receveur des Saints, Marquez Callaway, signe un contrat d&rsquo;un an avec les Broncos<\/h2><p>L&rsquo;entra&icirc;neur en chef des Broncos, Sean Payton, n&rsquo;est pas &eacute;tranger au recrutement de talents familiers dans sa nouvelle &eacute;quipe. Dans son dernier mouvement, Payton a sign&eacute; l&rsquo;ancien receveur des Saints de la Nouvelle-Orl&eacute;ans <a href=\"https:\/\/theplayoffs.news\/fr\/joueur\/marquez-callaway-nfl-8070340\/\" class=\"trk-cta-link\" data-cta-trk='{\"ctaType\":\"Link\",\"ctaSubType\":\"main\"}'><strong>Marquez Callaway<\/strong><\/a> pour un contrat d&rsquo;un an avec les Broncos de Denver, comme l&rsquo;ont confirm&eacute; plusieurs sources.<\/p><p>Marquez Callaway, qui a commenc&eacute; son parcours dans la NFL en tant qu&rsquo;agent libre non draft&eacute; en 2020, s&rsquo;est r&eacute;v&eacute;l&eacute; en 2021 sous la tutelle de Payton avec les Saints. Au cours de cette saison, Marquez Callaway a disput&eacute; les 17 matchs, en commen&ccedil;ant par 11 d&rsquo;entre eux, et a vu l&rsquo;action dans 76% des snap offensifs. Il a montr&eacute; son potentiel en r&eacute;alisant 46 r&eacute;ceptions pour 698 yards et six touchdowns.<\/p><p>En 2022, les chiffres de Marquez Callaway ont chut&eacute; alors qu&rsquo;il disputait 14 matchs avec trois d&eacute;parts, totalisant 16 r&eacute;ceptions pour 158 yards et un touchdown. Cependant, ses retrouvailles avec l&rsquo;entra&icirc;neur Payton &agrave; Denver pourraient signifier une r&eacute;surgence pour le jeune receveur.<\/p><p>Marquez Callaway n&rsquo;est pas le seul ancien joueur des Saints &agrave; avoir rejoint les Broncos r&eacute;cemment. Plus t&ocirc;t cette semaine, l&rsquo;&eacute;quipe a &eacute;galement ajout&eacute; le running back <a href=\"https:\/\/profootballtalk.nbcsports.com\/2023\/03\/23\/tony-jones-signs-one-year-deal-with-broncos\/\" class=\"trk-cta-link\" data-cta-trk='{\"ctaType\":\"Link\",\"ctaSubType\":\"main\"}'>Tony Jones &agrave; son effectif<\/a>. Jones, un autre joueur non draft&eacute; de la classe 2020, a pass&eacute; l&rsquo;int&eacute;gralit&eacute; de sa carri&egrave;re jusqu&rsquo;&agrave; pr&eacute;sent avec les Saints.<\/p><p>L&rsquo;ajout de Callaway au corps de receveur des Broncos renforce leur profondeur et fournit une autre arme potentielle pour l&rsquo;attaque de l&rsquo;&eacute;quipe. Avec sa familiarit&eacute; avec le syst&egrave;me de Payton, Callaway pourrait rapidement devenir un contributeur essentiel &agrave; Denver.<\/p>\n","protected":false},"excerpt":{"rendered":"","protected":false},"author":13,"featured_media":576886,"comment_status":"open","ping_status":"closed","sticky":false,"template":"","format":"standard","meta":{"inline_featured_image":false,"kia_subtitle":"","_mux_skip_reasons":[],"proofreadBy":0,"footnotes":""},"categories":[118,40],"tags":[926,5725],"sport":[],"saison":[],"class_list":["post-576885","post","type-post","status-publish","format-standard","has-post-thumbnail","hentry","category-actualite-nfl","category-nfl","tag-denver-broncos","tag-marquez-callaway"],"acf":[],"yoast_head":"<!-- This site is optimized with the Yoast SEO plugin v24.2 - https:\/\/yoast.com\/wordpress\/plugins\/seo\/ -->\n<title>Marquez Callaway rejoint les Broncos de Denver et retrouve l&#039;entra&icirc;neur Sean Payton - The Playoffs FR<\/title>\n<meta name=\"robots\" content=\"index, follow, max-snippet:-1, max-image-preview:large, max-video-preview:-1\" \/>\n<link rel=\"canonical\" href=\"https:\/\/theplayoffs.news\/fr\/actualite-nfl\/marquez-callaway-rejoint-broncos\/\" \/>\n<meta property=\"og:locale\" content=\"fr_FR\" \/>\n<meta property=\"og:type\" content=\"article\" \/>\n<meta property=\"og:title\" content=\"Marquez Callaway rejoint les Broncos de Denver et retrouve l&#039;entra&icirc;neur Sean Payton - The Playoffs FR\" \/>\n<meta property=\"og:url\" content=\"https:\/\/theplayoffs.news\/fr\/actualite-nfl\/marquez-callaway-rejoint-broncos\/\" \/>\n<meta property=\"og:site_name\" content=\"The Playoffs FR\" \/>\n<meta property=\"article:publisher\" content=\"https:\/\/www.facebook.com\/TheFreeAgentFR\/\" \/>\n<meta property=\"article:modified_time\" content=\"2023-03-24T21:47:29+01:00\" \/>\n<meta property=\"og:image\" content=\"https:\/\/theplayoffs.news\/fr\/wp-content\/uploads\/2023\/03\/https___allfortennessee.com_wp-content_uploads_getty-images_2017_07_1278835084.jpeg\" \/>\n\t<meta property=\"og:image:width\" content=\"1920\" \/>\n\t<meta property=\"og:image:height\" content=\"1283\" \/>\n\t<meta property=\"og:image:type\" content=\"image\/jpeg\" \/>\n<meta name=\"author\" content=\"Charles Taudin\" \/>\n<meta name=\"twitter:card\" content=\"summary_large_image\" \/>\n<meta name=\"twitter:creator\" content=\"@TheFreeAgentFR\" \/>\n<meta name=\"twitter:site\" content=\"@TheFreeAgentFR\" \/>\n<meta name=\"twitter:label1\" content=\"\u00c9crit par\" \/>\n\t<meta name=\"twitter:data1\" content=\"Charles Taudin\" \/>\n\t<meta name=\"twitter:label2\" content=\"Dur\u00e9e de lecture estim\u00e9e\" \/>\n\t<meta name=\"twitter:data2\" content=\"1 minute\" \/>\n<script type=\"application\/ld+json\" class=\"yoast-schema-graph\">{\"@context\":\"https:\/\/schema.org\",\"@graph\":[{\"@type\":\"WebPage\",\"@id\":\"https:\/\/theplayoffs.news\/fr\/actualite-nfl\/marquez-callaway-rejoint-broncos\/\",\"url\":\"https:\/\/theplayoffs.news\/fr\/actualite-nfl\/marquez-callaway-rejoint-broncos\/\",\"name\":\"Marquez Callaway rejoint les Broncos de Denver et retrouve l\\\\'entra\u00eeneur Sean Payton - The Playoffs FR\",\"isPartOf\":{\"@id\":\"https:\/\/theplayoffs.news\/fr\/#website\"},\"primaryImageOfPage\":{\"@id\":\"https:\/\/theplayoffs.news\/fr\/actualite-nfl\/marquez-callaway-rejoint-broncos\/#primaryimage\"},\"image\":{\"@id\":\"https:\/\/theplayoffs.news\/fr\/actualite-nfl\/marquez-callaway-rejoint-broncos\/#primaryimage\"},\"thumbnailUrl\":\"https:\/\/theplayoffs.news\/fr\/wp-content\/uploads\/2023\/03\/https___allfortennessee.com_wp-content_uploads_getty-images_2017_07_1278835084.jpeg\",\"datePublished\":\"2023-03-24T20:47:28+00:00\",\"dateModified\":\"2023-03-24T20:47:29+00:00\",\"author\":{\"@id\":\"https:\/\/theplayoffs.news\/fr\/#\/schema\/person\/eee5b69ad5d3c51cabe881c839dbe133\"},\"breadcrumb\":{\"@id\":\"https:\/\/theplayoffs.news\/fr\/actualite-nfl\/marquez-callaway-rejoint-broncos\/#breadcrumb\"},\"inLanguage\":\"fr-FR\",\"potentialAction\":[{\"@type\":\"ReadAction\",\"target\":[\"https:\/\/theplayoffs.news\/fr\/actualite-nfl\/marquez-callaway-rejoint-broncos\/\"]}]},{\"@type\":\"ImageObject\",\"inLanguage\":\"fr-FR\",\"@id\":\"https:\/\/theplayoffs.news\/fr\/actualite-nfl\/marquez-callaway-rejoint-broncos\/#primaryimage\",\"url\":\"https:\/\/theplayoffs.news\/fr\/wp-content\/uploads\/2023\/03\/https___allfortennessee.com_wp-content_uploads_getty-images_2017_07_1278835084.jpeg\",\"contentUrl\":\"https:\/\/theplayoffs.news\/fr\/wp-content\/uploads\/2023\/03\/https___allfortennessee.com_wp-content_uploads_getty-images_2017_07_1278835084.jpeg\",\"width\":1920,\"height\":1283,\"caption\":\"Marquez callaway\"},{\"@type\":\"BreadcrumbList\",\"@id\":\"https:\/\/theplayoffs.news\/fr\/actualite-nfl\/marquez-callaway-rejoint-broncos\/#breadcrumb\",\"itemListElement\":[{\"@type\":\"ListItem\",\"position\":1,\"name\":\"Accueil\",\"item\":\"https:\/\/theplayoffs.news\/fr\/\"},{\"@type\":\"ListItem\",\"position\":2,\"name\":\"Marquez Callaway rejoint les Broncos de Denver et retrouve l&rsquo;entra\u00eeneur Sean Payton\"}]},{\"@type\":\"WebSite\",\"@id\":\"https:\/\/theplayoffs.news\/fr\/#website\",\"url\":\"https:\/\/theplayoffs.news\/fr\/\",\"name\":\"The Playoffs FR\",\"description\":\"NBA-NFL-NHL-MLB\",\"potentialAction\":[{\"@type\":\"SearchAction\",\"target\":{\"@type\":\"EntryPoint\",\"urlTemplate\":\"https:\/\/theplayoffs.news\/fr\/?s={search_term_string}\"},\"query-input\":{\"@type\":\"PropertyValueSpecification\",\"valueRequired\":true,\"valueName\":\"search_term_string\"}}],\"inLanguage\":\"fr-FR\"},{\"@type\":\"Person\",\"@id\":\"https:\/\/theplayoffs.news\/fr\/#\/schema\/person\/eee5b69ad5d3c51cabe881c839dbe133\",\"name\":\"Charles Taudin\",\"image\":{\"@type\":\"ImageObject\",\"inLanguage\":\"fr-FR\",\"@id\":\"https:\/\/theplayoffs.news\/fr\/#\/schema\/person\/image\/\",\"url\":\"https:\/\/secure.gravatar.com\/avatar\/59a1e772205ce9fd255edfcafc93013736822e20261f294c5753b20c41ede9f2?s=96&d=mm&r=g\",\"contentUrl\":\"https:\/\/secure.gravatar.com\/avatar\/59a1e772205ce9fd255edfcafc93013736822e20261f294c5753b20c41ede9f2?s=96&d=mm&r=g\",\"caption\":\"Charles Taudin\"},\"description\":\"R\u00e9dacteur en chef global de The Playoffs, j\u2019ai cr\u00e9\u00e9 The Free Agent, devenu The Playoffs FR, en 2020 durant la pand\u00e9mie. Amoureux depuis des ann\u00e9es des 4 sports majeurs am\u00e9ricains, j\u2019organise maintenant la strat\u00e9gie \u00e9ditoriale et les r\u00e9seaux sociaux de l\u2019ensemble des versions de The Playoffs. Il m\u2019arrive encore d\u2019\u00e9crire sur certains sports que j\u2019affectionne particuli\u00e8rement comme la NFL ou la MLB. Si vous devez retenir qu\u2019une chose : Eli Manning est le vrai GOAT pour avoir battu deux fois Tom Brady.\",\"sameAs\":[\"https:\/\/www.instagram.com\/ctaudin_\/\"],\"url\":\"https:\/\/theplayoffs.news\/fr\/author\/charles-taudin\/\"}]}<\/script>\n<!-- \/ Yoast SEO plugin. -->","yoast_head_json":{"title":"Marquez Callaway rejoint les Broncos de Denver et retrouve l&#039;entra&icirc;neur Sean Payton - The Playoffs FR","robots":{"index":"index","follow":"follow","max-snippet":"max-snippet:-1","max-image-preview":"max-image-preview:large","max-video-preview":"max-video-preview:-1"},"canonical":"https:\/\/theplayoffs.news\/fr\/actualite-nfl\/marquez-callaway-rejoint-broncos\/","og_locale":"fr_FR","og_type":"article","og_title":"Marquez Callaway rejoint les Broncos de Denver et retrouve l&#039;entra&icirc;neur Sean Payton - The Playoffs FR","og_url":"https:\/\/theplayoffs.news\/fr\/actualite-nfl\/marquez-callaway-rejoint-broncos\/","og_site_name":"The Playoffs FR","article_publisher":"https:\/\/www.facebook.com\/TheFreeAgentFR\/","article_modified_time":"2023-03-24T20:47:29+00:00","og_image":[{"width":1920,"height":1283,"url":"https:\/\/theplayoffs.news\/fr\/wp-content\/uploads\/2023\/03\/https___allfortennessee.com_wp-content_uploads_getty-images_2017_07_1278835084.jpeg","type":"image\/jpeg"}],"author":"Charles Taudin","twitter_card":"summary_large_image","twitter_creator":"@TheFreeAgentFR","twitter_site":"@TheFreeAgentFR","twitter_misc":{"\u00c9crit par":"Charles Taudin","Dur\u00e9e de lecture estim\u00e9e":"1 minute"},"schema":{"@context":"https:\/\/schema.org","@graph":[{"@type":"WebPage","@id":"https:\/\/theplayoffs.news\/fr\/actualite-nfl\/marquez-callaway-rejoint-broncos\/","url":"https:\/\/theplayoffs.news\/fr\/actualite-nfl\/marquez-callaway-rejoint-broncos\/","name":"Marquez Callaway rejoint les Broncos de Denver et retrouve l\\'entra\u00eeneur Sean Payton - The Playoffs FR","isPartOf":{"@id":"https:\/\/theplayoffs.news\/fr\/#website"},"primaryImageOfPage":{"@id":"https:\/\/theplayoffs.news\/fr\/actualite-nfl\/marquez-callaway-rejoint-broncos\/#primaryimage"},"image":{"@id":"https:\/\/theplayoffs.news\/fr\/actualite-nfl\/marquez-callaway-rejoint-broncos\/#primaryimage"},"thumbnailUrl":"https:\/\/theplayoffs.news\/fr\/wp-content\/uploads\/2023\/03\/https___allfortennessee.com_wp-content_uploads_getty-images_2017_07_1278835084.jpeg","datePublished":"2023-03-24T20:47:28+00:00","dateModified":"2023-03-24T20:47:29+00:00","author":{"@id":"https:\/\/theplayoffs.news\/fr\/#\/schema\/person\/eee5b69ad5d3c51cabe881c839dbe133"},"breadcrumb":{"@id":"https:\/\/theplayoffs.news\/fr\/actualite-nfl\/marquez-callaway-rejoint-broncos\/#breadcrumb"},"inLanguage":"fr-FR","potentialAction":[{"@type":"ReadAction","target":["https:\/\/theplayoffs.news\/fr\/actualite-nfl\/marquez-callaway-rejoint-broncos\/"]}]},{"@type":"ImageObject","inLanguage":"fr-FR","@id":"https:\/\/theplayoffs.news\/fr\/actualite-nfl\/marquez-callaway-rejoint-broncos\/#primaryimage","url":"https:\/\/theplayoffs.news\/fr\/wp-content\/uploads\/2023\/03\/https___allfortennessee.com_wp-content_uploads_getty-images_2017_07_1278835084.jpeg","contentUrl":"https:\/\/theplayoffs.news\/fr\/wp-content\/uploads\/2023\/03\/https___allfortennessee.com_wp-content_uploads_getty-images_2017_07_1278835084.jpeg","width":1920,"height":1283,"caption":"Marquez callaway"},{"@type":"BreadcrumbList","@id":"https:\/\/theplayoffs.news\/fr\/actualite-nfl\/marquez-callaway-rejoint-broncos\/#breadcrumb","itemListElement":[{"@type":"ListItem","position":1,"name":"Accueil","item":"https:\/\/theplayoffs.news\/fr\/"},{"@type":"ListItem","position":2,"name":"Marquez Callaway rejoint les Broncos de Denver et retrouve l&rsquo;entra\u00eeneur Sean Payton"}]},{"@type":"WebSite","@id":"https:\/\/theplayoffs.news\/fr\/#website","url":"https:\/\/theplayoffs.news\/fr\/","name":"The Playoffs FR","description":"NBA-NFL-NHL-MLB","potentialAction":[{"@type":"SearchAction","target":{"@type":"EntryPoint","urlTemplate":"https:\/\/theplayoffs.news\/fr\/?s={search_term_string}"},"query-input":{"@type":"PropertyValueSpecification","valueRequired":true,"valueName":"search_term_string"}}],"inLanguage":"fr-FR"},{"@type":"Person","@id":"https:\/\/theplayoffs.news\/fr\/#\/schema\/person\/eee5b69ad5d3c51cabe881c839dbe133","name":"Charles Taudin","image":{"@type":"ImageObject","inLanguage":"fr-FR","@id":"https:\/\/theplayoffs.news\/fr\/#\/schema\/person\/image\/","url":"https:\/\/secure.gravatar.com\/avatar\/59a1e772205ce9fd255edfcafc93013736822e20261f294c5753b20c41ede9f2?s=96&d=mm&r=g","contentUrl":"https:\/\/secure.gravatar.com\/avatar\/59a1e772205ce9fd255edfcafc93013736822e20261f294c5753b20c41ede9f2?s=96&d=mm&r=g","caption":"Charles Taudin"},"description":"R\u00e9dacteur en chef global de The Playoffs, j\u2019ai cr\u00e9\u00e9 The Free Agent, devenu The Playoffs FR, en 2020 durant la pand\u00e9mie. Amoureux depuis des ann\u00e9es des 4 sports majeurs am\u00e9ricains, j\u2019organise maintenant la strat\u00e9gie \u00e9ditoriale et les r\u00e9seaux sociaux de l\u2019ensemble des versions de The Playoffs. Il m\u2019arrive encore d\u2019\u00e9crire sur certains sports que j\u2019affectionne particuli\u00e8rement comme la NFL ou la MLB. Si vous devez retenir qu\u2019une chose : Eli Manning est le vrai GOAT pour avoir battu deux fois Tom Brady.","sameAs":["https:\/\/www.instagram.com\/ctaudin_\/"],"url":"https:\/\/theplayoffs.news\/fr\/author\/charles-taudin\/"}]}},"_links":{"self":[{"href":"https:\/\/theplayoffs.news\/fr\/wp-json\/wp\/v2\/posts\/576885","targetHints":{"allow":["GET"]}}],"collection":[{"href":"https:\/\/theplayoffs.news\/fr\/wp-json\/wp\/v2\/posts"}],"about":[{"href":"https:\/\/theplayoffs.news\/fr\/wp-json\/wp\/v2\/types\/post"}],"author":[{"embeddable":true,"href":"https:\/\/theplayoffs.news\/fr\/wp-json\/wp\/v2\/users\/13"}],"replies":[{"embeddable":true,"href":"https:\/\/theplayoffs.news\/fr\/wp-json\/wp\/v2\/comments?post=576885"}],"version-history":[{"count":3,"href":"https:\/\/theplayoffs.news\/fr\/wp-json\/wp\/v2\/posts\/576885\/revisions"}],"predecessor-version":[{"id":592282,"href":"https:\/\/theplayoffs.news\/fr\/wp-json\/wp\/v2\/posts\/576885\/revisions\/592282"}],"wp:featuredmedia":[{"embeddable":true,"href":"https:\/\/theplayoffs.news\/fr\/wp-json\/wp\/v2\/media\/576886"}],"wp:attachment":[{"href":"https:\/\/theplayoffs.news\/fr\/wp-json\/wp\/v2\/media?parent=576885"}],"wp:term":[{"taxonomy":"category","embeddable":true,"href":"https:\/\/theplayoffs.news\/fr\/wp-json\/wp\/v2\/categories?post=576885"},{"taxonomy":"post_tag","embeddable":true,"href":"https:\/\/theplayoffs.news\/fr\/wp-json\/wp\/v2\/tags?post=576885"},{"taxonomy":"sport","embeddable":true,"href":"https:\/\/theplayoffs.news\/fr\/wp-json\/wp\/v2\/sport?post=576885"},{"taxonomy":"saison","embeddable":true,"href":"https:\/\/theplayoffs.news\/fr\/wp-json\/wp\/v2\/saison?post=576885"}],"curies":[{"name":"wp","href":"https:\/\/api.w.org\/{rel}","templated":true}]}}