{"id":576841,"date":"2023-03-24T16:13:19","date_gmt":"2023-03-24T15:13:19","guid":{"rendered":"https:\/\/theplayoffs.news\/fr\/?p=576841"},"modified":"2023-03-24T16:16:05","modified_gmt":"2023-03-24T15:16:05","slug":"ty-lue-positif-malgre-blessure-paul-george","status":"publish","type":"post","link":"https:\/\/theplayoffs.news\/fr\/actualite-nba\/ty-lue-positif-malgre-blessure-paul-george\/","title":{"rendered":"Ty Lue voit le c\u00f4t\u00e9 positif malgr\u00e9 la blessure de Paul George"},"content":{"rendered":"<h2><strong>Touch&eacute; au genou lors d&rsquo;un match face au Thunder, Paul George a &eacute;t&eacute; diagnostiqu&eacute; avec une entorse et sera absent pendant plusieurs semaines.<\/strong><\/h2><p>Cependant, l&rsquo;entra&icirc;neur des Clippers, Tyronn Lue, choisit de voir le verre &agrave; moiti&eacute; plein et se montre optimiste quant au retour de son joueur vedette.<\/p><p>En effet, les images de la blessure laissaient craindre le pire, mais heureusement, les m&eacute;decins ont confirm&eacute; que <a href=\"https:\/\/theplayoffs.news\/fr\/joueur\/paul-george-nba-8502\/\" class=\"trk-cta-link\" data-cta-trk='{\"ctaType\":\"Link\",\"ctaSubType\":\"main\"}'><strong>Paul George<\/strong><\/a> pourrait revenir sur le parquet avant la fin de la saison. Tyronn Lue s&rsquo;est exprim&eacute; sur cette situation aupr&egrave;s <a href=\"https:\/\/www.espn.com\/nba\/story\/_\/id\/35928318\/clippers-paul-george-avoids-torn-ligaments-surgery-not-expected\" class=\"trk-cta-link\" data-cta-trk='{\"ctaType\":\"Link\",\"ctaSubType\":\"main\"}'>d&rsquo;ESPN<\/a> en disant :<\/p><blockquote><p>&laquo; Je pense qu&rsquo;on est dans le meilleur sc&eacute;nario possible par rapport &agrave; ce qu&rsquo;on pouvait imaginer. On est impatient d&rsquo;arriver &agrave; ces deux ou trois semaines. &raquo;<\/p><\/blockquote><p>De son c&ocirc;t&eacute;, Paul George est d&eacute;&ccedil;u et n&rsquo;a pas le moral, comme l&rsquo;a expliqu&eacute; Lue. Cependant, l&rsquo;entra&icirc;neur des Clippers assure que l&rsquo;&eacute;quipe soutiendra George &agrave; 100 % et qu&rsquo;ils esp&egrave;rent le voir revenir pour le premier tour des playoffs, si les Clippers se qualifient directement.<\/p><p>En attendant le retour de leur superstar, les Clippers ont prouv&eacute; qu&rsquo;ils pouvaient compter sur d&rsquo;autres joueurs pour assurer la victoire. Lors de leur dernier match face au Thunder, Kawhi Leonard a brill&eacute; avec 32 points, montrant que l&rsquo;&eacute;quipe peut s&rsquo;adapter et continuer &agrave; performer malgr&eacute; l&rsquo;absence de George. Leonard a d&eacute;clar&eacute; : &laquo; Il y avait de l&rsquo;&eacute;nergie positive, personne n&rsquo;a baiss&eacute; la t&ecirc;te. On esp&egrave;re que PG va vite revenir. Mais ce sont aux autres d&rsquo;&eacute;lever leur niveau d&rsquo;un cran. C&rsquo;est comme &ccedil;a qu&rsquo;on doit faire, encore davantage partager la balle et &ecirc;tre concentr&eacute; car il nous manque une superstar. &raquo;<\/p><p>Ainsi, m&ecirc;me si la blessure de Paul George repr&eacute;sente un coup dur pour les Los Angeles Clippers, l&rsquo;optimisme de Tyronn Lue et la solidarit&eacute; de l&rsquo;&eacute;quipe sont des signes encourageants pour la suite de leur parcours en NBA.<\/p>\n","protected":false},"excerpt":{"rendered":"","protected":false},"author":13,"featured_media":576843,"comment_status":"open","ping_status":"closed","sticky":false,"template":"","format":"standard","meta":{"inline_featured_image":false,"kia_subtitle":"","_mux_skip_reasons":[],"proofreadBy":0,"footnotes":""},"categories":[110,10],"tags":[610,997],"sport":[],"saison":[],"class_list":["post-576841","post","type-post","status-publish","format-standard","has-post-thumbnail","hentry","category-actualite-nba","category-nba","tag-los-angeles-clippers","tag-paul-george"],"acf":[],"yoast_head":"<!-- This site is optimized with the Yoast SEO plugin v24.2 - https:\/\/yoast.com\/wordpress\/plugins\/seo\/ -->\n<title>Ty Lue voit le c&ocirc;t&eacute; positif malgr&eacute; la blessure de Paul George - The Playoffs FR<\/title>\n<meta name=\"robots\" content=\"index, follow, max-snippet:-1, max-image-preview:large, max-video-preview:-1\" \/>\n<link rel=\"canonical\" href=\"https:\/\/theplayoffs.news\/fr\/actualite-nba\/ty-lue-positif-malgre-blessure-paul-george\/\" \/>\n<meta property=\"og:locale\" content=\"fr_FR\" \/>\n<meta property=\"og:type\" content=\"article\" \/>\n<meta property=\"og:title\" content=\"Ty Lue voit le c&ocirc;t&eacute; positif malgr&eacute; la blessure de Paul George - The Playoffs FR\" \/>\n<meta property=\"og:url\" content=\"https:\/\/theplayoffs.news\/fr\/actualite-nba\/ty-lue-positif-malgre-blessure-paul-george\/\" \/>\n<meta property=\"og:site_name\" content=\"The Playoffs FR\" \/>\n<meta property=\"article:publisher\" content=\"https:\/\/www.facebook.com\/TheFreeAgentFR\/\" \/>\n<meta property=\"article:modified_time\" content=\"2023-03-24T16:16:05+01:00\" \/>\n<meta property=\"og:image\" content=\"https:\/\/theplayoffs.news\/fr\/wp-content\/uploads\/2023\/03\/hi-res-621bf23f9631a807dd7ec8058f13dc93_crop_north.jpg\" \/>\n\t<meta property=\"og:image:width\" content=\"1920\" \/>\n\t<meta property=\"og:image:height\" content=\"1278\" \/>\n\t<meta property=\"og:image:type\" content=\"image\/jpeg\" \/>\n<meta name=\"author\" content=\"Charles Taudin\" \/>\n<meta name=\"twitter:card\" content=\"summary_large_image\" \/>\n<meta name=\"twitter:creator\" content=\"@TheFreeAgentFR\" \/>\n<meta name=\"twitter:site\" content=\"@TheFreeAgentFR\" \/>\n<meta name=\"twitter:label1\" content=\"\u00c9crit par\" \/>\n\t<meta name=\"twitter:data1\" content=\"Charles Taudin\" \/>\n\t<meta name=\"twitter:label2\" content=\"Dur\u00e9e de lecture estim\u00e9e\" \/>\n\t<meta name=\"twitter:data2\" content=\"2 minutes\" \/>\n<script type=\"application\/ld+json\" class=\"yoast-schema-graph\">{\"@context\":\"https:\/\/schema.org\",\"@graph\":[{\"@type\":\"WebPage\",\"@id\":\"https:\/\/theplayoffs.news\/fr\/actualite-nba\/ty-lue-positif-malgre-blessure-paul-george\/\",\"url\":\"https:\/\/theplayoffs.news\/fr\/actualite-nba\/ty-lue-positif-malgre-blessure-paul-george\/\",\"name\":\"Ty Lue voit le c\u00f4t\u00e9 positif malgr\u00e9 la blessure de Paul George - The Playoffs FR\",\"isPartOf\":{\"@id\":\"https:\/\/theplayoffs.news\/fr\/#website\"},\"primaryImageOfPage\":{\"@id\":\"https:\/\/theplayoffs.news\/fr\/actualite-nba\/ty-lue-positif-malgre-blessure-paul-george\/#primaryimage\"},\"image\":{\"@id\":\"https:\/\/theplayoffs.news\/fr\/actualite-nba\/ty-lue-positif-malgre-blessure-paul-george\/#primaryimage\"},\"thumbnailUrl\":\"https:\/\/theplayoffs.news\/fr\/wp-content\/uploads\/2023\/03\/hi-res-621bf23f9631a807dd7ec8058f13dc93_crop_north.jpg\",\"datePublished\":\"2023-03-24T15:13:19+00:00\",\"dateModified\":\"2023-03-24T15:16:05+00:00\",\"author\":{\"@id\":\"https:\/\/theplayoffs.news\/fr\/#\/schema\/person\/eee5b69ad5d3c51cabe881c839dbe133\"},\"breadcrumb\":{\"@id\":\"https:\/\/theplayoffs.news\/fr\/actualite-nba\/ty-lue-positif-malgre-blessure-paul-george\/#breadcrumb\"},\"inLanguage\":\"fr-FR\",\"potentialAction\":[{\"@type\":\"ReadAction\",\"target\":[\"https:\/\/theplayoffs.news\/fr\/actualite-nba\/ty-lue-positif-malgre-blessure-paul-george\/\"]}]},{\"@type\":\"ImageObject\",\"inLanguage\":\"fr-FR\",\"@id\":\"https:\/\/theplayoffs.news\/fr\/actualite-nba\/ty-lue-positif-malgre-blessure-paul-george\/#primaryimage\",\"url\":\"https:\/\/theplayoffs.news\/fr\/wp-content\/uploads\/2023\/03\/hi-res-621bf23f9631a807dd7ec8058f13dc93_crop_north.jpg\",\"contentUrl\":\"https:\/\/theplayoffs.news\/fr\/wp-content\/uploads\/2023\/03\/hi-res-621bf23f9631a807dd7ec8058f13dc93_crop_north.jpg\",\"width\":1920,\"height\":1278,\"caption\":\"Paul George\"},{\"@type\":\"BreadcrumbList\",\"@id\":\"https:\/\/theplayoffs.news\/fr\/actualite-nba\/ty-lue-positif-malgre-blessure-paul-george\/#breadcrumb\",\"itemListElement\":[{\"@type\":\"ListItem\",\"position\":1,\"name\":\"Accueil\",\"item\":\"https:\/\/theplayoffs.news\/fr\/\"},{\"@type\":\"ListItem\",\"position\":2,\"name\":\"Ty Lue voit le c\u00f4t\u00e9 positif malgr\u00e9 la blessure de Paul George\"}]},{\"@type\":\"WebSite\",\"@id\":\"https:\/\/theplayoffs.news\/fr\/#website\",\"url\":\"https:\/\/theplayoffs.news\/fr\/\",\"name\":\"The Playoffs FR\",\"description\":\"NBA-NFL-NHL-MLB\",\"potentialAction\":[{\"@type\":\"SearchAction\",\"target\":{\"@type\":\"EntryPoint\",\"urlTemplate\":\"https:\/\/theplayoffs.news\/fr\/?s={search_term_string}\"},\"query-input\":{\"@type\":\"PropertyValueSpecification\",\"valueRequired\":true,\"valueName\":\"search_term_string\"}}],\"inLanguage\":\"fr-FR\"},{\"@type\":\"Person\",\"@id\":\"https:\/\/theplayoffs.news\/fr\/#\/schema\/person\/eee5b69ad5d3c51cabe881c839dbe133\",\"name\":\"Charles Taudin\",\"image\":{\"@type\":\"ImageObject\",\"inLanguage\":\"fr-FR\",\"@id\":\"https:\/\/theplayoffs.news\/fr\/#\/schema\/person\/image\/\",\"url\":\"https:\/\/secure.gravatar.com\/avatar\/59a1e772205ce9fd255edfcafc93013736822e20261f294c5753b20c41ede9f2?s=96&d=mm&r=g\",\"contentUrl\":\"https:\/\/secure.gravatar.com\/avatar\/59a1e772205ce9fd255edfcafc93013736822e20261f294c5753b20c41ede9f2?s=96&d=mm&r=g\",\"caption\":\"Charles Taudin\"},\"description\":\"R\u00e9dacteur en chef global de The Playoffs, j\u2019ai cr\u00e9\u00e9 The Free Agent, devenu The Playoffs FR, en 2020 durant la pand\u00e9mie. Amoureux depuis des ann\u00e9es des 4 sports majeurs am\u00e9ricains, j\u2019organise maintenant la strat\u00e9gie \u00e9ditoriale et les r\u00e9seaux sociaux de l\u2019ensemble des versions de The Playoffs. Il m\u2019arrive encore d\u2019\u00e9crire sur certains sports que j\u2019affectionne particuli\u00e8rement comme la NFL ou la MLB. Si vous devez retenir qu\u2019une chose : Eli Manning est le vrai GOAT pour avoir battu deux fois Tom Brady.\",\"sameAs\":[\"https:\/\/www.instagram.com\/ctaudin_\/\"],\"url\":\"https:\/\/theplayoffs.news\/fr\/author\/charles-taudin\/\"}]}<\/script>\n<!-- \/ Yoast SEO plugin. -->","yoast_head_json":{"title":"Ty Lue voit le c&ocirc;t&eacute; positif malgr&eacute; la blessure de Paul George - The Playoffs FR","robots":{"index":"index","follow":"follow","max-snippet":"max-snippet:-1","max-image-preview":"max-image-preview:large","max-video-preview":"max-video-preview:-1"},"canonical":"https:\/\/theplayoffs.news\/fr\/actualite-nba\/ty-lue-positif-malgre-blessure-paul-george\/","og_locale":"fr_FR","og_type":"article","og_title":"Ty Lue voit le c&ocirc;t&eacute; positif malgr&eacute; la blessure de Paul George - The Playoffs FR","og_url":"https:\/\/theplayoffs.news\/fr\/actualite-nba\/ty-lue-positif-malgre-blessure-paul-george\/","og_site_name":"The Playoffs FR","article_publisher":"https:\/\/www.facebook.com\/TheFreeAgentFR\/","article_modified_time":"2023-03-24T15:16:05+00:00","og_image":[{"width":1920,"height":1278,"url":"https:\/\/theplayoffs.news\/fr\/wp-content\/uploads\/2023\/03\/hi-res-621bf23f9631a807dd7ec8058f13dc93_crop_north.jpg","type":"image\/jpeg"}],"author":"Charles Taudin","twitter_card":"summary_large_image","twitter_creator":"@TheFreeAgentFR","twitter_site":"@TheFreeAgentFR","twitter_misc":{"\u00c9crit par":"Charles Taudin","Dur\u00e9e de lecture estim\u00e9e":"2 minutes"},"schema":{"@context":"https:\/\/schema.org","@graph":[{"@type":"WebPage","@id":"https:\/\/theplayoffs.news\/fr\/actualite-nba\/ty-lue-positif-malgre-blessure-paul-george\/","url":"https:\/\/theplayoffs.news\/fr\/actualite-nba\/ty-lue-positif-malgre-blessure-paul-george\/","name":"Ty Lue voit le c\u00f4t\u00e9 positif malgr\u00e9 la blessure de Paul George - The Playoffs FR","isPartOf":{"@id":"https:\/\/theplayoffs.news\/fr\/#website"},"primaryImageOfPage":{"@id":"https:\/\/theplayoffs.news\/fr\/actualite-nba\/ty-lue-positif-malgre-blessure-paul-george\/#primaryimage"},"image":{"@id":"https:\/\/theplayoffs.news\/fr\/actualite-nba\/ty-lue-positif-malgre-blessure-paul-george\/#primaryimage"},"thumbnailUrl":"https:\/\/theplayoffs.news\/fr\/wp-content\/uploads\/2023\/03\/hi-res-621bf23f9631a807dd7ec8058f13dc93_crop_north.jpg","datePublished":"2023-03-24T15:13:19+00:00","dateModified":"2023-03-24T15:16:05+00:00","author":{"@id":"https:\/\/theplayoffs.news\/fr\/#\/schema\/person\/eee5b69ad5d3c51cabe881c839dbe133"},"breadcrumb":{"@id":"https:\/\/theplayoffs.news\/fr\/actualite-nba\/ty-lue-positif-malgre-blessure-paul-george\/#breadcrumb"},"inLanguage":"fr-FR","potentialAction":[{"@type":"ReadAction","target":["https:\/\/theplayoffs.news\/fr\/actualite-nba\/ty-lue-positif-malgre-blessure-paul-george\/"]}]},{"@type":"ImageObject","inLanguage":"fr-FR","@id":"https:\/\/theplayoffs.news\/fr\/actualite-nba\/ty-lue-positif-malgre-blessure-paul-george\/#primaryimage","url":"https:\/\/theplayoffs.news\/fr\/wp-content\/uploads\/2023\/03\/hi-res-621bf23f9631a807dd7ec8058f13dc93_crop_north.jpg","contentUrl":"https:\/\/theplayoffs.news\/fr\/wp-content\/uploads\/2023\/03\/hi-res-621bf23f9631a807dd7ec8058f13dc93_crop_north.jpg","width":1920,"height":1278,"caption":"Paul George"},{"@type":"BreadcrumbList","@id":"https:\/\/theplayoffs.news\/fr\/actualite-nba\/ty-lue-positif-malgre-blessure-paul-george\/#breadcrumb","itemListElement":[{"@type":"ListItem","position":1,"name":"Accueil","item":"https:\/\/theplayoffs.news\/fr\/"},{"@type":"ListItem","position":2,"name":"Ty Lue voit le c\u00f4t\u00e9 positif malgr\u00e9 la blessure de Paul George"}]},{"@type":"WebSite","@id":"https:\/\/theplayoffs.news\/fr\/#website","url":"https:\/\/theplayoffs.news\/fr\/","name":"The Playoffs FR","description":"NBA-NFL-NHL-MLB","potentialAction":[{"@type":"SearchAction","target":{"@type":"EntryPoint","urlTemplate":"https:\/\/theplayoffs.news\/fr\/?s={search_term_string}"},"query-input":{"@type":"PropertyValueSpecification","valueRequired":true,"valueName":"search_term_string"}}],"inLanguage":"fr-FR"},{"@type":"Person","@id":"https:\/\/theplayoffs.news\/fr\/#\/schema\/person\/eee5b69ad5d3c51cabe881c839dbe133","name":"Charles Taudin","image":{"@type":"ImageObject","inLanguage":"fr-FR","@id":"https:\/\/theplayoffs.news\/fr\/#\/schema\/person\/image\/","url":"https:\/\/secure.gravatar.com\/avatar\/59a1e772205ce9fd255edfcafc93013736822e20261f294c5753b20c41ede9f2?s=96&d=mm&r=g","contentUrl":"https:\/\/secure.gravatar.com\/avatar\/59a1e772205ce9fd255edfcafc93013736822e20261f294c5753b20c41ede9f2?s=96&d=mm&r=g","caption":"Charles Taudin"},"description":"R\u00e9dacteur en chef global de The Playoffs, j\u2019ai cr\u00e9\u00e9 The Free Agent, devenu The Playoffs FR, en 2020 durant la pand\u00e9mie. Amoureux depuis des ann\u00e9es des 4 sports majeurs am\u00e9ricains, j\u2019organise maintenant la strat\u00e9gie \u00e9ditoriale et les r\u00e9seaux sociaux de l\u2019ensemble des versions de The Playoffs. Il m\u2019arrive encore d\u2019\u00e9crire sur certains sports que j\u2019affectionne particuli\u00e8rement comme la NFL ou la MLB. Si vous devez retenir qu\u2019une chose : Eli Manning est le vrai GOAT pour avoir battu deux fois Tom Brady.","sameAs":["https:\/\/www.instagram.com\/ctaudin_\/"],"url":"https:\/\/theplayoffs.news\/fr\/author\/charles-taudin\/"}]}},"_links":{"self":[{"href":"https:\/\/theplayoffs.news\/fr\/wp-json\/wp\/v2\/posts\/576841","targetHints":{"allow":["GET"]}}],"collection":[{"href":"https:\/\/theplayoffs.news\/fr\/wp-json\/wp\/v2\/posts"}],"about":[{"href":"https:\/\/theplayoffs.news\/fr\/wp-json\/wp\/v2\/types\/post"}],"author":[{"embeddable":true,"href":"https:\/\/theplayoffs.news\/fr\/wp-json\/wp\/v2\/users\/13"}],"replies":[{"embeddable":true,"href":"https:\/\/theplayoffs.news\/fr\/wp-json\/wp\/v2\/comments?post=576841"}],"version-history":[{"count":2,"href":"https:\/\/theplayoffs.news\/fr\/wp-json\/wp\/v2\/posts\/576841\/revisions"}],"predecessor-version":[{"id":576845,"href":"https:\/\/theplayoffs.news\/fr\/wp-json\/wp\/v2\/posts\/576841\/revisions\/576845"}],"wp:featuredmedia":[{"embeddable":true,"href":"https:\/\/theplayoffs.news\/fr\/wp-json\/wp\/v2\/media\/576843"}],"wp:attachment":[{"href":"https:\/\/theplayoffs.news\/fr\/wp-json\/wp\/v2\/media?parent=576841"}],"wp:term":[{"taxonomy":"category","embeddable":true,"href":"https:\/\/theplayoffs.news\/fr\/wp-json\/wp\/v2\/categories?post=576841"},{"taxonomy":"post_tag","embeddable":true,"href":"https:\/\/theplayoffs.news\/fr\/wp-json\/wp\/v2\/tags?post=576841"},{"taxonomy":"sport","embeddable":true,"href":"https:\/\/theplayoffs.news\/fr\/wp-json\/wp\/v2\/sport?post=576841"},{"taxonomy":"saison","embeddable":true,"href":"https:\/\/theplayoffs.news\/fr\/wp-json\/wp\/v2\/saison?post=576841"}],"curies":[{"name":"wp","href":"https:\/\/api.w.org\/{rel}","templated":true}]}}