{"id":576782,"date":"2023-03-24T10:07:00","date_gmt":"2023-03-24T09:07:00","guid":{"rendered":"https:\/\/theplayoffs.news\/fr\/?p=576782"},"modified":"2023-03-24T10:07:01","modified_gmt":"2023-03-24T09:07:01","slug":"josh-anderson-saison-terminee","status":"publish","type":"post","link":"https:\/\/theplayoffs.news\/fr\/actualite-nhl\/josh-anderson-saison-terminee\/","title":{"rendered":"Josh Anderson, attaquant des Canadiens de Montr\u00e9al, voit sa saison se terminer pr\u00e9matur\u00e9ment \u00e0 cause d&rsquo;une blessure"},"content":{"rendered":"<h2><strong>La saison de Josh Anderson, attaquant vedette des Canadiens de Montr&eacute;al, vient de prendre fin abruptement suite &agrave; une blessure.<\/strong><\/h2><p>Le Tricolore a confirm&eacute; jeudi dernier qu&rsquo;Anderson ne sera pas en mesure de revenir sur la glace pour le reste de la saison r&eacute;guli&egrave;re en raison d&rsquo;une entorse &agrave; une cheville.<\/p><p>Cet incident malheureux a eu lieu mardi soir au Centre Bell lors d&rsquo;un match opposant les Canadiens au Lightning de Tampa Bay. Au cours d&rsquo;une course pour la rondelle, Anderson a &eacute;t&eacute; projet&eacute; contre le poteau du filet par son adversaire <a href=\"https:\/\/theplayoffs.news\/fr\/joueur\/mikhail-sergachev-nhl-8049736\/\" class=\"trk-cta-link\" data-cta-trk='{\"ctaType\":\"Link\",\"ctaSubType\":\"main\"}'><strong>Mikhail Sergachev<\/strong><\/a>. La force de l&rsquo;impact a provoqu&eacute; cette blessure qui met fin &agrave; la saison du joueur de 28 ans.<\/p><blockquote class=\"twitter-tweet\" data-width=\"500\" data-dnt=\"true\">\n<p lang=\"en\" dir=\"ltr\">Josh Anderson leaves the game late after Mikhail Sergachev pushes him into the empty net. <a href=\"https:\/\/t.co\/UQxB0Prmhz\" class=\"trk-cta-link\" data-cta-trk='{\"ctaType\":\"Link\",\"ctaSubType\":\"main\"}'>pic.twitter.com\/UQxB0Prmhz<\/a><\/p>\n<p>&mdash; Sportsnet (@Sportsnet) <a href=\"https:\/\/twitter.com\/Sportsnet\/status\/1638353191833161728?ref_src=twsrc%5Etfw\" class=\"trk-cta-link\" data-cta-trk='{\"ctaType\":\"Link\",\"ctaSubType\":\"main\"}'>March 22, 2023<\/a><\/p><\/blockquote><p><script async src=\"https:\/\/platform.twitter.com\/widgets.js\" charset=\"utf-8\"><\/script><\/p><p>Malgr&eacute; cette fin de saison d&eacute;cevante, Josh Anderson peut se targuer d&rsquo;avoir atteint le plateau des 20 buts pour la premi&egrave;re fois en trois saisons depuis son arriv&eacute;e &agrave; Montr&eacute;al. Son bilan pour la saison s&rsquo;&eacute;l&egrave;ve &agrave; 21 buts et 11 aides en 69 rencontres, une performance notable pour le no 17 du CH.<\/p><p>Les Canadiens devront d&eacute;sormais s&rsquo;adapter &agrave; cette perte importante en vue des dix rencontres restantes avant la fin de leur calendrier. Le d&eacute;part de Josh Anderson laisse un vide dans l&rsquo;&eacute;quipe, et il appartiendra aux autres membres du Tricolore de redoubler d&rsquo;efforts pour combler cette absence.<\/p>\n","protected":false},"excerpt":{"rendered":"","protected":false},"author":13,"featured_media":576786,"comment_status":"open","ping_status":"closed","sticky":false,"template":"","format":"standard","meta":{"inline_featured_image":false,"kia_subtitle":"","_mux_skip_reasons":[],"proofreadBy":0,"footnotes":""},"categories":[187,26],"tags":[1090,1165],"sport":[],"saison":[],"class_list":["post-576782","post","type-post","status-publish","format-standard","has-post-thumbnail","hentry","category-actualite-nhl","category-nhl","tag-josh-anderson","tag-montreal-canadiens"],"acf":[],"yoast_head":"<!-- This site is optimized with the Yoast SEO plugin v24.2 - https:\/\/yoast.com\/wordpress\/plugins\/seo\/ -->\n<title>Josh Anderson, attaquant des Canadiens de Montr&eacute;al, voit sa saison se terminer pr&eacute;matur&eacute;ment &agrave; cause d&#039;une blessure - The Playoffs FR<\/title>\n<meta name=\"robots\" content=\"index, follow, max-snippet:-1, max-image-preview:large, max-video-preview:-1\" \/>\n<link rel=\"canonical\" href=\"https:\/\/theplayoffs.news\/fr\/actualite-nhl\/josh-anderson-saison-terminee\/\" \/>\n<meta property=\"og:locale\" content=\"fr_FR\" \/>\n<meta property=\"og:type\" content=\"article\" \/>\n<meta property=\"og:title\" content=\"Josh Anderson, attaquant des Canadiens de Montr&eacute;al, voit sa saison se terminer pr&eacute;matur&eacute;ment &agrave; cause d&#039;une blessure - The Playoffs FR\" \/>\n<meta property=\"og:url\" content=\"https:\/\/theplayoffs.news\/fr\/actualite-nhl\/josh-anderson-saison-terminee\/\" \/>\n<meta property=\"og:site_name\" content=\"The Playoffs FR\" \/>\n<meta property=\"article:publisher\" content=\"https:\/\/www.facebook.com\/TheFreeAgentFR\/\" \/>\n<meta property=\"article:modified_time\" content=\"2023-03-24T10:07:01+01:00\" \/>\n<meta property=\"og:image\" content=\"https:\/\/theplayoffs.news\/fr\/wp-content\/uploads\/2023\/03\/josh-anderson-1-16718275-1679451106219.jpg\" \/>\n\t<meta property=\"og:image:width\" content=\"1288\" \/>\n\t<meta property=\"og:image:height\" content=\"723\" \/>\n\t<meta property=\"og:image:type\" content=\"image\/jpeg\" \/>\n<meta name=\"author\" content=\"Charles Taudin\" \/>\n<meta name=\"twitter:card\" content=\"summary_large_image\" \/>\n<meta name=\"twitter:creator\" content=\"@TheFreeAgentFR\" \/>\n<meta name=\"twitter:site\" content=\"@TheFreeAgentFR\" \/>\n<meta name=\"twitter:label1\" content=\"\u00c9crit par\" \/>\n\t<meta name=\"twitter:data1\" content=\"Charles Taudin\" \/>\n\t<meta name=\"twitter:label2\" content=\"Dur\u00e9e de lecture estim\u00e9e\" \/>\n\t<meta name=\"twitter:data2\" content=\"1 minute\" \/>\n<script type=\"application\/ld+json\" class=\"yoast-schema-graph\">{\"@context\":\"https:\/\/schema.org\",\"@graph\":[{\"@type\":\"WebPage\",\"@id\":\"https:\/\/theplayoffs.news\/fr\/actualite-nhl\/josh-anderson-saison-terminee\/\",\"url\":\"https:\/\/theplayoffs.news\/fr\/actualite-nhl\/josh-anderson-saison-terminee\/\",\"name\":\"Josh Anderson, attaquant des Canadiens de Montr\u00e9al, voit sa saison se terminer pr\u00e9matur\u00e9ment \u00e0 cause d\\\\'une blessure - The Playoffs FR\",\"isPartOf\":{\"@id\":\"https:\/\/theplayoffs.news\/fr\/#website\"},\"primaryImageOfPage\":{\"@id\":\"https:\/\/theplayoffs.news\/fr\/actualite-nhl\/josh-anderson-saison-terminee\/#primaryimage\"},\"image\":{\"@id\":\"https:\/\/theplayoffs.news\/fr\/actualite-nhl\/josh-anderson-saison-terminee\/#primaryimage\"},\"thumbnailUrl\":\"https:\/\/theplayoffs.news\/fr\/wp-content\/uploads\/2023\/03\/josh-anderson-1-16718275-1679451106219.jpg\",\"datePublished\":\"2023-03-24T09:07:00+00:00\",\"dateModified\":\"2023-03-24T09:07:01+00:00\",\"author\":{\"@id\":\"https:\/\/theplayoffs.news\/fr\/#\/schema\/person\/eee5b69ad5d3c51cabe881c839dbe133\"},\"breadcrumb\":{\"@id\":\"https:\/\/theplayoffs.news\/fr\/actualite-nhl\/josh-anderson-saison-terminee\/#breadcrumb\"},\"inLanguage\":\"fr-FR\",\"potentialAction\":[{\"@type\":\"ReadAction\",\"target\":[\"https:\/\/theplayoffs.news\/fr\/actualite-nhl\/josh-anderson-saison-terminee\/\"]}]},{\"@type\":\"ImageObject\",\"inLanguage\":\"fr-FR\",\"@id\":\"https:\/\/theplayoffs.news\/fr\/actualite-nhl\/josh-anderson-saison-terminee\/#primaryimage\",\"url\":\"https:\/\/theplayoffs.news\/fr\/wp-content\/uploads\/2023\/03\/josh-anderson-1-16718275-1679451106219.jpg\",\"contentUrl\":\"https:\/\/theplayoffs.news\/fr\/wp-content\/uploads\/2023\/03\/josh-anderson-1-16718275-1679451106219.jpg\",\"width\":1288,\"height\":723,\"caption\":\"Josh Anderson\"},{\"@type\":\"BreadcrumbList\",\"@id\":\"https:\/\/theplayoffs.news\/fr\/actualite-nhl\/josh-anderson-saison-terminee\/#breadcrumb\",\"itemListElement\":[{\"@type\":\"ListItem\",\"position\":1,\"name\":\"Accueil\",\"item\":\"https:\/\/theplayoffs.news\/fr\/\"},{\"@type\":\"ListItem\",\"position\":2,\"name\":\"Josh Anderson, attaquant des Canadiens de Montr\u00e9al, voit sa saison se terminer pr\u00e9matur\u00e9ment \u00e0 cause d&rsquo;une blessure\"}]},{\"@type\":\"WebSite\",\"@id\":\"https:\/\/theplayoffs.news\/fr\/#website\",\"url\":\"https:\/\/theplayoffs.news\/fr\/\",\"name\":\"The Playoffs FR\",\"description\":\"NBA-NFL-NHL-MLB\",\"potentialAction\":[{\"@type\":\"SearchAction\",\"target\":{\"@type\":\"EntryPoint\",\"urlTemplate\":\"https:\/\/theplayoffs.news\/fr\/?s={search_term_string}\"},\"query-input\":{\"@type\":\"PropertyValueSpecification\",\"valueRequired\":true,\"valueName\":\"search_term_string\"}}],\"inLanguage\":\"fr-FR\"},{\"@type\":\"Person\",\"@id\":\"https:\/\/theplayoffs.news\/fr\/#\/schema\/person\/eee5b69ad5d3c51cabe881c839dbe133\",\"name\":\"Charles Taudin\",\"image\":{\"@type\":\"ImageObject\",\"inLanguage\":\"fr-FR\",\"@id\":\"https:\/\/theplayoffs.news\/fr\/#\/schema\/person\/image\/\",\"url\":\"https:\/\/secure.gravatar.com\/avatar\/59a1e772205ce9fd255edfcafc93013736822e20261f294c5753b20c41ede9f2?s=96&d=mm&r=g\",\"contentUrl\":\"https:\/\/secure.gravatar.com\/avatar\/59a1e772205ce9fd255edfcafc93013736822e20261f294c5753b20c41ede9f2?s=96&d=mm&r=g\",\"caption\":\"Charles Taudin\"},\"description\":\"R\u00e9dacteur en chef global de The Playoffs, j\u2019ai cr\u00e9\u00e9 The Free Agent, devenu The Playoffs FR, en 2020 durant la pand\u00e9mie. Amoureux depuis des ann\u00e9es des 4 sports majeurs am\u00e9ricains, j\u2019organise maintenant la strat\u00e9gie \u00e9ditoriale et les r\u00e9seaux sociaux de l\u2019ensemble des versions de The Playoffs. Il m\u2019arrive encore d\u2019\u00e9crire sur certains sports que j\u2019affectionne particuli\u00e8rement comme la NFL ou la MLB. Si vous devez retenir qu\u2019une chose : Eli Manning est le vrai GOAT pour avoir battu deux fois Tom Brady.\",\"sameAs\":[\"https:\/\/www.instagram.com\/ctaudin_\/\"],\"url\":\"https:\/\/theplayoffs.news\/fr\/author\/charles-taudin\/\"}]}<\/script>\n<!-- \/ Yoast SEO plugin. -->","yoast_head_json":{"title":"Josh Anderson, attaquant des Canadiens de Montr&eacute;al, voit sa saison se terminer pr&eacute;matur&eacute;ment &agrave; cause d&#039;une blessure - The Playoffs FR","robots":{"index":"index","follow":"follow","max-snippet":"max-snippet:-1","max-image-preview":"max-image-preview:large","max-video-preview":"max-video-preview:-1"},"canonical":"https:\/\/theplayoffs.news\/fr\/actualite-nhl\/josh-anderson-saison-terminee\/","og_locale":"fr_FR","og_type":"article","og_title":"Josh Anderson, attaquant des Canadiens de Montr&eacute;al, voit sa saison se terminer pr&eacute;matur&eacute;ment &agrave; cause d&#039;une blessure - The Playoffs FR","og_url":"https:\/\/theplayoffs.news\/fr\/actualite-nhl\/josh-anderson-saison-terminee\/","og_site_name":"The Playoffs FR","article_publisher":"https:\/\/www.facebook.com\/TheFreeAgentFR\/","article_modified_time":"2023-03-24T09:07:01+00:00","og_image":[{"width":1288,"height":723,"url":"https:\/\/theplayoffs.news\/fr\/wp-content\/uploads\/2023\/03\/josh-anderson-1-16718275-1679451106219.jpg","type":"image\/jpeg"}],"author":"Charles Taudin","twitter_card":"summary_large_image","twitter_creator":"@TheFreeAgentFR","twitter_site":"@TheFreeAgentFR","twitter_misc":{"\u00c9crit par":"Charles Taudin","Dur\u00e9e de lecture estim\u00e9e":"1 minute"},"schema":{"@context":"https:\/\/schema.org","@graph":[{"@type":"WebPage","@id":"https:\/\/theplayoffs.news\/fr\/actualite-nhl\/josh-anderson-saison-terminee\/","url":"https:\/\/theplayoffs.news\/fr\/actualite-nhl\/josh-anderson-saison-terminee\/","name":"Josh Anderson, attaquant des Canadiens de Montr\u00e9al, voit sa saison se terminer pr\u00e9matur\u00e9ment \u00e0 cause d\\'une blessure - The Playoffs FR","isPartOf":{"@id":"https:\/\/theplayoffs.news\/fr\/#website"},"primaryImageOfPage":{"@id":"https:\/\/theplayoffs.news\/fr\/actualite-nhl\/josh-anderson-saison-terminee\/#primaryimage"},"image":{"@id":"https:\/\/theplayoffs.news\/fr\/actualite-nhl\/josh-anderson-saison-terminee\/#primaryimage"},"thumbnailUrl":"https:\/\/theplayoffs.news\/fr\/wp-content\/uploads\/2023\/03\/josh-anderson-1-16718275-1679451106219.jpg","datePublished":"2023-03-24T09:07:00+00:00","dateModified":"2023-03-24T09:07:01+00:00","author":{"@id":"https:\/\/theplayoffs.news\/fr\/#\/schema\/person\/eee5b69ad5d3c51cabe881c839dbe133"},"breadcrumb":{"@id":"https:\/\/theplayoffs.news\/fr\/actualite-nhl\/josh-anderson-saison-terminee\/#breadcrumb"},"inLanguage":"fr-FR","potentialAction":[{"@type":"ReadAction","target":["https:\/\/theplayoffs.news\/fr\/actualite-nhl\/josh-anderson-saison-terminee\/"]}]},{"@type":"ImageObject","inLanguage":"fr-FR","@id":"https:\/\/theplayoffs.news\/fr\/actualite-nhl\/josh-anderson-saison-terminee\/#primaryimage","url":"https:\/\/theplayoffs.news\/fr\/wp-content\/uploads\/2023\/03\/josh-anderson-1-16718275-1679451106219.jpg","contentUrl":"https:\/\/theplayoffs.news\/fr\/wp-content\/uploads\/2023\/03\/josh-anderson-1-16718275-1679451106219.jpg","width":1288,"height":723,"caption":"Josh Anderson"},{"@type":"BreadcrumbList","@id":"https:\/\/theplayoffs.news\/fr\/actualite-nhl\/josh-anderson-saison-terminee\/#breadcrumb","itemListElement":[{"@type":"ListItem","position":1,"name":"Accueil","item":"https:\/\/theplayoffs.news\/fr\/"},{"@type":"ListItem","position":2,"name":"Josh Anderson, attaquant des Canadiens de Montr\u00e9al, voit sa saison se terminer pr\u00e9matur\u00e9ment \u00e0 cause d&rsquo;une blessure"}]},{"@type":"WebSite","@id":"https:\/\/theplayoffs.news\/fr\/#website","url":"https:\/\/theplayoffs.news\/fr\/","name":"The Playoffs FR","description":"NBA-NFL-NHL-MLB","potentialAction":[{"@type":"SearchAction","target":{"@type":"EntryPoint","urlTemplate":"https:\/\/theplayoffs.news\/fr\/?s={search_term_string}"},"query-input":{"@type":"PropertyValueSpecification","valueRequired":true,"valueName":"search_term_string"}}],"inLanguage":"fr-FR"},{"@type":"Person","@id":"https:\/\/theplayoffs.news\/fr\/#\/schema\/person\/eee5b69ad5d3c51cabe881c839dbe133","name":"Charles Taudin","image":{"@type":"ImageObject","inLanguage":"fr-FR","@id":"https:\/\/theplayoffs.news\/fr\/#\/schema\/person\/image\/","url":"https:\/\/secure.gravatar.com\/avatar\/59a1e772205ce9fd255edfcafc93013736822e20261f294c5753b20c41ede9f2?s=96&d=mm&r=g","contentUrl":"https:\/\/secure.gravatar.com\/avatar\/59a1e772205ce9fd255edfcafc93013736822e20261f294c5753b20c41ede9f2?s=96&d=mm&r=g","caption":"Charles Taudin"},"description":"R\u00e9dacteur en chef global de The Playoffs, j\u2019ai cr\u00e9\u00e9 The Free Agent, devenu The Playoffs FR, en 2020 durant la pand\u00e9mie. Amoureux depuis des ann\u00e9es des 4 sports majeurs am\u00e9ricains, j\u2019organise maintenant la strat\u00e9gie \u00e9ditoriale et les r\u00e9seaux sociaux de l\u2019ensemble des versions de The Playoffs. Il m\u2019arrive encore d\u2019\u00e9crire sur certains sports que j\u2019affectionne particuli\u00e8rement comme la NFL ou la MLB. Si vous devez retenir qu\u2019une chose : Eli Manning est le vrai GOAT pour avoir battu deux fois Tom Brady.","sameAs":["https:\/\/www.instagram.com\/ctaudin_\/"],"url":"https:\/\/theplayoffs.news\/fr\/author\/charles-taudin\/"}]}},"_links":{"self":[{"href":"https:\/\/theplayoffs.news\/fr\/wp-json\/wp\/v2\/posts\/576782","targetHints":{"allow":["GET"]}}],"collection":[{"href":"https:\/\/theplayoffs.news\/fr\/wp-json\/wp\/v2\/posts"}],"about":[{"href":"https:\/\/theplayoffs.news\/fr\/wp-json\/wp\/v2\/types\/post"}],"author":[{"embeddable":true,"href":"https:\/\/theplayoffs.news\/fr\/wp-json\/wp\/v2\/users\/13"}],"replies":[{"embeddable":true,"href":"https:\/\/theplayoffs.news\/fr\/wp-json\/wp\/v2\/comments?post=576782"}],"version-history":[{"count":2,"href":"https:\/\/theplayoffs.news\/fr\/wp-json\/wp\/v2\/posts\/576782\/revisions"}],"predecessor-version":[{"id":576790,"href":"https:\/\/theplayoffs.news\/fr\/wp-json\/wp\/v2\/posts\/576782\/revisions\/576790"}],"wp:featuredmedia":[{"embeddable":true,"href":"https:\/\/theplayoffs.news\/fr\/wp-json\/wp\/v2\/media\/576786"}],"wp:attachment":[{"href":"https:\/\/theplayoffs.news\/fr\/wp-json\/wp\/v2\/media?parent=576782"}],"wp:term":[{"taxonomy":"category","embeddable":true,"href":"https:\/\/theplayoffs.news\/fr\/wp-json\/wp\/v2\/categories?post=576782"},{"taxonomy":"post_tag","embeddable":true,"href":"https:\/\/theplayoffs.news\/fr\/wp-json\/wp\/v2\/tags?post=576782"},{"taxonomy":"sport","embeddable":true,"href":"https:\/\/theplayoffs.news\/fr\/wp-json\/wp\/v2\/sport?post=576782"},{"taxonomy":"saison","embeddable":true,"href":"https:\/\/theplayoffs.news\/fr\/wp-json\/wp\/v2\/saison?post=576782"}],"curies":[{"name":"wp","href":"https:\/\/api.w.org\/{rel}","templated":true}]}}