{"id":576598,"date":"2023-03-23T15:54:07","date_gmt":"2023-03-23T14:54:07","guid":{"rendered":"https:\/\/theplayoffs.news\/fr\/?p=576598"},"modified":"2023-03-23T15:54:08","modified_gmt":"2023-03-23T14:54:08","slug":"jose-altuve-absent-deux-mois","status":"publish","type":"post","link":"https:\/\/theplayoffs.news\/fr\/actualite-mlb\/jose-altuve-absent-deux-mois\/","title":{"rendered":"Jos\u00e9 Altuve absent pendant deux mois apr\u00e8s une op\u00e9ration au pouce"},"content":{"rendered":"<h2><strong>Le joueur de deuxi&egrave;me but des Astros de Houston, Jos&eacute; Altuve, devrait manquer au moins deux mois de jeu apr&egrave;s avoir subi une intervention chirurgicale pour r&eacute;parer une fracture du pouce droit, comme l&rsquo;a annonc&eacute; mercredi le directeur g&eacute;n&eacute;ral Dana Brown.<\/strong><\/h2><p><a href=\"https:\/\/theplayoffs.news\/fr\/joueur\/jose-altuve-houston-astros-mlb\/\" class=\"trk-cta-link\" data-cta-trk='{\"ctaType\":\"Link\",\"ctaSubType\":\"main\"}'><strong>Jose Altuve<\/strong><\/a> s&rsquo;est bless&eacute; alors qu&rsquo;il repr&eacute;sentait le Venezuela lors de la World Baseball Classic 2023.<\/p><p>Le joueur de 32 ans a &eacute;t&eacute; touch&eacute; &agrave; la main par une balle rapide de 96 mph du lanceur am&eacute;ricain Daniel Bard, entra&icirc;nant une d&eacute;faite de 9-7 samedi. Jose Altuve a r&eacute;v&eacute;l&eacute; aux journalistes apr&egrave;s le match qu&rsquo;il savait imm&eacute;diatement que sa main &eacute;tait probablement cass&eacute;e.<\/p><p>Confront&eacute; &agrave; un d&eacute;but de saison sur la liste des bless&eacute;s, <a href=\"https:\/\/twitter.com\/brianmctaggart\/status\/1637496087282868224?s=20\" class=\"trk-cta-link\" data-cta-trk='{\"ctaType\":\"Link\",\"ctaSubType\":\"main\"}'>Altuve a exprim&eacute; sa volont&eacute;<\/a> de se concentrer sur une r&eacute;cup&eacute;ration rapide et de rejoindre son &eacute;quipe :<\/p><blockquote><p>&laquo;&nbsp;&Eacute;videmment, personne ne veut se blesser et commencer la saison sur la [liste des bless&eacute;s]. Je veux contr&ocirc;ler ce que je peux contr&ocirc;le et c&rsquo;est r&eacute;cup&eacute;rer rapidement et revenir &agrave; l&rsquo;&eacute;quipe.&nbsp;&raquo;<\/p><\/blockquote><p>Jose Altuve a &eacute;t&eacute; op&eacute;r&eacute; &agrave; Houston et y restera pendant que ses co&eacute;quipiers terminent leur entra&icirc;nement printanier en Floride. Son retour dans l&rsquo;alignement n&rsquo;est pas attendu avant la fin du mois de mai.<\/p><p>L&rsquo;absence d&rsquo;Altuve est un coup dur pour les Astros, car il a &eacute;t&eacute; un &eacute;l&eacute;ment crucial de leur formation &agrave; la fois offensivement et d&eacute;fensivement depuis ses d&eacute;buts en 2011. En 2022, l&rsquo;ancien laur&eacute;at du prix Gold Glove et Silver Slugger a connu l&rsquo;une des meilleures saisons de sa carri&egrave;re, avec une ligne de stats de .300\/.387\/.533 avec 28 home runs, 57 points produits et 18 buts vol&eacute;s en 141 matchs.<\/p><p>Sa performance lui a valu une huiti&egrave;me s&eacute;lection du All-Star Game et son sixi&egrave;me Silver Slugger, ainsi qu&rsquo;une cinqui&egrave;me place dans le vote MVP de la Ligue am&eacute;ricaine.<\/p><p>Avec Altuve mis &agrave; l&rsquo;&eacute;cart, <a href=\"https:\/\/theplayoffs.news\/fr\/joueur\/mauricio-dubon-mlb-70608\/\" class=\"trk-cta-link\" data-cta-trk='{\"ctaType\":\"Link\",\"ctaSubType\":\"main\"}'><strong>Mauricio Dub&oacute;n<\/strong><\/a> devrait occuper son poste dans l&rsquo;alignement.<\/p>\n","protected":false},"excerpt":{"rendered":"","protected":false},"author":13,"featured_media":576599,"comment_status":"open","ping_status":"closed","sticky":false,"template":"","format":"standard","meta":{"inline_featured_image":false,"kia_subtitle":"","_mux_skip_reasons":[],"proofreadBy":0,"footnotes":""},"categories":[188,9],"tags":[458,702],"sport":[],"saison":[],"class_list":["post-576598","post","type-post","status-publish","format-standard","has-post-thumbnail","hentry","category-actualite-mlb","category-mlb","tag-houston-astros","tag-jose-altuve"],"acf":[],"yoast_head":"<!-- This site is optimized with the Yoast SEO plugin v24.2 - https:\/\/yoast.com\/wordpress\/plugins\/seo\/ -->\n<title>Jos&eacute; Altuve absent pendant deux mois apr&egrave;s une op&eacute;ration au pouce - The Playoffs FR<\/title>\n<meta name=\"robots\" content=\"index, follow, max-snippet:-1, max-image-preview:large, max-video-preview:-1\" \/>\n<link rel=\"canonical\" href=\"https:\/\/theplayoffs.news\/fr\/actualite-mlb\/jose-altuve-absent-deux-mois\/\" \/>\n<meta property=\"og:locale\" content=\"fr_FR\" \/>\n<meta property=\"og:type\" content=\"article\" \/>\n<meta property=\"og:title\" content=\"Jos&eacute; Altuve absent pendant deux mois apr&egrave;s une op&eacute;ration au pouce - The Playoffs FR\" \/>\n<meta property=\"og:url\" content=\"https:\/\/theplayoffs.news\/fr\/actualite-mlb\/jose-altuve-absent-deux-mois\/\" \/>\n<meta property=\"og:site_name\" content=\"The Playoffs FR\" \/>\n<meta property=\"article:publisher\" content=\"https:\/\/www.facebook.com\/TheFreeAgentFR\/\" \/>\n<meta property=\"article:modified_time\" content=\"2023-03-23T15:54:08+01:00\" \/>\n<meta property=\"og:image\" content=\"https:\/\/theplayoffs.news\/fr\/wp-content\/uploads\/2023\/03\/1200x0-6.jpg\" \/>\n\t<meta property=\"og:image:width\" content=\"1200\" \/>\n\t<meta property=\"og:image:height\" content=\"879\" \/>\n\t<meta property=\"og:image:type\" content=\"image\/jpeg\" \/>\n<meta name=\"author\" content=\"Charles Taudin\" \/>\n<meta name=\"twitter:card\" content=\"summary_large_image\" \/>\n<meta name=\"twitter:creator\" content=\"@TheFreeAgentFR\" \/>\n<meta name=\"twitter:site\" content=\"@TheFreeAgentFR\" \/>\n<meta name=\"twitter:label1\" content=\"\u00c9crit par\" \/>\n\t<meta name=\"twitter:data1\" content=\"Charles Taudin\" \/>\n\t<meta name=\"twitter:label2\" content=\"Dur\u00e9e de lecture estim\u00e9e\" \/>\n\t<meta name=\"twitter:data2\" content=\"2 minutes\" \/>\n<script type=\"application\/ld+json\" class=\"yoast-schema-graph\">{\"@context\":\"https:\/\/schema.org\",\"@graph\":[{\"@type\":\"WebPage\",\"@id\":\"https:\/\/theplayoffs.news\/fr\/actualite-mlb\/jose-altuve-absent-deux-mois\/\",\"url\":\"https:\/\/theplayoffs.news\/fr\/actualite-mlb\/jose-altuve-absent-deux-mois\/\",\"name\":\"Jos\u00e9 Altuve absent pendant deux mois apr\u00e8s une op\u00e9ration au pouce - The Playoffs FR\",\"isPartOf\":{\"@id\":\"https:\/\/theplayoffs.news\/fr\/#website\"},\"primaryImageOfPage\":{\"@id\":\"https:\/\/theplayoffs.news\/fr\/actualite-mlb\/jose-altuve-absent-deux-mois\/#primaryimage\"},\"image\":{\"@id\":\"https:\/\/theplayoffs.news\/fr\/actualite-mlb\/jose-altuve-absent-deux-mois\/#primaryimage\"},\"thumbnailUrl\":\"https:\/\/theplayoffs.news\/fr\/wp-content\/uploads\/2023\/03\/1200x0-6.jpg\",\"datePublished\":\"2023-03-23T14:54:07+00:00\",\"dateModified\":\"2023-03-23T14:54:08+00:00\",\"author\":{\"@id\":\"https:\/\/theplayoffs.news\/fr\/#\/schema\/person\/eee5b69ad5d3c51cabe881c839dbe133\"},\"breadcrumb\":{\"@id\":\"https:\/\/theplayoffs.news\/fr\/actualite-mlb\/jose-altuve-absent-deux-mois\/#breadcrumb\"},\"inLanguage\":\"fr-FR\",\"potentialAction\":[{\"@type\":\"ReadAction\",\"target\":[\"https:\/\/theplayoffs.news\/fr\/actualite-mlb\/jose-altuve-absent-deux-mois\/\"]}]},{\"@type\":\"ImageObject\",\"inLanguage\":\"fr-FR\",\"@id\":\"https:\/\/theplayoffs.news\/fr\/actualite-mlb\/jose-altuve-absent-deux-mois\/#primaryimage\",\"url\":\"https:\/\/theplayoffs.news\/fr\/wp-content\/uploads\/2023\/03\/1200x0-6.jpg\",\"contentUrl\":\"https:\/\/theplayoffs.news\/fr\/wp-content\/uploads\/2023\/03\/1200x0-6.jpg\",\"width\":1200,\"height\":879,\"caption\":\"Jose Altuve\"},{\"@type\":\"BreadcrumbList\",\"@id\":\"https:\/\/theplayoffs.news\/fr\/actualite-mlb\/jose-altuve-absent-deux-mois\/#breadcrumb\",\"itemListElement\":[{\"@type\":\"ListItem\",\"position\":1,\"name\":\"Accueil\",\"item\":\"https:\/\/theplayoffs.news\/fr\/\"},{\"@type\":\"ListItem\",\"position\":2,\"name\":\"Jos\u00e9 Altuve absent pendant deux mois apr\u00e8s une op\u00e9ration au pouce\"}]},{\"@type\":\"WebSite\",\"@id\":\"https:\/\/theplayoffs.news\/fr\/#website\",\"url\":\"https:\/\/theplayoffs.news\/fr\/\",\"name\":\"The Playoffs FR\",\"description\":\"NBA-NFL-NHL-MLB\",\"potentialAction\":[{\"@type\":\"SearchAction\",\"target\":{\"@type\":\"EntryPoint\",\"urlTemplate\":\"https:\/\/theplayoffs.news\/fr\/?s={search_term_string}\"},\"query-input\":{\"@type\":\"PropertyValueSpecification\",\"valueRequired\":true,\"valueName\":\"search_term_string\"}}],\"inLanguage\":\"fr-FR\"},{\"@type\":\"Person\",\"@id\":\"https:\/\/theplayoffs.news\/fr\/#\/schema\/person\/eee5b69ad5d3c51cabe881c839dbe133\",\"name\":\"Charles Taudin\",\"image\":{\"@type\":\"ImageObject\",\"inLanguage\":\"fr-FR\",\"@id\":\"https:\/\/theplayoffs.news\/fr\/#\/schema\/person\/image\/\",\"url\":\"https:\/\/secure.gravatar.com\/avatar\/59a1e772205ce9fd255edfcafc93013736822e20261f294c5753b20c41ede9f2?s=96&d=mm&r=g\",\"contentUrl\":\"https:\/\/secure.gravatar.com\/avatar\/59a1e772205ce9fd255edfcafc93013736822e20261f294c5753b20c41ede9f2?s=96&d=mm&r=g\",\"caption\":\"Charles Taudin\"},\"description\":\"R\u00e9dacteur en chef global de The Playoffs, j\u2019ai cr\u00e9\u00e9 The Free Agent, devenu The Playoffs FR, en 2020 durant la pand\u00e9mie. Amoureux depuis des ann\u00e9es des 4 sports majeurs am\u00e9ricains, j\u2019organise maintenant la strat\u00e9gie \u00e9ditoriale et les r\u00e9seaux sociaux de l\u2019ensemble des versions de The Playoffs. Il m\u2019arrive encore d\u2019\u00e9crire sur certains sports que j\u2019affectionne particuli\u00e8rement comme la NFL ou la MLB. Si vous devez retenir qu\u2019une chose : Eli Manning est le vrai GOAT pour avoir battu deux fois Tom Brady.\",\"sameAs\":[\"https:\/\/www.instagram.com\/ctaudin_\/\"],\"url\":\"https:\/\/theplayoffs.news\/fr\/author\/charles-taudin\/\"}]}<\/script>\n<!-- \/ Yoast SEO plugin. -->","yoast_head_json":{"title":"Jos&eacute; Altuve absent pendant deux mois apr&egrave;s une op&eacute;ration au pouce - The Playoffs FR","robots":{"index":"index","follow":"follow","max-snippet":"max-snippet:-1","max-image-preview":"max-image-preview:large","max-video-preview":"max-video-preview:-1"},"canonical":"https:\/\/theplayoffs.news\/fr\/actualite-mlb\/jose-altuve-absent-deux-mois\/","og_locale":"fr_FR","og_type":"article","og_title":"Jos&eacute; Altuve absent pendant deux mois apr&egrave;s une op&eacute;ration au pouce - The Playoffs FR","og_url":"https:\/\/theplayoffs.news\/fr\/actualite-mlb\/jose-altuve-absent-deux-mois\/","og_site_name":"The Playoffs FR","article_publisher":"https:\/\/www.facebook.com\/TheFreeAgentFR\/","article_modified_time":"2023-03-23T14:54:08+00:00","og_image":[{"width":1200,"height":879,"url":"https:\/\/theplayoffs.news\/fr\/wp-content\/uploads\/2023\/03\/1200x0-6.jpg","type":"image\/jpeg"}],"author":"Charles Taudin","twitter_card":"summary_large_image","twitter_creator":"@TheFreeAgentFR","twitter_site":"@TheFreeAgentFR","twitter_misc":{"\u00c9crit par":"Charles Taudin","Dur\u00e9e de lecture estim\u00e9e":"2 minutes"},"schema":{"@context":"https:\/\/schema.org","@graph":[{"@type":"WebPage","@id":"https:\/\/theplayoffs.news\/fr\/actualite-mlb\/jose-altuve-absent-deux-mois\/","url":"https:\/\/theplayoffs.news\/fr\/actualite-mlb\/jose-altuve-absent-deux-mois\/","name":"Jos\u00e9 Altuve absent pendant deux mois apr\u00e8s une op\u00e9ration au pouce - The Playoffs FR","isPartOf":{"@id":"https:\/\/theplayoffs.news\/fr\/#website"},"primaryImageOfPage":{"@id":"https:\/\/theplayoffs.news\/fr\/actualite-mlb\/jose-altuve-absent-deux-mois\/#primaryimage"},"image":{"@id":"https:\/\/theplayoffs.news\/fr\/actualite-mlb\/jose-altuve-absent-deux-mois\/#primaryimage"},"thumbnailUrl":"https:\/\/theplayoffs.news\/fr\/wp-content\/uploads\/2023\/03\/1200x0-6.jpg","datePublished":"2023-03-23T14:54:07+00:00","dateModified":"2023-03-23T14:54:08+00:00","author":{"@id":"https:\/\/theplayoffs.news\/fr\/#\/schema\/person\/eee5b69ad5d3c51cabe881c839dbe133"},"breadcrumb":{"@id":"https:\/\/theplayoffs.news\/fr\/actualite-mlb\/jose-altuve-absent-deux-mois\/#breadcrumb"},"inLanguage":"fr-FR","potentialAction":[{"@type":"ReadAction","target":["https:\/\/theplayoffs.news\/fr\/actualite-mlb\/jose-altuve-absent-deux-mois\/"]}]},{"@type":"ImageObject","inLanguage":"fr-FR","@id":"https:\/\/theplayoffs.news\/fr\/actualite-mlb\/jose-altuve-absent-deux-mois\/#primaryimage","url":"https:\/\/theplayoffs.news\/fr\/wp-content\/uploads\/2023\/03\/1200x0-6.jpg","contentUrl":"https:\/\/theplayoffs.news\/fr\/wp-content\/uploads\/2023\/03\/1200x0-6.jpg","width":1200,"height":879,"caption":"Jose Altuve"},{"@type":"BreadcrumbList","@id":"https:\/\/theplayoffs.news\/fr\/actualite-mlb\/jose-altuve-absent-deux-mois\/#breadcrumb","itemListElement":[{"@type":"ListItem","position":1,"name":"Accueil","item":"https:\/\/theplayoffs.news\/fr\/"},{"@type":"ListItem","position":2,"name":"Jos\u00e9 Altuve absent pendant deux mois apr\u00e8s une op\u00e9ration au pouce"}]},{"@type":"WebSite","@id":"https:\/\/theplayoffs.news\/fr\/#website","url":"https:\/\/theplayoffs.news\/fr\/","name":"The Playoffs FR","description":"NBA-NFL-NHL-MLB","potentialAction":[{"@type":"SearchAction","target":{"@type":"EntryPoint","urlTemplate":"https:\/\/theplayoffs.news\/fr\/?s={search_term_string}"},"query-input":{"@type":"PropertyValueSpecification","valueRequired":true,"valueName":"search_term_string"}}],"inLanguage":"fr-FR"},{"@type":"Person","@id":"https:\/\/theplayoffs.news\/fr\/#\/schema\/person\/eee5b69ad5d3c51cabe881c839dbe133","name":"Charles Taudin","image":{"@type":"ImageObject","inLanguage":"fr-FR","@id":"https:\/\/theplayoffs.news\/fr\/#\/schema\/person\/image\/","url":"https:\/\/secure.gravatar.com\/avatar\/59a1e772205ce9fd255edfcafc93013736822e20261f294c5753b20c41ede9f2?s=96&d=mm&r=g","contentUrl":"https:\/\/secure.gravatar.com\/avatar\/59a1e772205ce9fd255edfcafc93013736822e20261f294c5753b20c41ede9f2?s=96&d=mm&r=g","caption":"Charles Taudin"},"description":"R\u00e9dacteur en chef global de The Playoffs, j\u2019ai cr\u00e9\u00e9 The Free Agent, devenu The Playoffs FR, en 2020 durant la pand\u00e9mie. Amoureux depuis des ann\u00e9es des 4 sports majeurs am\u00e9ricains, j\u2019organise maintenant la strat\u00e9gie \u00e9ditoriale et les r\u00e9seaux sociaux de l\u2019ensemble des versions de The Playoffs. Il m\u2019arrive encore d\u2019\u00e9crire sur certains sports que j\u2019affectionne particuli\u00e8rement comme la NFL ou la MLB. Si vous devez retenir qu\u2019une chose : Eli Manning est le vrai GOAT pour avoir battu deux fois Tom Brady.","sameAs":["https:\/\/www.instagram.com\/ctaudin_\/"],"url":"https:\/\/theplayoffs.news\/fr\/author\/charles-taudin\/"}]}},"_links":{"self":[{"href":"https:\/\/theplayoffs.news\/fr\/wp-json\/wp\/v2\/posts\/576598","targetHints":{"allow":["GET"]}}],"collection":[{"href":"https:\/\/theplayoffs.news\/fr\/wp-json\/wp\/v2\/posts"}],"about":[{"href":"https:\/\/theplayoffs.news\/fr\/wp-json\/wp\/v2\/types\/post"}],"author":[{"embeddable":true,"href":"https:\/\/theplayoffs.news\/fr\/wp-json\/wp\/v2\/users\/13"}],"replies":[{"embeddable":true,"href":"https:\/\/theplayoffs.news\/fr\/wp-json\/wp\/v2\/comments?post=576598"}],"version-history":[{"count":2,"href":"https:\/\/theplayoffs.news\/fr\/wp-json\/wp\/v2\/posts\/576598\/revisions"}],"predecessor-version":[{"id":576601,"href":"https:\/\/theplayoffs.news\/fr\/wp-json\/wp\/v2\/posts\/576598\/revisions\/576601"}],"wp:featuredmedia":[{"embeddable":true,"href":"https:\/\/theplayoffs.news\/fr\/wp-json\/wp\/v2\/media\/576599"}],"wp:attachment":[{"href":"https:\/\/theplayoffs.news\/fr\/wp-json\/wp\/v2\/media?parent=576598"}],"wp:term":[{"taxonomy":"category","embeddable":true,"href":"https:\/\/theplayoffs.news\/fr\/wp-json\/wp\/v2\/categories?post=576598"},{"taxonomy":"post_tag","embeddable":true,"href":"https:\/\/theplayoffs.news\/fr\/wp-json\/wp\/v2\/tags?post=576598"},{"taxonomy":"sport","embeddable":true,"href":"https:\/\/theplayoffs.news\/fr\/wp-json\/wp\/v2\/sport?post=576598"},{"taxonomy":"saison","embeddable":true,"href":"https:\/\/theplayoffs.news\/fr\/wp-json\/wp\/v2\/saison?post=576598"}],"curies":[{"name":"wp","href":"https:\/\/api.w.org\/{rel}","templated":true}]}}