{"id":576547,"date":"2023-03-23T11:14:41","date_gmt":"2023-03-23T10:14:41","guid":{"rendered":"https:\/\/theplayoffs.news\/fr\/?p=576547"},"modified":"2023-03-23T11:14:42","modified_gmt":"2023-03-23T10:14:42","slug":"foster-moreau-retraite-temporaire-nfl-cancer","status":"publish","type":"post","link":"https:\/\/theplayoffs.news\/fr\/actualite-nfl\/foster-moreau-retraite-temporaire-nfl-cancer\/","title":{"rendered":"Foster Moreau annonce une retraite temporaire de la NFL en raison d&rsquo;un cancer"},"content":{"rendered":"<h2><strong>Le Tight end des Raiders, Foster Moreau, r&eacute;v&egrave;le son diagnostic de lymphome de Hodgkin et annonce qu&rsquo;il quittera la NFL pour se concentrer sur sa sant&eacute;.&nbsp;<\/strong><\/h2><p>Le Tight des Raiders de Las Vegas, <a href=\"https:\/\/theplayoffs.news\/fr\/joueur\/foster-moreau-nfl-7687890\/\" class=\"trk-cta-link\" data-cta-trk='{\"ctaType\":\"Link\",\"ctaSubType\":\"main\"}'><strong>Foster Moreau<\/strong><\/a>, a d&eacute;couvert son cancer lors d&rsquo;un examen m&eacute;dical de routine avec le personnel m&eacute;dical des Saints de la Nouvelle-Orl&eacute;ans, alors qu&rsquo;il &eacute;tait agent libre.<\/p><p>Moreau a partag&eacute; la nouvelle sur Twitter, exprimant sa gratitude pour le soutien qu&rsquo;il a re&ccedil;u et promettant de combattre son nouvel adversaire, le cancer.<\/p><blockquote><p>&laquo;&nbsp;Je vais lui botter le cul et recommencer &agrave; faire ce que j&rsquo;aime ! AMDG !&nbsp;&raquo;<a href=\"https:\/\/twitter.com\/fhmoreau\/status\/1638682768631808000?s=20\" class=\"trk-cta-link\" data-cta-trk='{\"ctaType\":\"Link\",\"ctaSubType\":\"main\"}'> a-t-il tweet&eacute;.<\/a><\/p><\/blockquote><blockquote class=\"twitter-tweet\" data-width=\"500\" data-dnt=\"true\">\n<p lang=\"en\" dir=\"ltr\">Through somewhat of a miraculous process, this Free Agency period has been life changing for me. During a routine physical conducted by the Saint&rsquo;s medical team down in New Orleans, I&rsquo;ve come to learn that I have Hodgkin&rsquo;s Lymphoma, and will be stepping away from football (1\/3)<\/p>\n<p>&mdash; Foster Moreau (@fhmoreau) <a href=\"https:\/\/twitter.com\/fhmoreau\/status\/1638682768631808000?ref_src=twsrc%5Etfw\" class=\"trk-cta-link\" data-cta-trk='{\"ctaType\":\"Link\",\"ctaSubType\":\"main\"}'>March 22, 2023<\/a><\/p><\/blockquote><p><script async src=\"https:\/\/platform.twitter.com\/widgets.js\" charset=\"utf-8\"><\/script><\/p><h3><strong>Comprendre le lymphome de Hodgkin<\/strong><\/h3><p>Selon <a href=\"https:\/\/www.cancer.org\/cancer\/hodgkin-lymphoma\/about\/key-statistics.html\" class=\"trk-cta-link\" data-cta-trk='{\"ctaType\":\"Link\",\"ctaSubType\":\"main\"}'>l&rsquo;American Cancer Society<\/a>, le lymphome de Hodgkin est un type de cancer qui prend naissance dans les globules blancs appel&eacute;s lymphocytes, qui jouent un r&ocirc;le crucial dans le syst&egrave;me immunitaire de l&rsquo;organisme. La maladie affecte le plus souvent les individus au d&eacute;but de l&rsquo;&acirc;ge adulte, avec un &acirc;ge moyen de diagnostic de 39 ans. Le taux de survie &agrave; cinq ans pour tous les patients diagnostiqu&eacute;s avec un lymphome de Hodgkin est actuellement d&rsquo;environ 89 %.<\/p><h3><strong>La carri&egrave;re NFL de Moreau<\/strong><\/h3><p>Rep&ecirc;ch&eacute; par les Raiders au quatri&egrave;me tour de LSU en 2019, Foster Moreau est rapidement devenu une partie int&eacute;grante de l&rsquo;attaque par la passe de l&rsquo;&eacute;quipe. Le natif de la Nouvelle-Orl&eacute;ans a des statistiques de carri&egrave;re impressionnantes, avec 91 r&eacute;ception pour 1 107 yards et 12 touchdowns en 61 matchs de saison r&eacute;guli&egrave;re (34 d&eacute;parts).<\/p><p>Au cours de la saison 2022, il a atteint des records en carri&egrave;re dans les r&eacute;ceptions (33) et les yards sur r&eacute;ception (420).<\/p><p>L&rsquo;annonce de Foster Moreau a suscit&eacute; une vague de soutien de la part de ses co&eacute;quipiers, entra&icirc;neurs et fans, qui reconnaissent l&rsquo;impact qu&rsquo;il a eu sur le terrain et la communaut&eacute; du football. Alors qu&rsquo;il s&rsquo;&eacute;loigne du jeu pour se concentrer sur sa sant&eacute;, sa d&eacute;termination et son attitude positive en inspirent beaucoup.<\/p><p>&nbsp;<\/p>\n","protected":false},"excerpt":{"rendered":"","protected":false},"author":13,"featured_media":576555,"comment_status":"open","ping_status":"closed","sticky":false,"template":"","format":"standard","meta":{"inline_featured_image":false,"kia_subtitle":"","_mux_skip_reasons":[],"proofreadBy":0,"footnotes":""},"categories":[118,40],"tags":[5714,796],"sport":[],"saison":[],"class_list":["post-576547","post","type-post","status-publish","format-standard","has-post-thumbnail","hentry","category-actualite-nfl","category-nfl","tag-foster-moreau","tag-las-vegas-raiders"],"acf":[],"yoast_head":"<!-- This site is optimized with the Yoast SEO plugin v24.2 - https:\/\/yoast.com\/wordpress\/plugins\/seo\/ -->\n<title>Foster Moreau annonce une retraite temporaire de la NFL en raison d&#039;un cancer - The Playoffs FR<\/title>\n<meta name=\"robots\" content=\"index, follow, max-snippet:-1, max-image-preview:large, max-video-preview:-1\" \/>\n<link rel=\"canonical\" href=\"https:\/\/theplayoffs.news\/fr\/actualite-nfl\/foster-moreau-retraite-temporaire-nfl-cancer\/\" \/>\n<meta property=\"og:locale\" content=\"fr_FR\" \/>\n<meta property=\"og:type\" content=\"article\" \/>\n<meta property=\"og:title\" content=\"Foster Moreau annonce une retraite temporaire de la NFL en raison d&#039;un cancer - The Playoffs FR\" \/>\n<meta property=\"og:url\" content=\"https:\/\/theplayoffs.news\/fr\/actualite-nfl\/foster-moreau-retraite-temporaire-nfl-cancer\/\" \/>\n<meta property=\"og:site_name\" content=\"The Playoffs FR\" \/>\n<meta property=\"article:publisher\" content=\"https:\/\/www.facebook.com\/TheFreeAgentFR\/\" \/>\n<meta property=\"article:modified_time\" content=\"2023-03-23T11:14:42+01:00\" \/>\n<meta property=\"og:image\" content=\"https:\/\/theplayoffs.news\/fr\/wp-content\/uploads\/2023\/03\/Y3ODZ636DNGIVKFANMDZPN7IYE.jpg\" \/>\n\t<meta property=\"og:image:width\" content=\"1200\" \/>\n\t<meta property=\"og:image:height\" content=\"675\" \/>\n\t<meta property=\"og:image:type\" content=\"image\/jpeg\" \/>\n<meta name=\"author\" content=\"Charles Taudin\" \/>\n<meta name=\"twitter:card\" content=\"summary_large_image\" \/>\n<meta name=\"twitter:creator\" content=\"@TheFreeAgentFR\" \/>\n<meta name=\"twitter:site\" content=\"@TheFreeAgentFR\" \/>\n<meta name=\"twitter:label1\" content=\"\u00c9crit par\" \/>\n\t<meta name=\"twitter:data1\" content=\"Charles Taudin\" \/>\n\t<meta name=\"twitter:label2\" content=\"Dur\u00e9e de lecture estim\u00e9e\" \/>\n\t<meta name=\"twitter:data2\" content=\"2 minutes\" \/>\n<script type=\"application\/ld+json\" class=\"yoast-schema-graph\">{\"@context\":\"https:\/\/schema.org\",\"@graph\":[{\"@type\":\"WebPage\",\"@id\":\"https:\/\/theplayoffs.news\/fr\/actualite-nfl\/foster-moreau-retraite-temporaire-nfl-cancer\/\",\"url\":\"https:\/\/theplayoffs.news\/fr\/actualite-nfl\/foster-moreau-retraite-temporaire-nfl-cancer\/\",\"name\":\"Foster Moreau annonce une retraite temporaire de la NFL en raison d\\\\'un cancer - The Playoffs FR\",\"isPartOf\":{\"@id\":\"https:\/\/theplayoffs.news\/fr\/#website\"},\"primaryImageOfPage\":{\"@id\":\"https:\/\/theplayoffs.news\/fr\/actualite-nfl\/foster-moreau-retraite-temporaire-nfl-cancer\/#primaryimage\"},\"image\":{\"@id\":\"https:\/\/theplayoffs.news\/fr\/actualite-nfl\/foster-moreau-retraite-temporaire-nfl-cancer\/#primaryimage\"},\"thumbnailUrl\":\"https:\/\/theplayoffs.news\/fr\/wp-content\/uploads\/2023\/03\/Y3ODZ636DNGIVKFANMDZPN7IYE.jpg\",\"datePublished\":\"2023-03-23T10:14:41+00:00\",\"dateModified\":\"2023-03-23T10:14:42+00:00\",\"author\":{\"@id\":\"https:\/\/theplayoffs.news\/fr\/#\/schema\/person\/eee5b69ad5d3c51cabe881c839dbe133\"},\"breadcrumb\":{\"@id\":\"https:\/\/theplayoffs.news\/fr\/actualite-nfl\/foster-moreau-retraite-temporaire-nfl-cancer\/#breadcrumb\"},\"inLanguage\":\"fr-FR\",\"potentialAction\":[{\"@type\":\"ReadAction\",\"target\":[\"https:\/\/theplayoffs.news\/fr\/actualite-nfl\/foster-moreau-retraite-temporaire-nfl-cancer\/\"]}]},{\"@type\":\"ImageObject\",\"inLanguage\":\"fr-FR\",\"@id\":\"https:\/\/theplayoffs.news\/fr\/actualite-nfl\/foster-moreau-retraite-temporaire-nfl-cancer\/#primaryimage\",\"url\":\"https:\/\/theplayoffs.news\/fr\/wp-content\/uploads\/2023\/03\/Y3ODZ636DNGIVKFANMDZPN7IYE.jpg\",\"contentUrl\":\"https:\/\/theplayoffs.news\/fr\/wp-content\/uploads\/2023\/03\/Y3ODZ636DNGIVKFANMDZPN7IYE.jpg\",\"width\":1200,\"height\":675,\"caption\":\"Foster Moreau\"},{\"@type\":\"BreadcrumbList\",\"@id\":\"https:\/\/theplayoffs.news\/fr\/actualite-nfl\/foster-moreau-retraite-temporaire-nfl-cancer\/#breadcrumb\",\"itemListElement\":[{\"@type\":\"ListItem\",\"position\":1,\"name\":\"Accueil\",\"item\":\"https:\/\/theplayoffs.news\/fr\/\"},{\"@type\":\"ListItem\",\"position\":2,\"name\":\"Foster Moreau annonce une retraite temporaire de la NFL en raison d&rsquo;un cancer\"}]},{\"@type\":\"WebSite\",\"@id\":\"https:\/\/theplayoffs.news\/fr\/#website\",\"url\":\"https:\/\/theplayoffs.news\/fr\/\",\"name\":\"The Playoffs FR\",\"description\":\"NBA-NFL-NHL-MLB\",\"potentialAction\":[{\"@type\":\"SearchAction\",\"target\":{\"@type\":\"EntryPoint\",\"urlTemplate\":\"https:\/\/theplayoffs.news\/fr\/?s={search_term_string}\"},\"query-input\":{\"@type\":\"PropertyValueSpecification\",\"valueRequired\":true,\"valueName\":\"search_term_string\"}}],\"inLanguage\":\"fr-FR\"},{\"@type\":\"Person\",\"@id\":\"https:\/\/theplayoffs.news\/fr\/#\/schema\/person\/eee5b69ad5d3c51cabe881c839dbe133\",\"name\":\"Charles Taudin\",\"image\":{\"@type\":\"ImageObject\",\"inLanguage\":\"fr-FR\",\"@id\":\"https:\/\/theplayoffs.news\/fr\/#\/schema\/person\/image\/\",\"url\":\"https:\/\/secure.gravatar.com\/avatar\/59a1e772205ce9fd255edfcafc93013736822e20261f294c5753b20c41ede9f2?s=96&d=mm&r=g\",\"contentUrl\":\"https:\/\/secure.gravatar.com\/avatar\/59a1e772205ce9fd255edfcafc93013736822e20261f294c5753b20c41ede9f2?s=96&d=mm&r=g\",\"caption\":\"Charles Taudin\"},\"description\":\"R\u00e9dacteur en chef global de The Playoffs, j\u2019ai cr\u00e9\u00e9 The Free Agent, devenu The Playoffs FR, en 2020 durant la pand\u00e9mie. Amoureux depuis des ann\u00e9es des 4 sports majeurs am\u00e9ricains, j\u2019organise maintenant la strat\u00e9gie \u00e9ditoriale et les r\u00e9seaux sociaux de l\u2019ensemble des versions de The Playoffs. Il m\u2019arrive encore d\u2019\u00e9crire sur certains sports que j\u2019affectionne particuli\u00e8rement comme la NFL ou la MLB. Si vous devez retenir qu\u2019une chose : Eli Manning est le vrai GOAT pour avoir battu deux fois Tom Brady.\",\"sameAs\":[\"https:\/\/www.instagram.com\/ctaudin_\/\"],\"url\":\"https:\/\/theplayoffs.news\/fr\/author\/charles-taudin\/\"}]}<\/script>\n<!-- \/ Yoast SEO plugin. -->","yoast_head_json":{"title":"Foster Moreau annonce une retraite temporaire de la NFL en raison d&#039;un cancer - The Playoffs FR","robots":{"index":"index","follow":"follow","max-snippet":"max-snippet:-1","max-image-preview":"max-image-preview:large","max-video-preview":"max-video-preview:-1"},"canonical":"https:\/\/theplayoffs.news\/fr\/actualite-nfl\/foster-moreau-retraite-temporaire-nfl-cancer\/","og_locale":"fr_FR","og_type":"article","og_title":"Foster Moreau annonce une retraite temporaire de la NFL en raison d&#039;un cancer - The Playoffs FR","og_url":"https:\/\/theplayoffs.news\/fr\/actualite-nfl\/foster-moreau-retraite-temporaire-nfl-cancer\/","og_site_name":"The Playoffs FR","article_publisher":"https:\/\/www.facebook.com\/TheFreeAgentFR\/","article_modified_time":"2023-03-23T10:14:42+00:00","og_image":[{"width":1200,"height":675,"url":"https:\/\/theplayoffs.news\/fr\/wp-content\/uploads\/2023\/03\/Y3ODZ636DNGIVKFANMDZPN7IYE.jpg","type":"image\/jpeg"}],"author":"Charles Taudin","twitter_card":"summary_large_image","twitter_creator":"@TheFreeAgentFR","twitter_site":"@TheFreeAgentFR","twitter_misc":{"\u00c9crit par":"Charles Taudin","Dur\u00e9e de lecture estim\u00e9e":"2 minutes"},"schema":{"@context":"https:\/\/schema.org","@graph":[{"@type":"WebPage","@id":"https:\/\/theplayoffs.news\/fr\/actualite-nfl\/foster-moreau-retraite-temporaire-nfl-cancer\/","url":"https:\/\/theplayoffs.news\/fr\/actualite-nfl\/foster-moreau-retraite-temporaire-nfl-cancer\/","name":"Foster Moreau annonce une retraite temporaire de la NFL en raison d\\'un cancer - The Playoffs FR","isPartOf":{"@id":"https:\/\/theplayoffs.news\/fr\/#website"},"primaryImageOfPage":{"@id":"https:\/\/theplayoffs.news\/fr\/actualite-nfl\/foster-moreau-retraite-temporaire-nfl-cancer\/#primaryimage"},"image":{"@id":"https:\/\/theplayoffs.news\/fr\/actualite-nfl\/foster-moreau-retraite-temporaire-nfl-cancer\/#primaryimage"},"thumbnailUrl":"https:\/\/theplayoffs.news\/fr\/wp-content\/uploads\/2023\/03\/Y3ODZ636DNGIVKFANMDZPN7IYE.jpg","datePublished":"2023-03-23T10:14:41+00:00","dateModified":"2023-03-23T10:14:42+00:00","author":{"@id":"https:\/\/theplayoffs.news\/fr\/#\/schema\/person\/eee5b69ad5d3c51cabe881c839dbe133"},"breadcrumb":{"@id":"https:\/\/theplayoffs.news\/fr\/actualite-nfl\/foster-moreau-retraite-temporaire-nfl-cancer\/#breadcrumb"},"inLanguage":"fr-FR","potentialAction":[{"@type":"ReadAction","target":["https:\/\/theplayoffs.news\/fr\/actualite-nfl\/foster-moreau-retraite-temporaire-nfl-cancer\/"]}]},{"@type":"ImageObject","inLanguage":"fr-FR","@id":"https:\/\/theplayoffs.news\/fr\/actualite-nfl\/foster-moreau-retraite-temporaire-nfl-cancer\/#primaryimage","url":"https:\/\/theplayoffs.news\/fr\/wp-content\/uploads\/2023\/03\/Y3ODZ636DNGIVKFANMDZPN7IYE.jpg","contentUrl":"https:\/\/theplayoffs.news\/fr\/wp-content\/uploads\/2023\/03\/Y3ODZ636DNGIVKFANMDZPN7IYE.jpg","width":1200,"height":675,"caption":"Foster Moreau"},{"@type":"BreadcrumbList","@id":"https:\/\/theplayoffs.news\/fr\/actualite-nfl\/foster-moreau-retraite-temporaire-nfl-cancer\/#breadcrumb","itemListElement":[{"@type":"ListItem","position":1,"name":"Accueil","item":"https:\/\/theplayoffs.news\/fr\/"},{"@type":"ListItem","position":2,"name":"Foster Moreau annonce une retraite temporaire de la NFL en raison d&rsquo;un cancer"}]},{"@type":"WebSite","@id":"https:\/\/theplayoffs.news\/fr\/#website","url":"https:\/\/theplayoffs.news\/fr\/","name":"The Playoffs FR","description":"NBA-NFL-NHL-MLB","potentialAction":[{"@type":"SearchAction","target":{"@type":"EntryPoint","urlTemplate":"https:\/\/theplayoffs.news\/fr\/?s={search_term_string}"},"query-input":{"@type":"PropertyValueSpecification","valueRequired":true,"valueName":"search_term_string"}}],"inLanguage":"fr-FR"},{"@type":"Person","@id":"https:\/\/theplayoffs.news\/fr\/#\/schema\/person\/eee5b69ad5d3c51cabe881c839dbe133","name":"Charles Taudin","image":{"@type":"ImageObject","inLanguage":"fr-FR","@id":"https:\/\/theplayoffs.news\/fr\/#\/schema\/person\/image\/","url":"https:\/\/secure.gravatar.com\/avatar\/59a1e772205ce9fd255edfcafc93013736822e20261f294c5753b20c41ede9f2?s=96&d=mm&r=g","contentUrl":"https:\/\/secure.gravatar.com\/avatar\/59a1e772205ce9fd255edfcafc93013736822e20261f294c5753b20c41ede9f2?s=96&d=mm&r=g","caption":"Charles Taudin"},"description":"R\u00e9dacteur en chef global de The Playoffs, j\u2019ai cr\u00e9\u00e9 The Free Agent, devenu The Playoffs FR, en 2020 durant la pand\u00e9mie. Amoureux depuis des ann\u00e9es des 4 sports majeurs am\u00e9ricains, j\u2019organise maintenant la strat\u00e9gie \u00e9ditoriale et les r\u00e9seaux sociaux de l\u2019ensemble des versions de The Playoffs. Il m\u2019arrive encore d\u2019\u00e9crire sur certains sports que j\u2019affectionne particuli\u00e8rement comme la NFL ou la MLB. Si vous devez retenir qu\u2019une chose : Eli Manning est le vrai GOAT pour avoir battu deux fois Tom Brady.","sameAs":["https:\/\/www.instagram.com\/ctaudin_\/"],"url":"https:\/\/theplayoffs.news\/fr\/author\/charles-taudin\/"}]}},"_links":{"self":[{"href":"https:\/\/theplayoffs.news\/fr\/wp-json\/wp\/v2\/posts\/576547","targetHints":{"allow":["GET"]}}],"collection":[{"href":"https:\/\/theplayoffs.news\/fr\/wp-json\/wp\/v2\/posts"}],"about":[{"href":"https:\/\/theplayoffs.news\/fr\/wp-json\/wp\/v2\/types\/post"}],"author":[{"embeddable":true,"href":"https:\/\/theplayoffs.news\/fr\/wp-json\/wp\/v2\/users\/13"}],"replies":[{"embeddable":true,"href":"https:\/\/theplayoffs.news\/fr\/wp-json\/wp\/v2\/comments?post=576547"}],"version-history":[{"count":2,"href":"https:\/\/theplayoffs.news\/fr\/wp-json\/wp\/v2\/posts\/576547\/revisions"}],"predecessor-version":[{"id":576557,"href":"https:\/\/theplayoffs.news\/fr\/wp-json\/wp\/v2\/posts\/576547\/revisions\/576557"}],"wp:featuredmedia":[{"embeddable":true,"href":"https:\/\/theplayoffs.news\/fr\/wp-json\/wp\/v2\/media\/576555"}],"wp:attachment":[{"href":"https:\/\/theplayoffs.news\/fr\/wp-json\/wp\/v2\/media?parent=576547"}],"wp:term":[{"taxonomy":"category","embeddable":true,"href":"https:\/\/theplayoffs.news\/fr\/wp-json\/wp\/v2\/categories?post=576547"},{"taxonomy":"post_tag","embeddable":true,"href":"https:\/\/theplayoffs.news\/fr\/wp-json\/wp\/v2\/tags?post=576547"},{"taxonomy":"sport","embeddable":true,"href":"https:\/\/theplayoffs.news\/fr\/wp-json\/wp\/v2\/sport?post=576547"},{"taxonomy":"saison","embeddable":true,"href":"https:\/\/theplayoffs.news\/fr\/wp-json\/wp\/v2\/saison?post=576547"}],"curies":[{"name":"wp","href":"https:\/\/api.w.org\/{rel}","templated":true}]}}