{"id":575687,"date":"2023-03-20T12:30:37","date_gmt":"2023-03-20T11:30:37","guid":{"rendered":"https:\/\/theplayoffs.news\/fr\/?p=575687"},"modified":"2023-03-20T12:32:05","modified_gmt":"2023-03-20T11:32:05","slug":"panthers-accueillent-adam-thielen","status":"publish","type":"post","link":"https:\/\/theplayoffs.news\/fr\/actualite-nfl\/panthers-accueillent-adam-thielen\/","title":{"rendered":"Adam Thielen: Les Panthers de la Caroline accueillent l&rsquo;exp\u00e9riment\u00e9 receveur"},"content":{"rendered":"<h2><strong>NFL &ndash; Les Panthers de la Caroline ont combl&eacute; un vide dans leur corps de receveurs en signant Adam Thielen, qui apportera &agrave; la fois talent et leadership &agrave; l&rsquo;&eacute;quipe.<\/strong><\/h2><p>Les Panthers ont r&eacute;cemment &eacute;chang&eacute; le v&eacute;t&eacute;ran DJ Moore aux Bears de Chicago en &eacute;change du premier choix au rep&ecirc;chage de la NFL, laissant un vide d&rsquo;exp&eacute;rience &agrave; ce poste.<\/p><p><a href=\"https:\/\/theplayoffs.news\/fr\/joueur\/adam-thielen-nfl-32920\/\" class=\"trk-cta-link\" data-cta-trk='{\"ctaType\":\"Link\",\"ctaSubType\":\"main\"}'><strong>Adam Thielen<\/strong><\/a> a sign&eacute; un contrat de trois ans avec les Panthers, comme l&rsquo;a confirm&eacute; dimanche <a href=\"https:\/\/www.espn.com\/nfl\/story\/_\/id\/35899065\/panthers-reach-deal-wide-receiver-adam-thielen\" class=\"trk-cta-link\" data-cta-trk='{\"ctaType\":\"Link\",\"ctaSubType\":\"main\"}'>une source de la ligue ESPN<\/a>. Le receveur a rendu visite &agrave; l&rsquo;&eacute;quipe de Charlotte la semaine derni&egrave;re pour explorer ses diverses options pour la Free Agency. Bien qu&rsquo;ils soient initialement partis sans contrat, des sources ont indiqu&eacute; un int&eacute;r&ecirc;t mutuel &agrave; &eacute;tablir un accord entre Thielen et les Panthers.<\/p><p>En plus de Thielen, les Panthers ont &eacute;galement rencontr&eacute; vendredi l&rsquo;ancien receveur des Lions de Detroit, DJ Chark, et il reste une possibilit&eacute; de le signer &eacute;galement.<\/p><blockquote class=\"twitter-tweet\" data-width=\"500\" data-dnt=\"true\">\n<p lang=\"en\" dir=\"ltr\">Adam Thielen and Terrace Marshall recently followed DJ Chark.<\/p>\n<p>Do they know something we don&rsquo;t &#128064; <a href=\"https:\/\/t.co\/LumNcsirGO\" class=\"trk-cta-link\" data-cta-trk='{\"ctaType\":\"Link\",\"ctaSubType\":\"main\"}'>pic.twitter.com\/LumNcsirGO<\/a><\/p>\n<p>&mdash; finesse (@finesseboard) <a href=\"https:\/\/twitter.com\/finesseboard\/status\/1637631393332097024?ref_src=twsrc%5Etfw\" class=\"trk-cta-link\" data-cta-trk='{\"ctaType\":\"Link\",\"ctaSubType\":\"main\"}'>March 20, 2023<\/a><\/p><\/blockquote><p><script async src=\"https:\/\/platform.twitter.com\/widgets.js\" charset=\"utf-8\"><\/script><\/p><p>Apr&egrave;s avoir pass&eacute; 10 saisons avec les Vikings du Minnesota, Thielen a &eacute;t&eacute; lib&eacute;r&eacute; avant le 1er juin pour faire &eacute;conomiser &agrave; l&rsquo;&eacute;quipe du cap space. Le natif du Minnesota, avec 534 r&eacute;ceptions en carri&egrave;re, se classe troisi&egrave;me sur la liste des receveurs de tous les temps des Vikings, derri&egrave;re les Hall of Famers Cris Carter et Randy Moss.<\/p><p>Ag&eacute; de 33 ans en ao&ucirc;t, Adam Thielen a capt&eacute; 70 passes pour 716 yards et six touchdowns la saison derni&egrave;re. Cependant, son r&ocirc;le a diminu&eacute; plus tard dans la saison, car les jeunes receveurs Justin Jefferson, T.J. Hockenson et K.J. Osborn ont &eacute;t&eacute; pr&eacute;f&eacute;r&eacute;s par Kirk Cousins dans les cibles.<\/p><p><img loading=\"lazy\" decoding=\"async\" class=\"alignnone size-full wp-image-575707\" src=\"https:\/\/theplayoffs.news\/fr\/wp-content\/uploads\/2023\/03\/FrnqHArWcAMAyzL.jpeg\" alt=\"Adam Thielen\" width=\"1920\" height=\"1280\" srcset=\"https:\/\/theplayoffs.news\/fr\/wp-content\/uploads\/2023\/03\/FrnqHArWcAMAyzL.jpeg 1920w, https:\/\/theplayoffs.news\/fr\/wp-content\/uploads\/2023\/03\/FrnqHArWcAMAyzL-300x200.jpeg 300w, https:\/\/theplayoffs.news\/fr\/wp-content\/uploads\/2023\/03\/FrnqHArWcAMAyzL-1030x687.jpeg 1030w, https:\/\/theplayoffs.news\/fr\/wp-content\/uploads\/2023\/03\/FrnqHArWcAMAyzL-768x512.jpeg 768w, https:\/\/theplayoffs.news\/fr\/wp-content\/uploads\/2023\/03\/FrnqHArWcAMAyzL-1536x1024.jpeg 1536w, https:\/\/theplayoffs.news\/fr\/wp-content\/uploads\/2023\/03\/FrnqHArWcAMAyzL-1500x1000.jpeg 1500w, https:\/\/theplayoffs.news\/fr\/wp-content\/uploads\/2023\/03\/FrnqHArWcAMAyzL-705x470.jpeg 705w, https:\/\/theplayoffs.news\/fr\/wp-content\/uploads\/2023\/03\/FrnqHArWcAMAyzL-1320x880.jpeg 1320w\" sizes=\"auto, (max-width: 1920px) 100vw, 1920px\" \/><\/p><p>Adam Thielen, qui esp&eacute;rait prendre sa retraite en tant que Viking, a exprim&eacute; son d&eacute;sir de montrer ses capacit&eacute;s de jeu de haut niveau. Au cours de sa carri&egrave;re, le receveur a accumul&eacute; 6 682 yards sur r&eacute;ception et 55 touchdowns, avec sa meilleure saison en 2018, lorsqu&rsquo;il a capt&eacute; 113 passes pour 1 373 yards et neuf touchdowns. En 2022, Thielen a &eacute;t&eacute; nomm&eacute; homme de l&rsquo;ann&eacute;e Walter Payton NFL de l&rsquo;&eacute;quipe.<\/p><p>Thielen a &eacute;galement fait face &agrave; de multiples blessures en 2022, dont certaines n&rsquo;ont pas &eacute;t&eacute; signal&eacute;es. Un genou meurtri l&rsquo;a affect&eacute; dans divers matchs et peut avoir influenc&eacute; son agilit&eacute; pendant les pauses.<\/p><p>Le directeur g&eacute;n&eacute;ral des Vikings, Kwesi Adofo-Mensah, a salu&eacute; Adam Thielen comme &laquo;&nbsp;la meilleure repr&eacute;sentation de ce que repr&eacute;sentent les Vikings du Minnesota&nbsp;&raquo;, soulignant son approche d&eacute;sint&eacute;ress&eacute;e en tant que co&eacute;quipier.<\/p><h3>Que peut attendre Carolina de Thielen ?<\/h3><p>Semblable aux r&ocirc;les jou&eacute;s par Andy Dalton et Hayden Hurst dans leurs groupes de position respectifs, Thielen offre exp&eacute;rience et leadership au jeune corps de receveurs des Panthers. Bien qu&rsquo;il ne soit peut-&ecirc;tre pas aussi rapide qu&rsquo;avant, les mains fiables de Thielen et sa course pr&eacute;cise seront inestimables pour les quarts Bryce Young, C.J. Stroud, Will Levis ou Anthony Richardson.<\/p><p>Avec Adam Thielen, les Panthers gagnent un receveur large tr&egrave;s accompli qui est impatient de d&eacute;montrer sa capacit&eacute; &agrave; &ecirc;tre une pi&egrave;ce ma&icirc;tresse offensive. &Agrave; 32 ans, Thielen a capt&eacute; 70 passes en 2022, mais a toujours estim&eacute; qu&rsquo;il avait plus &agrave; offrir. Cependant, l&rsquo;offensive des Vikings tournait autour de Justin Jefferson et T.J. Hockenson, en particulier apr&egrave;s que ce dernier ait rejoint l&rsquo;&eacute;quipe.<\/p><p>Le corps de receveurs de la Caroline de la saison derni&egrave;re comprenait <a href=\"https:\/\/theplayoffs.news\/fr\/joueur\/terrace-marshall-jr-nfl-8725260\/\" class=\"trk-cta-link\" data-cta-trk='{\"ctaType\":\"Link\",\"ctaSubType\":\"main\"}'><strong>Terrace Marshall Jr<\/strong><\/a>., <a href=\"https:\/\/theplayoffs.news\/fr\/joueur\/laviska-shenault-jr-nfl-8486320\/\" class=\"trk-cta-link\" data-cta-trk='{\"ctaType\":\"Link\",\"ctaSubType\":\"main\"}'><strong>Laviska Shenault Jr<\/strong><\/a>. et <a href=\"https:\/\/theplayoffs.news\/fr\/joueur\/shi-smith-nfl-8518998\/\" class=\"trk-cta-link\" data-cta-trk='{\"ctaType\":\"Link\",\"ctaSubType\":\"main\"}'><strong>Shi Smith<\/strong><\/a>, qui ont contribu&eacute; ensemble &agrave; un total de 77 r&eacute;ceptions. L&rsquo;arriv&eacute;e de Thielen apporte des qualit&eacute;s de leadership que l&rsquo;&eacute;quipe recherchait avant m&ecirc;me le d&eacute;part de Moore.<\/p><p>Adam Thielen peut faire des captures dans des situations congestionn&eacute;es, s&eacute;curiser des conversions de troisi&egrave;me essai et encadrer de jeunes larges comme Terrace Marshall Jr. et Shi Smith sur la fa&ccedil;on d&rsquo;&ecirc;tre de vrais professionnels. Sa pr&eacute;sence sur le terrain am&eacute;liorera sans aucun doute les capacit&eacute;s offensives de l&rsquo;&eacute;quipe, en particulier dans la Red Zone et lors de situations cruciales de troisi&egrave;me essai.<\/p><p>Le produit de l&rsquo;&Eacute;tat du Minnesota, qui a fr&eacute;quent&eacute; l&rsquo;universit&eacute; avec une bourse de 500 $, jouera en dehors de son &Eacute;tat d&rsquo;origine pour la premi&egrave;re fois de sa carri&egrave;re dans la NFL, motiv&eacute; pour prouver que sa forme Pro Bowl en 2017 et 2018 est toujours intacte.<\/p>\n","protected":false},"excerpt":{"rendered":"","protected":false},"author":13,"featured_media":575690,"comment_status":"open","ping_status":"closed","sticky":false,"template":"","format":"standard","meta":{"inline_featured_image":false,"kia_subtitle":"","_mux_skip_reasons":[],"proofreadBy":0,"footnotes":""},"categories":[118,40],"tags":[1366,685],"sport":[],"saison":[],"class_list":["post-575687","post","type-post","status-publish","format-standard","has-post-thumbnail","hentry","category-actualite-nfl","category-nfl","tag-adam-thielen","tag-carolina-panthers"],"acf":[],"yoast_head":"<!-- This site is optimized with the Yoast SEO plugin v24.2 - https:\/\/yoast.com\/wordpress\/plugins\/seo\/ -->\n<title>Adam Thielen: Les Panthers de la Caroline accueillent l&#039;exp&eacute;riment&eacute; receveur - The Playoffs FR<\/title>\n<meta name=\"robots\" content=\"index, follow, max-snippet:-1, max-image-preview:large, max-video-preview:-1\" \/>\n<link rel=\"canonical\" href=\"https:\/\/theplayoffs.news\/fr\/actualite-nfl\/panthers-accueillent-adam-thielen\/\" \/>\n<meta property=\"og:locale\" content=\"fr_FR\" \/>\n<meta property=\"og:type\" content=\"article\" \/>\n<meta property=\"og:title\" content=\"Adam Thielen: Les Panthers de la Caroline accueillent l&#039;exp&eacute;riment&eacute; receveur - The Playoffs FR\" \/>\n<meta property=\"og:url\" content=\"https:\/\/theplayoffs.news\/fr\/actualite-nfl\/panthers-accueillent-adam-thielen\/\" \/>\n<meta property=\"og:site_name\" content=\"The Playoffs FR\" \/>\n<meta property=\"article:publisher\" content=\"https:\/\/www.facebook.com\/TheFreeAgentFR\/\" \/>\n<meta property=\"article:modified_time\" content=\"2023-03-20T12:32:05+01:00\" \/>\n<meta property=\"og:image\" content=\"https:\/\/theplayoffs.news\/fr\/wp-content\/uploads\/2023\/03\/adam-thielen.jpeg\" \/>\n\t<meta property=\"og:image:width\" content=\"1000\" \/>\n\t<meta property=\"og:image:height\" content=\"667\" \/>\n\t<meta property=\"og:image:type\" content=\"image\/jpeg\" \/>\n<meta name=\"author\" content=\"Charles Taudin\" \/>\n<meta name=\"twitter:card\" content=\"summary_large_image\" \/>\n<meta name=\"twitter:creator\" content=\"@TheFreeAgentFR\" \/>\n<meta name=\"twitter:site\" content=\"@TheFreeAgentFR\" \/>\n<meta name=\"twitter:label1\" content=\"\u00c9crit par\" \/>\n\t<meta name=\"twitter:data1\" content=\"Charles Taudin\" \/>\n\t<meta name=\"twitter:label2\" content=\"Dur\u00e9e de lecture estim\u00e9e\" \/>\n\t<meta name=\"twitter:data2\" content=\"4 minutes\" \/>\n<script type=\"application\/ld+json\" class=\"yoast-schema-graph\">{\"@context\":\"https:\/\/schema.org\",\"@graph\":[{\"@type\":\"WebPage\",\"@id\":\"https:\/\/theplayoffs.news\/fr\/actualite-nfl\/panthers-accueillent-adam-thielen\/\",\"url\":\"https:\/\/theplayoffs.news\/fr\/actualite-nfl\/panthers-accueillent-adam-thielen\/\",\"name\":\"Adam Thielen: Les Panthers de la Caroline accueillent l\\\\'exp\u00e9riment\u00e9 receveur - The Playoffs FR\",\"isPartOf\":{\"@id\":\"https:\/\/theplayoffs.news\/fr\/#website\"},\"primaryImageOfPage\":{\"@id\":\"https:\/\/theplayoffs.news\/fr\/actualite-nfl\/panthers-accueillent-adam-thielen\/#primaryimage\"},\"image\":{\"@id\":\"https:\/\/theplayoffs.news\/fr\/actualite-nfl\/panthers-accueillent-adam-thielen\/#primaryimage\"},\"thumbnailUrl\":\"https:\/\/theplayoffs.news\/fr\/wp-content\/uploads\/2023\/03\/adam-thielen.jpeg\",\"datePublished\":\"2023-03-20T11:30:37+00:00\",\"dateModified\":\"2023-03-20T11:32:05+00:00\",\"author\":{\"@id\":\"https:\/\/theplayoffs.news\/fr\/#\/schema\/person\/eee5b69ad5d3c51cabe881c839dbe133\"},\"breadcrumb\":{\"@id\":\"https:\/\/theplayoffs.news\/fr\/actualite-nfl\/panthers-accueillent-adam-thielen\/#breadcrumb\"},\"inLanguage\":\"fr-FR\",\"potentialAction\":[{\"@type\":\"ReadAction\",\"target\":[\"https:\/\/theplayoffs.news\/fr\/actualite-nfl\/panthers-accueillent-adam-thielen\/\"]}]},{\"@type\":\"ImageObject\",\"inLanguage\":\"fr-FR\",\"@id\":\"https:\/\/theplayoffs.news\/fr\/actualite-nfl\/panthers-accueillent-adam-thielen\/#primaryimage\",\"url\":\"https:\/\/theplayoffs.news\/fr\/wp-content\/uploads\/2023\/03\/adam-thielen.jpeg\",\"contentUrl\":\"https:\/\/theplayoffs.news\/fr\/wp-content\/uploads\/2023\/03\/adam-thielen.jpeg\",\"width\":1000,\"height\":667,\"caption\":\"Adam Thielen\"},{\"@type\":\"BreadcrumbList\",\"@id\":\"https:\/\/theplayoffs.news\/fr\/actualite-nfl\/panthers-accueillent-adam-thielen\/#breadcrumb\",\"itemListElement\":[{\"@type\":\"ListItem\",\"position\":1,\"name\":\"Accueil\",\"item\":\"https:\/\/theplayoffs.news\/fr\/\"},{\"@type\":\"ListItem\",\"position\":2,\"name\":\"Adam Thielen: Les Panthers de la Caroline accueillent l&rsquo;exp\u00e9riment\u00e9 receveur\"}]},{\"@type\":\"WebSite\",\"@id\":\"https:\/\/theplayoffs.news\/fr\/#website\",\"url\":\"https:\/\/theplayoffs.news\/fr\/\",\"name\":\"The Playoffs FR\",\"description\":\"NBA-NFL-NHL-MLB\",\"potentialAction\":[{\"@type\":\"SearchAction\",\"target\":{\"@type\":\"EntryPoint\",\"urlTemplate\":\"https:\/\/theplayoffs.news\/fr\/?s={search_term_string}\"},\"query-input\":{\"@type\":\"PropertyValueSpecification\",\"valueRequired\":true,\"valueName\":\"search_term_string\"}}],\"inLanguage\":\"fr-FR\"},{\"@type\":\"Person\",\"@id\":\"https:\/\/theplayoffs.news\/fr\/#\/schema\/person\/eee5b69ad5d3c51cabe881c839dbe133\",\"name\":\"Charles Taudin\",\"image\":{\"@type\":\"ImageObject\",\"inLanguage\":\"fr-FR\",\"@id\":\"https:\/\/theplayoffs.news\/fr\/#\/schema\/person\/image\/\",\"url\":\"https:\/\/secure.gravatar.com\/avatar\/59a1e772205ce9fd255edfcafc93013736822e20261f294c5753b20c41ede9f2?s=96&d=mm&r=g\",\"contentUrl\":\"https:\/\/secure.gravatar.com\/avatar\/59a1e772205ce9fd255edfcafc93013736822e20261f294c5753b20c41ede9f2?s=96&d=mm&r=g\",\"caption\":\"Charles Taudin\"},\"description\":\"R\u00e9dacteur en chef global de The Playoffs, j\u2019ai cr\u00e9\u00e9 The Free Agent, devenu The Playoffs FR, en 2020 durant la pand\u00e9mie. Amoureux depuis des ann\u00e9es des 4 sports majeurs am\u00e9ricains, j\u2019organise maintenant la strat\u00e9gie \u00e9ditoriale et les r\u00e9seaux sociaux de l\u2019ensemble des versions de The Playoffs. Il m\u2019arrive encore d\u2019\u00e9crire sur certains sports que j\u2019affectionne particuli\u00e8rement comme la NFL ou la MLB. Si vous devez retenir qu\u2019une chose : Eli Manning est le vrai GOAT pour avoir battu deux fois Tom Brady.\",\"sameAs\":[\"https:\/\/www.instagram.com\/ctaudin_\/\"],\"url\":\"https:\/\/theplayoffs.news\/fr\/author\/charles-taudin\/\"}]}<\/script>\n<!-- \/ Yoast SEO plugin. -->","yoast_head_json":{"title":"Adam Thielen: Les Panthers de la Caroline accueillent l&#039;exp&eacute;riment&eacute; receveur - The Playoffs FR","robots":{"index":"index","follow":"follow","max-snippet":"max-snippet:-1","max-image-preview":"max-image-preview:large","max-video-preview":"max-video-preview:-1"},"canonical":"https:\/\/theplayoffs.news\/fr\/actualite-nfl\/panthers-accueillent-adam-thielen\/","og_locale":"fr_FR","og_type":"article","og_title":"Adam Thielen: Les Panthers de la Caroline accueillent l&#039;exp&eacute;riment&eacute; receveur - The Playoffs FR","og_url":"https:\/\/theplayoffs.news\/fr\/actualite-nfl\/panthers-accueillent-adam-thielen\/","og_site_name":"The Playoffs FR","article_publisher":"https:\/\/www.facebook.com\/TheFreeAgentFR\/","article_modified_time":"2023-03-20T11:32:05+00:00","og_image":[{"width":1000,"height":667,"url":"https:\/\/theplayoffs.news\/fr\/wp-content\/uploads\/2023\/03\/adam-thielen.jpeg","type":"image\/jpeg"}],"author":"Charles Taudin","twitter_card":"summary_large_image","twitter_creator":"@TheFreeAgentFR","twitter_site":"@TheFreeAgentFR","twitter_misc":{"\u00c9crit par":"Charles Taudin","Dur\u00e9e de lecture estim\u00e9e":"4 minutes"},"schema":{"@context":"https:\/\/schema.org","@graph":[{"@type":"WebPage","@id":"https:\/\/theplayoffs.news\/fr\/actualite-nfl\/panthers-accueillent-adam-thielen\/","url":"https:\/\/theplayoffs.news\/fr\/actualite-nfl\/panthers-accueillent-adam-thielen\/","name":"Adam Thielen: Les Panthers de la Caroline accueillent l\\'exp\u00e9riment\u00e9 receveur - The Playoffs FR","isPartOf":{"@id":"https:\/\/theplayoffs.news\/fr\/#website"},"primaryImageOfPage":{"@id":"https:\/\/theplayoffs.news\/fr\/actualite-nfl\/panthers-accueillent-adam-thielen\/#primaryimage"},"image":{"@id":"https:\/\/theplayoffs.news\/fr\/actualite-nfl\/panthers-accueillent-adam-thielen\/#primaryimage"},"thumbnailUrl":"https:\/\/theplayoffs.news\/fr\/wp-content\/uploads\/2023\/03\/adam-thielen.jpeg","datePublished":"2023-03-20T11:30:37+00:00","dateModified":"2023-03-20T11:32:05+00:00","author":{"@id":"https:\/\/theplayoffs.news\/fr\/#\/schema\/person\/eee5b69ad5d3c51cabe881c839dbe133"},"breadcrumb":{"@id":"https:\/\/theplayoffs.news\/fr\/actualite-nfl\/panthers-accueillent-adam-thielen\/#breadcrumb"},"inLanguage":"fr-FR","potentialAction":[{"@type":"ReadAction","target":["https:\/\/theplayoffs.news\/fr\/actualite-nfl\/panthers-accueillent-adam-thielen\/"]}]},{"@type":"ImageObject","inLanguage":"fr-FR","@id":"https:\/\/theplayoffs.news\/fr\/actualite-nfl\/panthers-accueillent-adam-thielen\/#primaryimage","url":"https:\/\/theplayoffs.news\/fr\/wp-content\/uploads\/2023\/03\/adam-thielen.jpeg","contentUrl":"https:\/\/theplayoffs.news\/fr\/wp-content\/uploads\/2023\/03\/adam-thielen.jpeg","width":1000,"height":667,"caption":"Adam Thielen"},{"@type":"BreadcrumbList","@id":"https:\/\/theplayoffs.news\/fr\/actualite-nfl\/panthers-accueillent-adam-thielen\/#breadcrumb","itemListElement":[{"@type":"ListItem","position":1,"name":"Accueil","item":"https:\/\/theplayoffs.news\/fr\/"},{"@type":"ListItem","position":2,"name":"Adam Thielen: Les Panthers de la Caroline accueillent l&rsquo;exp\u00e9riment\u00e9 receveur"}]},{"@type":"WebSite","@id":"https:\/\/theplayoffs.news\/fr\/#website","url":"https:\/\/theplayoffs.news\/fr\/","name":"The Playoffs FR","description":"NBA-NFL-NHL-MLB","potentialAction":[{"@type":"SearchAction","target":{"@type":"EntryPoint","urlTemplate":"https:\/\/theplayoffs.news\/fr\/?s={search_term_string}"},"query-input":{"@type":"PropertyValueSpecification","valueRequired":true,"valueName":"search_term_string"}}],"inLanguage":"fr-FR"},{"@type":"Person","@id":"https:\/\/theplayoffs.news\/fr\/#\/schema\/person\/eee5b69ad5d3c51cabe881c839dbe133","name":"Charles Taudin","image":{"@type":"ImageObject","inLanguage":"fr-FR","@id":"https:\/\/theplayoffs.news\/fr\/#\/schema\/person\/image\/","url":"https:\/\/secure.gravatar.com\/avatar\/59a1e772205ce9fd255edfcafc93013736822e20261f294c5753b20c41ede9f2?s=96&d=mm&r=g","contentUrl":"https:\/\/secure.gravatar.com\/avatar\/59a1e772205ce9fd255edfcafc93013736822e20261f294c5753b20c41ede9f2?s=96&d=mm&r=g","caption":"Charles Taudin"},"description":"R\u00e9dacteur en chef global de The Playoffs, j\u2019ai cr\u00e9\u00e9 The Free Agent, devenu The Playoffs FR, en 2020 durant la pand\u00e9mie. Amoureux depuis des ann\u00e9es des 4 sports majeurs am\u00e9ricains, j\u2019organise maintenant la strat\u00e9gie \u00e9ditoriale et les r\u00e9seaux sociaux de l\u2019ensemble des versions de The Playoffs. Il m\u2019arrive encore d\u2019\u00e9crire sur certains sports que j\u2019affectionne particuli\u00e8rement comme la NFL ou la MLB. Si vous devez retenir qu\u2019une chose : Eli Manning est le vrai GOAT pour avoir battu deux fois Tom Brady.","sameAs":["https:\/\/www.instagram.com\/ctaudin_\/"],"url":"https:\/\/theplayoffs.news\/fr\/author\/charles-taudin\/"}]}},"_links":{"self":[{"href":"https:\/\/theplayoffs.news\/fr\/wp-json\/wp\/v2\/posts\/575687","targetHints":{"allow":["GET"]}}],"collection":[{"href":"https:\/\/theplayoffs.news\/fr\/wp-json\/wp\/v2\/posts"}],"about":[{"href":"https:\/\/theplayoffs.news\/fr\/wp-json\/wp\/v2\/types\/post"}],"author":[{"embeddable":true,"href":"https:\/\/theplayoffs.news\/fr\/wp-json\/wp\/v2\/users\/13"}],"replies":[{"embeddable":true,"href":"https:\/\/theplayoffs.news\/fr\/wp-json\/wp\/v2\/comments?post=575687"}],"version-history":[{"count":3,"href":"https:\/\/theplayoffs.news\/fr\/wp-json\/wp\/v2\/posts\/575687\/revisions"}],"predecessor-version":[{"id":575711,"href":"https:\/\/theplayoffs.news\/fr\/wp-json\/wp\/v2\/posts\/575687\/revisions\/575711"}],"wp:featuredmedia":[{"embeddable":true,"href":"https:\/\/theplayoffs.news\/fr\/wp-json\/wp\/v2\/media\/575690"}],"wp:attachment":[{"href":"https:\/\/theplayoffs.news\/fr\/wp-json\/wp\/v2\/media?parent=575687"}],"wp:term":[{"taxonomy":"category","embeddable":true,"href":"https:\/\/theplayoffs.news\/fr\/wp-json\/wp\/v2\/categories?post=575687"},{"taxonomy":"post_tag","embeddable":true,"href":"https:\/\/theplayoffs.news\/fr\/wp-json\/wp\/v2\/tags?post=575687"},{"taxonomy":"sport","embeddable":true,"href":"https:\/\/theplayoffs.news\/fr\/wp-json\/wp\/v2\/sport?post=575687"},{"taxonomy":"saison","embeddable":true,"href":"https:\/\/theplayoffs.news\/fr\/wp-json\/wp\/v2\/saison?post=575687"}],"curies":[{"name":"wp","href":"https:\/\/api.w.org\/{rel}","templated":true}]}}