{"id":575435,"date":"2023-03-19T16:44:48","date_gmt":"2023-03-19T15:44:48","guid":{"rendered":"https:\/\/theplayoffs.news\/fr\/?p=575435"},"modified":"2023-03-19T16:44:49","modified_gmt":"2023-03-19T15:44:49","slug":"jurickson-profar-signe-avec-rockies","status":"publish","type":"post","link":"https:\/\/theplayoffs.news\/fr\/actualite-mlb\/jurickson-profar-signe-avec-rockies\/","title":{"rendered":"Jurickson Profar signe avec les Rockies du Colorado : un nouveau chapitre pour le joueur de champ int\u00e9rieur"},"content":{"rendered":"<h2><strong>Dans les derni&egrave;res nouvelles de la MLB, il a &eacute;t&eacute; annonc&eacute; que Jurickson Profar avait sign&eacute; un contrat d&rsquo;un an avec les Rockies du Colorado.<\/strong><\/h2><p>L&rsquo;accord vaut 7,5 millions de dollars et comprend la possibilit&eacute; de 1 million de dollars suppl&eacute;mentaires en primes de performance s&rsquo;il apparait au moins 400 fois au marbre selon <a href=\"https:\/\/twitter.com\/JonHeyman\" class=\"trk-cta-link\" data-cta-trk='{\"ctaType\":\"Link\",\"ctaSubType\":\"main\"}'>Jon Heyman du NY Post<\/a> . Profar &eacute;tait &agrave; la World Baseball Classic avec l&rsquo;&eacute;quipe des Pays-Bas, &eacute;limin&eacute;e d&egrave;s le premier tour.<\/p><p>[cloudflare_stream_videoplayer idvid=&nbsp;&raquo;ea5afca980cafe203800a3b715acfe61&Prime;]<\/p><p>Cette d&eacute;cision est importante pour Profar et les Rockies, et nous allons explorer ce que cela signifie pour les deux parties.<\/p><h3><strong>Performances de Profar ces derni&egrave;res ann&eacute;es<\/strong><\/h3><p>Jurickson Profar est un joueur de champ int&eacute;rieur polyvalent qui a jou&eacute; pour plusieurs &eacute;quipes tout au long de sa carri&egrave;re. Il a &eacute;t&eacute; initialement sign&eacute; par les Texas Rangers en tant que prospect de haute vol&eacute;e, mais a eu du mal &agrave; r&eacute;pondre aux attentes. Jurickson Profar a finalement trouv&eacute; le succ&egrave;s avec l&rsquo;Oakland Athletics, o&ugrave; il a jou&eacute; pendant deux saisons.<\/p><p>La saison derni&egrave;re, Profar a atteint 0,278 avec 15 home runs et 58 points produits pour les Padres de San Diego. Il a &eacute;galement jou&eacute; un r&ocirc;le cl&eacute; dans leur parcours en s&eacute;ries &eacute;liminatoires, atteignant 0,250 avec un home run en 12 matchs.<\/p><p>[cloudflare_stream_videoplayer idvid=&nbsp;&raquo;e2cbd68177c1bb16131020ab2c0aff34&Prime;]<\/p><h3><strong>Ce que Profar apporte aux Rockies<\/strong><\/h3><p>Les Rockies du Colorado esp&egrave;rent que <a href=\"https:\/\/theplayoffs.news\/fr\/joueur\/jurickson-profar-san-diego-padres-mlb\/\" class=\"trk-cta-link\" data-cta-trk='{\"ctaType\":\"Link\",\"ctaSubType\":\"main\"}'><strong>Jurickson Profar<\/strong><\/a> pourra ajouter de la profondeur &agrave; leur champ int&eacute;rieur. Profar a de l&rsquo;exp&eacute;rience en jouant au deuxi&egrave;me but, &agrave; l&rsquo;arr&ecirc;t-court et au troisi&egrave;me but, ce qui en fait un atout pr&eacute;cieux pour la d&eacute;fense des Rocheuses. Il a &eacute;galement une histoire d&rsquo;&ecirc;tre un frappeur productif, avec une moyenne au b&acirc;ton en carri&egrave;re de 0,238 et un 0,707 OPS.<\/p><p>Avec les Rockies dans une phase de reconstruction, ajouter un joueur comme Profar &agrave; la liste est une d&eacute;cision intelligente. Il apporte un niveau de polyvalence et d&rsquo;exp&eacute;rience qui pourrait aider l&rsquo;&eacute;quipe alors qu&rsquo;elle cherche &agrave; se reconstruire.<\/p><p>Le Coors Stadium aidera tr&egrave;s certainement Profar &agrave; performer au b&acirc;ton.<\/p><h3><strong>L&rsquo;impact de la signature sur les Rockies<\/strong><\/h3><p>La signature de Jurickson Profar est une d&eacute;cision importante pour les Rockies du Colorado. Bien qu&rsquo;il ne soit peut-&ecirc;tre pas un joueur superstar, il apporte un niveau de polyvalence et d&rsquo;exp&eacute;rience qui pourrait aider l&rsquo;&eacute;quipe alors qu&rsquo;elle continue &agrave; se reconstruire. Il sera probablement utilis&eacute; comme joueur utilitaire, rempla&ccedil;ant &agrave; diff&eacute;rentes positions dans le champ int&eacute;rieur mais aussi dans le champ ext&eacute;rieur selon les besoins.<\/p><p>Il reste &agrave; voir comment cette d&eacute;cision affectera les performances de l&rsquo;&eacute;quipe lors de la prochaine saison de la MLB, mais il est clair que Jurickson Profar est un ajout pr&eacute;cieux &agrave; la liste des Rocheuses.<\/p>\n","protected":false},"excerpt":{"rendered":"","protected":false},"author":13,"featured_media":575440,"comment_status":"open","ping_status":"closed","sticky":false,"template":"","format":"standard","meta":{"inline_featured_image":false,"kia_subtitle":"","_mux_skip_reasons":[],"proofreadBy":0,"footnotes":""},"categories":[188,9],"tags":[463,4540],"sport":[],"saison":[],"class_list":["post-575435","post","type-post","status-publish","format-standard","has-post-thumbnail","hentry","category-actualite-mlb","category-mlb","tag-colorado-rockies","tag-jurickson-profar"],"acf":[],"yoast_head":"<!-- This site is optimized with the Yoast SEO plugin v24.2 - https:\/\/yoast.com\/wordpress\/plugins\/seo\/ -->\n<title>Jurickson Profar signe avec les Rockies du Colorado : un nouveau chapitre pour le joueur de champ int&eacute;rieur - The Playoffs FR<\/title>\n<meta name=\"robots\" content=\"index, follow, max-snippet:-1, max-image-preview:large, max-video-preview:-1\" \/>\n<link rel=\"canonical\" href=\"https:\/\/theplayoffs.news\/fr\/actualite-mlb\/jurickson-profar-signe-avec-rockies\/\" \/>\n<meta property=\"og:locale\" content=\"fr_FR\" \/>\n<meta property=\"og:type\" content=\"article\" \/>\n<meta property=\"og:title\" content=\"Jurickson Profar signe avec les Rockies du Colorado : un nouveau chapitre pour le joueur de champ int&eacute;rieur - The Playoffs FR\" \/>\n<meta property=\"og:url\" content=\"https:\/\/theplayoffs.news\/fr\/actualite-mlb\/jurickson-profar-signe-avec-rockies\/\" \/>\n<meta property=\"og:site_name\" content=\"The Playoffs FR\" \/>\n<meta property=\"article:publisher\" content=\"https:\/\/www.facebook.com\/TheFreeAgentFR\/\" \/>\n<meta property=\"article:modified_time\" content=\"2023-03-19T16:44:49+01:00\" \/>\n<meta property=\"og:image\" content=\"https:\/\/theplayoffs.news\/fr\/wp-content\/uploads\/2023\/03\/maxresdefault-1.jpg\" \/>\n\t<meta property=\"og:image:width\" content=\"1280\" \/>\n\t<meta property=\"og:image:height\" content=\"720\" \/>\n\t<meta property=\"og:image:type\" content=\"image\/jpeg\" \/>\n<meta name=\"author\" content=\"Charles Taudin\" \/>\n<meta name=\"twitter:card\" content=\"summary_large_image\" \/>\n<meta name=\"twitter:creator\" content=\"@TheFreeAgentFR\" \/>\n<meta name=\"twitter:site\" content=\"@TheFreeAgentFR\" \/>\n<meta name=\"twitter:label1\" content=\"\u00c9crit par\" \/>\n\t<meta name=\"twitter:data1\" content=\"Charles Taudin\" \/>\n\t<meta name=\"twitter:label2\" content=\"Dur\u00e9e de lecture estim\u00e9e\" \/>\n\t<meta name=\"twitter:data2\" content=\"2 minutes\" \/>\n<script type=\"application\/ld+json\" class=\"yoast-schema-graph\">{\"@context\":\"https:\/\/schema.org\",\"@graph\":[{\"@type\":\"WebPage\",\"@id\":\"https:\/\/theplayoffs.news\/fr\/actualite-mlb\/jurickson-profar-signe-avec-rockies\/\",\"url\":\"https:\/\/theplayoffs.news\/fr\/actualite-mlb\/jurickson-profar-signe-avec-rockies\/\",\"name\":\"Jurickson Profar signe avec les Rockies du Colorado : un nouveau chapitre pour le joueur de champ int\u00e9rieur - The Playoffs FR\",\"isPartOf\":{\"@id\":\"https:\/\/theplayoffs.news\/fr\/#website\"},\"primaryImageOfPage\":{\"@id\":\"https:\/\/theplayoffs.news\/fr\/actualite-mlb\/jurickson-profar-signe-avec-rockies\/#primaryimage\"},\"image\":{\"@id\":\"https:\/\/theplayoffs.news\/fr\/actualite-mlb\/jurickson-profar-signe-avec-rockies\/#primaryimage\"},\"thumbnailUrl\":\"https:\/\/theplayoffs.news\/fr\/wp-content\/uploads\/2023\/03\/maxresdefault-1.jpg\",\"datePublished\":\"2023-03-19T15:44:48+00:00\",\"dateModified\":\"2023-03-19T15:44:49+00:00\",\"author\":{\"@id\":\"https:\/\/theplayoffs.news\/fr\/#\/schema\/person\/eee5b69ad5d3c51cabe881c839dbe133\"},\"breadcrumb\":{\"@id\":\"https:\/\/theplayoffs.news\/fr\/actualite-mlb\/jurickson-profar-signe-avec-rockies\/#breadcrumb\"},\"inLanguage\":\"fr-FR\",\"potentialAction\":[{\"@type\":\"ReadAction\",\"target\":[\"https:\/\/theplayoffs.news\/fr\/actualite-mlb\/jurickson-profar-signe-avec-rockies\/\"]}]},{\"@type\":\"ImageObject\",\"inLanguage\":\"fr-FR\",\"@id\":\"https:\/\/theplayoffs.news\/fr\/actualite-mlb\/jurickson-profar-signe-avec-rockies\/#primaryimage\",\"url\":\"https:\/\/theplayoffs.news\/fr\/wp-content\/uploads\/2023\/03\/maxresdefault-1.jpg\",\"contentUrl\":\"https:\/\/theplayoffs.news\/fr\/wp-content\/uploads\/2023\/03\/maxresdefault-1.jpg\",\"width\":1280,\"height\":720,\"caption\":\"Jurickson Profar\"},{\"@type\":\"BreadcrumbList\",\"@id\":\"https:\/\/theplayoffs.news\/fr\/actualite-mlb\/jurickson-profar-signe-avec-rockies\/#breadcrumb\",\"itemListElement\":[{\"@type\":\"ListItem\",\"position\":1,\"name\":\"Accueil\",\"item\":\"https:\/\/theplayoffs.news\/fr\/\"},{\"@type\":\"ListItem\",\"position\":2,\"name\":\"Jurickson Profar signe avec les Rockies du Colorado : un nouveau chapitre pour le joueur de champ int\u00e9rieur\"}]},{\"@type\":\"WebSite\",\"@id\":\"https:\/\/theplayoffs.news\/fr\/#website\",\"url\":\"https:\/\/theplayoffs.news\/fr\/\",\"name\":\"The Playoffs FR\",\"description\":\"NBA-NFL-NHL-MLB\",\"potentialAction\":[{\"@type\":\"SearchAction\",\"target\":{\"@type\":\"EntryPoint\",\"urlTemplate\":\"https:\/\/theplayoffs.news\/fr\/?s={search_term_string}\"},\"query-input\":{\"@type\":\"PropertyValueSpecification\",\"valueRequired\":true,\"valueName\":\"search_term_string\"}}],\"inLanguage\":\"fr-FR\"},{\"@type\":\"Person\",\"@id\":\"https:\/\/theplayoffs.news\/fr\/#\/schema\/person\/eee5b69ad5d3c51cabe881c839dbe133\",\"name\":\"Charles Taudin\",\"image\":{\"@type\":\"ImageObject\",\"inLanguage\":\"fr-FR\",\"@id\":\"https:\/\/theplayoffs.news\/fr\/#\/schema\/person\/image\/\",\"url\":\"https:\/\/secure.gravatar.com\/avatar\/59a1e772205ce9fd255edfcafc93013736822e20261f294c5753b20c41ede9f2?s=96&d=mm&r=g\",\"contentUrl\":\"https:\/\/secure.gravatar.com\/avatar\/59a1e772205ce9fd255edfcafc93013736822e20261f294c5753b20c41ede9f2?s=96&d=mm&r=g\",\"caption\":\"Charles Taudin\"},\"description\":\"R\u00e9dacteur en chef global de The Playoffs, j\u2019ai cr\u00e9\u00e9 The Free Agent, devenu The Playoffs FR, en 2020 durant la pand\u00e9mie. Amoureux depuis des ann\u00e9es des 4 sports majeurs am\u00e9ricains, j\u2019organise maintenant la strat\u00e9gie \u00e9ditoriale et les r\u00e9seaux sociaux de l\u2019ensemble des versions de The Playoffs. Il m\u2019arrive encore d\u2019\u00e9crire sur certains sports que j\u2019affectionne particuli\u00e8rement comme la NFL ou la MLB. Si vous devez retenir qu\u2019une chose : Eli Manning est le vrai GOAT pour avoir battu deux fois Tom Brady.\",\"sameAs\":[\"https:\/\/www.instagram.com\/ctaudin_\/\"],\"url\":\"https:\/\/theplayoffs.news\/fr\/author\/charles-taudin\/\"}]}<\/script>\n<!-- \/ Yoast SEO plugin. -->","yoast_head_json":{"title":"Jurickson Profar signe avec les Rockies du Colorado : un nouveau chapitre pour le joueur de champ int&eacute;rieur - The Playoffs FR","robots":{"index":"index","follow":"follow","max-snippet":"max-snippet:-1","max-image-preview":"max-image-preview:large","max-video-preview":"max-video-preview:-1"},"canonical":"https:\/\/theplayoffs.news\/fr\/actualite-mlb\/jurickson-profar-signe-avec-rockies\/","og_locale":"fr_FR","og_type":"article","og_title":"Jurickson Profar signe avec les Rockies du Colorado : un nouveau chapitre pour le joueur de champ int&eacute;rieur - The Playoffs FR","og_url":"https:\/\/theplayoffs.news\/fr\/actualite-mlb\/jurickson-profar-signe-avec-rockies\/","og_site_name":"The Playoffs FR","article_publisher":"https:\/\/www.facebook.com\/TheFreeAgentFR\/","article_modified_time":"2023-03-19T15:44:49+00:00","og_image":[{"width":1280,"height":720,"url":"https:\/\/theplayoffs.news\/fr\/wp-content\/uploads\/2023\/03\/maxresdefault-1.jpg","type":"image\/jpeg"}],"author":"Charles Taudin","twitter_card":"summary_large_image","twitter_creator":"@TheFreeAgentFR","twitter_site":"@TheFreeAgentFR","twitter_misc":{"\u00c9crit par":"Charles Taudin","Dur\u00e9e de lecture estim\u00e9e":"2 minutes"},"schema":{"@context":"https:\/\/schema.org","@graph":[{"@type":"WebPage","@id":"https:\/\/theplayoffs.news\/fr\/actualite-mlb\/jurickson-profar-signe-avec-rockies\/","url":"https:\/\/theplayoffs.news\/fr\/actualite-mlb\/jurickson-profar-signe-avec-rockies\/","name":"Jurickson Profar signe avec les Rockies du Colorado : un nouveau chapitre pour le joueur de champ int\u00e9rieur - The Playoffs FR","isPartOf":{"@id":"https:\/\/theplayoffs.news\/fr\/#website"},"primaryImageOfPage":{"@id":"https:\/\/theplayoffs.news\/fr\/actualite-mlb\/jurickson-profar-signe-avec-rockies\/#primaryimage"},"image":{"@id":"https:\/\/theplayoffs.news\/fr\/actualite-mlb\/jurickson-profar-signe-avec-rockies\/#primaryimage"},"thumbnailUrl":"https:\/\/theplayoffs.news\/fr\/wp-content\/uploads\/2023\/03\/maxresdefault-1.jpg","datePublished":"2023-03-19T15:44:48+00:00","dateModified":"2023-03-19T15:44:49+00:00","author":{"@id":"https:\/\/theplayoffs.news\/fr\/#\/schema\/person\/eee5b69ad5d3c51cabe881c839dbe133"},"breadcrumb":{"@id":"https:\/\/theplayoffs.news\/fr\/actualite-mlb\/jurickson-profar-signe-avec-rockies\/#breadcrumb"},"inLanguage":"fr-FR","potentialAction":[{"@type":"ReadAction","target":["https:\/\/theplayoffs.news\/fr\/actualite-mlb\/jurickson-profar-signe-avec-rockies\/"]}]},{"@type":"ImageObject","inLanguage":"fr-FR","@id":"https:\/\/theplayoffs.news\/fr\/actualite-mlb\/jurickson-profar-signe-avec-rockies\/#primaryimage","url":"https:\/\/theplayoffs.news\/fr\/wp-content\/uploads\/2023\/03\/maxresdefault-1.jpg","contentUrl":"https:\/\/theplayoffs.news\/fr\/wp-content\/uploads\/2023\/03\/maxresdefault-1.jpg","width":1280,"height":720,"caption":"Jurickson Profar"},{"@type":"BreadcrumbList","@id":"https:\/\/theplayoffs.news\/fr\/actualite-mlb\/jurickson-profar-signe-avec-rockies\/#breadcrumb","itemListElement":[{"@type":"ListItem","position":1,"name":"Accueil","item":"https:\/\/theplayoffs.news\/fr\/"},{"@type":"ListItem","position":2,"name":"Jurickson Profar signe avec les Rockies du Colorado : un nouveau chapitre pour le joueur de champ int\u00e9rieur"}]},{"@type":"WebSite","@id":"https:\/\/theplayoffs.news\/fr\/#website","url":"https:\/\/theplayoffs.news\/fr\/","name":"The Playoffs FR","description":"NBA-NFL-NHL-MLB","potentialAction":[{"@type":"SearchAction","target":{"@type":"EntryPoint","urlTemplate":"https:\/\/theplayoffs.news\/fr\/?s={search_term_string}"},"query-input":{"@type":"PropertyValueSpecification","valueRequired":true,"valueName":"search_term_string"}}],"inLanguage":"fr-FR"},{"@type":"Person","@id":"https:\/\/theplayoffs.news\/fr\/#\/schema\/person\/eee5b69ad5d3c51cabe881c839dbe133","name":"Charles Taudin","image":{"@type":"ImageObject","inLanguage":"fr-FR","@id":"https:\/\/theplayoffs.news\/fr\/#\/schema\/person\/image\/","url":"https:\/\/secure.gravatar.com\/avatar\/59a1e772205ce9fd255edfcafc93013736822e20261f294c5753b20c41ede9f2?s=96&d=mm&r=g","contentUrl":"https:\/\/secure.gravatar.com\/avatar\/59a1e772205ce9fd255edfcafc93013736822e20261f294c5753b20c41ede9f2?s=96&d=mm&r=g","caption":"Charles Taudin"},"description":"R\u00e9dacteur en chef global de The Playoffs, j\u2019ai cr\u00e9\u00e9 The Free Agent, devenu The Playoffs FR, en 2020 durant la pand\u00e9mie. Amoureux depuis des ann\u00e9es des 4 sports majeurs am\u00e9ricains, j\u2019organise maintenant la strat\u00e9gie \u00e9ditoriale et les r\u00e9seaux sociaux de l\u2019ensemble des versions de The Playoffs. Il m\u2019arrive encore d\u2019\u00e9crire sur certains sports que j\u2019affectionne particuli\u00e8rement comme la NFL ou la MLB. Si vous devez retenir qu\u2019une chose : Eli Manning est le vrai GOAT pour avoir battu deux fois Tom Brady.","sameAs":["https:\/\/www.instagram.com\/ctaudin_\/"],"url":"https:\/\/theplayoffs.news\/fr\/author\/charles-taudin\/"}]}},"_links":{"self":[{"href":"https:\/\/theplayoffs.news\/fr\/wp-json\/wp\/v2\/posts\/575435","targetHints":{"allow":["GET"]}}],"collection":[{"href":"https:\/\/theplayoffs.news\/fr\/wp-json\/wp\/v2\/posts"}],"about":[{"href":"https:\/\/theplayoffs.news\/fr\/wp-json\/wp\/v2\/types\/post"}],"author":[{"embeddable":true,"href":"https:\/\/theplayoffs.news\/fr\/wp-json\/wp\/v2\/users\/13"}],"replies":[{"embeddable":true,"href":"https:\/\/theplayoffs.news\/fr\/wp-json\/wp\/v2\/comments?post=575435"}],"version-history":[{"count":4,"href":"https:\/\/theplayoffs.news\/fr\/wp-json\/wp\/v2\/posts\/575435\/revisions"}],"predecessor-version":[{"id":575443,"href":"https:\/\/theplayoffs.news\/fr\/wp-json\/wp\/v2\/posts\/575435\/revisions\/575443"}],"wp:featuredmedia":[{"embeddable":true,"href":"https:\/\/theplayoffs.news\/fr\/wp-json\/wp\/v2\/media\/575440"}],"wp:attachment":[{"href":"https:\/\/theplayoffs.news\/fr\/wp-json\/wp\/v2\/media?parent=575435"}],"wp:term":[{"taxonomy":"category","embeddable":true,"href":"https:\/\/theplayoffs.news\/fr\/wp-json\/wp\/v2\/categories?post=575435"},{"taxonomy":"post_tag","embeddable":true,"href":"https:\/\/theplayoffs.news\/fr\/wp-json\/wp\/v2\/tags?post=575435"},{"taxonomy":"sport","embeddable":true,"href":"https:\/\/theplayoffs.news\/fr\/wp-json\/wp\/v2\/sport?post=575435"},{"taxonomy":"saison","embeddable":true,"href":"https:\/\/theplayoffs.news\/fr\/wp-json\/wp\/v2\/saison?post=575435"}],"curies":[{"name":"wp","href":"https:\/\/api.w.org\/{rel}","templated":true}]}}