{"id":575229,"date":"2023-03-19T08:00:57","date_gmt":"2023-03-19T07:00:57","guid":{"rendered":"https:\/\/theplayoffs.news\/fr\/?p=575229"},"modified":"2023-03-19T08:04:05","modified_gmt":"2023-03-19T07:04:05","slug":"nikola-jokic-peu-perdre-son-titre","status":"publish","type":"post","link":"https:\/\/theplayoffs.news\/fr\/actualite-nba\/nikola-jokic-peu-perdre-son-titre\/","title":{"rendered":"Le titre de MVP de Nikola Jokic en danger?"},"content":{"rendered":"<h2><span id=\"p371\">Dans la d&eacute;faite face&nbsp;<span id=\"382\">aux<\/span>&nbsp;<a href=\"https:\/\/theplayoffs.news\/fr\/nba-basketball\/les-denver-nuggets-encore-battus\/\" class=\"trk-cta-link\" data-cta-trk='{\"ctaType\":\"Link\",\"ctaSubType\":\"main\"}'>New York&nbsp;<span id=\"383\">Knicks<\/span><\/a>, Nikola Jokic&nbsp;continue &agrave; perdre des points dans la course au titre de&nbsp;<span id=\"385\">MVP<\/span>.<\/span><span id=\"p372\">&nbsp;Les performances individuelles ne sont pas &agrave; remettre en question, mais les r&eacute;sultats collectifs le p&eacute;nalisent.<\/span><span id=\"p373\">&nbsp;La semaine &agrave; venir sera d&eacute;cisive.<\/span><\/h2><p>&nbsp;<\/p><p><img loading=\"lazy\" decoding=\"async\" class=\"alignnone size-large wp-image-575287\" src=\"https:\/\/theplayoffs.news\/fr\/wp-content\/uploads\/2023\/03\/jokic-vs-knicks-824x1030.jpg\" alt=\"\" width=\"824\" height=\"1030\" srcset=\"https:\/\/theplayoffs.news\/fr\/wp-content\/uploads\/2023\/03\/jokic-vs-knicks-824x1030.jpg 824w, https:\/\/theplayoffs.news\/fr\/wp-content\/uploads\/2023\/03\/jokic-vs-knicks-240x300.jpg 240w, https:\/\/theplayoffs.news\/fr\/wp-content\/uploads\/2023\/03\/jokic-vs-knicks-768x960.jpg 768w, https:\/\/theplayoffs.news\/fr\/wp-content\/uploads\/2023\/03\/jokic-vs-knicks-564x705.jpg 564w, https:\/\/theplayoffs.news\/fr\/wp-content\/uploads\/2023\/03\/jokic-vs-knicks.jpg 1200w\" sizes=\"auto, (max-width: 824px) 100vw, 824px\" \/><\/p><p>&nbsp;<\/p><p><span id=\"p376\">Nikola&nbsp;<span id=\"386\" class=\"s-rg-t\">Jokic<\/span>&nbsp;est encore auteur d&rsquo;une prestation solide ce soir avec 24 points, 10 rebonds et 8 passes confirme sa forme actuelle.<\/span><span id=\"p377\">&nbsp;Sur les dix derniers matchs, il est au-dessus de ses moyennes de la saison aux&nbsp;<span id=\"387\" class=\"s-rg-t\">nombrex<\/span>, de points, 25,2, de rebonds, 13,3 et en l&eacute;g&egrave;re baisse de passes d&eacute;cisives avec 8,8 contre 9,9 sur la saison.<\/span><\/p><p><span id=\"p378\">Le probl&egrave;me principal r&eacute;side dans les r&eacute;sultats collectifs.<\/span><span id=\"p379\">&nbsp;Les Denver Nuggets ont cinq victoires pour cinq d&eacute;faites, un rythme insuffisant pour un pr&eacute;tendant aux finales NBA &agrave; 11 matchs de la fin de la saison r&eacute;guli&egrave;re.<\/span><span id=\"p380\">&nbsp;Le joueur n&rsquo;est plus aussi&nbsp;<span id=\"388\" class=\"s-rg-t\">clutch<\/span>, d&eacute;cisif, que dans le d&eacute;but de saison.<\/span><span id=\"p381\">&nbsp;L&rsquo;arr&ecirc;t de sa s&eacute;rie de triple double, trois statistiques dans un match sup&eacute;rieur &agrave; dix, et de victoires qui vont avec, sont un signe du manque d&rsquo;impact du joueur.<\/span><\/p><p>&nbsp;<\/p><p><span id=\"p323\">Le&nbsp;<span id=\"348\">double<\/span>&nbsp;<span id=\"349\">MVP<\/span>&nbsp;en titre, <a href=\"https:\/\/www.statmuse.com\/nba\/player\/nikola-jokic-9226\" class=\"trk-cta-link\" data-cta-trk='{\"ctaType\":\"Link\",\"ctaSubType\":\"main\"}'>Nikola&nbsp;<span id=\"350\">Jokic<\/span><\/a>, r&eacute;alise sa meilleure saison personnelle, meilleure que les deux pr&eacute;c&eacute;dentes.<\/span><span id=\"p324\">&nbsp;N&eacute;anmoins, il ne parvient plus &agrave; &ecirc;tre d&eacute;cisif dans les derniers instants.<\/span><\/p><p><span id=\"p325\">Pour le prouver, il suffit de voir les deux tirs &agrave; trois points sans opposition&nbsp;manqu&eacute;s&nbsp;contre les&nbsp;<span id=\"352\" class=\"s-rg-t\">Knicks<\/span>&nbsp;hier.<\/span><span id=\"p326\">&nbsp;Ces deux paniers sont le signe que les d&eacute;fenses se sont&nbsp;ajust&eacute;&nbsp;&agrave; Nikola&nbsp;<span id=\"354\" class=\"s-rg-t\">Jokic<\/span>&nbsp;et que celui-ci n&rsquo;est pas en mesure de r&eacute;ajuster son jeu en particulier en attaque.<\/span><span id=\"p389\">&nbsp;Les &eacute;quipes utilisent la tactique qui consiste &agrave; couper les lignes de passe, en particulier sa relation avec Jamal Murray, Bruce Brown et surtout Aaron Gordon.<\/span><\/p><p><span id=\"p390\">La statistique de la diminution de son nombre de passes d&eacute;cisives est r&eacute;v&eacute;latrice.<\/span><span id=\"p391\">&nbsp;La diminution est de une &agrave; deux passes de moins par match.<\/span><span id=\"p392\">&nbsp;Une diminution qui semble n&eacute;gligeable, mais qui en fin de match, quand le score est serr&eacute;, fait toute la diff&eacute;rence entre une victoire et une d&eacute;faite.<\/span><span id=\"p393\"><\/span><\/p><p><span id=\"p394\">Comme la r&eacute;daction l&rsquo;a signal&eacute; dans <a href=\"https:\/\/theplayoffs.news\/fr\/nba-basketball\/podcast-nba-on-defend-jokic-embiid-et-giannis-pour-le-titre-de-mvp\/\" class=\"trk-cta-link\" data-cta-trk='{\"ctaType\":\"Link\",\"ctaSubType\":\"main\"}'>son dernier podcast<\/a>, les deux confrontations directes contre ses deux concurrents directes pour le titre de&nbsp;<span id=\"402\" class=\"s-rg-t\">MVP<\/span>&nbsp;<a href=\"https:\/\/theplayoffs.news\/fr\/joueur\/giannis-antetokounmpo-milwaukee-bucks-nba\/\" class=\"trk-cta-link\" data-cta-trk='{\"ctaType\":\"Link\",\"ctaSubType\":\"main\"}'><span id=\"403\" class=\"s-rg-t\">Giannis<\/span>&nbsp;<span id=\"404\" class=\"s-rg-t\">Antetokounmpo<\/span><\/a>&nbsp;le dimanche 26 mars puis contre&nbsp;<a href=\"https:\/\/theplayoffs.news\/fr\/joueur\/joel-embiid-philadelphia-76ers-nba\/\" class=\"trk-cta-link\" data-cta-trk='{\"ctaType\":\"Link\",\"ctaSubType\":\"main\"}'><span id=\"405\" class=\"s-rg-t\">Joel<\/span>&nbsp;<span id=\"406\" class=\"s-rg-t\">Embiid<\/span><\/a>&nbsp;le mardi 28 seront d&eacute;cisives pour l&rsquo;attribution du titre de&nbsp;<span id=\"407\" class=\"s-rg-t\">MVP<\/span>.<\/span><\/p><p><span id=\"p395\">Pour le moment, dans la premi&egrave;re confrontation contre chacun de ses adversaires, il est domin&eacute; dans tous les secteurs et en particulier en d&eacute;fense, son seul point faible relatif &agrave; ses concurrents.<\/span><\/p><p>&nbsp;<\/p><blockquote class=\"twitter-tweet\" data-width=\"500\" data-dnt=\"true\">\n<p lang=\"en\" dir=\"ltr\">Jalen Brunson went OFF in his first quarter back in the Knicks lineup &#128104;&zwj;&#127859;<\/p>\n<p>16 PTS, 6\/8 FG<\/p>\n<p>Watch live on the NBA App<br>&#128250;: <a href=\"https:\/\/t.co\/1pomQZMAZK\" class=\"trk-cta-link\" data-cta-trk='{\"ctaType\":\"Link\",\"ctaSubType\":\"main\"}'>https:\/\/t.co\/1pomQZMAZK<\/a> <a href=\"https:\/\/t.co\/s5yZf0qXYC\" class=\"trk-cta-link\" data-cta-trk='{\"ctaType\":\"Link\",\"ctaSubType\":\"main\"}'>pic.twitter.com\/s5yZf0qXYC<\/a><\/p>\n<p>&mdash; NBA (@NBA) <a href=\"https:\/\/twitter.com\/NBA\/status\/1637147488778944512?ref_src=twsrc%5Etfw\" class=\"trk-cta-link\" data-cta-trk='{\"ctaType\":\"Link\",\"ctaSubType\":\"main\"}'>March 18, 2023<\/a><\/p><\/blockquote><p><script async src=\"https:\/\/platform.twitter.com\/widgets.js\" charset=\"utf-8\"><\/script><\/p><p>Cette s&eacute;quence illustre les difficult&eacute;s en d&eacute;fenses de Nikola Jokic dans l&rsquo;aide &agrave; apporter et la prise de position sous le panier.<\/p><p><span id=\"p396\">Les r&eacute;sultats des Denver Nuggets, la performance collective, sont un &eacute;l&eacute;ment clef de l&rsquo;attribution du titre de&nbsp;<span id=\"408\" class=\"s-rg-t\">MVP<\/span>.<\/span><span id=\"p397\">&nbsp;Nikola&nbsp;<span id=\"409\" class=\"s-rg-t\">Jokic<\/span>&nbsp;doit &ecirc;tre non seulement le joueur aux meilleures statistiques individuel, mais &eacute;galement celui avec le plus d&rsquo;impact.<\/span><\/p><p><img loading=\"lazy\" decoding=\"async\" class=\"alignnone size-large wp-image-276635\" src=\"https:\/\/theplayoffs.news\/fr\/wp-content\/uploads\/2021\/01\/TROPHEE-MVP-NBA-1024x686.jpg\" alt=\"mvp\" width=\"1024\" height=\"686\" srcset=\"https:\/\/theplayoffs.news\/fr\/wp-content\/uploads\/2021\/01\/TROPHEE-MVP-NBA-1024x686.jpg 1024w, https:\/\/theplayoffs.news\/fr\/wp-content\/uploads\/2021\/01\/TROPHEE-MVP-NBA-768x514.jpg 768w, https:\/\/theplayoffs.news\/fr\/wp-content\/uploads\/2021\/01\/TROPHEE-MVP-NBA-705x472.jpg 705w, https:\/\/theplayoffs.news\/fr\/wp-content\/uploads\/2021\/01\/TROPHEE-MVP-NBA-300x201.jpg 300w, https:\/\/theplayoffs.news\/fr\/wp-content\/uploads\/2021\/01\/TROPHEE-MVP-NBA-980x656.jpg 980w, https:\/\/theplayoffs.news\/fr\/wp-content\/uploads\/2021\/01\/TROPHEE-MVP-NBA-480x321.jpg 480w, https:\/\/theplayoffs.news\/fr\/wp-content\/uploads\/2021\/01\/TROPHEE-MVP-NBA.jpg 1080w\" sizes=\"auto, (max-width: 1024px) 100vw, 1024px\" \/><\/p><p><span id=\"p398\">Plus la fin de la saison r&eacute;guli&egrave;re approche, plus les confrontations directes ont une incidence sur le choix des votants.<\/span><\/p><p><span id=\"p399\">Il s&rsquo;agit d&rsquo;un panel de journalistes sportifs et commentateurs am&eacute;ricains et canadien dont les noms sont, pour partie inconnue.<\/span><\/p><p><span id=\"p400\">Dans le cas o&ugrave; Nikola Jokic obtient le troph&eacute;e Michael Jordan de MVP de la saison NBA, il sera le premier europ&eacute;en &agrave; obtenir cette distinction pour la troisi&egrave;me ann&eacute;e cons&eacute;cutive et le quatri&egrave;me apr&egrave;s Bill Russel, Wilt Chamberlain et le dernier en titre Larry Bird en 84, 85 et 86 le seul &agrave; ce jour &agrave; avoir obtenue la distinction apr&egrave;s la fin de la d&eacute;signation des MVP par les joueurs.<\/span><\/p><p><span id=\"p401\">&nbsp;&nbsp;<\/span><\/p><p><img loading=\"lazy\" decoding=\"async\" class=\"alignnone size-full wp-image-339170\" src=\"https:\/\/theplayoffs.news\/fr\/wp-content\/uploads\/2022\/05\/larry-bird-magic-johnson-e1585649067357.webp\" alt=\"Magic et Bird\" width=\"699\" height=\"400\" srcset=\"https:\/\/theplayoffs.news\/fr\/wp-content\/uploads\/2022\/05\/larry-bird-magic-johnson-e1585649067357.webp 699w, https:\/\/theplayoffs.news\/fr\/wp-content\/uploads\/2022\/05\/larry-bird-magic-johnson-e1585649067357-300x172.webp 300w, https:\/\/theplayoffs.news\/fr\/wp-content\/uploads\/2022\/05\/larry-bird-magic-johnson-e1585649067357-480x275.webp 480w\" sizes=\"auto, (max-width: 699px) 100vw, 699px\" \/><\/p><p>&nbsp;<\/p>\n","protected":false},"excerpt":{"rendered":"","protected":false},"author":180309821,"featured_media":543519,"comment_status":"open","ping_status":"closed","sticky":false,"template":"","format":"standard","meta":{"inline_featured_image":false,"kia_subtitle":"","_mux_skip_reasons":[],"proofreadBy":0,"footnotes":""},"categories":[110,10],"tags":[2109,742,561],"sport":[2783],"saison":[3453],"class_list":["post-575229","post","type-post","status-publish","format-standard","has-post-thumbnail","hentry","category-actualite-nba","category-nba","tag-giannis-antetokounmpo","tag-joel-embiid","tag-nikola-jokic","sport-nba","saison-3453"],"acf":[],"yoast_head":"<!-- This site is optimized with the Yoast SEO plugin v24.2 - https:\/\/yoast.com\/wordpress\/plugins\/seo\/ -->\n<title>Le titre de MVP de Nikola Jokic en danger? - The Playoffs FR<\/title>\n<meta name=\"robots\" content=\"index, follow, max-snippet:-1, max-image-preview:large, max-video-preview:-1\" \/>\n<link rel=\"canonical\" href=\"https:\/\/theplayoffs.news\/fr\/actualite-nba\/nikola-jokic-peu-perdre-son-titre\/\" \/>\n<meta property=\"og:locale\" content=\"fr_FR\" \/>\n<meta property=\"og:type\" content=\"article\" \/>\n<meta property=\"og:title\" content=\"Le titre de MVP de Nikola Jokic en danger? - The Playoffs FR\" \/>\n<meta property=\"og:url\" content=\"https:\/\/theplayoffs.news\/fr\/actualite-nba\/nikola-jokic-peu-perdre-son-titre\/\" \/>\n<meta property=\"og:site_name\" content=\"The Playoffs FR\" \/>\n<meta property=\"article:publisher\" content=\"https:\/\/www.facebook.com\/TheFreeAgentFR\/\" \/>\n<meta property=\"article:modified_time\" content=\"2023-03-19T08:04:05+01:00\" \/>\n<meta property=\"og:image\" content=\"https:\/\/theplayoffs.news\/fr\/wp-content\/uploads\/2023\/01\/nikola-jokic.jpg\" \/>\n\t<meta property=\"og:image:width\" content=\"680\" \/>\n\t<meta property=\"og:image:height\" content=\"575\" \/>\n\t<meta property=\"og:image:type\" content=\"image\/jpeg\" \/>\n<meta name=\"author\" content=\"Maxime Le Gorjus\" \/>\n<meta name=\"twitter:card\" content=\"summary_large_image\" \/>\n<meta name=\"twitter:creator\" content=\"@TheFreeAgentFR\" \/>\n<meta name=\"twitter:site\" content=\"@TheFreeAgentFR\" \/>\n<meta name=\"twitter:label1\" content=\"\u00c9crit par\" \/>\n\t<meta name=\"twitter:data1\" content=\"Maxime Le Gorjus\" \/>\n\t<meta name=\"twitter:label2\" content=\"Dur\u00e9e de lecture estim\u00e9e\" \/>\n\t<meta name=\"twitter:data2\" content=\"3 minutes\" \/>\n<script type=\"application\/ld+json\" class=\"yoast-schema-graph\">{\"@context\":\"https:\/\/schema.org\",\"@graph\":[{\"@type\":\"WebPage\",\"@id\":\"https:\/\/theplayoffs.news\/fr\/actualite-nba\/nikola-jokic-peu-perdre-son-titre\/\",\"url\":\"https:\/\/theplayoffs.news\/fr\/actualite-nba\/nikola-jokic-peu-perdre-son-titre\/\",\"name\":\"Le titre de MVP de Nikola Jokic en danger? - The Playoffs FR\",\"isPartOf\":{\"@id\":\"https:\/\/theplayoffs.news\/fr\/#website\"},\"primaryImageOfPage\":{\"@id\":\"https:\/\/theplayoffs.news\/fr\/actualite-nba\/nikola-jokic-peu-perdre-son-titre\/#primaryimage\"},\"image\":{\"@id\":\"https:\/\/theplayoffs.news\/fr\/actualite-nba\/nikola-jokic-peu-perdre-son-titre\/#primaryimage\"},\"thumbnailUrl\":\"https:\/\/theplayoffs.news\/fr\/wp-content\/uploads\/2023\/01\/nikola-jokic.jpg\",\"datePublished\":\"2023-03-19T07:00:57+00:00\",\"dateModified\":\"2023-03-19T07:04:05+00:00\",\"author\":{\"@id\":\"https:\/\/theplayoffs.news\/fr\/#\/schema\/person\/e71dc12410195fc77183dda929d3a10c\"},\"breadcrumb\":{\"@id\":\"https:\/\/theplayoffs.news\/fr\/actualite-nba\/nikola-jokic-peu-perdre-son-titre\/#breadcrumb\"},\"inLanguage\":\"fr-FR\",\"potentialAction\":[{\"@type\":\"ReadAction\",\"target\":[\"https:\/\/theplayoffs.news\/fr\/actualite-nba\/nikola-jokic-peu-perdre-son-titre\/\"]}]},{\"@type\":\"ImageObject\",\"inLanguage\":\"fr-FR\",\"@id\":\"https:\/\/theplayoffs.news\/fr\/actualite-nba\/nikola-jokic-peu-perdre-son-titre\/#primaryimage\",\"url\":\"https:\/\/theplayoffs.news\/fr\/wp-content\/uploads\/2023\/01\/nikola-jokic.jpg\",\"contentUrl\":\"https:\/\/theplayoffs.news\/fr\/wp-content\/uploads\/2023\/01\/nikola-jokic.jpg\",\"width\":680,\"height\":575,\"caption\":\"jokic\"},{\"@type\":\"BreadcrumbList\",\"@id\":\"https:\/\/theplayoffs.news\/fr\/actualite-nba\/nikola-jokic-peu-perdre-son-titre\/#breadcrumb\",\"itemListElement\":[{\"@type\":\"ListItem\",\"position\":1,\"name\":\"Accueil\",\"item\":\"https:\/\/theplayoffs.news\/fr\/\"},{\"@type\":\"ListItem\",\"position\":2,\"name\":\"Le titre de MVP de Nikola Jokic en danger?\"}]},{\"@type\":\"WebSite\",\"@id\":\"https:\/\/theplayoffs.news\/fr\/#website\",\"url\":\"https:\/\/theplayoffs.news\/fr\/\",\"name\":\"The Playoffs FR\",\"description\":\"NBA-NFL-NHL-MLB\",\"potentialAction\":[{\"@type\":\"SearchAction\",\"target\":{\"@type\":\"EntryPoint\",\"urlTemplate\":\"https:\/\/theplayoffs.news\/fr\/?s={search_term_string}\"},\"query-input\":{\"@type\":\"PropertyValueSpecification\",\"valueRequired\":true,\"valueName\":\"search_term_string\"}}],\"inLanguage\":\"fr-FR\"},{\"@type\":\"Person\",\"@id\":\"https:\/\/theplayoffs.news\/fr\/#\/schema\/person\/e71dc12410195fc77183dda929d3a10c\",\"name\":\"Maxime Le Gorjus\",\"image\":{\"@type\":\"ImageObject\",\"inLanguage\":\"fr-FR\",\"@id\":\"https:\/\/theplayoffs.news\/fr\/#\/schema\/person\/image\/\",\"url\":\"https:\/\/secure.gravatar.com\/avatar\/e9d907366de9735d771ce06fa32e62740f99d507b84a46e08ed7e5e05c120b42?s=96&d=mm&r=g\",\"contentUrl\":\"https:\/\/secure.gravatar.com\/avatar\/e9d907366de9735d771ce06fa32e62740f99d507b84a46e08ed7e5e05c120b42?s=96&d=mm&r=g\",\"caption\":\"Maxime Le Gorjus\"},\"url\":\"https:\/\/theplayoffs.news\/fr\/author\/maximelegorjus\/\"}]}<\/script>\n<!-- \/ Yoast SEO plugin. -->","yoast_head_json":{"title":"Le titre de MVP de Nikola Jokic en danger? - The Playoffs FR","robots":{"index":"index","follow":"follow","max-snippet":"max-snippet:-1","max-image-preview":"max-image-preview:large","max-video-preview":"max-video-preview:-1"},"canonical":"https:\/\/theplayoffs.news\/fr\/actualite-nba\/nikola-jokic-peu-perdre-son-titre\/","og_locale":"fr_FR","og_type":"article","og_title":"Le titre de MVP de Nikola Jokic en danger? - The Playoffs FR","og_url":"https:\/\/theplayoffs.news\/fr\/actualite-nba\/nikola-jokic-peu-perdre-son-titre\/","og_site_name":"The Playoffs FR","article_publisher":"https:\/\/www.facebook.com\/TheFreeAgentFR\/","article_modified_time":"2023-03-19T07:04:05+00:00","og_image":[{"width":680,"height":575,"url":"https:\/\/theplayoffs.news\/fr\/wp-content\/uploads\/2023\/01\/nikola-jokic.jpg","type":"image\/jpeg"}],"author":"Maxime Le Gorjus","twitter_card":"summary_large_image","twitter_creator":"@TheFreeAgentFR","twitter_site":"@TheFreeAgentFR","twitter_misc":{"\u00c9crit par":"Maxime Le Gorjus","Dur\u00e9e de lecture estim\u00e9e":"3 minutes"},"schema":{"@context":"https:\/\/schema.org","@graph":[{"@type":"WebPage","@id":"https:\/\/theplayoffs.news\/fr\/actualite-nba\/nikola-jokic-peu-perdre-son-titre\/","url":"https:\/\/theplayoffs.news\/fr\/actualite-nba\/nikola-jokic-peu-perdre-son-titre\/","name":"Le titre de MVP de Nikola Jokic en danger? - The Playoffs FR","isPartOf":{"@id":"https:\/\/theplayoffs.news\/fr\/#website"},"primaryImageOfPage":{"@id":"https:\/\/theplayoffs.news\/fr\/actualite-nba\/nikola-jokic-peu-perdre-son-titre\/#primaryimage"},"image":{"@id":"https:\/\/theplayoffs.news\/fr\/actualite-nba\/nikola-jokic-peu-perdre-son-titre\/#primaryimage"},"thumbnailUrl":"https:\/\/theplayoffs.news\/fr\/wp-content\/uploads\/2023\/01\/nikola-jokic.jpg","datePublished":"2023-03-19T07:00:57+00:00","dateModified":"2023-03-19T07:04:05+00:00","author":{"@id":"https:\/\/theplayoffs.news\/fr\/#\/schema\/person\/e71dc12410195fc77183dda929d3a10c"},"breadcrumb":{"@id":"https:\/\/theplayoffs.news\/fr\/actualite-nba\/nikola-jokic-peu-perdre-son-titre\/#breadcrumb"},"inLanguage":"fr-FR","potentialAction":[{"@type":"ReadAction","target":["https:\/\/theplayoffs.news\/fr\/actualite-nba\/nikola-jokic-peu-perdre-son-titre\/"]}]},{"@type":"ImageObject","inLanguage":"fr-FR","@id":"https:\/\/theplayoffs.news\/fr\/actualite-nba\/nikola-jokic-peu-perdre-son-titre\/#primaryimage","url":"https:\/\/theplayoffs.news\/fr\/wp-content\/uploads\/2023\/01\/nikola-jokic.jpg","contentUrl":"https:\/\/theplayoffs.news\/fr\/wp-content\/uploads\/2023\/01\/nikola-jokic.jpg","width":680,"height":575,"caption":"jokic"},{"@type":"BreadcrumbList","@id":"https:\/\/theplayoffs.news\/fr\/actualite-nba\/nikola-jokic-peu-perdre-son-titre\/#breadcrumb","itemListElement":[{"@type":"ListItem","position":1,"name":"Accueil","item":"https:\/\/theplayoffs.news\/fr\/"},{"@type":"ListItem","position":2,"name":"Le titre de MVP de Nikola Jokic en danger?"}]},{"@type":"WebSite","@id":"https:\/\/theplayoffs.news\/fr\/#website","url":"https:\/\/theplayoffs.news\/fr\/","name":"The Playoffs FR","description":"NBA-NFL-NHL-MLB","potentialAction":[{"@type":"SearchAction","target":{"@type":"EntryPoint","urlTemplate":"https:\/\/theplayoffs.news\/fr\/?s={search_term_string}"},"query-input":{"@type":"PropertyValueSpecification","valueRequired":true,"valueName":"search_term_string"}}],"inLanguage":"fr-FR"},{"@type":"Person","@id":"https:\/\/theplayoffs.news\/fr\/#\/schema\/person\/e71dc12410195fc77183dda929d3a10c","name":"Maxime Le Gorjus","image":{"@type":"ImageObject","inLanguage":"fr-FR","@id":"https:\/\/theplayoffs.news\/fr\/#\/schema\/person\/image\/","url":"https:\/\/secure.gravatar.com\/avatar\/e9d907366de9735d771ce06fa32e62740f99d507b84a46e08ed7e5e05c120b42?s=96&d=mm&r=g","contentUrl":"https:\/\/secure.gravatar.com\/avatar\/e9d907366de9735d771ce06fa32e62740f99d507b84a46e08ed7e5e05c120b42?s=96&d=mm&r=g","caption":"Maxime Le Gorjus"},"url":"https:\/\/theplayoffs.news\/fr\/author\/maximelegorjus\/"}]}},"_links":{"self":[{"href":"https:\/\/theplayoffs.news\/fr\/wp-json\/wp\/v2\/posts\/575229","targetHints":{"allow":["GET"]}}],"collection":[{"href":"https:\/\/theplayoffs.news\/fr\/wp-json\/wp\/v2\/posts"}],"about":[{"href":"https:\/\/theplayoffs.news\/fr\/wp-json\/wp\/v2\/types\/post"}],"author":[{"embeddable":true,"href":"https:\/\/theplayoffs.news\/fr\/wp-json\/wp\/v2\/users\/180309821"}],"replies":[{"embeddable":true,"href":"https:\/\/theplayoffs.news\/fr\/wp-json\/wp\/v2\/comments?post=575229"}],"version-history":[{"count":5,"href":"https:\/\/theplayoffs.news\/fr\/wp-json\/wp\/v2\/posts\/575229\/revisions"}],"predecessor-version":[{"id":575292,"href":"https:\/\/theplayoffs.news\/fr\/wp-json\/wp\/v2\/posts\/575229\/revisions\/575292"}],"wp:featuredmedia":[{"embeddable":true,"href":"https:\/\/theplayoffs.news\/fr\/wp-json\/wp\/v2\/media\/543519"}],"wp:attachment":[{"href":"https:\/\/theplayoffs.news\/fr\/wp-json\/wp\/v2\/media?parent=575229"}],"wp:term":[{"taxonomy":"category","embeddable":true,"href":"https:\/\/theplayoffs.news\/fr\/wp-json\/wp\/v2\/categories?post=575229"},{"taxonomy":"post_tag","embeddable":true,"href":"https:\/\/theplayoffs.news\/fr\/wp-json\/wp\/v2\/tags?post=575229"},{"taxonomy":"sport","embeddable":true,"href":"https:\/\/theplayoffs.news\/fr\/wp-json\/wp\/v2\/sport?post=575229"},{"taxonomy":"saison","embeddable":true,"href":"https:\/\/theplayoffs.news\/fr\/wp-json\/wp\/v2\/saison?post=575229"}],"curies":[{"name":"wp","href":"https:\/\/api.w.org\/{rel}","templated":true}]}}