{"id":574653,"date":"2023-03-16T09:26:25","date_gmt":"2023-03-16T08:26:25","guid":{"rendered":"https:\/\/theplayoffs.news\/fr\/?p=574653"},"modified":"2023-03-16T09:26:26","modified_gmt":"2023-03-16T08:26:26","slug":"edwin-diaz-blesse-match-porto-rico","status":"publish","type":"post","link":"https:\/\/theplayoffs.news\/fr\/actualite-mlb\/edwin-diaz-blesse-match-porto-rico\/","title":{"rendered":"Edwin Diaz se blesse \u00e0 la fin du match de Porto-Rico"},"content":{"rendered":"<h2><strong>L&rsquo;excitation que Porto Rico a ressentie apr&egrave;s sa victoire contre la R&eacute;publique dominicaine lors de la Classique mondiale de baseball mercredi soir a &eacute;t&eacute; de courte dur&eacute;e.<\/strong><\/h2><p>Lors de la c&eacute;l&eacute;bration d&rsquo;apr&egrave;s-match, le closer de l&rsquo;&eacute;quipe, Edwin D&iacute;az, s&rsquo;est bless&eacute;. D&iacute;az a quitt&eacute; le monticule vers le marbre, applaudissant apr&egrave;s avoir retir&eacute; Teoscar Hern&aacute;ndez, mais peu de temps apr&egrave;s, il s&rsquo;est assis sur le sol avec sa jambe droite tendue, signalant l&rsquo;aide au dugout.<\/p><p>La c&eacute;l&eacute;bration s&rsquo;arr&ecirc;ta brusquement et les deux &eacute;quipes regard&egrave;rent la sc&egrave;ne avec inqui&eacute;tude.<\/p><blockquote class=\"twitter-tweet\" data-width=\"500\" data-dnt=\"true\">\n<p lang=\"en\" dir=\"ltr\">Edwin D&iacute;az injured his right knee after tonight&rsquo;s WBC game. He will undergo imaging tomorrow and we will update when appropriate.<\/p>\n<p>&mdash; New York Mets (@Mets) <a href=\"https:\/\/twitter.com\/Mets\/status\/1636206800310599680?ref_src=twsrc%5Etfw\" class=\"trk-cta-link\" data-cta-trk='{\"ctaType\":\"Link\",\"ctaSubType\":\"main\"}'>March 16, 2023<\/a><\/p><\/blockquote><p><script async src=\"https:\/\/platform.twitter.com\/widgets.js\" charset=\"utf-8\"><\/script><\/p><p>D&iacute;az a finalement &eacute;t&eacute; transport&eacute; hors du terrain et mis dans un fauteuil roulant, avec son fr&egrave;re, le lanceur de rel&egrave;ve des Reds Alexis, vu en train de pleurer et de le soutenir. L&rsquo;ambiance dans le club-house de Porto Rico &eacute;tait sombre, le voltigeur Kik&eacute; Hern&aacute;ndez d&eacute;clarant que la blessure &eacute;tait plus importante que le match. Hern&aacute;ndez a expliqu&eacute; que les joueurs s&rsquo;inqui&eacute;taient pour D&iacute;az en tant qu&rsquo;humains et qu&rsquo;il &eacute;tait facile de mettre de c&ocirc;t&eacute; le match face &agrave; un incident aussi malheureux.<\/p><p>Le manager de Porto Rico, Yadier Molina, est sorti d&rsquo;une salle familiale avec la famille de D&iacute;az, visiblement secou&eacute;e par la blessure. Le voltigeur de la R&eacute;publique dominicaine <a href=\"https:\/\/theplayoffs.news\/fr\/joueur\/juan-soto-mlb-73938\/\" class=\"trk-cta-link\" data-cta-trk='{\"ctaType\":\"Link\",\"ctaSubType\":\"main\"}'><strong>Juan Soto<\/strong><\/a> a exprim&eacute; son inconfort et son impuissance face &agrave; la situation, d&eacute;clarant que Edwin D&iacute;az &eacute;tait un lanceur et une personne formidable.<\/p><p>Bien que Edwin D&iacute;az ait &eacute;t&eacute; contr&ocirc;l&eacute; sur place, les Mets ont annonc&eacute; la blessure comme une blessure au genou droit, et il subira des tests jeudi pour clarifier la situation. Molina a exprim&eacute; son espoir qu&rsquo;Edwin irait bien et que sa famille irait bien, d&eacute;clarant que tout &eacute;tait entre les mains de Dieu.<\/p><blockquote><p>&laquo;&nbsp;Tout est entre les mains de Dieu&nbsp;&raquo;, <a href=\"https:\/\/www.mlb.com\/world-baseball-classic\/news\/edwin-diaz-injured-in-world-baseball-classic\" class=\"trk-cta-link\" data-cta-trk='{\"ctaType\":\"Link\",\"ctaSubType\":\"main\"}'>a d&eacute;clar&eacute; Molina<\/a>. &laquo; Si quelque chose doit arriver, cela arrivera. Les f&ecirc;tes existent depuis que je suis n&eacute;. J&rsquo;esp&egrave;re juste qu&rsquo;Edwin ira bien, que sa famille va bien et nous prions pour lui, pour sa famille.&nbsp;&raquo;<\/p><\/blockquote><p>Edwin Diaz sort de sa meilleure saison en MLB et venait d&rsquo;&ecirc;tre prolong&eacute; pour 102M$ sur 5 ans.<\/p>\n","protected":false},"excerpt":{"rendered":"","protected":false},"author":13,"featured_media":574655,"comment_status":"open","ping_status":"closed","sticky":false,"template":"","format":"standard","meta":{"inline_featured_image":false,"kia_subtitle":"","_mux_skip_reasons":[],"proofreadBy":0,"footnotes":""},"categories":[188,9],"tags":[4512,444],"sport":[],"saison":[],"class_list":["post-574653","post","type-post","status-publish","format-standard","has-post-thumbnail","hentry","category-actualite-mlb","category-mlb","tag-edwin-diaz","tag-new-york-mets"],"acf":[],"yoast_head":"<!-- This site is optimized with the Yoast SEO plugin v24.2 - https:\/\/yoast.com\/wordpress\/plugins\/seo\/ -->\n<title>Edwin Diaz se blesse &agrave; la fin du match de Porto-Rico - The Playoffs FR<\/title>\n<meta name=\"robots\" content=\"index, follow, max-snippet:-1, max-image-preview:large, max-video-preview:-1\" \/>\n<link rel=\"canonical\" href=\"https:\/\/theplayoffs.news\/fr\/actualite-mlb\/edwin-diaz-blesse-match-porto-rico\/\" \/>\n<meta property=\"og:locale\" content=\"fr_FR\" \/>\n<meta property=\"og:type\" content=\"article\" \/>\n<meta property=\"og:title\" content=\"Edwin Diaz se blesse &agrave; la fin du match de Porto-Rico - The Playoffs FR\" \/>\n<meta property=\"og:url\" content=\"https:\/\/theplayoffs.news\/fr\/actualite-mlb\/edwin-diaz-blesse-match-porto-rico\/\" \/>\n<meta property=\"og:site_name\" content=\"The Playoffs FR\" \/>\n<meta property=\"article:publisher\" content=\"https:\/\/www.facebook.com\/TheFreeAgentFR\/\" \/>\n<meta property=\"article:modified_time\" content=\"2023-03-16T09:26:26+01:00\" \/>\n<meta property=\"og:image\" content=\"https:\/\/theplayoffs.news\/fr\/wp-content\/uploads\/2023\/03\/FrUyK3wXgAIDjVz.jpeg\" \/>\n\t<meta property=\"og:image:width\" content=\"1296\" \/>\n\t<meta property=\"og:image:height\" content=\"729\" \/>\n\t<meta property=\"og:image:type\" content=\"image\/jpeg\" \/>\n<meta name=\"author\" content=\"Charles Taudin\" \/>\n<meta name=\"twitter:card\" content=\"summary_large_image\" \/>\n<meta name=\"twitter:creator\" content=\"@TheFreeAgentFR\" \/>\n<meta name=\"twitter:site\" content=\"@TheFreeAgentFR\" \/>\n<meta name=\"twitter:label1\" content=\"\u00c9crit par\" \/>\n\t<meta name=\"twitter:data1\" content=\"Charles Taudin\" \/>\n\t<meta name=\"twitter:label2\" content=\"Dur\u00e9e de lecture estim\u00e9e\" \/>\n\t<meta name=\"twitter:data2\" content=\"2 minutes\" \/>\n<script type=\"application\/ld+json\" class=\"yoast-schema-graph\">{\"@context\":\"https:\/\/schema.org\",\"@graph\":[{\"@type\":\"WebPage\",\"@id\":\"https:\/\/theplayoffs.news\/fr\/actualite-mlb\/edwin-diaz-blesse-match-porto-rico\/\",\"url\":\"https:\/\/theplayoffs.news\/fr\/actualite-mlb\/edwin-diaz-blesse-match-porto-rico\/\",\"name\":\"Edwin Diaz se blesse \u00e0 la fin du match de Porto-Rico - The Playoffs FR\",\"isPartOf\":{\"@id\":\"https:\/\/theplayoffs.news\/fr\/#website\"},\"primaryImageOfPage\":{\"@id\":\"https:\/\/theplayoffs.news\/fr\/actualite-mlb\/edwin-diaz-blesse-match-porto-rico\/#primaryimage\"},\"image\":{\"@id\":\"https:\/\/theplayoffs.news\/fr\/actualite-mlb\/edwin-diaz-blesse-match-porto-rico\/#primaryimage\"},\"thumbnailUrl\":\"https:\/\/theplayoffs.news\/fr\/wp-content\/uploads\/2023\/03\/FrUyK3wXgAIDjVz.jpeg\",\"datePublished\":\"2023-03-16T08:26:25+00:00\",\"dateModified\":\"2023-03-16T08:26:26+00:00\",\"author\":{\"@id\":\"https:\/\/theplayoffs.news\/fr\/#\/schema\/person\/eee5b69ad5d3c51cabe881c839dbe133\"},\"breadcrumb\":{\"@id\":\"https:\/\/theplayoffs.news\/fr\/actualite-mlb\/edwin-diaz-blesse-match-porto-rico\/#breadcrumb\"},\"inLanguage\":\"fr-FR\",\"potentialAction\":[{\"@type\":\"ReadAction\",\"target\":[\"https:\/\/theplayoffs.news\/fr\/actualite-mlb\/edwin-diaz-blesse-match-porto-rico\/\"]}]},{\"@type\":\"ImageObject\",\"inLanguage\":\"fr-FR\",\"@id\":\"https:\/\/theplayoffs.news\/fr\/actualite-mlb\/edwin-diaz-blesse-match-porto-rico\/#primaryimage\",\"url\":\"https:\/\/theplayoffs.news\/fr\/wp-content\/uploads\/2023\/03\/FrUyK3wXgAIDjVz.jpeg\",\"contentUrl\":\"https:\/\/theplayoffs.news\/fr\/wp-content\/uploads\/2023\/03\/FrUyK3wXgAIDjVz.jpeg\",\"width\":1296,\"height\":729,\"caption\":\"Edwin Diaz\"},{\"@type\":\"BreadcrumbList\",\"@id\":\"https:\/\/theplayoffs.news\/fr\/actualite-mlb\/edwin-diaz-blesse-match-porto-rico\/#breadcrumb\",\"itemListElement\":[{\"@type\":\"ListItem\",\"position\":1,\"name\":\"Accueil\",\"item\":\"https:\/\/theplayoffs.news\/fr\/\"},{\"@type\":\"ListItem\",\"position\":2,\"name\":\"Edwin Diaz se blesse \u00e0 la fin du match de Porto-Rico\"}]},{\"@type\":\"WebSite\",\"@id\":\"https:\/\/theplayoffs.news\/fr\/#website\",\"url\":\"https:\/\/theplayoffs.news\/fr\/\",\"name\":\"The Playoffs FR\",\"description\":\"NBA-NFL-NHL-MLB\",\"potentialAction\":[{\"@type\":\"SearchAction\",\"target\":{\"@type\":\"EntryPoint\",\"urlTemplate\":\"https:\/\/theplayoffs.news\/fr\/?s={search_term_string}\"},\"query-input\":{\"@type\":\"PropertyValueSpecification\",\"valueRequired\":true,\"valueName\":\"search_term_string\"}}],\"inLanguage\":\"fr-FR\"},{\"@type\":\"Person\",\"@id\":\"https:\/\/theplayoffs.news\/fr\/#\/schema\/person\/eee5b69ad5d3c51cabe881c839dbe133\",\"name\":\"Charles Taudin\",\"image\":{\"@type\":\"ImageObject\",\"inLanguage\":\"fr-FR\",\"@id\":\"https:\/\/theplayoffs.news\/fr\/#\/schema\/person\/image\/\",\"url\":\"https:\/\/secure.gravatar.com\/avatar\/59a1e772205ce9fd255edfcafc93013736822e20261f294c5753b20c41ede9f2?s=96&d=mm&r=g\",\"contentUrl\":\"https:\/\/secure.gravatar.com\/avatar\/59a1e772205ce9fd255edfcafc93013736822e20261f294c5753b20c41ede9f2?s=96&d=mm&r=g\",\"caption\":\"Charles Taudin\"},\"description\":\"R\u00e9dacteur en chef global de The Playoffs, j\u2019ai cr\u00e9\u00e9 The Free Agent, devenu The Playoffs FR, en 2020 durant la pand\u00e9mie. Amoureux depuis des ann\u00e9es des 4 sports majeurs am\u00e9ricains, j\u2019organise maintenant la strat\u00e9gie \u00e9ditoriale et les r\u00e9seaux sociaux de l\u2019ensemble des versions de The Playoffs. Il m\u2019arrive encore d\u2019\u00e9crire sur certains sports que j\u2019affectionne particuli\u00e8rement comme la NFL ou la MLB. Si vous devez retenir qu\u2019une chose : Eli Manning est le vrai GOAT pour avoir battu deux fois Tom Brady.\",\"sameAs\":[\"https:\/\/www.instagram.com\/ctaudin_\/\"],\"url\":\"https:\/\/theplayoffs.news\/fr\/author\/charles-taudin\/\"}]}<\/script>\n<!-- \/ Yoast SEO plugin. -->","yoast_head_json":{"title":"Edwin Diaz se blesse &agrave; la fin du match de Porto-Rico - The Playoffs FR","robots":{"index":"index","follow":"follow","max-snippet":"max-snippet:-1","max-image-preview":"max-image-preview:large","max-video-preview":"max-video-preview:-1"},"canonical":"https:\/\/theplayoffs.news\/fr\/actualite-mlb\/edwin-diaz-blesse-match-porto-rico\/","og_locale":"fr_FR","og_type":"article","og_title":"Edwin Diaz se blesse &agrave; la fin du match de Porto-Rico - The Playoffs FR","og_url":"https:\/\/theplayoffs.news\/fr\/actualite-mlb\/edwin-diaz-blesse-match-porto-rico\/","og_site_name":"The Playoffs FR","article_publisher":"https:\/\/www.facebook.com\/TheFreeAgentFR\/","article_modified_time":"2023-03-16T08:26:26+00:00","og_image":[{"width":1296,"height":729,"url":"https:\/\/theplayoffs.news\/fr\/wp-content\/uploads\/2023\/03\/FrUyK3wXgAIDjVz.jpeg","type":"image\/jpeg"}],"author":"Charles Taudin","twitter_card":"summary_large_image","twitter_creator":"@TheFreeAgentFR","twitter_site":"@TheFreeAgentFR","twitter_misc":{"\u00c9crit par":"Charles Taudin","Dur\u00e9e de lecture estim\u00e9e":"2 minutes"},"schema":{"@context":"https:\/\/schema.org","@graph":[{"@type":"WebPage","@id":"https:\/\/theplayoffs.news\/fr\/actualite-mlb\/edwin-diaz-blesse-match-porto-rico\/","url":"https:\/\/theplayoffs.news\/fr\/actualite-mlb\/edwin-diaz-blesse-match-porto-rico\/","name":"Edwin Diaz se blesse \u00e0 la fin du match de Porto-Rico - The Playoffs FR","isPartOf":{"@id":"https:\/\/theplayoffs.news\/fr\/#website"},"primaryImageOfPage":{"@id":"https:\/\/theplayoffs.news\/fr\/actualite-mlb\/edwin-diaz-blesse-match-porto-rico\/#primaryimage"},"image":{"@id":"https:\/\/theplayoffs.news\/fr\/actualite-mlb\/edwin-diaz-blesse-match-porto-rico\/#primaryimage"},"thumbnailUrl":"https:\/\/theplayoffs.news\/fr\/wp-content\/uploads\/2023\/03\/FrUyK3wXgAIDjVz.jpeg","datePublished":"2023-03-16T08:26:25+00:00","dateModified":"2023-03-16T08:26:26+00:00","author":{"@id":"https:\/\/theplayoffs.news\/fr\/#\/schema\/person\/eee5b69ad5d3c51cabe881c839dbe133"},"breadcrumb":{"@id":"https:\/\/theplayoffs.news\/fr\/actualite-mlb\/edwin-diaz-blesse-match-porto-rico\/#breadcrumb"},"inLanguage":"fr-FR","potentialAction":[{"@type":"ReadAction","target":["https:\/\/theplayoffs.news\/fr\/actualite-mlb\/edwin-diaz-blesse-match-porto-rico\/"]}]},{"@type":"ImageObject","inLanguage":"fr-FR","@id":"https:\/\/theplayoffs.news\/fr\/actualite-mlb\/edwin-diaz-blesse-match-porto-rico\/#primaryimage","url":"https:\/\/theplayoffs.news\/fr\/wp-content\/uploads\/2023\/03\/FrUyK3wXgAIDjVz.jpeg","contentUrl":"https:\/\/theplayoffs.news\/fr\/wp-content\/uploads\/2023\/03\/FrUyK3wXgAIDjVz.jpeg","width":1296,"height":729,"caption":"Edwin Diaz"},{"@type":"BreadcrumbList","@id":"https:\/\/theplayoffs.news\/fr\/actualite-mlb\/edwin-diaz-blesse-match-porto-rico\/#breadcrumb","itemListElement":[{"@type":"ListItem","position":1,"name":"Accueil","item":"https:\/\/theplayoffs.news\/fr\/"},{"@type":"ListItem","position":2,"name":"Edwin Diaz se blesse \u00e0 la fin du match de Porto-Rico"}]},{"@type":"WebSite","@id":"https:\/\/theplayoffs.news\/fr\/#website","url":"https:\/\/theplayoffs.news\/fr\/","name":"The Playoffs FR","description":"NBA-NFL-NHL-MLB","potentialAction":[{"@type":"SearchAction","target":{"@type":"EntryPoint","urlTemplate":"https:\/\/theplayoffs.news\/fr\/?s={search_term_string}"},"query-input":{"@type":"PropertyValueSpecification","valueRequired":true,"valueName":"search_term_string"}}],"inLanguage":"fr-FR"},{"@type":"Person","@id":"https:\/\/theplayoffs.news\/fr\/#\/schema\/person\/eee5b69ad5d3c51cabe881c839dbe133","name":"Charles Taudin","image":{"@type":"ImageObject","inLanguage":"fr-FR","@id":"https:\/\/theplayoffs.news\/fr\/#\/schema\/person\/image\/","url":"https:\/\/secure.gravatar.com\/avatar\/59a1e772205ce9fd255edfcafc93013736822e20261f294c5753b20c41ede9f2?s=96&d=mm&r=g","contentUrl":"https:\/\/secure.gravatar.com\/avatar\/59a1e772205ce9fd255edfcafc93013736822e20261f294c5753b20c41ede9f2?s=96&d=mm&r=g","caption":"Charles Taudin"},"description":"R\u00e9dacteur en chef global de The Playoffs, j\u2019ai cr\u00e9\u00e9 The Free Agent, devenu The Playoffs FR, en 2020 durant la pand\u00e9mie. Amoureux depuis des ann\u00e9es des 4 sports majeurs am\u00e9ricains, j\u2019organise maintenant la strat\u00e9gie \u00e9ditoriale et les r\u00e9seaux sociaux de l\u2019ensemble des versions de The Playoffs. Il m\u2019arrive encore d\u2019\u00e9crire sur certains sports que j\u2019affectionne particuli\u00e8rement comme la NFL ou la MLB. Si vous devez retenir qu\u2019une chose : Eli Manning est le vrai GOAT pour avoir battu deux fois Tom Brady.","sameAs":["https:\/\/www.instagram.com\/ctaudin_\/"],"url":"https:\/\/theplayoffs.news\/fr\/author\/charles-taudin\/"}]}},"_links":{"self":[{"href":"https:\/\/theplayoffs.news\/fr\/wp-json\/wp\/v2\/posts\/574653","targetHints":{"allow":["GET"]}}],"collection":[{"href":"https:\/\/theplayoffs.news\/fr\/wp-json\/wp\/v2\/posts"}],"about":[{"href":"https:\/\/theplayoffs.news\/fr\/wp-json\/wp\/v2\/types\/post"}],"author":[{"embeddable":true,"href":"https:\/\/theplayoffs.news\/fr\/wp-json\/wp\/v2\/users\/13"}],"replies":[{"embeddable":true,"href":"https:\/\/theplayoffs.news\/fr\/wp-json\/wp\/v2\/comments?post=574653"}],"version-history":[{"count":2,"href":"https:\/\/theplayoffs.news\/fr\/wp-json\/wp\/v2\/posts\/574653\/revisions"}],"predecessor-version":[{"id":574657,"href":"https:\/\/theplayoffs.news\/fr\/wp-json\/wp\/v2\/posts\/574653\/revisions\/574657"}],"wp:featuredmedia":[{"embeddable":true,"href":"https:\/\/theplayoffs.news\/fr\/wp-json\/wp\/v2\/media\/574655"}],"wp:attachment":[{"href":"https:\/\/theplayoffs.news\/fr\/wp-json\/wp\/v2\/media?parent=574653"}],"wp:term":[{"taxonomy":"category","embeddable":true,"href":"https:\/\/theplayoffs.news\/fr\/wp-json\/wp\/v2\/categories?post=574653"},{"taxonomy":"post_tag","embeddable":true,"href":"https:\/\/theplayoffs.news\/fr\/wp-json\/wp\/v2\/tags?post=574653"},{"taxonomy":"sport","embeddable":true,"href":"https:\/\/theplayoffs.news\/fr\/wp-json\/wp\/v2\/sport?post=574653"},{"taxonomy":"saison","embeddable":true,"href":"https:\/\/theplayoffs.news\/fr\/wp-json\/wp\/v2\/saison?post=574653"}],"curies":[{"name":"wp","href":"https:\/\/api.w.org\/{rel}","templated":true}]}}