{"id":574376,"date":"2023-03-15T11:25:25","date_gmt":"2023-03-15T10:25:25","guid":{"rendered":"https:\/\/theplayoffs.news\/fr\/?p=574376"},"modified":"2023-03-15T11:25:26","modified_gmt":"2023-03-15T10:25:26","slug":"les-lakers-arbitres-du-play-in","status":"publish","type":"post","link":"https:\/\/theplayoffs.news\/fr\/actualite-nba\/les-lakers-arbitres-du-play-in\/","title":{"rendered":"Les Lakers, arbitres du play-in ?"},"content":{"rendered":"<h2>Alors que la fin de saison r&eacute;guli&egrave;re approche chaque nuit un peu plus, la bataille pour le play-in &agrave; l&rsquo;Ouest fait rage, avec chaque soir ces &eacute;volutions au classement.<\/h2><p>&nbsp;<\/p><p>Au sein de ces &eacute;quipes &agrave; la lutte pour ce mini tournoi, les <strong>Los Angeles Lakers<\/strong> vont peut &ecirc;tre avoir une double casquette : celle d&rsquo;acteur principal pour cette lutte et celle d&rsquo;arbitre.<\/p><p>Pour s&rsquo;en rendre compte, regardons de plus pr&egrave;s <a href=\"https:\/\/www.espn.com\/nba\/team\/schedule\/_\/name\/lal\/los-angeles-lakers\" class=\"trk-cta-link\" data-cta-trk='{\"ctaType\":\"Link\",\"ctaSubType\":\"main\"}'>le calendrier<\/a> de fin de saison des co&eacute;quipiers de LeBron James.<\/p><p><img loading=\"lazy\" decoding=\"async\" class=\"alignnone size-full wp-image-574377\" src=\"https:\/\/theplayoffs.news\/fr\/wp-content\/uploads\/2023\/03\/Screenshot-2023-03-15-10.50.53.png\" alt=\"\" width=\"703\" height=\"573\" srcset=\"https:\/\/theplayoffs.news\/fr\/wp-content\/uploads\/2023\/03\/Screenshot-2023-03-15-10.50.53.png 703w, https:\/\/theplayoffs.news\/fr\/wp-content\/uploads\/2023\/03\/Screenshot-2023-03-15-10.50.53-300x245.png 300w\" sizes=\"auto, (max-width: 703px) 100vw, 703px\" \/><\/p><p>En ce Mercredi 15 mars, il reste 13 matchs &agrave; jouer pour les Lakers, avec 5 affrontements contre des concurrents direct pour les spots 7 &agrave; 10 :<\/p><ul>\n<li>3 r&eacute;ceptions &agrave; la <em>Crypto.com Arena<\/em>, avec les Mavericks, le Thunder et le Jazz pour terminer la saison.<\/li>\n<li>2 d&eacute;placements , chez les Wolves et &agrave; Salt Lake City pour y affronter &agrave; nouveau Utah.<\/li>\n<\/ul><p>On peut rajouter &agrave; cette liste le duel 100% L.A, avec ce duel contre les Clippers, qui sont actuellement sixi&egrave;me &agrave; l&rsquo;Ouest mais qui ont un tr&egrave;s faible &eacute;cart avec les places pour ce fameux play-in.<\/p><p>&nbsp;<\/p><p>On voit donc que la fin de saison va encore monter en r&eacute;gime, et <a href=\"https:\/\/theplayoffs.news\/fr\/equipe\/los-angeles-lakers-nba\/\" class=\"trk-cta-link\" data-cta-trk='{\"ctaType\":\"Link\",\"ctaSubType\":\"main\"}'>les Lakers<\/a>, avec ce calendrier peuvent d&eacute;cider de beaucoup de choses, pour eux d&rsquo;abord mais pour leurs concurrents directs &eacute;galement.<\/p><p>A nous de profiter de toutes ces futures joutes.<\/p>\n","protected":false},"excerpt":{"rendered":"","protected":false},"author":180310001,"featured_media":304565,"comment_status":"open","ping_status":"closed","sticky":false,"template":"","format":"standard","meta":{"inline_featured_image":false,"kia_subtitle":"","_mux_skip_reasons":[],"proofreadBy":0,"footnotes":""},"categories":[110,10],"tags":[763,116,117],"sport":[2783],"saison":[3453],"class_list":["post-574376","post","type-post","status-publish","format-standard","has-post-thumbnail","hentry","category-actualite-nba","category-nba","tag-anthony-davis","tag-lebron-james","tag-los-angeles-lakers","sport-nba","saison-3453"],"acf":[],"yoast_head":"<!-- This site is optimized with the Yoast SEO plugin v24.2 - https:\/\/yoast.com\/wordpress\/plugins\/seo\/ -->\n<title>Les Lakers, arbitres du play-in ? - The Playoffs FR<\/title>\n<meta name=\"robots\" content=\"index, follow, max-snippet:-1, max-image-preview:large, max-video-preview:-1\" \/>\n<link rel=\"canonical\" href=\"https:\/\/theplayoffs.news\/fr\/actualite-nba\/les-lakers-arbitres-du-play-in\/\" \/>\n<meta property=\"og:locale\" content=\"fr_FR\" \/>\n<meta property=\"og:type\" content=\"article\" \/>\n<meta property=\"og:title\" content=\"Les Lakers, arbitres du play-in ? - The Playoffs FR\" \/>\n<meta property=\"og:url\" content=\"https:\/\/theplayoffs.news\/fr\/actualite-nba\/les-lakers-arbitres-du-play-in\/\" \/>\n<meta property=\"og:site_name\" content=\"The Playoffs FR\" \/>\n<meta property=\"article:publisher\" content=\"https:\/\/www.facebook.com\/TheFreeAgentFR\/\" \/>\n<meta property=\"article:modified_time\" content=\"2023-03-15T11:25:26+01:00\" \/>\n<meta property=\"og:image\" content=\"https:\/\/theplayoffs.news\/fr\/wp-content\/uploads\/2021\/06\/AD.jpg\" \/>\n\t<meta property=\"og:image:width\" content=\"1250\" \/>\n\t<meta property=\"og:image:height\" content=\"833\" \/>\n\t<meta property=\"og:image:type\" content=\"image\/jpeg\" \/>\n<meta name=\"author\" content=\"Christopher Marrec-Top\" \/>\n<meta name=\"twitter:card\" content=\"summary_large_image\" \/>\n<meta name=\"twitter:creator\" content=\"@TheFreeAgentFR\" \/>\n<meta name=\"twitter:site\" content=\"@TheFreeAgentFR\" \/>\n<meta name=\"twitter:label1\" content=\"\u00c9crit par\" \/>\n\t<meta name=\"twitter:data1\" content=\"Christopher Marrec-Top\" \/>\n\t<meta name=\"twitter:label2\" content=\"Dur\u00e9e de lecture estim\u00e9e\" \/>\n\t<meta name=\"twitter:data2\" content=\"1 minute\" \/>\n<script type=\"application\/ld+json\" class=\"yoast-schema-graph\">{\"@context\":\"https:\/\/schema.org\",\"@graph\":[{\"@type\":\"WebPage\",\"@id\":\"https:\/\/theplayoffs.news\/fr\/actualite-nba\/les-lakers-arbitres-du-play-in\/\",\"url\":\"https:\/\/theplayoffs.news\/fr\/actualite-nba\/les-lakers-arbitres-du-play-in\/\",\"name\":\"Les Lakers, arbitres du play-in ? - The Playoffs FR\",\"isPartOf\":{\"@id\":\"https:\/\/theplayoffs.news\/fr\/#website\"},\"primaryImageOfPage\":{\"@id\":\"https:\/\/theplayoffs.news\/fr\/actualite-nba\/les-lakers-arbitres-du-play-in\/#primaryimage\"},\"image\":{\"@id\":\"https:\/\/theplayoffs.news\/fr\/actualite-nba\/les-lakers-arbitres-du-play-in\/#primaryimage\"},\"thumbnailUrl\":\"https:\/\/theplayoffs.news\/fr\/wp-content\/uploads\/2021\/06\/AD.jpg\",\"datePublished\":\"2023-03-15T10:25:25+00:00\",\"dateModified\":\"2023-03-15T10:25:26+00:00\",\"author\":{\"@id\":\"https:\/\/theplayoffs.news\/fr\/#\/schema\/person\/863ce84969b07bfc09ef81750720e42a\"},\"breadcrumb\":{\"@id\":\"https:\/\/theplayoffs.news\/fr\/actualite-nba\/les-lakers-arbitres-du-play-in\/#breadcrumb\"},\"inLanguage\":\"fr-FR\",\"potentialAction\":[{\"@type\":\"ReadAction\",\"target\":[\"https:\/\/theplayoffs.news\/fr\/actualite-nba\/les-lakers-arbitres-du-play-in\/\"]}]},{\"@type\":\"ImageObject\",\"inLanguage\":\"fr-FR\",\"@id\":\"https:\/\/theplayoffs.news\/fr\/actualite-nba\/les-lakers-arbitres-du-play-in\/#primaryimage\",\"url\":\"https:\/\/theplayoffs.news\/fr\/wp-content\/uploads\/2021\/06\/AD.jpg\",\"contentUrl\":\"https:\/\/theplayoffs.news\/fr\/wp-content\/uploads\/2021\/06\/AD.jpg\",\"width\":1250,\"height\":833,\"caption\":\"PHOENIX, ARIZONA - JUNE 01: Anthony Davis #3 of the Los Angeles Lakers warms up before Game Five of the Western Conference first-round playoff series at Phoenix Suns Arena on June 01, 2021 in Phoenix, Arizona. NOTE TO USER: User expressly acknowledges and agrees that, by downloading and or using this photograph, User is consenting to the terms and conditions of the Getty Images License Agreement. (Photo by Christian Petersen\/Getty Images)\"},{\"@type\":\"BreadcrumbList\",\"@id\":\"https:\/\/theplayoffs.news\/fr\/actualite-nba\/les-lakers-arbitres-du-play-in\/#breadcrumb\",\"itemListElement\":[{\"@type\":\"ListItem\",\"position\":1,\"name\":\"Accueil\",\"item\":\"https:\/\/theplayoffs.news\/fr\/\"},{\"@type\":\"ListItem\",\"position\":2,\"name\":\"Les Lakers, arbitres du play-in ?\"}]},{\"@type\":\"WebSite\",\"@id\":\"https:\/\/theplayoffs.news\/fr\/#website\",\"url\":\"https:\/\/theplayoffs.news\/fr\/\",\"name\":\"The Playoffs FR\",\"description\":\"NBA-NFL-NHL-MLB\",\"potentialAction\":[{\"@type\":\"SearchAction\",\"target\":{\"@type\":\"EntryPoint\",\"urlTemplate\":\"https:\/\/theplayoffs.news\/fr\/?s={search_term_string}\"},\"query-input\":{\"@type\":\"PropertyValueSpecification\",\"valueRequired\":true,\"valueName\":\"search_term_string\"}}],\"inLanguage\":\"fr-FR\"},{\"@type\":\"Person\",\"@id\":\"https:\/\/theplayoffs.news\/fr\/#\/schema\/person\/863ce84969b07bfc09ef81750720e42a\",\"name\":\"Christopher Marrec-Top\",\"image\":{\"@type\":\"ImageObject\",\"inLanguage\":\"fr-FR\",\"@id\":\"https:\/\/theplayoffs.news\/fr\/#\/schema\/person\/image\/\",\"url\":\"https:\/\/secure.gravatar.com\/avatar\/3102192a417211661aecac9ec415c973058438e49145f224d4e3273853f80021?s=96&d=mm&r=g\",\"contentUrl\":\"https:\/\/secure.gravatar.com\/avatar\/3102192a417211661aecac9ec415c973058438e49145f224d4e3273853f80021?s=96&d=mm&r=g\",\"caption\":\"Christopher Marrec-Top\"},\"description\":\"Christopher, 37 ans et biberonn\u00e9 au cidre et aux cr\u00eapes (rien de plus normal pour un breton). Animateur du podcast \\\\\\\"And One\\\\\\\", d\u00e9di\u00e9 \u00e0 l\u2019univers du basket (NBA, WNBA, Draft), et r\u00e9dacteur pour le site ThePlayoffs. Je suis entr\u00e9 dans le monde des m\u00e9dias il y a quelques ann\u00e9es en tant que novice, mais ma passion pour le sport m\u2019anime au quotidien. Admirateur inconditionnel d\\\\'un certain \\\\\\\"Chosen One\\\\\\\", je l\\\\'ai particuli\u00e8rement suivi avec un maillot noir orn\u00e9 d\\\\'un grand C (avec le maillot \\\\\\\"purple and gold\\\\\\\" il se d\u00e9brouille toujours pas trop mal). Amoureux du sport am\u00e9ricain dans son ensemble, je reste fid\u00e8le \u00e0 la discipline fond\u00e9e par James Naismith. ENJOY !! Et longue vie \u00e0 ThePlayoffs !\",\"url\":\"https:\/\/theplayoffs.news\/fr\/author\/christophertop\/\"}]}<\/script>\n<!-- \/ Yoast SEO plugin. -->","yoast_head_json":{"title":"Les Lakers, arbitres du play-in ? - The Playoffs FR","robots":{"index":"index","follow":"follow","max-snippet":"max-snippet:-1","max-image-preview":"max-image-preview:large","max-video-preview":"max-video-preview:-1"},"canonical":"https:\/\/theplayoffs.news\/fr\/actualite-nba\/les-lakers-arbitres-du-play-in\/","og_locale":"fr_FR","og_type":"article","og_title":"Les Lakers, arbitres du play-in ? - The Playoffs FR","og_url":"https:\/\/theplayoffs.news\/fr\/actualite-nba\/les-lakers-arbitres-du-play-in\/","og_site_name":"The Playoffs FR","article_publisher":"https:\/\/www.facebook.com\/TheFreeAgentFR\/","article_modified_time":"2023-03-15T10:25:26+00:00","og_image":[{"width":1250,"height":833,"url":"https:\/\/theplayoffs.news\/fr\/wp-content\/uploads\/2021\/06\/AD.jpg","type":"image\/jpeg"}],"author":"Christopher Marrec-Top","twitter_card":"summary_large_image","twitter_creator":"@TheFreeAgentFR","twitter_site":"@TheFreeAgentFR","twitter_misc":{"\u00c9crit par":"Christopher Marrec-Top","Dur\u00e9e de lecture estim\u00e9e":"1 minute"},"schema":{"@context":"https:\/\/schema.org","@graph":[{"@type":"WebPage","@id":"https:\/\/theplayoffs.news\/fr\/actualite-nba\/les-lakers-arbitres-du-play-in\/","url":"https:\/\/theplayoffs.news\/fr\/actualite-nba\/les-lakers-arbitres-du-play-in\/","name":"Les Lakers, arbitres du play-in ? - The Playoffs FR","isPartOf":{"@id":"https:\/\/theplayoffs.news\/fr\/#website"},"primaryImageOfPage":{"@id":"https:\/\/theplayoffs.news\/fr\/actualite-nba\/les-lakers-arbitres-du-play-in\/#primaryimage"},"image":{"@id":"https:\/\/theplayoffs.news\/fr\/actualite-nba\/les-lakers-arbitres-du-play-in\/#primaryimage"},"thumbnailUrl":"https:\/\/theplayoffs.news\/fr\/wp-content\/uploads\/2021\/06\/AD.jpg","datePublished":"2023-03-15T10:25:25+00:00","dateModified":"2023-03-15T10:25:26+00:00","author":{"@id":"https:\/\/theplayoffs.news\/fr\/#\/schema\/person\/863ce84969b07bfc09ef81750720e42a"},"breadcrumb":{"@id":"https:\/\/theplayoffs.news\/fr\/actualite-nba\/les-lakers-arbitres-du-play-in\/#breadcrumb"},"inLanguage":"fr-FR","potentialAction":[{"@type":"ReadAction","target":["https:\/\/theplayoffs.news\/fr\/actualite-nba\/les-lakers-arbitres-du-play-in\/"]}]},{"@type":"ImageObject","inLanguage":"fr-FR","@id":"https:\/\/theplayoffs.news\/fr\/actualite-nba\/les-lakers-arbitres-du-play-in\/#primaryimage","url":"https:\/\/theplayoffs.news\/fr\/wp-content\/uploads\/2021\/06\/AD.jpg","contentUrl":"https:\/\/theplayoffs.news\/fr\/wp-content\/uploads\/2021\/06\/AD.jpg","width":1250,"height":833,"caption":"PHOENIX, ARIZONA - JUNE 01: Anthony Davis #3 of the Los Angeles Lakers warms up before Game Five of the Western Conference first-round playoff series at Phoenix Suns Arena on June 01, 2021 in Phoenix, Arizona. NOTE TO USER: User expressly acknowledges and agrees that, by downloading and or using this photograph, User is consenting to the terms and conditions of the Getty Images License Agreement. (Photo by Christian Petersen\/Getty Images)"},{"@type":"BreadcrumbList","@id":"https:\/\/theplayoffs.news\/fr\/actualite-nba\/les-lakers-arbitres-du-play-in\/#breadcrumb","itemListElement":[{"@type":"ListItem","position":1,"name":"Accueil","item":"https:\/\/theplayoffs.news\/fr\/"},{"@type":"ListItem","position":2,"name":"Les Lakers, arbitres du play-in ?"}]},{"@type":"WebSite","@id":"https:\/\/theplayoffs.news\/fr\/#website","url":"https:\/\/theplayoffs.news\/fr\/","name":"The Playoffs FR","description":"NBA-NFL-NHL-MLB","potentialAction":[{"@type":"SearchAction","target":{"@type":"EntryPoint","urlTemplate":"https:\/\/theplayoffs.news\/fr\/?s={search_term_string}"},"query-input":{"@type":"PropertyValueSpecification","valueRequired":true,"valueName":"search_term_string"}}],"inLanguage":"fr-FR"},{"@type":"Person","@id":"https:\/\/theplayoffs.news\/fr\/#\/schema\/person\/863ce84969b07bfc09ef81750720e42a","name":"Christopher Marrec-Top","image":{"@type":"ImageObject","inLanguage":"fr-FR","@id":"https:\/\/theplayoffs.news\/fr\/#\/schema\/person\/image\/","url":"https:\/\/secure.gravatar.com\/avatar\/3102192a417211661aecac9ec415c973058438e49145f224d4e3273853f80021?s=96&d=mm&r=g","contentUrl":"https:\/\/secure.gravatar.com\/avatar\/3102192a417211661aecac9ec415c973058438e49145f224d4e3273853f80021?s=96&d=mm&r=g","caption":"Christopher Marrec-Top"},"description":"Christopher, 37 ans et biberonn\u00e9 au cidre et aux cr\u00eapes (rien de plus normal pour un breton). Animateur du podcast \\\"And One\\\", d\u00e9di\u00e9 \u00e0 l\u2019univers du basket (NBA, WNBA, Draft), et r\u00e9dacteur pour le site ThePlayoffs. Je suis entr\u00e9 dans le monde des m\u00e9dias il y a quelques ann\u00e9es en tant que novice, mais ma passion pour le sport m\u2019anime au quotidien. Admirateur inconditionnel d\\'un certain \\\"Chosen One\\\", je l\\'ai particuli\u00e8rement suivi avec un maillot noir orn\u00e9 d\\'un grand C (avec le maillot \\\"purple and gold\\\" il se d\u00e9brouille toujours pas trop mal). Amoureux du sport am\u00e9ricain dans son ensemble, je reste fid\u00e8le \u00e0 la discipline fond\u00e9e par James Naismith. ENJOY !! Et longue vie \u00e0 ThePlayoffs !","url":"https:\/\/theplayoffs.news\/fr\/author\/christophertop\/"}]}},"_links":{"self":[{"href":"https:\/\/theplayoffs.news\/fr\/wp-json\/wp\/v2\/posts\/574376","targetHints":{"allow":["GET"]}}],"collection":[{"href":"https:\/\/theplayoffs.news\/fr\/wp-json\/wp\/v2\/posts"}],"about":[{"href":"https:\/\/theplayoffs.news\/fr\/wp-json\/wp\/v2\/types\/post"}],"author":[{"embeddable":true,"href":"https:\/\/theplayoffs.news\/fr\/wp-json\/wp\/v2\/users\/180310001"}],"replies":[{"embeddable":true,"href":"https:\/\/theplayoffs.news\/fr\/wp-json\/wp\/v2\/comments?post=574376"}],"version-history":[{"count":2,"href":"https:\/\/theplayoffs.news\/fr\/wp-json\/wp\/v2\/posts\/574376\/revisions"}],"predecessor-version":[{"id":574381,"href":"https:\/\/theplayoffs.news\/fr\/wp-json\/wp\/v2\/posts\/574376\/revisions\/574381"}],"wp:featuredmedia":[{"embeddable":true,"href":"https:\/\/theplayoffs.news\/fr\/wp-json\/wp\/v2\/media\/304565"}],"wp:attachment":[{"href":"https:\/\/theplayoffs.news\/fr\/wp-json\/wp\/v2\/media?parent=574376"}],"wp:term":[{"taxonomy":"category","embeddable":true,"href":"https:\/\/theplayoffs.news\/fr\/wp-json\/wp\/v2\/categories?post=574376"},{"taxonomy":"post_tag","embeddable":true,"href":"https:\/\/theplayoffs.news\/fr\/wp-json\/wp\/v2\/tags?post=574376"},{"taxonomy":"sport","embeddable":true,"href":"https:\/\/theplayoffs.news\/fr\/wp-json\/wp\/v2\/sport?post=574376"},{"taxonomy":"saison","embeddable":true,"href":"https:\/\/theplayoffs.news\/fr\/wp-json\/wp\/v2\/saison?post=574376"}],"curies":[{"name":"wp","href":"https:\/\/api.w.org\/{rel}","templated":true}]}}