{"id":574104,"date":"2023-03-14T17:54:47","date_gmt":"2023-03-14T16:54:47","guid":{"rendered":"https:\/\/theplayoffs.news\/fr\/?p=574104"},"modified":"2023-03-14T18:12:54","modified_gmt":"2023-03-14T17:12:54","slug":"les-jets-veulent-aussi-randall-cobb","status":"publish","type":"post","link":"https:\/\/theplayoffs.news\/fr\/free-agency\/les-jets-veulent-aussi-randall-cobb\/","title":{"rendered":"Les Jets veulent aussi Randall Cobb !"},"content":{"rendered":"<h2>D&eacute;cid&eacute;ment, les Jets sont tr&egrave;s offensifs dans cette Free Agency 2023, apr&egrave;s Lazard, voici Randall Cobb!<\/h2><p>&nbsp;<\/p><p>Alors que l&rsquo;arriv&eacute;e de <a href=\"https:\/\/theplayoffs.news\/fr\/joueur\/aaron-rodgers-nfl-16878\/\" class=\"trk-cta-link\" data-cta-trk='{\"ctaType\":\"Link\",\"ctaSubType\":\"main\"}'>Aaron Rodgers<\/a> ne saurait tarder chez les <a href=\"https:\/\/theplayoffs.news\/fr\/equipe\/new-york-jets-nfl\/\" class=\"trk-cta-link\" data-cta-trk='{\"ctaType\":\"Link\",\"ctaSubType\":\"main\"}'>Jets<\/a>, et qu&rsquo;ils ont <a href=\"https:\/\/theplayoffs.news\/fr\/joueur\/allen-lazard-nfl-6256780\/\" class=\"trk-cta-link\" data-cta-trk='{\"ctaType\":\"Link\",\"ctaSubType\":\"main\"}'>Allen Lazard<\/a>, <a href=\"https:\/\/theplayoffs.news\/fr\/nfl\/allen-lazard-dans-le-viseur-des-jets\/?fbclid=IwAR2tIKUdVSbA_f_h16TbEmelX8CpRPzRjsPXPTPcYr3kMx8jtDUZXxdDR_E\" class=\"trk-cta-link\" data-cta-trk='{\"ctaType\":\"Link\",\"ctaSubType\":\"main\"}'>le receveur des packers dans le viseur<\/a>,&nbsp; l&rsquo;&eacute;quipe du New-Jersey continue de faire son shopping chez les Packers en ne cachant pas leur int&eacute;r&ecirc;t envers <a href=\"https:\/\/www.statmuse.com\/nfl\/player\/randall-cobb-3829\" class=\"trk-cta-link\" data-cta-trk='{\"ctaType\":\"Link\",\"ctaSubType\":\"main\"}'>Randall Cobb<\/a>, l&rsquo;ex star du corps des receveurs des Cheeseheads.<\/p><p>Cobb &eacute;tait revenu il y a deux ans chez les <a href=\"https:\/\/theplayoffs.news\/fr\/equipe\/green-bay-packers-nfl\/\" class=\"trk-cta-link\" data-cta-trk='{\"ctaType\":\"Link\",\"ctaSubType\":\"main\"}'>Packers<\/a> apr&egrave;s avoir pass&eacute; une ann&eacute;e chez les <a href=\"https:\/\/theplayoffs.news\/fr\/equipe\/dallas-cowboys-nfl\/\" class=\"trk-cta-link\" data-cta-trk='{\"ctaType\":\"Link\",\"ctaSubType\":\"main\"}'>Cowboys<\/a> en 2019 (828 Yards pour 8 Touchdowns) et une ann&eacute;e relativement anecdotique chez les <a href=\"https:\/\/theplayoffs.news\/fr\/equipe\/houston-texans-nfl\/\" class=\"trk-cta-link\" data-cta-trk='{\"ctaType\":\"Link\",\"ctaSubType\":\"main\"}'>Texans<\/a> en 2020 (441 Yards pour 3 Td&rsquo;s).<\/p><p>C&rsquo;&eacute;tait alors Rodgers qui avait insist&eacute; pour que Cobb r&eacute;int&egrave;gre l&rsquo;effectif des Packers en 2021, campagne dans laquelle il termina avec <strong>375 Yards<\/strong> de parcourus et<strong> 5 Touchdowns<\/strong> dans son escarcelle.<\/p><p>L&rsquo;an dernier, pour sa 12&egrave;me saison chez les pros, Randall Cobb a r&eacute;ceptionn&eacute; <strong>34 ballons<\/strong> pour un gain de <strong>417 Yards<\/strong> pour <strong>un seul TD<\/strong>.<\/p><p>Etant donn&eacute; que c&rsquo;&eacute;tait Rodgers lui-m&ecirc;me qui l&rsquo;avait fait revenir aux Packers, rien ne serait &eacute;tonnant qu&rsquo;il fasse la m&ecirc;me chose pour que Randall Cobb l&rsquo;accompagne chez les Jets, et se retrouver pour leur 11&egrave;me saison ensemble, un v&eacute;ritable roman d&rsquo;amiti&eacute;. Affaire &agrave; suivre !<\/p><p>&nbsp;<\/p><p>&nbsp;<\/p>\n","protected":false},"excerpt":{"rendered":"","protected":false},"author":180309965,"featured_media":574105,"comment_status":"open","ping_status":"closed","sticky":false,"template":"","format":"standard","meta":{"inline_featured_image":false,"kia_subtitle":"","_mux_skip_reasons":[],"proofreadBy":0,"footnotes":""},"categories":[2234,40],"tags":[908,3235],"sport":[],"saison":[3453],"class_list":["post-574104","post","type-post","status-publish","format-standard","has-post-thumbnail","hentry","category-free-agency","category-nfl","tag-green-bay-packers","tag-randall-cobb","saison-3453"],"acf":[],"yoast_head":"<!-- This site is optimized with the Yoast SEO plugin v24.2 - https:\/\/yoast.com\/wordpress\/plugins\/seo\/ -->\n<title>Les Jets veulent aussi Randall Cobb ! - The Playoffs FR<\/title>\n<meta name=\"robots\" content=\"index, follow, max-snippet:-1, max-image-preview:large, max-video-preview:-1\" \/>\n<link rel=\"canonical\" href=\"https:\/\/theplayoffs.news\/fr\/free-agency\/les-jets-veulent-aussi-randall-cobb\/\" \/>\n<meta property=\"og:locale\" content=\"fr_FR\" \/>\n<meta property=\"og:type\" content=\"article\" \/>\n<meta property=\"og:title\" content=\"Les Jets veulent aussi Randall Cobb ! - The Playoffs FR\" \/>\n<meta property=\"og:url\" content=\"https:\/\/theplayoffs.news\/fr\/free-agency\/les-jets-veulent-aussi-randall-cobb\/\" \/>\n<meta property=\"og:site_name\" content=\"The Playoffs FR\" \/>\n<meta property=\"article:publisher\" content=\"https:\/\/www.facebook.com\/TheFreeAgentFR\/\" \/>\n<meta property=\"article:modified_time\" content=\"2023-03-14T18:12:54+01:00\" \/>\n<meta property=\"og:image\" content=\"https:\/\/theplayoffs.news\/fr\/wp-content\/uploads\/2023\/03\/1434212433.jpg\" \/>\n\t<meta property=\"og:image:width\" content=\"1400\" \/>\n\t<meta property=\"og:image:height\" content=\"1400\" \/>\n\t<meta property=\"og:image:type\" content=\"image\/jpeg\" \/>\n<meta name=\"author\" content=\"Yohan Inza\" \/>\n<meta name=\"twitter:card\" content=\"summary_large_image\" \/>\n<meta name=\"twitter:creator\" content=\"@TheFreeAgentFR\" \/>\n<meta name=\"twitter:site\" content=\"@TheFreeAgentFR\" \/>\n<meta name=\"twitter:label1\" content=\"\u00c9crit par\" \/>\n\t<meta name=\"twitter:data1\" content=\"Yohan Inza\" \/>\n\t<meta name=\"twitter:label2\" content=\"Dur\u00e9e de lecture estim\u00e9e\" \/>\n\t<meta name=\"twitter:data2\" content=\"1 minute\" \/>\n<script type=\"application\/ld+json\" class=\"yoast-schema-graph\">{\"@context\":\"https:\/\/schema.org\",\"@graph\":[{\"@type\":\"WebPage\",\"@id\":\"https:\/\/theplayoffs.news\/fr\/free-agency\/les-jets-veulent-aussi-randall-cobb\/\",\"url\":\"https:\/\/theplayoffs.news\/fr\/free-agency\/les-jets-veulent-aussi-randall-cobb\/\",\"name\":\"Les Jets veulent aussi Randall Cobb ! - The Playoffs FR\",\"isPartOf\":{\"@id\":\"https:\/\/theplayoffs.news\/fr\/#website\"},\"primaryImageOfPage\":{\"@id\":\"https:\/\/theplayoffs.news\/fr\/free-agency\/les-jets-veulent-aussi-randall-cobb\/#primaryimage\"},\"image\":{\"@id\":\"https:\/\/theplayoffs.news\/fr\/free-agency\/les-jets-veulent-aussi-randall-cobb\/#primaryimage\"},\"thumbnailUrl\":\"https:\/\/theplayoffs.news\/fr\/wp-content\/uploads\/2023\/03\/1434212433.jpg\",\"datePublished\":\"2023-03-14T16:54:47+00:00\",\"dateModified\":\"2023-03-14T17:12:54+00:00\",\"author\":{\"@id\":\"https:\/\/theplayoffs.news\/fr\/#\/schema\/person\/ab2899fc4043f215d868aee5f2423853\"},\"breadcrumb\":{\"@id\":\"https:\/\/theplayoffs.news\/fr\/free-agency\/les-jets-veulent-aussi-randall-cobb\/#breadcrumb\"},\"inLanguage\":\"fr-FR\",\"potentialAction\":[{\"@type\":\"ReadAction\",\"target\":[\"https:\/\/theplayoffs.news\/fr\/free-agency\/les-jets-veulent-aussi-randall-cobb\/\"]}]},{\"@type\":\"ImageObject\",\"inLanguage\":\"fr-FR\",\"@id\":\"https:\/\/theplayoffs.news\/fr\/free-agency\/les-jets-veulent-aussi-randall-cobb\/#primaryimage\",\"url\":\"https:\/\/theplayoffs.news\/fr\/wp-content\/uploads\/2023\/03\/1434212433.jpg\",\"contentUrl\":\"https:\/\/theplayoffs.news\/fr\/wp-content\/uploads\/2023\/03\/1434212433.jpg\",\"width\":1400,\"height\":1400,\"caption\":\"Randall cobb\"},{\"@type\":\"BreadcrumbList\",\"@id\":\"https:\/\/theplayoffs.news\/fr\/free-agency\/les-jets-veulent-aussi-randall-cobb\/#breadcrumb\",\"itemListElement\":[{\"@type\":\"ListItem\",\"position\":1,\"name\":\"Accueil\",\"item\":\"https:\/\/theplayoffs.news\/fr\/\"},{\"@type\":\"ListItem\",\"position\":2,\"name\":\"Les Jets veulent aussi Randall Cobb !\"}]},{\"@type\":\"WebSite\",\"@id\":\"https:\/\/theplayoffs.news\/fr\/#website\",\"url\":\"https:\/\/theplayoffs.news\/fr\/\",\"name\":\"The Playoffs FR\",\"description\":\"NBA-NFL-NHL-MLB\",\"potentialAction\":[{\"@type\":\"SearchAction\",\"target\":{\"@type\":\"EntryPoint\",\"urlTemplate\":\"https:\/\/theplayoffs.news\/fr\/?s={search_term_string}\"},\"query-input\":{\"@type\":\"PropertyValueSpecification\",\"valueRequired\":true,\"valueName\":\"search_term_string\"}}],\"inLanguage\":\"fr-FR\"},{\"@type\":\"Person\",\"@id\":\"https:\/\/theplayoffs.news\/fr\/#\/schema\/person\/ab2899fc4043f215d868aee5f2423853\",\"name\":\"Yohan Inza\",\"image\":{\"@type\":\"ImageObject\",\"inLanguage\":\"fr-FR\",\"@id\":\"https:\/\/theplayoffs.news\/fr\/#\/schema\/person\/image\/\",\"url\":\"https:\/\/secure.gravatar.com\/avatar\/8ae39e8e2de17a55bc63b748a73876e052fde0a0988b070bbf446d0994718095?s=96&d=mm&r=g\",\"contentUrl\":\"https:\/\/secure.gravatar.com\/avatar\/8ae39e8e2de17a55bc63b748a73876e052fde0a0988b070bbf446d0994718095?s=96&d=mm&r=g\",\"caption\":\"Yohan Inza\"},\"url\":\"https:\/\/theplayoffs.news\/fr\/author\/yohaninza\/\"}]}<\/script>\n<!-- \/ Yoast SEO plugin. -->","yoast_head_json":{"title":"Les Jets veulent aussi Randall Cobb ! - The Playoffs FR","robots":{"index":"index","follow":"follow","max-snippet":"max-snippet:-1","max-image-preview":"max-image-preview:large","max-video-preview":"max-video-preview:-1"},"canonical":"https:\/\/theplayoffs.news\/fr\/free-agency\/les-jets-veulent-aussi-randall-cobb\/","og_locale":"fr_FR","og_type":"article","og_title":"Les Jets veulent aussi Randall Cobb ! - The Playoffs FR","og_url":"https:\/\/theplayoffs.news\/fr\/free-agency\/les-jets-veulent-aussi-randall-cobb\/","og_site_name":"The Playoffs FR","article_publisher":"https:\/\/www.facebook.com\/TheFreeAgentFR\/","article_modified_time":"2023-03-14T17:12:54+00:00","og_image":[{"width":1400,"height":1400,"url":"https:\/\/theplayoffs.news\/fr\/wp-content\/uploads\/2023\/03\/1434212433.jpg","type":"image\/jpeg"}],"author":"Yohan Inza","twitter_card":"summary_large_image","twitter_creator":"@TheFreeAgentFR","twitter_site":"@TheFreeAgentFR","twitter_misc":{"\u00c9crit par":"Yohan Inza","Dur\u00e9e de lecture estim\u00e9e":"1 minute"},"schema":{"@context":"https:\/\/schema.org","@graph":[{"@type":"WebPage","@id":"https:\/\/theplayoffs.news\/fr\/free-agency\/les-jets-veulent-aussi-randall-cobb\/","url":"https:\/\/theplayoffs.news\/fr\/free-agency\/les-jets-veulent-aussi-randall-cobb\/","name":"Les Jets veulent aussi Randall Cobb ! - The Playoffs FR","isPartOf":{"@id":"https:\/\/theplayoffs.news\/fr\/#website"},"primaryImageOfPage":{"@id":"https:\/\/theplayoffs.news\/fr\/free-agency\/les-jets-veulent-aussi-randall-cobb\/#primaryimage"},"image":{"@id":"https:\/\/theplayoffs.news\/fr\/free-agency\/les-jets-veulent-aussi-randall-cobb\/#primaryimage"},"thumbnailUrl":"https:\/\/theplayoffs.news\/fr\/wp-content\/uploads\/2023\/03\/1434212433.jpg","datePublished":"2023-03-14T16:54:47+00:00","dateModified":"2023-03-14T17:12:54+00:00","author":{"@id":"https:\/\/theplayoffs.news\/fr\/#\/schema\/person\/ab2899fc4043f215d868aee5f2423853"},"breadcrumb":{"@id":"https:\/\/theplayoffs.news\/fr\/free-agency\/les-jets-veulent-aussi-randall-cobb\/#breadcrumb"},"inLanguage":"fr-FR","potentialAction":[{"@type":"ReadAction","target":["https:\/\/theplayoffs.news\/fr\/free-agency\/les-jets-veulent-aussi-randall-cobb\/"]}]},{"@type":"ImageObject","inLanguage":"fr-FR","@id":"https:\/\/theplayoffs.news\/fr\/free-agency\/les-jets-veulent-aussi-randall-cobb\/#primaryimage","url":"https:\/\/theplayoffs.news\/fr\/wp-content\/uploads\/2023\/03\/1434212433.jpg","contentUrl":"https:\/\/theplayoffs.news\/fr\/wp-content\/uploads\/2023\/03\/1434212433.jpg","width":1400,"height":1400,"caption":"Randall cobb"},{"@type":"BreadcrumbList","@id":"https:\/\/theplayoffs.news\/fr\/free-agency\/les-jets-veulent-aussi-randall-cobb\/#breadcrumb","itemListElement":[{"@type":"ListItem","position":1,"name":"Accueil","item":"https:\/\/theplayoffs.news\/fr\/"},{"@type":"ListItem","position":2,"name":"Les Jets veulent aussi Randall Cobb !"}]},{"@type":"WebSite","@id":"https:\/\/theplayoffs.news\/fr\/#website","url":"https:\/\/theplayoffs.news\/fr\/","name":"The Playoffs FR","description":"NBA-NFL-NHL-MLB","potentialAction":[{"@type":"SearchAction","target":{"@type":"EntryPoint","urlTemplate":"https:\/\/theplayoffs.news\/fr\/?s={search_term_string}"},"query-input":{"@type":"PropertyValueSpecification","valueRequired":true,"valueName":"search_term_string"}}],"inLanguage":"fr-FR"},{"@type":"Person","@id":"https:\/\/theplayoffs.news\/fr\/#\/schema\/person\/ab2899fc4043f215d868aee5f2423853","name":"Yohan Inza","image":{"@type":"ImageObject","inLanguage":"fr-FR","@id":"https:\/\/theplayoffs.news\/fr\/#\/schema\/person\/image\/","url":"https:\/\/secure.gravatar.com\/avatar\/8ae39e8e2de17a55bc63b748a73876e052fde0a0988b070bbf446d0994718095?s=96&d=mm&r=g","contentUrl":"https:\/\/secure.gravatar.com\/avatar\/8ae39e8e2de17a55bc63b748a73876e052fde0a0988b070bbf446d0994718095?s=96&d=mm&r=g","caption":"Yohan Inza"},"url":"https:\/\/theplayoffs.news\/fr\/author\/yohaninza\/"}]}},"_links":{"self":[{"href":"https:\/\/theplayoffs.news\/fr\/wp-json\/wp\/v2\/posts\/574104","targetHints":{"allow":["GET"]}}],"collection":[{"href":"https:\/\/theplayoffs.news\/fr\/wp-json\/wp\/v2\/posts"}],"about":[{"href":"https:\/\/theplayoffs.news\/fr\/wp-json\/wp\/v2\/types\/post"}],"author":[{"embeddable":true,"href":"https:\/\/theplayoffs.news\/fr\/wp-json\/wp\/v2\/users\/180309965"}],"replies":[{"embeddable":true,"href":"https:\/\/theplayoffs.news\/fr\/wp-json\/wp\/v2\/comments?post=574104"}],"version-history":[{"count":9,"href":"https:\/\/theplayoffs.news\/fr\/wp-json\/wp\/v2\/posts\/574104\/revisions"}],"predecessor-version":[{"id":574136,"href":"https:\/\/theplayoffs.news\/fr\/wp-json\/wp\/v2\/posts\/574104\/revisions\/574136"}],"wp:featuredmedia":[{"embeddable":true,"href":"https:\/\/theplayoffs.news\/fr\/wp-json\/wp\/v2\/media\/574105"}],"wp:attachment":[{"href":"https:\/\/theplayoffs.news\/fr\/wp-json\/wp\/v2\/media?parent=574104"}],"wp:term":[{"taxonomy":"category","embeddable":true,"href":"https:\/\/theplayoffs.news\/fr\/wp-json\/wp\/v2\/categories?post=574104"},{"taxonomy":"post_tag","embeddable":true,"href":"https:\/\/theplayoffs.news\/fr\/wp-json\/wp\/v2\/tags?post=574104"},{"taxonomy":"sport","embeddable":true,"href":"https:\/\/theplayoffs.news\/fr\/wp-json\/wp\/v2\/sport?post=574104"},{"taxonomy":"saison","embeddable":true,"href":"https:\/\/theplayoffs.news\/fr\/wp-json\/wp\/v2\/saison?post=574104"}],"curies":[{"name":"wp","href":"https:\/\/api.w.org\/{rel}","templated":true}]}}