{"id":573744,"date":"2023-03-13T12:50:31","date_gmt":"2023-03-13T11:50:31","guid":{"rendered":"https:\/\/theplayoffs.news\/fr\/?p=573744"},"modified":"2023-05-23T09:39:09","modified_gmt":"2023-05-23T07:39:09","slug":"mousquetaires-de-paris-stade-jean-bouin","status":"publish","type":"post","link":"https:\/\/theplayoffs.news\/fr\/elf\/mousquetaires-de-paris-stade-jean-bouin\/","title":{"rendered":"Mousquetaires de Paris : le stade Jean-Bouin comme maison !"},"content":{"rendered":"<h2><strong>Aujourd&rsquo;hui, il a &eacute;t&eacute; annonc&eacute; que les Mousquetaires de Paris &eacute;tabliront leur base au Stade Jean-Bouin pour leur premi&egrave;re saison en ELF en 2023.<\/strong><\/h2><p>Cette &eacute;quipe de football am&eacute;ricain est une nouvelle franchise d&rsquo;expansion de la ligue, et Paris rejoindra 16 autres &eacute;quipes provenant de 8 autres pays pour rivaliser au plus haut niveau de football am&eacute;ricain en dehors de l&rsquo;Am&eacute;rique du Nord.<\/p><p>Les Mousquetaires seront la seule &eacute;quipe fran&ccedil;aise dans cette ligue.<\/p><p>Pendant la saison estivale, ils affronteront six adversaires au Stade Jean-Bouin, commen&ccedil;ant avec leur match d&rsquo;ouverture &agrave; domicile contre le Stuttgart Surge le 10 juin.<\/p><blockquote>\n<p class=\"p1\"><i>&laquo;&nbsp;Nous voulons &ecirc;tre l&rsquo;atelier sportif et culturel qui rassemble le meilleur du meilleur de Paris&nbsp;&raquo;, a <\/i><i>d&eacute;clar&eacute; le Directeur G&eacute;n&eacute;ral Marc-Angelo Soumah, &laquo;&nbsp;Dans l&rsquo;esprit de tout atelier, nous voulons <\/i><i>rechercher l&rsquo;innovation sans crainte et sans rel&acirc;che afin d&rsquo;&ecirc;tre &agrave; la pointe de tout ce qui fait que <\/i><i>nos &eacute;v&eacute;nements sont une exp&eacute;rience parisienne unique et appr&eacute;ci&eacute;e &ndash; Performance Humaine, <\/i><i>expression culturelle, Sport de Haut Niveau, Expression Artistique, Technologie Immersive, et <\/i><i>plus.&nbsp;&raquo;<\/i><\/p>\n<\/blockquote><p class=\"p1\">Apr&egrave;s deux semaines sur la route, les Fran&ccedil;ais accueilleront en juillet trois puissants adversaires allemands de leur conf&eacute;rence :<\/p><ul>\n<li class=\"p1\">les Hamburg Sea Devils (1er juillet),<\/li>\n<li class=\"p1\">le Rhein Fire (16 juillet),<\/li>\n<li class=\"p1\">et le Frankfurt Galaxy (23 juillet).<\/li>\n<\/ul><p>Les Mousquetaires de Paris occuperont donc le stade du Stade Fran&ccedil;ais en Top 14 qui peut accueillir pr&egrave;s de 20 000 personnes.<\/p>\n","protected":false},"excerpt":{"rendered":"","protected":false},"author":13,"featured_media":573745,"comment_status":"open","ping_status":"closed","sticky":false,"template":"","format":"standard","meta":{"inline_featured_image":false,"kia_subtitle":"","_mux_skip_reasons":[],"proofreadBy":0,"footnotes":""},"categories":[5964],"tags":[4569,4833],"sport":[],"saison":[],"class_list":["post-573744","post","type-post","status-publish","format-standard","has-post-thumbnail","hentry","category-elf","tag-elf","tag-mousquetaires-de-paris"],"acf":[],"yoast_head":"<!-- This site is optimized with the Yoast SEO plugin v24.2 - https:\/\/yoast.com\/wordpress\/plugins\/seo\/ -->\n<title>Mousquetaires de Paris : le stade Jean-Bouin comme maison ! - The Playoffs FR<\/title>\n<meta name=\"robots\" content=\"index, follow, max-snippet:-1, max-image-preview:large, max-video-preview:-1\" \/>\n<link rel=\"canonical\" href=\"https:\/\/theplayoffs.news\/fr\/elf\/mousquetaires-de-paris-stade-jean-bouin\/\" \/>\n<meta property=\"og:locale\" content=\"fr_FR\" \/>\n<meta property=\"og:type\" content=\"article\" \/>\n<meta property=\"og:title\" content=\"Mousquetaires de Paris : le stade Jean-Bouin comme maison ! - The Playoffs FR\" \/>\n<meta property=\"og:url\" content=\"https:\/\/theplayoffs.news\/fr\/elf\/mousquetaires-de-paris-stade-jean-bouin\/\" \/>\n<meta property=\"og:site_name\" content=\"The Playoffs FR\" \/>\n<meta property=\"article:publisher\" content=\"https:\/\/www.facebook.com\/TheFreeAgentFR\/\" \/>\n<meta property=\"article:modified_time\" content=\"2023-05-23T09:39:09+02:00\" \/>\n<meta property=\"og:image\" content=\"https:\/\/theplayoffs.news\/fr\/wp-content\/uploads\/2023\/03\/5ede7138b210b_000_par7640094.jpg\" \/>\n\t<meta property=\"og:image:width\" content=\"1200\" \/>\n\t<meta property=\"og:image:height\" content=\"675\" \/>\n\t<meta property=\"og:image:type\" content=\"image\/jpeg\" \/>\n<meta name=\"author\" content=\"Charles Taudin\" \/>\n<meta name=\"twitter:card\" content=\"summary_large_image\" \/>\n<meta name=\"twitter:creator\" content=\"@TheFreeAgentFR\" \/>\n<meta name=\"twitter:site\" content=\"@TheFreeAgentFR\" \/>\n<meta name=\"twitter:label1\" content=\"\u00c9crit par\" \/>\n\t<meta name=\"twitter:data1\" content=\"Charles Taudin\" \/>\n\t<meta name=\"twitter:label2\" content=\"Dur\u00e9e de lecture estim\u00e9e\" \/>\n\t<meta name=\"twitter:data2\" content=\"1 minute\" \/>\n<script type=\"application\/ld+json\" class=\"yoast-schema-graph\">{\"@context\":\"https:\/\/schema.org\",\"@graph\":[{\"@type\":\"WebPage\",\"@id\":\"https:\/\/theplayoffs.news\/fr\/elf\/mousquetaires-de-paris-stade-jean-bouin\/\",\"url\":\"https:\/\/theplayoffs.news\/fr\/elf\/mousquetaires-de-paris-stade-jean-bouin\/\",\"name\":\"Mousquetaires de Paris : le stade Jean-Bouin comme maison ! - The Playoffs FR\",\"isPartOf\":{\"@id\":\"https:\/\/theplayoffs.news\/fr\/#website\"},\"primaryImageOfPage\":{\"@id\":\"https:\/\/theplayoffs.news\/fr\/elf\/mousquetaires-de-paris-stade-jean-bouin\/#primaryimage\"},\"image\":{\"@id\":\"https:\/\/theplayoffs.news\/fr\/elf\/mousquetaires-de-paris-stade-jean-bouin\/#primaryimage\"},\"thumbnailUrl\":\"https:\/\/theplayoffs.news\/fr\/wp-content\/uploads\/2023\/03\/5ede7138b210b_000_par7640094.jpg\",\"datePublished\":\"2023-03-13T11:50:31+00:00\",\"dateModified\":\"2023-05-23T07:39:09+00:00\",\"author\":{\"@id\":\"https:\/\/theplayoffs.news\/fr\/#\/schema\/person\/eee5b69ad5d3c51cabe881c839dbe133\"},\"breadcrumb\":{\"@id\":\"https:\/\/theplayoffs.news\/fr\/elf\/mousquetaires-de-paris-stade-jean-bouin\/#breadcrumb\"},\"inLanguage\":\"fr-FR\",\"potentialAction\":[{\"@type\":\"ReadAction\",\"target\":[\"https:\/\/theplayoffs.news\/fr\/elf\/mousquetaires-de-paris-stade-jean-bouin\/\"]}]},{\"@type\":\"ImageObject\",\"inLanguage\":\"fr-FR\",\"@id\":\"https:\/\/theplayoffs.news\/fr\/elf\/mousquetaires-de-paris-stade-jean-bouin\/#primaryimage\",\"url\":\"https:\/\/theplayoffs.news\/fr\/wp-content\/uploads\/2023\/03\/5ede7138b210b_000_par7640094.jpg\",\"contentUrl\":\"https:\/\/theplayoffs.news\/fr\/wp-content\/uploads\/2023\/03\/5ede7138b210b_000_par7640094.jpg\",\"width\":1200,\"height\":675,\"caption\":\"mousquetaires de Paris\"},{\"@type\":\"BreadcrumbList\",\"@id\":\"https:\/\/theplayoffs.news\/fr\/elf\/mousquetaires-de-paris-stade-jean-bouin\/#breadcrumb\",\"itemListElement\":[{\"@type\":\"ListItem\",\"position\":1,\"name\":\"Accueil\",\"item\":\"https:\/\/theplayoffs.news\/fr\/\"},{\"@type\":\"ListItem\",\"position\":2,\"name\":\"Mousquetaires de Paris : le stade Jean-Bouin comme maison !\"}]},{\"@type\":\"WebSite\",\"@id\":\"https:\/\/theplayoffs.news\/fr\/#website\",\"url\":\"https:\/\/theplayoffs.news\/fr\/\",\"name\":\"The Playoffs FR\",\"description\":\"NBA-NFL-NHL-MLB\",\"potentialAction\":[{\"@type\":\"SearchAction\",\"target\":{\"@type\":\"EntryPoint\",\"urlTemplate\":\"https:\/\/theplayoffs.news\/fr\/?s={search_term_string}\"},\"query-input\":{\"@type\":\"PropertyValueSpecification\",\"valueRequired\":true,\"valueName\":\"search_term_string\"}}],\"inLanguage\":\"fr-FR\"},{\"@type\":\"Person\",\"@id\":\"https:\/\/theplayoffs.news\/fr\/#\/schema\/person\/eee5b69ad5d3c51cabe881c839dbe133\",\"name\":\"Charles Taudin\",\"image\":{\"@type\":\"ImageObject\",\"inLanguage\":\"fr-FR\",\"@id\":\"https:\/\/theplayoffs.news\/fr\/#\/schema\/person\/image\/\",\"url\":\"https:\/\/secure.gravatar.com\/avatar\/59a1e772205ce9fd255edfcafc93013736822e20261f294c5753b20c41ede9f2?s=96&d=mm&r=g\",\"contentUrl\":\"https:\/\/secure.gravatar.com\/avatar\/59a1e772205ce9fd255edfcafc93013736822e20261f294c5753b20c41ede9f2?s=96&d=mm&r=g\",\"caption\":\"Charles Taudin\"},\"description\":\"R\u00e9dacteur en chef global de The Playoffs, j\u2019ai cr\u00e9\u00e9 The Free Agent, devenu The Playoffs FR, en 2020 durant la pand\u00e9mie. Amoureux depuis des ann\u00e9es des 4 sports majeurs am\u00e9ricains, j\u2019organise maintenant la strat\u00e9gie \u00e9ditoriale et les r\u00e9seaux sociaux de l\u2019ensemble des versions de The Playoffs. Il m\u2019arrive encore d\u2019\u00e9crire sur certains sports que j\u2019affectionne particuli\u00e8rement comme la NFL ou la MLB. Si vous devez retenir qu\u2019une chose : Eli Manning est le vrai GOAT pour avoir battu deux fois Tom Brady.\",\"sameAs\":[\"https:\/\/www.instagram.com\/ctaudin_\/\"],\"url\":\"https:\/\/theplayoffs.news\/fr\/author\/charles-taudin\/\"}]}<\/script>\n<!-- \/ Yoast SEO plugin. -->","yoast_head_json":{"title":"Mousquetaires de Paris : le stade Jean-Bouin comme maison ! - The Playoffs FR","robots":{"index":"index","follow":"follow","max-snippet":"max-snippet:-1","max-image-preview":"max-image-preview:large","max-video-preview":"max-video-preview:-1"},"canonical":"https:\/\/theplayoffs.news\/fr\/elf\/mousquetaires-de-paris-stade-jean-bouin\/","og_locale":"fr_FR","og_type":"article","og_title":"Mousquetaires de Paris : le stade Jean-Bouin comme maison ! - The Playoffs FR","og_url":"https:\/\/theplayoffs.news\/fr\/elf\/mousquetaires-de-paris-stade-jean-bouin\/","og_site_name":"The Playoffs FR","article_publisher":"https:\/\/www.facebook.com\/TheFreeAgentFR\/","article_modified_time":"2023-05-23T07:39:09+00:00","og_image":[{"width":1200,"height":675,"url":"https:\/\/theplayoffs.news\/fr\/wp-content\/uploads\/2023\/03\/5ede7138b210b_000_par7640094.jpg","type":"image\/jpeg"}],"author":"Charles Taudin","twitter_card":"summary_large_image","twitter_creator":"@TheFreeAgentFR","twitter_site":"@TheFreeAgentFR","twitter_misc":{"\u00c9crit par":"Charles Taudin","Dur\u00e9e de lecture estim\u00e9e":"1 minute"},"schema":{"@context":"https:\/\/schema.org","@graph":[{"@type":"WebPage","@id":"https:\/\/theplayoffs.news\/fr\/elf\/mousquetaires-de-paris-stade-jean-bouin\/","url":"https:\/\/theplayoffs.news\/fr\/elf\/mousquetaires-de-paris-stade-jean-bouin\/","name":"Mousquetaires de Paris : le stade Jean-Bouin comme maison ! - The Playoffs FR","isPartOf":{"@id":"https:\/\/theplayoffs.news\/fr\/#website"},"primaryImageOfPage":{"@id":"https:\/\/theplayoffs.news\/fr\/elf\/mousquetaires-de-paris-stade-jean-bouin\/#primaryimage"},"image":{"@id":"https:\/\/theplayoffs.news\/fr\/elf\/mousquetaires-de-paris-stade-jean-bouin\/#primaryimage"},"thumbnailUrl":"https:\/\/theplayoffs.news\/fr\/wp-content\/uploads\/2023\/03\/5ede7138b210b_000_par7640094.jpg","datePublished":"2023-03-13T11:50:31+00:00","dateModified":"2023-05-23T07:39:09+00:00","author":{"@id":"https:\/\/theplayoffs.news\/fr\/#\/schema\/person\/eee5b69ad5d3c51cabe881c839dbe133"},"breadcrumb":{"@id":"https:\/\/theplayoffs.news\/fr\/elf\/mousquetaires-de-paris-stade-jean-bouin\/#breadcrumb"},"inLanguage":"fr-FR","potentialAction":[{"@type":"ReadAction","target":["https:\/\/theplayoffs.news\/fr\/elf\/mousquetaires-de-paris-stade-jean-bouin\/"]}]},{"@type":"ImageObject","inLanguage":"fr-FR","@id":"https:\/\/theplayoffs.news\/fr\/elf\/mousquetaires-de-paris-stade-jean-bouin\/#primaryimage","url":"https:\/\/theplayoffs.news\/fr\/wp-content\/uploads\/2023\/03\/5ede7138b210b_000_par7640094.jpg","contentUrl":"https:\/\/theplayoffs.news\/fr\/wp-content\/uploads\/2023\/03\/5ede7138b210b_000_par7640094.jpg","width":1200,"height":675,"caption":"mousquetaires de Paris"},{"@type":"BreadcrumbList","@id":"https:\/\/theplayoffs.news\/fr\/elf\/mousquetaires-de-paris-stade-jean-bouin\/#breadcrumb","itemListElement":[{"@type":"ListItem","position":1,"name":"Accueil","item":"https:\/\/theplayoffs.news\/fr\/"},{"@type":"ListItem","position":2,"name":"Mousquetaires de Paris : le stade Jean-Bouin comme maison !"}]},{"@type":"WebSite","@id":"https:\/\/theplayoffs.news\/fr\/#website","url":"https:\/\/theplayoffs.news\/fr\/","name":"The Playoffs FR","description":"NBA-NFL-NHL-MLB","potentialAction":[{"@type":"SearchAction","target":{"@type":"EntryPoint","urlTemplate":"https:\/\/theplayoffs.news\/fr\/?s={search_term_string}"},"query-input":{"@type":"PropertyValueSpecification","valueRequired":true,"valueName":"search_term_string"}}],"inLanguage":"fr-FR"},{"@type":"Person","@id":"https:\/\/theplayoffs.news\/fr\/#\/schema\/person\/eee5b69ad5d3c51cabe881c839dbe133","name":"Charles Taudin","image":{"@type":"ImageObject","inLanguage":"fr-FR","@id":"https:\/\/theplayoffs.news\/fr\/#\/schema\/person\/image\/","url":"https:\/\/secure.gravatar.com\/avatar\/59a1e772205ce9fd255edfcafc93013736822e20261f294c5753b20c41ede9f2?s=96&d=mm&r=g","contentUrl":"https:\/\/secure.gravatar.com\/avatar\/59a1e772205ce9fd255edfcafc93013736822e20261f294c5753b20c41ede9f2?s=96&d=mm&r=g","caption":"Charles Taudin"},"description":"R\u00e9dacteur en chef global de The Playoffs, j\u2019ai cr\u00e9\u00e9 The Free Agent, devenu The Playoffs FR, en 2020 durant la pand\u00e9mie. Amoureux depuis des ann\u00e9es des 4 sports majeurs am\u00e9ricains, j\u2019organise maintenant la strat\u00e9gie \u00e9ditoriale et les r\u00e9seaux sociaux de l\u2019ensemble des versions de The Playoffs. Il m\u2019arrive encore d\u2019\u00e9crire sur certains sports que j\u2019affectionne particuli\u00e8rement comme la NFL ou la MLB. Si vous devez retenir qu\u2019une chose : Eli Manning est le vrai GOAT pour avoir battu deux fois Tom Brady.","sameAs":["https:\/\/www.instagram.com\/ctaudin_\/"],"url":"https:\/\/theplayoffs.news\/fr\/author\/charles-taudin\/"}]}},"_links":{"self":[{"href":"https:\/\/theplayoffs.news\/fr\/wp-json\/wp\/v2\/posts\/573744","targetHints":{"allow":["GET"]}}],"collection":[{"href":"https:\/\/theplayoffs.news\/fr\/wp-json\/wp\/v2\/posts"}],"about":[{"href":"https:\/\/theplayoffs.news\/fr\/wp-json\/wp\/v2\/types\/post"}],"author":[{"embeddable":true,"href":"https:\/\/theplayoffs.news\/fr\/wp-json\/wp\/v2\/users\/13"}],"replies":[{"embeddable":true,"href":"https:\/\/theplayoffs.news\/fr\/wp-json\/wp\/v2\/comments?post=573744"}],"version-history":[{"count":3,"href":"https:\/\/theplayoffs.news\/fr\/wp-json\/wp\/v2\/posts\/573744\/revisions"}],"predecessor-version":[{"id":573748,"href":"https:\/\/theplayoffs.news\/fr\/wp-json\/wp\/v2\/posts\/573744\/revisions\/573748"}],"wp:featuredmedia":[{"embeddable":true,"href":"https:\/\/theplayoffs.news\/fr\/wp-json\/wp\/v2\/media\/573745"}],"wp:attachment":[{"href":"https:\/\/theplayoffs.news\/fr\/wp-json\/wp\/v2\/media?parent=573744"}],"wp:term":[{"taxonomy":"category","embeddable":true,"href":"https:\/\/theplayoffs.news\/fr\/wp-json\/wp\/v2\/categories?post=573744"},{"taxonomy":"post_tag","embeddable":true,"href":"https:\/\/theplayoffs.news\/fr\/wp-json\/wp\/v2\/tags?post=573744"},{"taxonomy":"sport","embeddable":true,"href":"https:\/\/theplayoffs.news\/fr\/wp-json\/wp\/v2\/sport?post=573744"},{"taxonomy":"saison","embeddable":true,"href":"https:\/\/theplayoffs.news\/fr\/wp-json\/wp\/v2\/saison?post=573744"}],"curies":[{"name":"wp","href":"https:\/\/api.w.org\/{rel}","templated":true}]}}