{"id":573719,"date":"2023-03-13T09:20:00","date_gmt":"2023-03-13T08:20:00","guid":{"rendered":"https:\/\/theplayoffs.news\/fr\/?p=573719"},"modified":"2023-03-13T09:20:01","modified_gmt":"2023-03-13T08:20:01","slug":"felton-spencer-ancien-pivot-du-jazz-et-des-warriors-decede-a-lage-de-55-ans","status":"publish","type":"post","link":"https:\/\/theplayoffs.news\/fr\/actualite-nba\/felton-spencer-ancien-pivot-du-jazz-et-des-warriors-decede-a-lage-de-55-ans\/","title":{"rendered":"Felton Spencer, ancien pivot du Jazz et des Warriors, d\u00e9c\u00e8de \u00e0 l&rsquo;\u00e2ge de 55 ans"},"content":{"rendered":"<h2>Felton Spencer, ancien pivot NBA, est d&eacute;c&eacute;d&eacute; &agrave; l&rsquo;&acirc;ge de 55 ans, comme l&rsquo;a annonc&eacute; l&rsquo;Universit&eacute; de Louisville et les Warriors.<\/h2><p>Selon sa famille, il est d&eacute;c&eacute;d&eacute; &agrave; l&rsquo;h&ocirc;pital, mais la cause de sa mort n&rsquo;a pas &eacute;t&eacute; r&eacute;v&eacute;l&eacute;e.<\/p><p>Draft&eacute; en sixi&egrave;me position en 1990, Felton Spencer a jou&eacute; 640 matchs, dont plus de 400 comme titulaire. Il a commenc&eacute; sa carri&egrave;re avec les <a href=\"https:\/\/theplayoffs.news\/fr\/equipe\/minnesota-timberwolves-nba\/\" class=\"trk-cta-link\" data-cta-trk='{\"ctaType\":\"Link\",\"ctaSubType\":\"main\"}'>Wolves<\/a> et a &eacute;t&eacute; s&eacute;lectionn&eacute; dans l&rsquo;All-Rookie Second Team avec une moyenne de 7,1 points et 7,9 rebonds par match.<\/p><p>Trois ans plus tard, il a &eacute;t&eacute; transf&eacute;r&eacute; au Jazz o&ugrave; il a remplac&eacute; Mark Eaton en tant que pivot. Il a jou&eacute; aux c&ocirc;t&eacute;s de John Stockton et Karl Malone et a r&eacute;alis&eacute; une saison remarquable avec une moyenne de 8,6 points et 8,3 rebonds par match.<\/p><p>Malheureusement, il s&rsquo;est rompu un tendon d&rsquo;Achille la saison suivante.<\/p><blockquote><p><em>&laquo;&nbsp;Il a profit&eacute; des meilleurs soins dans ses derni&egrave;res heures de la part du personnel de l&rsquo;h&ocirc;pital de l&rsquo;universit&eacute; de Louisville, son alma mater qu&rsquo;il aimait tant&nbsp;&raquo;,<\/em>&nbsp;a &eacute;crit sa soeur sur les r&eacute;seaux sociaux. &laquo;&nbsp;<em>Notre famille les remercie, ainsi que tous ceux qui ont particip&eacute; &agrave; ses soins. Nous sommes fiers de tout ce qu&rsquo;il a fait sur le terrain et dans sa vie personnelle. C&rsquo;&eacute;tait un g&eacute;ant gentil et doux dont la pr&eacute;sence physique nous manquera beaucoup. Nous avons le c&oelig;ur bris&eacute;, mais nous sommes r&eacute;confort&eacute;s par vos pens&eacute;es et vos pri&egrave;res.&nbsp;&raquo;<\/em><\/p><\/blockquote><p>Apr&egrave;s sa gu&eacute;rison, il est revenu comme titulaire pour une saison, mais a &eacute;t&eacute; lib&eacute;r&eacute; par le Jazz pendant l&rsquo;intersaison. Il a ensuite rejoint Orlando, o&ugrave; il a remplac&eacute; Shaquille O&rsquo;Neal, parti pour les Lakers. Cependant, il n&rsquo;a jou&eacute; qu&rsquo;un seul match &agrave; Orlando avant d&rsquo;&ecirc;tre &eacute;chang&eacute; aux Warriors, o&ugrave; il a fait des performances honorables aux c&ocirc;t&eacute;s de Chris Mullin et Latrell Sprewell.<\/p><p>Felton Spencer a pris sa retraite en 2002 apr&egrave;s avoir jou&eacute; bri&egrave;vement pour les Knicks. Il a ensuite travaill&eacute; comme assistant dans une petite universit&eacute; de Louisville, dans son &Eacute;tat natal du Kentucky.<\/p>\n","protected":false},"excerpt":{"rendered":"","protected":false},"author":13,"featured_media":573720,"comment_status":"open","ping_status":"closed","sticky":false,"template":"","format":"standard","meta":{"inline_featured_image":false,"kia_subtitle":"","_mux_skip_reasons":[],"proofreadBy":0,"footnotes":""},"categories":[110,10],"tags":[5664],"sport":[],"saison":[],"class_list":["post-573719","post","type-post","status-publish","format-standard","has-post-thumbnail","hentry","category-actualite-nba","category-nba","tag-felton-spencer"],"acf":[],"yoast_head":"<!-- This site is optimized with the Yoast SEO plugin v24.2 - https:\/\/yoast.com\/wordpress\/plugins\/seo\/ -->\n<title>Felton Spencer, ancien pivot du Jazz et des Warriors, d&eacute;c&egrave;de &agrave; l&#039;&acirc;ge de 55 ans - The Playoffs FR<\/title>\n<meta name=\"robots\" content=\"index, follow, max-snippet:-1, max-image-preview:large, max-video-preview:-1\" \/>\n<link rel=\"canonical\" href=\"https:\/\/theplayoffs.news\/fr\/actualite-nba\/felton-spencer-ancien-pivot-du-jazz-et-des-warriors-decede-a-lage-de-55-ans\/\" \/>\n<meta property=\"og:locale\" content=\"fr_FR\" \/>\n<meta property=\"og:type\" content=\"article\" \/>\n<meta property=\"og:title\" content=\"Felton Spencer, ancien pivot du Jazz et des Warriors, d&eacute;c&egrave;de &agrave; l&#039;&acirc;ge de 55 ans - The Playoffs FR\" \/>\n<meta property=\"og:url\" content=\"https:\/\/theplayoffs.news\/fr\/actualite-nba\/felton-spencer-ancien-pivot-du-jazz-et-des-warriors-decede-a-lage-de-55-ans\/\" \/>\n<meta property=\"og:site_name\" content=\"The Playoffs FR\" \/>\n<meta property=\"article:publisher\" content=\"https:\/\/www.facebook.com\/TheFreeAgentFR\/\" \/>\n<meta property=\"article:modified_time\" content=\"2023-03-13T09:20:01+01:00\" \/>\n<meta property=\"og:image\" content=\"https:\/\/theplayoffs.news\/fr\/wp-content\/uploads\/2023\/03\/Felton-Spencer-Utah-Jazz-NBA.jpg\" \/>\n\t<meta property=\"og:image:width\" content=\"900\" \/>\n\t<meta property=\"og:image:height\" content=\"506\" \/>\n\t<meta property=\"og:image:type\" content=\"image\/jpeg\" \/>\n<meta name=\"author\" content=\"Charles Taudin\" \/>\n<meta name=\"twitter:card\" content=\"summary_large_image\" \/>\n<meta name=\"twitter:creator\" content=\"@TheFreeAgentFR\" \/>\n<meta name=\"twitter:site\" content=\"@TheFreeAgentFR\" \/>\n<meta name=\"twitter:label1\" content=\"\u00c9crit par\" \/>\n\t<meta name=\"twitter:data1\" content=\"Charles Taudin\" \/>\n\t<meta name=\"twitter:label2\" content=\"Dur\u00e9e de lecture estim\u00e9e\" \/>\n\t<meta name=\"twitter:data2\" content=\"2 minutes\" \/>\n<script type=\"application\/ld+json\" class=\"yoast-schema-graph\">{\"@context\":\"https:\/\/schema.org\",\"@graph\":[{\"@type\":\"WebPage\",\"@id\":\"https:\/\/theplayoffs.news\/fr\/actualite-nba\/felton-spencer-ancien-pivot-du-jazz-et-des-warriors-decede-a-lage-de-55-ans\/\",\"url\":\"https:\/\/theplayoffs.news\/fr\/actualite-nba\/felton-spencer-ancien-pivot-du-jazz-et-des-warriors-decede-a-lage-de-55-ans\/\",\"name\":\"Felton Spencer, ancien pivot du Jazz et des Warriors, d\u00e9c\u00e8de \u00e0 l\\\\'\u00e2ge de 55 ans - The Playoffs FR\",\"isPartOf\":{\"@id\":\"https:\/\/theplayoffs.news\/fr\/#website\"},\"primaryImageOfPage\":{\"@id\":\"https:\/\/theplayoffs.news\/fr\/actualite-nba\/felton-spencer-ancien-pivot-du-jazz-et-des-warriors-decede-a-lage-de-55-ans\/#primaryimage\"},\"image\":{\"@id\":\"https:\/\/theplayoffs.news\/fr\/actualite-nba\/felton-spencer-ancien-pivot-du-jazz-et-des-warriors-decede-a-lage-de-55-ans\/#primaryimage\"},\"thumbnailUrl\":\"https:\/\/theplayoffs.news\/fr\/wp-content\/uploads\/2023\/03\/Felton-Spencer-Utah-Jazz-NBA.jpg\",\"datePublished\":\"2023-03-13T08:20:00+00:00\",\"dateModified\":\"2023-03-13T08:20:01+00:00\",\"author\":{\"@id\":\"https:\/\/theplayoffs.news\/fr\/#\/schema\/person\/eee5b69ad5d3c51cabe881c839dbe133\"},\"breadcrumb\":{\"@id\":\"https:\/\/theplayoffs.news\/fr\/actualite-nba\/felton-spencer-ancien-pivot-du-jazz-et-des-warriors-decede-a-lage-de-55-ans\/#breadcrumb\"},\"inLanguage\":\"fr-FR\",\"potentialAction\":[{\"@type\":\"ReadAction\",\"target\":[\"https:\/\/theplayoffs.news\/fr\/actualite-nba\/felton-spencer-ancien-pivot-du-jazz-et-des-warriors-decede-a-lage-de-55-ans\/\"]}]},{\"@type\":\"ImageObject\",\"inLanguage\":\"fr-FR\",\"@id\":\"https:\/\/theplayoffs.news\/fr\/actualite-nba\/felton-spencer-ancien-pivot-du-jazz-et-des-warriors-decede-a-lage-de-55-ans\/#primaryimage\",\"url\":\"https:\/\/theplayoffs.news\/fr\/wp-content\/uploads\/2023\/03\/Felton-Spencer-Utah-Jazz-NBA.jpg\",\"contentUrl\":\"https:\/\/theplayoffs.news\/fr\/wp-content\/uploads\/2023\/03\/Felton-Spencer-Utah-Jazz-NBA.jpg\",\"width\":900,\"height\":506,\"caption\":\"Felton Spencer\"},{\"@type\":\"BreadcrumbList\",\"@id\":\"https:\/\/theplayoffs.news\/fr\/actualite-nba\/felton-spencer-ancien-pivot-du-jazz-et-des-warriors-decede-a-lage-de-55-ans\/#breadcrumb\",\"itemListElement\":[{\"@type\":\"ListItem\",\"position\":1,\"name\":\"Accueil\",\"item\":\"https:\/\/theplayoffs.news\/fr\/\"},{\"@type\":\"ListItem\",\"position\":2,\"name\":\"Felton Spencer, ancien pivot du Jazz et des Warriors, d\u00e9c\u00e8de \u00e0 l&rsquo;\u00e2ge de 55 ans\"}]},{\"@type\":\"WebSite\",\"@id\":\"https:\/\/theplayoffs.news\/fr\/#website\",\"url\":\"https:\/\/theplayoffs.news\/fr\/\",\"name\":\"The Playoffs FR\",\"description\":\"NBA-NFL-NHL-MLB\",\"potentialAction\":[{\"@type\":\"SearchAction\",\"target\":{\"@type\":\"EntryPoint\",\"urlTemplate\":\"https:\/\/theplayoffs.news\/fr\/?s={search_term_string}\"},\"query-input\":{\"@type\":\"PropertyValueSpecification\",\"valueRequired\":true,\"valueName\":\"search_term_string\"}}],\"inLanguage\":\"fr-FR\"},{\"@type\":\"Person\",\"@id\":\"https:\/\/theplayoffs.news\/fr\/#\/schema\/person\/eee5b69ad5d3c51cabe881c839dbe133\",\"name\":\"Charles Taudin\",\"image\":{\"@type\":\"ImageObject\",\"inLanguage\":\"fr-FR\",\"@id\":\"https:\/\/theplayoffs.news\/fr\/#\/schema\/person\/image\/\",\"url\":\"https:\/\/secure.gravatar.com\/avatar\/59a1e772205ce9fd255edfcafc93013736822e20261f294c5753b20c41ede9f2?s=96&d=mm&r=g\",\"contentUrl\":\"https:\/\/secure.gravatar.com\/avatar\/59a1e772205ce9fd255edfcafc93013736822e20261f294c5753b20c41ede9f2?s=96&d=mm&r=g\",\"caption\":\"Charles Taudin\"},\"description\":\"R\u00e9dacteur en chef global de The Playoffs, j\u2019ai cr\u00e9\u00e9 The Free Agent, devenu The Playoffs FR, en 2020 durant la pand\u00e9mie. Amoureux depuis des ann\u00e9es des 4 sports majeurs am\u00e9ricains, j\u2019organise maintenant la strat\u00e9gie \u00e9ditoriale et les r\u00e9seaux sociaux de l\u2019ensemble des versions de The Playoffs. Il m\u2019arrive encore d\u2019\u00e9crire sur certains sports que j\u2019affectionne particuli\u00e8rement comme la NFL ou la MLB. Si vous devez retenir qu\u2019une chose : Eli Manning est le vrai GOAT pour avoir battu deux fois Tom Brady.\",\"sameAs\":[\"https:\/\/www.instagram.com\/ctaudin_\/\"],\"url\":\"https:\/\/theplayoffs.news\/fr\/author\/charles-taudin\/\"}]}<\/script>\n<!-- \/ Yoast SEO plugin. -->","yoast_head_json":{"title":"Felton Spencer, ancien pivot du Jazz et des Warriors, d&eacute;c&egrave;de &agrave; l&#039;&acirc;ge de 55 ans - The Playoffs FR","robots":{"index":"index","follow":"follow","max-snippet":"max-snippet:-1","max-image-preview":"max-image-preview:large","max-video-preview":"max-video-preview:-1"},"canonical":"https:\/\/theplayoffs.news\/fr\/actualite-nba\/felton-spencer-ancien-pivot-du-jazz-et-des-warriors-decede-a-lage-de-55-ans\/","og_locale":"fr_FR","og_type":"article","og_title":"Felton Spencer, ancien pivot du Jazz et des Warriors, d&eacute;c&egrave;de &agrave; l&#039;&acirc;ge de 55 ans - The Playoffs FR","og_url":"https:\/\/theplayoffs.news\/fr\/actualite-nba\/felton-spencer-ancien-pivot-du-jazz-et-des-warriors-decede-a-lage-de-55-ans\/","og_site_name":"The Playoffs FR","article_publisher":"https:\/\/www.facebook.com\/TheFreeAgentFR\/","article_modified_time":"2023-03-13T08:20:01+00:00","og_image":[{"width":900,"height":506,"url":"https:\/\/theplayoffs.news\/fr\/wp-content\/uploads\/2023\/03\/Felton-Spencer-Utah-Jazz-NBA.jpg","type":"image\/jpeg"}],"author":"Charles Taudin","twitter_card":"summary_large_image","twitter_creator":"@TheFreeAgentFR","twitter_site":"@TheFreeAgentFR","twitter_misc":{"\u00c9crit par":"Charles Taudin","Dur\u00e9e de lecture estim\u00e9e":"2 minutes"},"schema":{"@context":"https:\/\/schema.org","@graph":[{"@type":"WebPage","@id":"https:\/\/theplayoffs.news\/fr\/actualite-nba\/felton-spencer-ancien-pivot-du-jazz-et-des-warriors-decede-a-lage-de-55-ans\/","url":"https:\/\/theplayoffs.news\/fr\/actualite-nba\/felton-spencer-ancien-pivot-du-jazz-et-des-warriors-decede-a-lage-de-55-ans\/","name":"Felton Spencer, ancien pivot du Jazz et des Warriors, d\u00e9c\u00e8de \u00e0 l\\'\u00e2ge de 55 ans - The Playoffs FR","isPartOf":{"@id":"https:\/\/theplayoffs.news\/fr\/#website"},"primaryImageOfPage":{"@id":"https:\/\/theplayoffs.news\/fr\/actualite-nba\/felton-spencer-ancien-pivot-du-jazz-et-des-warriors-decede-a-lage-de-55-ans\/#primaryimage"},"image":{"@id":"https:\/\/theplayoffs.news\/fr\/actualite-nba\/felton-spencer-ancien-pivot-du-jazz-et-des-warriors-decede-a-lage-de-55-ans\/#primaryimage"},"thumbnailUrl":"https:\/\/theplayoffs.news\/fr\/wp-content\/uploads\/2023\/03\/Felton-Spencer-Utah-Jazz-NBA.jpg","datePublished":"2023-03-13T08:20:00+00:00","dateModified":"2023-03-13T08:20:01+00:00","author":{"@id":"https:\/\/theplayoffs.news\/fr\/#\/schema\/person\/eee5b69ad5d3c51cabe881c839dbe133"},"breadcrumb":{"@id":"https:\/\/theplayoffs.news\/fr\/actualite-nba\/felton-spencer-ancien-pivot-du-jazz-et-des-warriors-decede-a-lage-de-55-ans\/#breadcrumb"},"inLanguage":"fr-FR","potentialAction":[{"@type":"ReadAction","target":["https:\/\/theplayoffs.news\/fr\/actualite-nba\/felton-spencer-ancien-pivot-du-jazz-et-des-warriors-decede-a-lage-de-55-ans\/"]}]},{"@type":"ImageObject","inLanguage":"fr-FR","@id":"https:\/\/theplayoffs.news\/fr\/actualite-nba\/felton-spencer-ancien-pivot-du-jazz-et-des-warriors-decede-a-lage-de-55-ans\/#primaryimage","url":"https:\/\/theplayoffs.news\/fr\/wp-content\/uploads\/2023\/03\/Felton-Spencer-Utah-Jazz-NBA.jpg","contentUrl":"https:\/\/theplayoffs.news\/fr\/wp-content\/uploads\/2023\/03\/Felton-Spencer-Utah-Jazz-NBA.jpg","width":900,"height":506,"caption":"Felton Spencer"},{"@type":"BreadcrumbList","@id":"https:\/\/theplayoffs.news\/fr\/actualite-nba\/felton-spencer-ancien-pivot-du-jazz-et-des-warriors-decede-a-lage-de-55-ans\/#breadcrumb","itemListElement":[{"@type":"ListItem","position":1,"name":"Accueil","item":"https:\/\/theplayoffs.news\/fr\/"},{"@type":"ListItem","position":2,"name":"Felton Spencer, ancien pivot du Jazz et des Warriors, d\u00e9c\u00e8de \u00e0 l&rsquo;\u00e2ge de 55 ans"}]},{"@type":"WebSite","@id":"https:\/\/theplayoffs.news\/fr\/#website","url":"https:\/\/theplayoffs.news\/fr\/","name":"The Playoffs FR","description":"NBA-NFL-NHL-MLB","potentialAction":[{"@type":"SearchAction","target":{"@type":"EntryPoint","urlTemplate":"https:\/\/theplayoffs.news\/fr\/?s={search_term_string}"},"query-input":{"@type":"PropertyValueSpecification","valueRequired":true,"valueName":"search_term_string"}}],"inLanguage":"fr-FR"},{"@type":"Person","@id":"https:\/\/theplayoffs.news\/fr\/#\/schema\/person\/eee5b69ad5d3c51cabe881c839dbe133","name":"Charles Taudin","image":{"@type":"ImageObject","inLanguage":"fr-FR","@id":"https:\/\/theplayoffs.news\/fr\/#\/schema\/person\/image\/","url":"https:\/\/secure.gravatar.com\/avatar\/59a1e772205ce9fd255edfcafc93013736822e20261f294c5753b20c41ede9f2?s=96&d=mm&r=g","contentUrl":"https:\/\/secure.gravatar.com\/avatar\/59a1e772205ce9fd255edfcafc93013736822e20261f294c5753b20c41ede9f2?s=96&d=mm&r=g","caption":"Charles Taudin"},"description":"R\u00e9dacteur en chef global de The Playoffs, j\u2019ai cr\u00e9\u00e9 The Free Agent, devenu The Playoffs FR, en 2020 durant la pand\u00e9mie. Amoureux depuis des ann\u00e9es des 4 sports majeurs am\u00e9ricains, j\u2019organise maintenant la strat\u00e9gie \u00e9ditoriale et les r\u00e9seaux sociaux de l\u2019ensemble des versions de The Playoffs. Il m\u2019arrive encore d\u2019\u00e9crire sur certains sports que j\u2019affectionne particuli\u00e8rement comme la NFL ou la MLB. Si vous devez retenir qu\u2019une chose : Eli Manning est le vrai GOAT pour avoir battu deux fois Tom Brady.","sameAs":["https:\/\/www.instagram.com\/ctaudin_\/"],"url":"https:\/\/theplayoffs.news\/fr\/author\/charles-taudin\/"}]}},"_links":{"self":[{"href":"https:\/\/theplayoffs.news\/fr\/wp-json\/wp\/v2\/posts\/573719","targetHints":{"allow":["GET"]}}],"collection":[{"href":"https:\/\/theplayoffs.news\/fr\/wp-json\/wp\/v2\/posts"}],"about":[{"href":"https:\/\/theplayoffs.news\/fr\/wp-json\/wp\/v2\/types\/post"}],"author":[{"embeddable":true,"href":"https:\/\/theplayoffs.news\/fr\/wp-json\/wp\/v2\/users\/13"}],"replies":[{"embeddable":true,"href":"https:\/\/theplayoffs.news\/fr\/wp-json\/wp\/v2\/comments?post=573719"}],"version-history":[{"count":3,"href":"https:\/\/theplayoffs.news\/fr\/wp-json\/wp\/v2\/posts\/573719\/revisions"}],"predecessor-version":[{"id":573723,"href":"https:\/\/theplayoffs.news\/fr\/wp-json\/wp\/v2\/posts\/573719\/revisions\/573723"}],"wp:featuredmedia":[{"embeddable":true,"href":"https:\/\/theplayoffs.news\/fr\/wp-json\/wp\/v2\/media\/573720"}],"wp:attachment":[{"href":"https:\/\/theplayoffs.news\/fr\/wp-json\/wp\/v2\/media?parent=573719"}],"wp:term":[{"taxonomy":"category","embeddable":true,"href":"https:\/\/theplayoffs.news\/fr\/wp-json\/wp\/v2\/categories?post=573719"},{"taxonomy":"post_tag","embeddable":true,"href":"https:\/\/theplayoffs.news\/fr\/wp-json\/wp\/v2\/tags?post=573719"},{"taxonomy":"sport","embeddable":true,"href":"https:\/\/theplayoffs.news\/fr\/wp-json\/wp\/v2\/sport?post=573719"},{"taxonomy":"saison","embeddable":true,"href":"https:\/\/theplayoffs.news\/fr\/wp-json\/wp\/v2\/saison?post=573719"}],"curies":[{"name":"wp","href":"https:\/\/api.w.org\/{rel}","templated":true}]}}