{"id":573011,"date":"2023-03-10T16:12:31","date_gmt":"2023-03-10T15:12:31","guid":{"rendered":"https:\/\/theplayoffs.news\/fr\/?p=573011"},"modified":"2023-03-10T16:12:31","modified_gmt":"2023-03-10T15:12:31","slug":"adam-thielen-libere-par-les-vikings","status":"publish","type":"post","link":"https:\/\/theplayoffs.news\/fr\/actualite-nfl\/adam-thielen-libere-par-les-vikings\/","title":{"rendered":"Adam Thielen lib\u00e9r\u00e9 par les Vikings"},"content":{"rendered":"<h2><strong>Pressenti depuis hier comme possible partant, Adam Thielen a &eacute;t&eacute; lib&eacute;r&eacute; par les Vikings aujourd&rsquo;hui rapporte <a href=\"https:\/\/twitter.com\/TomPelissero\/status\/1634204525136433159?s=20\" class=\"trk-cta-link\" data-cta-trk='{\"ctaType\":\"Link\",\"ctaSubType\":\"main\"}'>Tom Pelissero<\/a>.<\/strong><\/h2><blockquote class=\"twitter-tweet\" data-width=\"500\" data-dnt=\"true\">\n<p lang=\"en\" dir=\"ltr\">The <a href=\"https:\/\/twitter.com\/hashtag\/Vikings?src=hash&amp;ref_src=twsrc%5Etfw\" class=\"trk-cta-link\" data-cta-trk='{\"ctaType\":\"Link\",\"ctaSubType\":\"main\"}'>#Vikings<\/a> are releasing two-time Pro Bowl WR Adam Thielen today, per sources.<\/p>\n<p>A onetime undrafted free agent from Minnesota State who went on to catch 55 touchdown passes for his hometown team, Thielen has plenty left in the tank at age 32 and wants to land with a contender. <a href=\"https:\/\/t.co\/FxsFP9z7MX\" class=\"trk-cta-link\" data-cta-trk='{\"ctaType\":\"Link\",\"ctaSubType\":\"main\"}'>pic.twitter.com\/FxsFP9z7MX<\/a><\/p>\n<p>&mdash; Tom Pelissero (@TomPelissero) <a href=\"https:\/\/twitter.com\/TomPelissero\/status\/1634204525136433159?ref_src=twsrc%5Etfw\" class=\"trk-cta-link\" data-cta-trk='{\"ctaType\":\"Link\",\"ctaSubType\":\"main\"}'>March 10, 2023<\/a><\/p><\/blockquote><p><script async src=\"https:\/\/platform.twitter.com\/widgets.js\" charset=\"utf-8\"><\/script><\/p><p>Le receveur qui a &eacute;t&eacute; nomm&eacute; deux fois au Pro Bowl a consacr&eacute; toute sa carri&egrave;re de neuf saisons &agrave; l&rsquo;&eacute;quipe de sa ville natale, les Vikings. Il a rejoint l&rsquo;&eacute;quipe en tant qu&rsquo;agent libre non rep&ecirc;ch&eacute; de Minnesota State en 2014.<\/p><p>&Agrave; 32 ans, <a href=\"https:\/\/theplayoffs.news\/fr\/joueur\/adam-thielen-nfl-32920\/\" class=\"trk-cta-link\" data-cta-trk='{\"ctaType\":\"Link\",\"ctaSubType\":\"main\"}'><strong>Adam Thielen<\/strong><\/a> se pr&eacute;parait &agrave; entamer la troisi&egrave;me ann&eacute;e de son contrat de quatre ans, d&rsquo;une valeur de 64,2 millions de dollars. Son plafond salarial atteint en 2023 devait &ecirc;tre l&eacute;g&egrave;rement inf&eacute;rieur &agrave; 20 millions de dollars.<\/p><p>En lib&eacute;rant Thielen, les Vikings ont pu &eacute;conomiser environ 6,5 millions de dollars en espace de plafond salarial.<\/p><p>Au cours de la saison 2022, il a disput&eacute; les 17 matchs de l&rsquo;&eacute;quipe, captant 70 passes pour 716 yards et marquant six touchdowns.<\/p><p>Tout au long de sa carri&egrave;re, Thielen a capt&eacute; 534 passes pour 6 682 yards et marqu&eacute; 55 touchdowns en 135 matchs.<\/p>\n","protected":false},"excerpt":{"rendered":"","protected":false},"author":13,"featured_media":573012,"comment_status":"open","ping_status":"closed","sticky":false,"template":"","format":"standard","meta":{"inline_featured_image":false,"kia_subtitle":"","_mux_skip_reasons":[],"proofreadBy":0,"footnotes":""},"categories":[118,40],"tags":[1366,5652],"sport":[],"saison":[],"class_list":["post-573011","post","type-post","status-publish","format-standard","has-post-thumbnail","hentry","category-actualite-nfl","category-nfl","tag-adam-thielen","tag-minnesota-viking"],"acf":[],"yoast_head":"<!-- This site is optimized with the Yoast SEO plugin v24.2 - https:\/\/yoast.com\/wordpress\/plugins\/seo\/ -->\n<title>Adam Thielen lib&eacute;r&eacute; par les Vikings - The Playoffs FR<\/title>\n<meta name=\"robots\" content=\"index, follow, max-snippet:-1, max-image-preview:large, max-video-preview:-1\" \/>\n<link rel=\"canonical\" href=\"https:\/\/theplayoffs.news\/fr\/actualite-nfl\/adam-thielen-libere-par-les-vikings\/\" \/>\n<meta property=\"og:locale\" content=\"fr_FR\" \/>\n<meta property=\"og:type\" content=\"article\" \/>\n<meta property=\"og:title\" content=\"Adam Thielen lib&eacute;r&eacute; par les Vikings - The Playoffs FR\" \/>\n<meta property=\"og:url\" content=\"https:\/\/theplayoffs.news\/fr\/actualite-nfl\/adam-thielen-libere-par-les-vikings\/\" \/>\n<meta property=\"og:site_name\" content=\"The Playoffs FR\" \/>\n<meta property=\"article:publisher\" content=\"https:\/\/www.facebook.com\/TheFreeAgentFR\/\" \/>\n<meta property=\"article:modified_time\" content=\"2023-03-10T16:12:31+01:00\" \/>\n<meta property=\"og:image\" content=\"https:\/\/theplayoffs.news\/fr\/wp-content\/uploads\/2023\/03\/tinywow_Adam-Thielen-Dynasty-Profile-Fantasy-Outlook-Value-Projections-and-Rankings_16013799.jpg\" \/>\n\t<meta property=\"og:image:width\" content=\"1920\" \/>\n\t<meta property=\"og:image:height\" content=\"1280\" \/>\n\t<meta property=\"og:image:type\" content=\"image\/jpeg\" \/>\n<meta name=\"author\" content=\"Charles Taudin\" \/>\n<meta name=\"twitter:card\" content=\"summary_large_image\" \/>\n<meta name=\"twitter:creator\" content=\"@TheFreeAgentFR\" \/>\n<meta name=\"twitter:site\" content=\"@TheFreeAgentFR\" \/>\n<meta name=\"twitter:label1\" content=\"\u00c9crit par\" \/>\n\t<meta name=\"twitter:data1\" content=\"Charles Taudin\" \/>\n\t<meta name=\"twitter:label2\" content=\"Dur\u00e9e de lecture estim\u00e9e\" \/>\n\t<meta name=\"twitter:data2\" content=\"1 minute\" \/>\n<script type=\"application\/ld+json\" class=\"yoast-schema-graph\">{\"@context\":\"https:\/\/schema.org\",\"@graph\":[{\"@type\":\"WebPage\",\"@id\":\"https:\/\/theplayoffs.news\/fr\/actualite-nfl\/adam-thielen-libere-par-les-vikings\/\",\"url\":\"https:\/\/theplayoffs.news\/fr\/actualite-nfl\/adam-thielen-libere-par-les-vikings\/\",\"name\":\"Adam Thielen lib\u00e9r\u00e9 par les Vikings - The Playoffs FR\",\"isPartOf\":{\"@id\":\"https:\/\/theplayoffs.news\/fr\/#website\"},\"primaryImageOfPage\":{\"@id\":\"https:\/\/theplayoffs.news\/fr\/actualite-nfl\/adam-thielen-libere-par-les-vikings\/#primaryimage\"},\"image\":{\"@id\":\"https:\/\/theplayoffs.news\/fr\/actualite-nfl\/adam-thielen-libere-par-les-vikings\/#primaryimage\"},\"thumbnailUrl\":\"https:\/\/theplayoffs.news\/fr\/wp-content\/uploads\/2023\/03\/tinywow_Adam-Thielen-Dynasty-Profile-Fantasy-Outlook-Value-Projections-and-Rankings_16013799.jpg\",\"datePublished\":\"2023-03-10T15:12:31+00:00\",\"dateModified\":\"2023-03-10T15:12:31+00:00\",\"author\":{\"@id\":\"https:\/\/theplayoffs.news\/fr\/#\/schema\/person\/eee5b69ad5d3c51cabe881c839dbe133\"},\"breadcrumb\":{\"@id\":\"https:\/\/theplayoffs.news\/fr\/actualite-nfl\/adam-thielen-libere-par-les-vikings\/#breadcrumb\"},\"inLanguage\":\"fr-FR\",\"potentialAction\":[{\"@type\":\"ReadAction\",\"target\":[\"https:\/\/theplayoffs.news\/fr\/actualite-nfl\/adam-thielen-libere-par-les-vikings\/\"]}]},{\"@type\":\"ImageObject\",\"inLanguage\":\"fr-FR\",\"@id\":\"https:\/\/theplayoffs.news\/fr\/actualite-nfl\/adam-thielen-libere-par-les-vikings\/#primaryimage\",\"url\":\"https:\/\/theplayoffs.news\/fr\/wp-content\/uploads\/2023\/03\/tinywow_Adam-Thielen-Dynasty-Profile-Fantasy-Outlook-Value-Projections-and-Rankings_16013799.jpg\",\"contentUrl\":\"https:\/\/theplayoffs.news\/fr\/wp-content\/uploads\/2023\/03\/tinywow_Adam-Thielen-Dynasty-Profile-Fantasy-Outlook-Value-Projections-and-Rankings_16013799.jpg\",\"width\":1920,\"height\":1280,\"caption\":\"Adam Thielen\"},{\"@type\":\"BreadcrumbList\",\"@id\":\"https:\/\/theplayoffs.news\/fr\/actualite-nfl\/adam-thielen-libere-par-les-vikings\/#breadcrumb\",\"itemListElement\":[{\"@type\":\"ListItem\",\"position\":1,\"name\":\"Accueil\",\"item\":\"https:\/\/theplayoffs.news\/fr\/\"},{\"@type\":\"ListItem\",\"position\":2,\"name\":\"Adam Thielen lib\u00e9r\u00e9 par les Vikings\"}]},{\"@type\":\"WebSite\",\"@id\":\"https:\/\/theplayoffs.news\/fr\/#website\",\"url\":\"https:\/\/theplayoffs.news\/fr\/\",\"name\":\"The Playoffs FR\",\"description\":\"NBA-NFL-NHL-MLB\",\"potentialAction\":[{\"@type\":\"SearchAction\",\"target\":{\"@type\":\"EntryPoint\",\"urlTemplate\":\"https:\/\/theplayoffs.news\/fr\/?s={search_term_string}\"},\"query-input\":{\"@type\":\"PropertyValueSpecification\",\"valueRequired\":true,\"valueName\":\"search_term_string\"}}],\"inLanguage\":\"fr-FR\"},{\"@type\":\"Person\",\"@id\":\"https:\/\/theplayoffs.news\/fr\/#\/schema\/person\/eee5b69ad5d3c51cabe881c839dbe133\",\"name\":\"Charles Taudin\",\"image\":{\"@type\":\"ImageObject\",\"inLanguage\":\"fr-FR\",\"@id\":\"https:\/\/theplayoffs.news\/fr\/#\/schema\/person\/image\/\",\"url\":\"https:\/\/secure.gravatar.com\/avatar\/59a1e772205ce9fd255edfcafc93013736822e20261f294c5753b20c41ede9f2?s=96&d=mm&r=g\",\"contentUrl\":\"https:\/\/secure.gravatar.com\/avatar\/59a1e772205ce9fd255edfcafc93013736822e20261f294c5753b20c41ede9f2?s=96&d=mm&r=g\",\"caption\":\"Charles Taudin\"},\"description\":\"R\u00e9dacteur en chef global de The Playoffs, j\u2019ai cr\u00e9\u00e9 The Free Agent, devenu The Playoffs FR, en 2020 durant la pand\u00e9mie. Amoureux depuis des ann\u00e9es des 4 sports majeurs am\u00e9ricains, j\u2019organise maintenant la strat\u00e9gie \u00e9ditoriale et les r\u00e9seaux sociaux de l\u2019ensemble des versions de The Playoffs. Il m\u2019arrive encore d\u2019\u00e9crire sur certains sports que j\u2019affectionne particuli\u00e8rement comme la NFL ou la MLB. Si vous devez retenir qu\u2019une chose : Eli Manning est le vrai GOAT pour avoir battu deux fois Tom Brady.\",\"sameAs\":[\"https:\/\/www.instagram.com\/ctaudin_\/\"],\"url\":\"https:\/\/theplayoffs.news\/fr\/author\/charles-taudin\/\"}]}<\/script>\n<!-- \/ Yoast SEO plugin. -->","yoast_head_json":{"title":"Adam Thielen lib&eacute;r&eacute; par les Vikings - The Playoffs FR","robots":{"index":"index","follow":"follow","max-snippet":"max-snippet:-1","max-image-preview":"max-image-preview:large","max-video-preview":"max-video-preview:-1"},"canonical":"https:\/\/theplayoffs.news\/fr\/actualite-nfl\/adam-thielen-libere-par-les-vikings\/","og_locale":"fr_FR","og_type":"article","og_title":"Adam Thielen lib&eacute;r&eacute; par les Vikings - The Playoffs FR","og_url":"https:\/\/theplayoffs.news\/fr\/actualite-nfl\/adam-thielen-libere-par-les-vikings\/","og_site_name":"The Playoffs FR","article_publisher":"https:\/\/www.facebook.com\/TheFreeAgentFR\/","og_image":[{"width":1920,"height":1280,"url":"https:\/\/theplayoffs.news\/fr\/wp-content\/uploads\/2023\/03\/tinywow_Adam-Thielen-Dynasty-Profile-Fantasy-Outlook-Value-Projections-and-Rankings_16013799.jpg","type":"image\/jpeg"}],"author":"Charles Taudin","twitter_card":"summary_large_image","twitter_creator":"@TheFreeAgentFR","twitter_site":"@TheFreeAgentFR","twitter_misc":{"\u00c9crit par":"Charles Taudin","Dur\u00e9e de lecture estim\u00e9e":"1 minute"},"schema":{"@context":"https:\/\/schema.org","@graph":[{"@type":"WebPage","@id":"https:\/\/theplayoffs.news\/fr\/actualite-nfl\/adam-thielen-libere-par-les-vikings\/","url":"https:\/\/theplayoffs.news\/fr\/actualite-nfl\/adam-thielen-libere-par-les-vikings\/","name":"Adam Thielen lib\u00e9r\u00e9 par les Vikings - The Playoffs FR","isPartOf":{"@id":"https:\/\/theplayoffs.news\/fr\/#website"},"primaryImageOfPage":{"@id":"https:\/\/theplayoffs.news\/fr\/actualite-nfl\/adam-thielen-libere-par-les-vikings\/#primaryimage"},"image":{"@id":"https:\/\/theplayoffs.news\/fr\/actualite-nfl\/adam-thielen-libere-par-les-vikings\/#primaryimage"},"thumbnailUrl":"https:\/\/theplayoffs.news\/fr\/wp-content\/uploads\/2023\/03\/tinywow_Adam-Thielen-Dynasty-Profile-Fantasy-Outlook-Value-Projections-and-Rankings_16013799.jpg","datePublished":"2023-03-10T15:12:31+00:00","dateModified":"2023-03-10T15:12:31+00:00","author":{"@id":"https:\/\/theplayoffs.news\/fr\/#\/schema\/person\/eee5b69ad5d3c51cabe881c839dbe133"},"breadcrumb":{"@id":"https:\/\/theplayoffs.news\/fr\/actualite-nfl\/adam-thielen-libere-par-les-vikings\/#breadcrumb"},"inLanguage":"fr-FR","potentialAction":[{"@type":"ReadAction","target":["https:\/\/theplayoffs.news\/fr\/actualite-nfl\/adam-thielen-libere-par-les-vikings\/"]}]},{"@type":"ImageObject","inLanguage":"fr-FR","@id":"https:\/\/theplayoffs.news\/fr\/actualite-nfl\/adam-thielen-libere-par-les-vikings\/#primaryimage","url":"https:\/\/theplayoffs.news\/fr\/wp-content\/uploads\/2023\/03\/tinywow_Adam-Thielen-Dynasty-Profile-Fantasy-Outlook-Value-Projections-and-Rankings_16013799.jpg","contentUrl":"https:\/\/theplayoffs.news\/fr\/wp-content\/uploads\/2023\/03\/tinywow_Adam-Thielen-Dynasty-Profile-Fantasy-Outlook-Value-Projections-and-Rankings_16013799.jpg","width":1920,"height":1280,"caption":"Adam Thielen"},{"@type":"BreadcrumbList","@id":"https:\/\/theplayoffs.news\/fr\/actualite-nfl\/adam-thielen-libere-par-les-vikings\/#breadcrumb","itemListElement":[{"@type":"ListItem","position":1,"name":"Accueil","item":"https:\/\/theplayoffs.news\/fr\/"},{"@type":"ListItem","position":2,"name":"Adam Thielen lib\u00e9r\u00e9 par les Vikings"}]},{"@type":"WebSite","@id":"https:\/\/theplayoffs.news\/fr\/#website","url":"https:\/\/theplayoffs.news\/fr\/","name":"The Playoffs FR","description":"NBA-NFL-NHL-MLB","potentialAction":[{"@type":"SearchAction","target":{"@type":"EntryPoint","urlTemplate":"https:\/\/theplayoffs.news\/fr\/?s={search_term_string}"},"query-input":{"@type":"PropertyValueSpecification","valueRequired":true,"valueName":"search_term_string"}}],"inLanguage":"fr-FR"},{"@type":"Person","@id":"https:\/\/theplayoffs.news\/fr\/#\/schema\/person\/eee5b69ad5d3c51cabe881c839dbe133","name":"Charles Taudin","image":{"@type":"ImageObject","inLanguage":"fr-FR","@id":"https:\/\/theplayoffs.news\/fr\/#\/schema\/person\/image\/","url":"https:\/\/secure.gravatar.com\/avatar\/59a1e772205ce9fd255edfcafc93013736822e20261f294c5753b20c41ede9f2?s=96&d=mm&r=g","contentUrl":"https:\/\/secure.gravatar.com\/avatar\/59a1e772205ce9fd255edfcafc93013736822e20261f294c5753b20c41ede9f2?s=96&d=mm&r=g","caption":"Charles Taudin"},"description":"R\u00e9dacteur en chef global de The Playoffs, j\u2019ai cr\u00e9\u00e9 The Free Agent, devenu The Playoffs FR, en 2020 durant la pand\u00e9mie. Amoureux depuis des ann\u00e9es des 4 sports majeurs am\u00e9ricains, j\u2019organise maintenant la strat\u00e9gie \u00e9ditoriale et les r\u00e9seaux sociaux de l\u2019ensemble des versions de The Playoffs. Il m\u2019arrive encore d\u2019\u00e9crire sur certains sports que j\u2019affectionne particuli\u00e8rement comme la NFL ou la MLB. Si vous devez retenir qu\u2019une chose : Eli Manning est le vrai GOAT pour avoir battu deux fois Tom Brady.","sameAs":["https:\/\/www.instagram.com\/ctaudin_\/"],"url":"https:\/\/theplayoffs.news\/fr\/author\/charles-taudin\/"}]}},"_links":{"self":[{"href":"https:\/\/theplayoffs.news\/fr\/wp-json\/wp\/v2\/posts\/573011","targetHints":{"allow":["GET"]}}],"collection":[{"href":"https:\/\/theplayoffs.news\/fr\/wp-json\/wp\/v2\/posts"}],"about":[{"href":"https:\/\/theplayoffs.news\/fr\/wp-json\/wp\/v2\/types\/post"}],"author":[{"embeddable":true,"href":"https:\/\/theplayoffs.news\/fr\/wp-json\/wp\/v2\/users\/13"}],"replies":[{"embeddable":true,"href":"https:\/\/theplayoffs.news\/fr\/wp-json\/wp\/v2\/comments?post=573011"}],"version-history":[{"count":2,"href":"https:\/\/theplayoffs.news\/fr\/wp-json\/wp\/v2\/posts\/573011\/revisions"}],"predecessor-version":[{"id":573015,"href":"https:\/\/theplayoffs.news\/fr\/wp-json\/wp\/v2\/posts\/573011\/revisions\/573015"}],"wp:featuredmedia":[{"embeddable":true,"href":"https:\/\/theplayoffs.news\/fr\/wp-json\/wp\/v2\/media\/573012"}],"wp:attachment":[{"href":"https:\/\/theplayoffs.news\/fr\/wp-json\/wp\/v2\/media?parent=573011"}],"wp:term":[{"taxonomy":"category","embeddable":true,"href":"https:\/\/theplayoffs.news\/fr\/wp-json\/wp\/v2\/categories?post=573011"},{"taxonomy":"post_tag","embeddable":true,"href":"https:\/\/theplayoffs.news\/fr\/wp-json\/wp\/v2\/tags?post=573011"},{"taxonomy":"sport","embeddable":true,"href":"https:\/\/theplayoffs.news\/fr\/wp-json\/wp\/v2\/sport?post=573011"},{"taxonomy":"saison","embeddable":true,"href":"https:\/\/theplayoffs.news\/fr\/wp-json\/wp\/v2\/saison?post=573011"}],"curies":[{"name":"wp","href":"https:\/\/api.w.org\/{rel}","templated":true}]}}