{"id":572499,"date":"2023-03-09T07:35:39","date_gmt":"2023-03-09T06:35:39","guid":{"rendered":"https:\/\/theplayoffs.news\/fr\/?p=572499"},"modified":"2023-03-09T07:36:06","modified_gmt":"2023-03-09T06:36:06","slug":"kyrie-irving-et-dallas","status":"publish","type":"post","link":"https:\/\/theplayoffs.news\/fr\/actualite-nba\/kyrie-irving-et-dallas\/","title":{"rendered":"Kyrie Irving et Dallas ne se compl\u00e8tent pas"},"content":{"rendered":"<h2>Kyrie Irving et Dallas ne se compl&egrave;tent pas. Un mois apr&egrave;s l&rsquo;arriv&eacute;e du joueur en provenance des Brooklyn Nets, le bilan est de cinq victoires pour sept d&eacute;faites.<\/h2><p>&nbsp;<\/p><p><span id=\"p4\">L&rsquo;arriv&eacute;e&nbsp;de Kyrie Irving a suscit&eacute; beaucoup d&rsquo;espoir pour Dallas.<\/span><span id=\"p7\">&nbsp;&Agrave; ce jour le constat est un &eacute;chec.<\/span><\/p><p>&nbsp;<\/p><h3>Une arriv&eacute;e pleine de doutes<\/h3><p><span id=\"p86\">Comme <a href=\"https:\/\/theplayoffs.news\/fr\/nba-basketball\/l-arrivee-de-kyrie-irving-a-dallas\/\" class=\"trk-cta-link\" data-cta-trk='{\"ctaType\":\"Link\",\"ctaSubType\":\"main\"}'>nous le soulignions au moment de l&rsquo;arriv&eacute;e du joueur le 6 f&eacute;vrier<\/a>, il s&rsquo;agit d&rsquo;un coup pour Dallas et pour le joueur.<\/span><span id=\"p87\">&nbsp;Les enjeux pour les deux parties sont cruciaux.<\/span><span id=\"p88\">&nbsp;En cas d&rsquo;&eacute;chec &agrave; conqu&eacute;rir le titre cette ann&eacute;e, les cons&eacute;quences seront n&eacute;gatives pour toutes les parties.<\/span><\/p><p><span id=\"p89\">Les Dallas&nbsp;<span id=\"106\" class=\"s-rg-t\">Mavericks<\/span>&nbsp;ont hypoth&eacute;qu&eacute; leur avenir &agrave; moyen terme avec les d&eacute;parts de Spencer&nbsp;<span id=\"107\" class=\"s-rg-t\">Dinwiddie<\/span>&nbsp;et&nbsp;<span id=\"108\" class=\"s-rg-t\">Doriant<\/span>&nbsp;<span id=\"109\" class=\"s-rg-t\">Finney-Smith<\/span>.<\/span><span id=\"p90\">&nbsp;Luka&nbsp;<span id=\"110\" class=\"s-rg-t\">Doncic<\/span>&nbsp;perd une opportunit&eacute; suppl&eacute;mentaire d&rsquo;atteindre son objectif de gagner le titre.<\/span><span id=\"p91\"> Enfin, Kyrie Irving arrive en fin de contrat et son avenir est incertain.<\/span><\/p><h3><span id=\"p93\">Le bilan au bout d&rsquo;un mois<\/span><\/h3><p><span id=\"p94\">&nbsp;<\/span><span id=\"p95\">Avant l&rsquo;arriv&eacute;e d&rsquo;Irving, le bilan est de 29 victoires pour 26 d&eacute;faites soit 52,7 % de victoire.<\/span><span id=\"p96\">&nbsp;Le bilan au bout d&rsquo;un mois est de 34 victoires pour 33 d&eacute;faites avec un pourcentage de victoires en baisse &agrave; 50,7 %.<\/span><\/p><p><span id=\"p97\">Factuellement le bilan de cinq victoires pour sept d&eacute;faites montre que les r&eacute;sultats attendus ne sont pas l&agrave;.<\/span><span id=\"p98\">&nbsp;Avec la blessure de Luka&nbsp;<span id=\"111\" class=\"s-rg-t\">Doncic<\/span>&nbsp;ce soir, <a href=\"https:\/\/www.statmuse.com\/nba\/player\/kyrie-irving-1734\" class=\"trk-cta-link\" data-cta-trk='{\"ctaType\":\"Link\",\"ctaSubType\":\"main\"}'>Kyrie Irving<\/a> voit la responsabilit&eacute; des r&eacute;sultats de la franchise reposer enti&egrave;rement sur lui.<\/span><\/p><p><span id=\"p99\">La lutte pour les&nbsp;<span id=\"112\" class=\"s-rg-t\">play-off<\/span>&nbsp;et&nbsp;<span id=\"113\" class=\"s-rg-t\">play-inn<\/span>&nbsp;dans la conf&eacute;rence ouest est tellement forte qu&rsquo;il n&rsquo;y a pas de temps d&rsquo;adaptation possible pour cr&eacute;er des liens entre les joueurs.<\/span><span id=\"p100\">&nbsp;<span id=\"103\" class=\"s-rg-t\">Force<\/span>&nbsp;est de constater que dans le jeu Luka&nbsp;<span id=\"104\" class=\"s-rg-t\">Doncic<\/span>&nbsp;et Irving se r&eacute;partissent la marque, le travail d&eacute;fensif est douteux.<\/span><span id=\"p114\">&nbsp;En effet, les deux stars laissent souvent la responsabilit&eacute; de la d&eacute;fense &agrave; leurs co&eacute;quipiers.<\/span><\/p><p><span id=\"p102\">Il est donc difficile dans ce cas d&rsquo;esp&eacute;rer de meilleurs r&eacute;sultats.<\/span><\/p><blockquote class=\"twitter-tweet\" data-width=\"500\" data-dnt=\"true\">\n<p lang=\"en\" dir=\"ltr\">Oh my rook &#129327; <a href=\"https:\/\/t.co\/F5JKFNWw1U\" class=\"trk-cta-link\" data-cta-trk='{\"ctaType\":\"Link\",\"ctaSubType\":\"main\"}'>pic.twitter.com\/F5JKFNWw1U<\/a><\/p>\n<p>&mdash; Dallas Mavericks (@dallasmavs) <a href=\"https:\/\/twitter.com\/dallasmavs\/status\/1633659564330450944?ref_src=twsrc%5Etfw\" class=\"trk-cta-link\" data-cta-trk='{\"ctaType\":\"Link\",\"ctaSubType\":\"main\"}'>March 9, 2023<\/a><\/p><\/blockquote><p><script async src=\"https:\/\/platform.twitter.com\/widgets.js\" charset=\"utf-8\"><\/script><\/p><h3><span id=\"p41\">Un avenir incertain<\/span><\/h3><p><span id=\"p42\">La blessure de Luka <span id=\"69\" class=\"s-rg-t\">Doncic<\/span>&nbsp;dont on conna&icirc;tra l&rsquo;absence dans les prochaines heures et la fin du match contre les&nbsp;<span id=\"70\" class=\"s-rg-t\">Pelicans<\/span>&nbsp;ce soir montre la difficult&eacute; pour Irving d&rsquo;assumer seul la responsabilit&eacute; du jeu.<\/span><span id=\"p43\">&nbsp;La d&eacute;faite face &agrave; un concurrent direct, 113 &agrave; 106 pose plus de questions qu&rsquo;elle n&rsquo;apporte de r&eacute;ponse.<\/span><span id=\"p44\"><\/span><\/p><p><span id=\"p45\">La&nbsp;<span id=\"71\" class=\"s-rg-t\">Nouvelle Orl&eacute;ans<\/span>&nbsp;est&nbsp;priv&eacute;e&nbsp;de Brandon&nbsp;<span id=\"73\" class=\"s-rg-t\">Ingram<\/span>.<\/span><span id=\"p46\">&nbsp;<span id=\"74\" class=\"s-or-t\">C.J<\/span>&nbsp;<span id=\"75\" class=\"s-rg-t\">McCollum<\/span>&nbsp;prend la responsabilit&eacute; du jeu et inscrit les 13 premiers points de son &eacute;quipe dans le dernier quart-temps.<\/span><span id=\"p47\">&nbsp;<span id=\"76\" class=\"s-rg-t\">Kyrie Irving<\/span>&nbsp;et son entra&icirc;neur Jason&nbsp;<span id=\"77\" class=\"s-rg-t\">Kidd<\/span>&nbsp;tentent tout pour &eacute;viter la d&eacute;faite.<\/span><span id=\"p48\">&nbsp;Tous les joueurs inscrits sur la feuille de match sont d&eacute;j&agrave; entr&eacute;s en jeu avant la fin du&nbsp;<span id=\"78\" class=\"s-bl-t\">3&egrave;me<\/span>&nbsp;quart-temps.<\/span><span id=\"p49\"><\/span><\/p><p><span id=\"p50\"><span id=\"79\" class=\"s-rg-t\">Kyrie<\/span>&nbsp;essaye de maintenir son &eacute;quipe dans le&nbsp;match, mais&nbsp;la force collective des P&eacute;licans est sup&eacute;rieure &agrave; celle des&nbsp;<span id=\"81\" class=\"s-rg-t\">Mavericks<\/span>.<\/span><span id=\"p51\"><\/span><\/p><blockquote class=\"twitter-tweet\" data-width=\"500\" data-dnt=\"true\">\n<p lang=\"en\" dir=\"ltr\">On target &#127919; <a href=\"https:\/\/t.co\/sXtRjBpfrr\" class=\"trk-cta-link\" data-cta-trk='{\"ctaType\":\"Link\",\"ctaSubType\":\"main\"}'>pic.twitter.com\/sXtRjBpfrr<\/a><\/p>\n<p>&mdash; Dallas Mavericks (@dallasmavs) <a href=\"https:\/\/twitter.com\/dallasmavs\/status\/1633651440047517698?ref_src=twsrc%5Etfw\" class=\"trk-cta-link\" data-cta-trk='{\"ctaType\":\"Link\",\"ctaSubType\":\"main\"}'>March 9, 2023<\/a><\/p><\/blockquote><p><script async src=\"https:\/\/platform.twitter.com\/widgets.js\" charset=\"utf-8\"><\/script><\/p><p><span id=\"p52\">Il reste 15 matchs &agrave; disputer et si les Dallas&nbsp;<span id=\"82\">Mavericks<\/span>&nbsp;ne veulent pas se trouver confront&eacute;s &agrave; un &eacute;chec, Kyrie Irving doit &eacute;lever son niveau de jeu et justifier les attentes plac&eacute;es en lui par l&rsquo;&eacute;quipe dirigeante de l&rsquo;&eacute;quipe et des sacrifices conc&eacute;d&eacute;s.<\/span><\/p><p>&nbsp;<\/p><p>&nbsp;<\/p><p>&nbsp;<\/p>\n","protected":false},"excerpt":{"rendered":"","protected":false},"author":180309821,"featured_media":572641,"comment_status":"open","ping_status":"closed","sticky":false,"template":"","format":"standard","meta":{"inline_featured_image":false,"kia_subtitle":"","_mux_skip_reasons":[],"proofreadBy":0,"footnotes":""},"categories":[110,10],"tags":[499,595,1073,545],"sport":[2783],"saison":[3453],"class_list":["post-572499","post","type-post","status-publish","format-standard","has-post-thumbnail","hentry","category-actualite-nba","category-nba","tag-brooklyn-nets","tag-dallas-mavericks","tag-kyrie-irving","tag-luka-doncic","sport-nba","saison-3453"],"acf":[],"yoast_head":"<!-- This site is optimized with the Yoast SEO plugin v24.2 - https:\/\/yoast.com\/wordpress\/plugins\/seo\/ -->\n<title>Kyrie Irving et Dallas ne se compl&egrave;tent pas - The Playoffs FR<\/title>\n<meta name=\"robots\" content=\"index, follow, max-snippet:-1, max-image-preview:large, max-video-preview:-1\" \/>\n<link rel=\"canonical\" href=\"https:\/\/theplayoffs.news\/fr\/actualite-nba\/kyrie-irving-et-dallas\/\" \/>\n<meta property=\"og:locale\" content=\"fr_FR\" \/>\n<meta property=\"og:type\" content=\"article\" \/>\n<meta property=\"og:title\" content=\"Kyrie Irving et Dallas ne se compl&egrave;tent pas - The Playoffs FR\" \/>\n<meta property=\"og:url\" content=\"https:\/\/theplayoffs.news\/fr\/actualite-nba\/kyrie-irving-et-dallas\/\" \/>\n<meta property=\"og:site_name\" content=\"The Playoffs FR\" \/>\n<meta property=\"article:publisher\" content=\"https:\/\/www.facebook.com\/TheFreeAgentFR\/\" \/>\n<meta property=\"article:modified_time\" content=\"2023-03-09T07:36:06+01:00\" \/>\n<meta property=\"og:image\" content=\"https:\/\/theplayoffs.news\/fr\/wp-content\/uploads\/2023\/03\/Irving-dallas-1.jpg\" \/>\n\t<meta property=\"og:image:width\" content=\"1920\" \/>\n\t<meta property=\"og:image:height\" content=\"1080\" \/>\n\t<meta property=\"og:image:type\" content=\"image\/jpeg\" \/>\n<meta name=\"author\" content=\"Maxime Le Gorjus\" \/>\n<meta name=\"twitter:card\" content=\"summary_large_image\" \/>\n<meta name=\"twitter:creator\" content=\"@TheFreeAgentFR\" \/>\n<meta name=\"twitter:site\" content=\"@TheFreeAgentFR\" \/>\n<meta name=\"twitter:label1\" content=\"\u00c9crit par\" \/>\n\t<meta name=\"twitter:data1\" content=\"Maxime Le Gorjus\" \/>\n\t<meta name=\"twitter:label2\" content=\"Dur\u00e9e de lecture estim\u00e9e\" \/>\n\t<meta name=\"twitter:data2\" content=\"3 minutes\" \/>\n<script type=\"application\/ld+json\" class=\"yoast-schema-graph\">{\"@context\":\"https:\/\/schema.org\",\"@graph\":[{\"@type\":\"WebPage\",\"@id\":\"https:\/\/theplayoffs.news\/fr\/actualite-nba\/kyrie-irving-et-dallas\/\",\"url\":\"https:\/\/theplayoffs.news\/fr\/actualite-nba\/kyrie-irving-et-dallas\/\",\"name\":\"Kyrie Irving et Dallas ne se compl\u00e8tent pas - The Playoffs FR\",\"isPartOf\":{\"@id\":\"https:\/\/theplayoffs.news\/fr\/#website\"},\"primaryImageOfPage\":{\"@id\":\"https:\/\/theplayoffs.news\/fr\/actualite-nba\/kyrie-irving-et-dallas\/#primaryimage\"},\"image\":{\"@id\":\"https:\/\/theplayoffs.news\/fr\/actualite-nba\/kyrie-irving-et-dallas\/#primaryimage\"},\"thumbnailUrl\":\"https:\/\/theplayoffs.news\/fr\/wp-content\/uploads\/2023\/03\/Irving-dallas-1.jpg\",\"datePublished\":\"2023-03-09T06:35:39+00:00\",\"dateModified\":\"2023-03-09T06:36:06+00:00\",\"author\":{\"@id\":\"https:\/\/theplayoffs.news\/fr\/#\/schema\/person\/e71dc12410195fc77183dda929d3a10c\"},\"breadcrumb\":{\"@id\":\"https:\/\/theplayoffs.news\/fr\/actualite-nba\/kyrie-irving-et-dallas\/#breadcrumb\"},\"inLanguage\":\"fr-FR\",\"potentialAction\":[{\"@type\":\"ReadAction\",\"target\":[\"https:\/\/theplayoffs.news\/fr\/actualite-nba\/kyrie-irving-et-dallas\/\"]}]},{\"@type\":\"ImageObject\",\"inLanguage\":\"fr-FR\",\"@id\":\"https:\/\/theplayoffs.news\/fr\/actualite-nba\/kyrie-irving-et-dallas\/#primaryimage\",\"url\":\"https:\/\/theplayoffs.news\/fr\/wp-content\/uploads\/2023\/03\/Irving-dallas-1.jpg\",\"contentUrl\":\"https:\/\/theplayoffs.news\/fr\/wp-content\/uploads\/2023\/03\/Irving-dallas-1.jpg\",\"width\":1920,\"height\":1080,\"caption\":\"Kyrie Irving\"},{\"@type\":\"BreadcrumbList\",\"@id\":\"https:\/\/theplayoffs.news\/fr\/actualite-nba\/kyrie-irving-et-dallas\/#breadcrumb\",\"itemListElement\":[{\"@type\":\"ListItem\",\"position\":1,\"name\":\"Accueil\",\"item\":\"https:\/\/theplayoffs.news\/fr\/\"},{\"@type\":\"ListItem\",\"position\":2,\"name\":\"Kyrie Irving et Dallas ne se compl\u00e8tent pas\"}]},{\"@type\":\"WebSite\",\"@id\":\"https:\/\/theplayoffs.news\/fr\/#website\",\"url\":\"https:\/\/theplayoffs.news\/fr\/\",\"name\":\"The Playoffs FR\",\"description\":\"NBA-NFL-NHL-MLB\",\"potentialAction\":[{\"@type\":\"SearchAction\",\"target\":{\"@type\":\"EntryPoint\",\"urlTemplate\":\"https:\/\/theplayoffs.news\/fr\/?s={search_term_string}\"},\"query-input\":{\"@type\":\"PropertyValueSpecification\",\"valueRequired\":true,\"valueName\":\"search_term_string\"}}],\"inLanguage\":\"fr-FR\"},{\"@type\":\"Person\",\"@id\":\"https:\/\/theplayoffs.news\/fr\/#\/schema\/person\/e71dc12410195fc77183dda929d3a10c\",\"name\":\"Maxime Le Gorjus\",\"image\":{\"@type\":\"ImageObject\",\"inLanguage\":\"fr-FR\",\"@id\":\"https:\/\/theplayoffs.news\/fr\/#\/schema\/person\/image\/\",\"url\":\"https:\/\/secure.gravatar.com\/avatar\/e9d907366de9735d771ce06fa32e62740f99d507b84a46e08ed7e5e05c120b42?s=96&d=mm&r=g\",\"contentUrl\":\"https:\/\/secure.gravatar.com\/avatar\/e9d907366de9735d771ce06fa32e62740f99d507b84a46e08ed7e5e05c120b42?s=96&d=mm&r=g\",\"caption\":\"Maxime Le Gorjus\"},\"url\":\"https:\/\/theplayoffs.news\/fr\/author\/maximelegorjus\/\"}]}<\/script>\n<!-- \/ Yoast SEO plugin. -->","yoast_head_json":{"title":"Kyrie Irving et Dallas ne se compl&egrave;tent pas - The Playoffs FR","robots":{"index":"index","follow":"follow","max-snippet":"max-snippet:-1","max-image-preview":"max-image-preview:large","max-video-preview":"max-video-preview:-1"},"canonical":"https:\/\/theplayoffs.news\/fr\/actualite-nba\/kyrie-irving-et-dallas\/","og_locale":"fr_FR","og_type":"article","og_title":"Kyrie Irving et Dallas ne se compl&egrave;tent pas - The Playoffs FR","og_url":"https:\/\/theplayoffs.news\/fr\/actualite-nba\/kyrie-irving-et-dallas\/","og_site_name":"The Playoffs FR","article_publisher":"https:\/\/www.facebook.com\/TheFreeAgentFR\/","article_modified_time":"2023-03-09T06:36:06+00:00","og_image":[{"width":1920,"height":1080,"url":"https:\/\/theplayoffs.news\/fr\/wp-content\/uploads\/2023\/03\/Irving-dallas-1.jpg","type":"image\/jpeg"}],"author":"Maxime Le Gorjus","twitter_card":"summary_large_image","twitter_creator":"@TheFreeAgentFR","twitter_site":"@TheFreeAgentFR","twitter_misc":{"\u00c9crit par":"Maxime Le Gorjus","Dur\u00e9e de lecture estim\u00e9e":"3 minutes"},"schema":{"@context":"https:\/\/schema.org","@graph":[{"@type":"WebPage","@id":"https:\/\/theplayoffs.news\/fr\/actualite-nba\/kyrie-irving-et-dallas\/","url":"https:\/\/theplayoffs.news\/fr\/actualite-nba\/kyrie-irving-et-dallas\/","name":"Kyrie Irving et Dallas ne se compl\u00e8tent pas - The Playoffs FR","isPartOf":{"@id":"https:\/\/theplayoffs.news\/fr\/#website"},"primaryImageOfPage":{"@id":"https:\/\/theplayoffs.news\/fr\/actualite-nba\/kyrie-irving-et-dallas\/#primaryimage"},"image":{"@id":"https:\/\/theplayoffs.news\/fr\/actualite-nba\/kyrie-irving-et-dallas\/#primaryimage"},"thumbnailUrl":"https:\/\/theplayoffs.news\/fr\/wp-content\/uploads\/2023\/03\/Irving-dallas-1.jpg","datePublished":"2023-03-09T06:35:39+00:00","dateModified":"2023-03-09T06:36:06+00:00","author":{"@id":"https:\/\/theplayoffs.news\/fr\/#\/schema\/person\/e71dc12410195fc77183dda929d3a10c"},"breadcrumb":{"@id":"https:\/\/theplayoffs.news\/fr\/actualite-nba\/kyrie-irving-et-dallas\/#breadcrumb"},"inLanguage":"fr-FR","potentialAction":[{"@type":"ReadAction","target":["https:\/\/theplayoffs.news\/fr\/actualite-nba\/kyrie-irving-et-dallas\/"]}]},{"@type":"ImageObject","inLanguage":"fr-FR","@id":"https:\/\/theplayoffs.news\/fr\/actualite-nba\/kyrie-irving-et-dallas\/#primaryimage","url":"https:\/\/theplayoffs.news\/fr\/wp-content\/uploads\/2023\/03\/Irving-dallas-1.jpg","contentUrl":"https:\/\/theplayoffs.news\/fr\/wp-content\/uploads\/2023\/03\/Irving-dallas-1.jpg","width":1920,"height":1080,"caption":"Kyrie Irving"},{"@type":"BreadcrumbList","@id":"https:\/\/theplayoffs.news\/fr\/actualite-nba\/kyrie-irving-et-dallas\/#breadcrumb","itemListElement":[{"@type":"ListItem","position":1,"name":"Accueil","item":"https:\/\/theplayoffs.news\/fr\/"},{"@type":"ListItem","position":2,"name":"Kyrie Irving et Dallas ne se compl\u00e8tent pas"}]},{"@type":"WebSite","@id":"https:\/\/theplayoffs.news\/fr\/#website","url":"https:\/\/theplayoffs.news\/fr\/","name":"The Playoffs FR","description":"NBA-NFL-NHL-MLB","potentialAction":[{"@type":"SearchAction","target":{"@type":"EntryPoint","urlTemplate":"https:\/\/theplayoffs.news\/fr\/?s={search_term_string}"},"query-input":{"@type":"PropertyValueSpecification","valueRequired":true,"valueName":"search_term_string"}}],"inLanguage":"fr-FR"},{"@type":"Person","@id":"https:\/\/theplayoffs.news\/fr\/#\/schema\/person\/e71dc12410195fc77183dda929d3a10c","name":"Maxime Le Gorjus","image":{"@type":"ImageObject","inLanguage":"fr-FR","@id":"https:\/\/theplayoffs.news\/fr\/#\/schema\/person\/image\/","url":"https:\/\/secure.gravatar.com\/avatar\/e9d907366de9735d771ce06fa32e62740f99d507b84a46e08ed7e5e05c120b42?s=96&d=mm&r=g","contentUrl":"https:\/\/secure.gravatar.com\/avatar\/e9d907366de9735d771ce06fa32e62740f99d507b84a46e08ed7e5e05c120b42?s=96&d=mm&r=g","caption":"Maxime Le Gorjus"},"url":"https:\/\/theplayoffs.news\/fr\/author\/maximelegorjus\/"}]}},"_links":{"self":[{"href":"https:\/\/theplayoffs.news\/fr\/wp-json\/wp\/v2\/posts\/572499","targetHints":{"allow":["GET"]}}],"collection":[{"href":"https:\/\/theplayoffs.news\/fr\/wp-json\/wp\/v2\/posts"}],"about":[{"href":"https:\/\/theplayoffs.news\/fr\/wp-json\/wp\/v2\/types\/post"}],"author":[{"embeddable":true,"href":"https:\/\/theplayoffs.news\/fr\/wp-json\/wp\/v2\/users\/180309821"}],"replies":[{"embeddable":true,"href":"https:\/\/theplayoffs.news\/fr\/wp-json\/wp\/v2\/comments?post=572499"}],"version-history":[{"count":4,"href":"https:\/\/theplayoffs.news\/fr\/wp-json\/wp\/v2\/posts\/572499\/revisions"}],"predecessor-version":[{"id":572647,"href":"https:\/\/theplayoffs.news\/fr\/wp-json\/wp\/v2\/posts\/572499\/revisions\/572647"}],"wp:featuredmedia":[{"embeddable":true,"href":"https:\/\/theplayoffs.news\/fr\/wp-json\/wp\/v2\/media\/572641"}],"wp:attachment":[{"href":"https:\/\/theplayoffs.news\/fr\/wp-json\/wp\/v2\/media?parent=572499"}],"wp:term":[{"taxonomy":"category","embeddable":true,"href":"https:\/\/theplayoffs.news\/fr\/wp-json\/wp\/v2\/categories?post=572499"},{"taxonomy":"post_tag","embeddable":true,"href":"https:\/\/theplayoffs.news\/fr\/wp-json\/wp\/v2\/tags?post=572499"},{"taxonomy":"sport","embeddable":true,"href":"https:\/\/theplayoffs.news\/fr\/wp-json\/wp\/v2\/sport?post=572499"},{"taxonomy":"saison","embeddable":true,"href":"https:\/\/theplayoffs.news\/fr\/wp-json\/wp\/v2\/saison?post=572499"}],"curies":[{"name":"wp","href":"https:\/\/api.w.org\/{rel}","templated":true}]}}