{"id":572229,"date":"2023-03-08T06:45:12","date_gmt":"2023-03-08T05:45:12","guid":{"rendered":"https:\/\/theplayoffs.news\/fr\/?p=572229"},"modified":"2023-03-08T06:48:05","modified_gmt":"2023-03-08T05:48:05","slug":"meme-en-back-to-back-embiid-ne-baisse-pas-de-regime","status":"publish","type":"post","link":"https:\/\/theplayoffs.news\/fr\/actualite-nba\/meme-en-back-to-back-embiid-ne-baisse-pas-de-regime\/","title":{"rendered":"M\u00eame en back-to-back, Embiid ne baisse pas de r\u00e9gime"},"content":{"rendered":"<h2>Les Sixers de Philadelphie n&rsquo;ont pas fait durer le suspense la nuit derni&egrave;re sur le parquet des Timberwolves (117-94). Jo&euml;l Embiid a &eacute;t&eacute; stratosph&eacute;rique avec ses 39 points inscrits.<\/h2><p>Avec un Jo&euml;l Embiid &agrave; ce niveau, rien ne peut arriver &agrave; cette &eacute;quipe des <strong>Sixers<\/strong>. Philadelphie a ma&icirc;tris&eacute; son sujet face aux <strong>Timberwolves de Minnesota<\/strong> (117-94). Le pivot n&rsquo;a pas eu de temps &agrave; perdre et a inscrit <strong>39 points<\/strong> la nuit derni&egrave;re.<\/p><blockquote class=\"twitter-tweet\" data-width=\"500\" data-dnt=\"true\">\n<p lang=\"en\" dir=\"ltr\">Embiid and the Sixers dominate on the road &#128170;&#127998;&#128293; <a href=\"https:\/\/t.co\/HIJZH7zfps\" class=\"trk-cta-link\" data-cta-trk='{\"ctaType\":\"Link\",\"ctaSubType\":\"main\"}'>pic.twitter.com\/HIJZH7zfps<\/a><\/p>\n<p>&mdash; NBA on TNT (@NBAonTNT) <a href=\"https:\/\/twitter.com\/NBAonTNT\/status\/1633299502848258054?ref_src=twsrc%5Etfw\" class=\"trk-cta-link\" data-cta-trk='{\"ctaType\":\"Link\",\"ctaSubType\":\"main\"}'>March 8, 2023<\/a><\/p><\/blockquote><p><script async src=\"https:\/\/platform.twitter.com\/widgets.js\" charset=\"utf-8\"><\/script><\/p><p>La bascule a &eacute;t&eacute; ce troisi&egrave;me quart temps o&ugrave; il s&rsquo;est clairement balad&eacute; dans la d&eacute;fense des Timberwolves. Embiid a inscrit <a href=\"https:\/\/twitter.com\/sixers\/status\/1633290506653278208\" class=\"trk-cta-link\" data-cta-trk='{\"ctaType\":\"Link\",\"ctaSubType\":\"main\"}'>22 des 29 points de son &eacute;quipe<\/a> durant cette p&eacute;riode et surtout, il n&rsquo;est qu&rsquo;&agrave; un point du total inscrit par <strong>Minnesota<\/strong> qui termine le 3&egrave; quart temps avec <strong>23 points<\/strong>. C&rsquo;est tout simplement fou.<\/p><p>Ajoutez &agrave; ses 39 points, dont un tr&egrave;s joli <strong>4\/4 &agrave; 3 points, ses 7 rebonds et 3 contres<\/strong>, le tout en<a href=\"https:\/\/twitter.com\/sixers\/status\/1633302818281881601\" class=\"trk-cta-link\" data-cta-trk='{\"ctaType\":\"Link\",\"ctaSubType\":\"main\"}'> 28 minutes<\/a>. Lorsque le pivot d&rsquo;origine camerounaise est dans son match, les solutions sont minces pour pouvoir l&rsquo;arr&ecirc;ter.<\/p><p>Il a bien &eacute;t&eacute; suivi par un tr&egrave;s bon <strong>Tyrese Maxey<\/strong> avec <strong>27 points et 5 passes<\/strong>.<\/p><p>En face, <a href=\"https:\/\/theplayoffs.news\/fr\/joueur\/anthony-edwards-nba-9188536\/\" class=\"trk-cta-link\" data-cta-trk='{\"ctaType\":\"Link\",\"ctaSubType\":\"main\"}'>Anthony Edwards<\/a> &eacute;tait bien trop seul pour esp&eacute;rer l&rsquo;emporter. Il termine la partie avec <strong>32 points<\/strong> dont un <strong>5\/10 &agrave; 3 points<\/strong> et <strong>7 rebonds<\/strong>.<\/p><p>Le <strong>candidat au titre de MVP<\/strong> cette saison a montr&eacute; ce pourquoi il faisait partie de la discussion encore une fois, et ce, en l&rsquo;espace de 24 heures. La veille, il avait inscrit 42 points lors de la victoire des siens sur le parquet des <strong>Pacers d&rsquo;Indiana<\/strong> (147-143).<\/p>\n","protected":false},"excerpt":{"rendered":"","protected":false},"author":180310140,"featured_media":572298,"comment_status":"open","ping_status":"closed","sticky":false,"template":"","format":"standard","meta":{"inline_featured_image":false,"kia_subtitle":"","_mux_skip_reasons":[],"proofreadBy":0,"footnotes":""},"categories":[110,10],"tags":[742,5522],"sport":[],"saison":[],"class_list":["post-572229","post","type-post","status-publish","format-standard","has-post-thumbnail","hentry","category-actualite-nba","category-nba","tag-joel-embiid","tag-philadelphia-sixers"],"acf":[],"yoast_head":"<!-- This site is optimized with the Yoast SEO plugin v24.2 - https:\/\/yoast.com\/wordpress\/plugins\/seo\/ -->\n<title>M&ecirc;me en back-to-back, Embiid ne baisse pas de r&eacute;gime - The Playoffs FR<\/title>\n<meta name=\"robots\" content=\"index, follow, max-snippet:-1, max-image-preview:large, max-video-preview:-1\" \/>\n<link rel=\"canonical\" href=\"https:\/\/theplayoffs.news\/fr\/actualite-nba\/meme-en-back-to-back-embiid-ne-baisse-pas-de-regime\/\" \/>\n<meta property=\"og:locale\" content=\"fr_FR\" \/>\n<meta property=\"og:type\" content=\"article\" \/>\n<meta property=\"og:title\" content=\"M&ecirc;me en back-to-back, Embiid ne baisse pas de r&eacute;gime - The Playoffs FR\" \/>\n<meta property=\"og:url\" content=\"https:\/\/theplayoffs.news\/fr\/actualite-nba\/meme-en-back-to-back-embiid-ne-baisse-pas-de-regime\/\" \/>\n<meta property=\"og:site_name\" content=\"The Playoffs FR\" \/>\n<meta property=\"article:publisher\" content=\"https:\/\/www.facebook.com\/TheFreeAgentFR\/\" \/>\n<meta property=\"article:modified_time\" content=\"2023-03-08T06:48:05+01:00\" \/>\n<meta property=\"og:image\" content=\"https:\/\/theplayoffs.news\/fr\/wp-content\/uploads\/2023\/03\/Joel-Embiid.jpeg\" \/>\n\t<meta property=\"og:image:width\" content=\"1200\" \/>\n\t<meta property=\"og:image:height\" content=\"800\" \/>\n\t<meta property=\"og:image:type\" content=\"image\/jpeg\" \/>\n<meta name=\"author\" content=\"Theophile Batica-ferreira\" \/>\n<meta name=\"twitter:card\" content=\"summary_large_image\" \/>\n<meta name=\"twitter:creator\" content=\"@TheFreeAgentFR\" \/>\n<meta name=\"twitter:site\" content=\"@TheFreeAgentFR\" \/>\n<meta name=\"twitter:label1\" content=\"\u00c9crit par\" \/>\n\t<meta name=\"twitter:data1\" content=\"Theophile Batica-ferreira\" \/>\n\t<meta name=\"twitter:label2\" content=\"Dur\u00e9e de lecture estim\u00e9e\" \/>\n\t<meta name=\"twitter:data2\" content=\"1 minute\" \/>\n<script type=\"application\/ld+json\" class=\"yoast-schema-graph\">{\"@context\":\"https:\/\/schema.org\",\"@graph\":[{\"@type\":\"WebPage\",\"@id\":\"https:\/\/theplayoffs.news\/fr\/actualite-nba\/meme-en-back-to-back-embiid-ne-baisse-pas-de-regime\/\",\"url\":\"https:\/\/theplayoffs.news\/fr\/actualite-nba\/meme-en-back-to-back-embiid-ne-baisse-pas-de-regime\/\",\"name\":\"M\u00eame en back-to-back, Embiid ne baisse pas de r\u00e9gime - The Playoffs FR\",\"isPartOf\":{\"@id\":\"https:\/\/theplayoffs.news\/fr\/#website\"},\"primaryImageOfPage\":{\"@id\":\"https:\/\/theplayoffs.news\/fr\/actualite-nba\/meme-en-back-to-back-embiid-ne-baisse-pas-de-regime\/#primaryimage\"},\"image\":{\"@id\":\"https:\/\/theplayoffs.news\/fr\/actualite-nba\/meme-en-back-to-back-embiid-ne-baisse-pas-de-regime\/#primaryimage\"},\"thumbnailUrl\":\"https:\/\/theplayoffs.news\/fr\/wp-content\/uploads\/2023\/03\/Joel-Embiid.jpeg\",\"datePublished\":\"2023-03-08T05:45:12+00:00\",\"dateModified\":\"2023-03-08T05:48:05+00:00\",\"author\":{\"@id\":\"https:\/\/theplayoffs.news\/fr\/#\/schema\/person\/28782e5d11e28ced1db43166cecdaae9\"},\"breadcrumb\":{\"@id\":\"https:\/\/theplayoffs.news\/fr\/actualite-nba\/meme-en-back-to-back-embiid-ne-baisse-pas-de-regime\/#breadcrumb\"},\"inLanguage\":\"fr-FR\",\"potentialAction\":[{\"@type\":\"ReadAction\",\"target\":[\"https:\/\/theplayoffs.news\/fr\/actualite-nba\/meme-en-back-to-back-embiid-ne-baisse-pas-de-regime\/\"]}]},{\"@type\":\"ImageObject\",\"inLanguage\":\"fr-FR\",\"@id\":\"https:\/\/theplayoffs.news\/fr\/actualite-nba\/meme-en-back-to-back-embiid-ne-baisse-pas-de-regime\/#primaryimage\",\"url\":\"https:\/\/theplayoffs.news\/fr\/wp-content\/uploads\/2023\/03\/Joel-Embiid.jpeg\",\"contentUrl\":\"https:\/\/theplayoffs.news\/fr\/wp-content\/uploads\/2023\/03\/Joel-Embiid.jpeg\",\"width\":1200,\"height\":800,\"caption\":\"Jo\u00ebl Embiid\"},{\"@type\":\"BreadcrumbList\",\"@id\":\"https:\/\/theplayoffs.news\/fr\/actualite-nba\/meme-en-back-to-back-embiid-ne-baisse-pas-de-regime\/#breadcrumb\",\"itemListElement\":[{\"@type\":\"ListItem\",\"position\":1,\"name\":\"Accueil\",\"item\":\"https:\/\/theplayoffs.news\/fr\/\"},{\"@type\":\"ListItem\",\"position\":2,\"name\":\"M\u00eame en back-to-back, Embiid ne baisse pas de r\u00e9gime\"}]},{\"@type\":\"WebSite\",\"@id\":\"https:\/\/theplayoffs.news\/fr\/#website\",\"url\":\"https:\/\/theplayoffs.news\/fr\/\",\"name\":\"The Playoffs FR\",\"description\":\"NBA-NFL-NHL-MLB\",\"potentialAction\":[{\"@type\":\"SearchAction\",\"target\":{\"@type\":\"EntryPoint\",\"urlTemplate\":\"https:\/\/theplayoffs.news\/fr\/?s={search_term_string}\"},\"query-input\":{\"@type\":\"PropertyValueSpecification\",\"valueRequired\":true,\"valueName\":\"search_term_string\"}}],\"inLanguage\":\"fr-FR\"},{\"@type\":\"Person\",\"@id\":\"https:\/\/theplayoffs.news\/fr\/#\/schema\/person\/28782e5d11e28ced1db43166cecdaae9\",\"name\":\"Theophile Batica-ferreira\",\"image\":{\"@type\":\"ImageObject\",\"inLanguage\":\"fr-FR\",\"@id\":\"https:\/\/theplayoffs.news\/fr\/#\/schema\/person\/image\/\",\"url\":\"https:\/\/secure.gravatar.com\/avatar\/2a8200ad0411f8ebd27c6b41622c1d7589cdf53cfc6c271372dbe6fbfd1e8159?s=96&d=mm&r=g\",\"contentUrl\":\"https:\/\/secure.gravatar.com\/avatar\/2a8200ad0411f8ebd27c6b41622c1d7589cdf53cfc6c271372dbe6fbfd1e8159?s=96&d=mm&r=g\",\"caption\":\"Theophile Batica-ferreira\"},\"url\":\"https:\/\/theplayoffs.news\/fr\/author\/theophile-batica-ferreiramediaschool-me\/\"}]}<\/script>\n<!-- \/ Yoast SEO plugin. -->","yoast_head_json":{"title":"M&ecirc;me en back-to-back, Embiid ne baisse pas de r&eacute;gime - The Playoffs FR","robots":{"index":"index","follow":"follow","max-snippet":"max-snippet:-1","max-image-preview":"max-image-preview:large","max-video-preview":"max-video-preview:-1"},"canonical":"https:\/\/theplayoffs.news\/fr\/actualite-nba\/meme-en-back-to-back-embiid-ne-baisse-pas-de-regime\/","og_locale":"fr_FR","og_type":"article","og_title":"M&ecirc;me en back-to-back, Embiid ne baisse pas de r&eacute;gime - The Playoffs FR","og_url":"https:\/\/theplayoffs.news\/fr\/actualite-nba\/meme-en-back-to-back-embiid-ne-baisse-pas-de-regime\/","og_site_name":"The Playoffs FR","article_publisher":"https:\/\/www.facebook.com\/TheFreeAgentFR\/","article_modified_time":"2023-03-08T05:48:05+00:00","og_image":[{"width":1200,"height":800,"url":"https:\/\/theplayoffs.news\/fr\/wp-content\/uploads\/2023\/03\/Joel-Embiid.jpeg","type":"image\/jpeg"}],"author":"Theophile Batica-ferreira","twitter_card":"summary_large_image","twitter_creator":"@TheFreeAgentFR","twitter_site":"@TheFreeAgentFR","twitter_misc":{"\u00c9crit par":"Theophile Batica-ferreira","Dur\u00e9e de lecture estim\u00e9e":"1 minute"},"schema":{"@context":"https:\/\/schema.org","@graph":[{"@type":"WebPage","@id":"https:\/\/theplayoffs.news\/fr\/actualite-nba\/meme-en-back-to-back-embiid-ne-baisse-pas-de-regime\/","url":"https:\/\/theplayoffs.news\/fr\/actualite-nba\/meme-en-back-to-back-embiid-ne-baisse-pas-de-regime\/","name":"M\u00eame en back-to-back, Embiid ne baisse pas de r\u00e9gime - The Playoffs FR","isPartOf":{"@id":"https:\/\/theplayoffs.news\/fr\/#website"},"primaryImageOfPage":{"@id":"https:\/\/theplayoffs.news\/fr\/actualite-nba\/meme-en-back-to-back-embiid-ne-baisse-pas-de-regime\/#primaryimage"},"image":{"@id":"https:\/\/theplayoffs.news\/fr\/actualite-nba\/meme-en-back-to-back-embiid-ne-baisse-pas-de-regime\/#primaryimage"},"thumbnailUrl":"https:\/\/theplayoffs.news\/fr\/wp-content\/uploads\/2023\/03\/Joel-Embiid.jpeg","datePublished":"2023-03-08T05:45:12+00:00","dateModified":"2023-03-08T05:48:05+00:00","author":{"@id":"https:\/\/theplayoffs.news\/fr\/#\/schema\/person\/28782e5d11e28ced1db43166cecdaae9"},"breadcrumb":{"@id":"https:\/\/theplayoffs.news\/fr\/actualite-nba\/meme-en-back-to-back-embiid-ne-baisse-pas-de-regime\/#breadcrumb"},"inLanguage":"fr-FR","potentialAction":[{"@type":"ReadAction","target":["https:\/\/theplayoffs.news\/fr\/actualite-nba\/meme-en-back-to-back-embiid-ne-baisse-pas-de-regime\/"]}]},{"@type":"ImageObject","inLanguage":"fr-FR","@id":"https:\/\/theplayoffs.news\/fr\/actualite-nba\/meme-en-back-to-back-embiid-ne-baisse-pas-de-regime\/#primaryimage","url":"https:\/\/theplayoffs.news\/fr\/wp-content\/uploads\/2023\/03\/Joel-Embiid.jpeg","contentUrl":"https:\/\/theplayoffs.news\/fr\/wp-content\/uploads\/2023\/03\/Joel-Embiid.jpeg","width":1200,"height":800,"caption":"Jo\u00ebl Embiid"},{"@type":"BreadcrumbList","@id":"https:\/\/theplayoffs.news\/fr\/actualite-nba\/meme-en-back-to-back-embiid-ne-baisse-pas-de-regime\/#breadcrumb","itemListElement":[{"@type":"ListItem","position":1,"name":"Accueil","item":"https:\/\/theplayoffs.news\/fr\/"},{"@type":"ListItem","position":2,"name":"M\u00eame en back-to-back, Embiid ne baisse pas de r\u00e9gime"}]},{"@type":"WebSite","@id":"https:\/\/theplayoffs.news\/fr\/#website","url":"https:\/\/theplayoffs.news\/fr\/","name":"The Playoffs FR","description":"NBA-NFL-NHL-MLB","potentialAction":[{"@type":"SearchAction","target":{"@type":"EntryPoint","urlTemplate":"https:\/\/theplayoffs.news\/fr\/?s={search_term_string}"},"query-input":{"@type":"PropertyValueSpecification","valueRequired":true,"valueName":"search_term_string"}}],"inLanguage":"fr-FR"},{"@type":"Person","@id":"https:\/\/theplayoffs.news\/fr\/#\/schema\/person\/28782e5d11e28ced1db43166cecdaae9","name":"Theophile Batica-ferreira","image":{"@type":"ImageObject","inLanguage":"fr-FR","@id":"https:\/\/theplayoffs.news\/fr\/#\/schema\/person\/image\/","url":"https:\/\/secure.gravatar.com\/avatar\/2a8200ad0411f8ebd27c6b41622c1d7589cdf53cfc6c271372dbe6fbfd1e8159?s=96&d=mm&r=g","contentUrl":"https:\/\/secure.gravatar.com\/avatar\/2a8200ad0411f8ebd27c6b41622c1d7589cdf53cfc6c271372dbe6fbfd1e8159?s=96&d=mm&r=g","caption":"Theophile Batica-ferreira"},"url":"https:\/\/theplayoffs.news\/fr\/author\/theophile-batica-ferreiramediaschool-me\/"}]}},"_links":{"self":[{"href":"https:\/\/theplayoffs.news\/fr\/wp-json\/wp\/v2\/posts\/572229","targetHints":{"allow":["GET"]}}],"collection":[{"href":"https:\/\/theplayoffs.news\/fr\/wp-json\/wp\/v2\/posts"}],"about":[{"href":"https:\/\/theplayoffs.news\/fr\/wp-json\/wp\/v2\/types\/post"}],"author":[{"embeddable":true,"href":"https:\/\/theplayoffs.news\/fr\/wp-json\/wp\/v2\/users\/180310140"}],"replies":[{"embeddable":true,"href":"https:\/\/theplayoffs.news\/fr\/wp-json\/wp\/v2\/comments?post=572229"}],"version-history":[{"count":2,"href":"https:\/\/theplayoffs.news\/fr\/wp-json\/wp\/v2\/posts\/572229\/revisions"}],"predecessor-version":[{"id":572303,"href":"https:\/\/theplayoffs.news\/fr\/wp-json\/wp\/v2\/posts\/572229\/revisions\/572303"}],"wp:featuredmedia":[{"embeddable":true,"href":"https:\/\/theplayoffs.news\/fr\/wp-json\/wp\/v2\/media\/572298"}],"wp:attachment":[{"href":"https:\/\/theplayoffs.news\/fr\/wp-json\/wp\/v2\/media?parent=572229"}],"wp:term":[{"taxonomy":"category","embeddable":true,"href":"https:\/\/theplayoffs.news\/fr\/wp-json\/wp\/v2\/categories?post=572229"},{"taxonomy":"post_tag","embeddable":true,"href":"https:\/\/theplayoffs.news\/fr\/wp-json\/wp\/v2\/tags?post=572229"},{"taxonomy":"sport","embeddable":true,"href":"https:\/\/theplayoffs.news\/fr\/wp-json\/wp\/v2\/sport?post=572229"},{"taxonomy":"saison","embeddable":true,"href":"https:\/\/theplayoffs.news\/fr\/wp-json\/wp\/v2\/saison?post=572229"}],"curies":[{"name":"wp","href":"https:\/\/api.w.org\/{rel}","templated":true}]}}