{"id":572088,"date":"2023-03-07T10:31:45","date_gmt":"2023-03-07T09:31:45","guid":{"rendered":"https:\/\/theplayoffs.news\/fr\/?p=572088"},"modified":"2023-03-07T10:31:46","modified_gmt":"2023-03-07T09:31:46","slug":"ryan-oreilly-place-liste-blesses-long-terme","status":"publish","type":"post","link":"https:\/\/theplayoffs.news\/fr\/actualite-nhl\/ryan-oreilly-place-liste-blesses-long-terme\/","title":{"rendered":"Ryan O&rsquo;Reilly plac\u00e9 sur la liste des bless\u00e9s \u00e0 long terme"},"content":{"rendered":"<h2><strong>Ryan O&rsquo;Reilly, attaquant des Maple Leafs de Toronto, s&rsquo;est cass&eacute; un doigt lors d&rsquo;un match contre les Canucks de Vancouver samedi.<\/strong><\/h2><p>En cons&eacute;quence, il sera plac&eacute; sur la liste des bless&eacute;s &agrave; long terme, selon les commentaires de l&rsquo;entra&icirc;neur en chef Sheldon Keefe aux journalistes lundi, comme l&rsquo;a rapport&eacute; <a href=\"https:\/\/twitter.com\/markhmasters\/status\/1632817713457274881\" class=\"trk-cta-link\" data-cta-trk='{\"ctaType\":\"Link\",\"ctaSubType\":\"main\"}'>Mark Masters de TSN<\/a>. L&rsquo;&eacute;quipe pr&eacute;voit qu&rsquo;O&rsquo;Reilly pourrait revenir dans l&rsquo;alignement avant les s&eacute;ries &eacute;liminatoires, mais il devra manquer au moins 10 matchs et 24 jours en raison de la r&eacute;glementation.<\/p><p>La premi&egrave;re date de retour possible pour <a href=\"https:\/\/theplayoffs.news\/fr\/joueur\/ryan-oreilly-nhl-10416\/\" class=\"trk-cta-link\" data-cta-trk='{\"ctaType\":\"Link\",\"ctaSubType\":\"main\"}'><strong>Ryan O&rsquo;Reilly<\/strong><\/a> serait le 29 mars lorsque les Maple Leafs affronteront les Panthers de la Floride. Ryan O&rsquo;Reilly &eacute;tait une acquisition importante pour l&rsquo;&eacute;quipe avant la date limite des &eacute;changes dans la LNH, ayant remport&eacute; les prix Selke, Conn Smythe et la coupe Stanley en 2019.<\/p><p>Il a contribu&eacute; trois buts et deux passes en huit matchs depuis qu&rsquo;il s&rsquo;est joint aux Maple Leafs.<\/p><h3><strong>Capitaine Tavares aussi absent !&nbsp;<\/strong><\/h3><p>En plus de l&rsquo;absence de Ryan O&rsquo;Reilly, les Maple Leafs seront &eacute;galement priv&eacute;s de leur capitaine John Tavares lors de leur match contre les Devils du New Jersey mardi.<\/p><p>Sheldon Keefe a not&eacute; qu&rsquo;il s&rsquo;agissait d&rsquo;une mesure de pr&eacute;caution, car Tavares ne se sent pas bien depuis qu&rsquo;il a re&ccedil;u deux gros coups lors du m&ecirc;me match au cours duquel O&rsquo;Reilly a &eacute;t&eacute; bless&eacute;. Bien que Tavares ait patin&eacute; lors de l&rsquo;entra&icirc;nement de lundi, il n&rsquo;a pas pris part aux line rushes.<\/p><p>L&rsquo;&eacute;quipe surveille de pr&egrave;s son &eacute;tat et si tout va bien, Tavares devrait revenir dans l&rsquo;alignement samedi lorsque les Maple Leafs affronteront les Oilers d&rsquo;Edmonton.<\/p><p>Pour combler les lacunes laiss&eacute;es par ces absences, les Leafs ont promu Pontus Holmberg et Alex Steeves de l&rsquo;AHL, et les deux devraient jouer sur le quatri&egrave;me trio lors du match de mardi.<\/p><p>Enfin, le d&eacute;fenseur nouvellement acquis <a href=\"https:\/\/theplayoffs.news\/fr\/joueur\/luke-schenn-nhl-10184\/\" class=\"trk-cta-link\" data-cta-trk='{\"ctaType\":\"Link\",\"ctaSubType\":\"main\"}'><strong>Luke Schenn<\/strong><\/a> &eacute;tait absent de l&rsquo;entra&icirc;nement de lundi alors qu&rsquo;il &eacute;tait avec sa femme &agrave; Vancouver, qui s&rsquo;appr&ecirc;te &agrave; accoucher.<\/p>\n","protected":false},"excerpt":{"rendered":"","protected":false},"author":13,"featured_media":572089,"comment_status":"open","ping_status":"closed","sticky":false,"template":"","format":"standard","meta":{"inline_featured_image":false,"kia_subtitle":"","_mux_skip_reasons":[],"proofreadBy":0,"footnotes":""},"categories":[187,26],"tags":[5355,784],"sport":[],"saison":[],"class_list":["post-572088","post","type-post","status-publish","format-standard","has-post-thumbnail","hentry","category-actualite-nhl","category-nhl","tag-ryan-oreilly","tag-toronto-maple-leafs"],"acf":[],"yoast_head":"<!-- This site is optimized with the Yoast SEO plugin v24.2 - https:\/\/yoast.com\/wordpress\/plugins\/seo\/ -->\n<title>Ryan O&#039;Reilly plac&eacute; sur la liste des bless&eacute;s &agrave; long terme - The Playoffs FR<\/title>\n<meta name=\"robots\" content=\"index, follow, max-snippet:-1, max-image-preview:large, max-video-preview:-1\" \/>\n<link rel=\"canonical\" href=\"https:\/\/theplayoffs.news\/fr\/actualite-nhl\/ryan-oreilly-place-liste-blesses-long-terme\/\" \/>\n<meta property=\"og:locale\" content=\"fr_FR\" \/>\n<meta property=\"og:type\" content=\"article\" \/>\n<meta property=\"og:title\" content=\"Ryan O&#039;Reilly plac&eacute; sur la liste des bless&eacute;s &agrave; long terme - The Playoffs FR\" \/>\n<meta property=\"og:url\" content=\"https:\/\/theplayoffs.news\/fr\/actualite-nhl\/ryan-oreilly-place-liste-blesses-long-terme\/\" \/>\n<meta property=\"og:site_name\" content=\"The Playoffs FR\" \/>\n<meta property=\"article:publisher\" content=\"https:\/\/www.facebook.com\/TheFreeAgentFR\/\" \/>\n<meta property=\"article:modified_time\" content=\"2023-03-07T10:31:46+01:00\" \/>\n<meta property=\"og:image\" content=\"https:\/\/theplayoffs.news\/fr\/wp-content\/uploads\/2023\/03\/Ryan-OReilly-030623.jpg\" \/>\n\t<meta property=\"og:image:width\" content=\"1920\" \/>\n\t<meta property=\"og:image:height\" content=\"1080\" \/>\n\t<meta property=\"og:image:type\" content=\"image\/jpeg\" \/>\n<meta name=\"author\" content=\"Charles Taudin\" \/>\n<meta name=\"twitter:card\" content=\"summary_large_image\" \/>\n<meta name=\"twitter:creator\" content=\"@TheFreeAgentFR\" \/>\n<meta name=\"twitter:site\" content=\"@TheFreeAgentFR\" \/>\n<meta name=\"twitter:label1\" content=\"\u00c9crit par\" \/>\n\t<meta name=\"twitter:data1\" content=\"Charles Taudin\" \/>\n\t<meta name=\"twitter:label2\" content=\"Dur\u00e9e de lecture estim\u00e9e\" \/>\n\t<meta name=\"twitter:data2\" content=\"2 minutes\" \/>\n<script type=\"application\/ld+json\" class=\"yoast-schema-graph\">{\"@context\":\"https:\/\/schema.org\",\"@graph\":[{\"@type\":\"WebPage\",\"@id\":\"https:\/\/theplayoffs.news\/fr\/actualite-nhl\/ryan-oreilly-place-liste-blesses-long-terme\/\",\"url\":\"https:\/\/theplayoffs.news\/fr\/actualite-nhl\/ryan-oreilly-place-liste-blesses-long-terme\/\",\"name\":\"Ryan O\\\\'Reilly plac\u00e9 sur la liste des bless\u00e9s \u00e0 long terme - The Playoffs FR\",\"isPartOf\":{\"@id\":\"https:\/\/theplayoffs.news\/fr\/#website\"},\"primaryImageOfPage\":{\"@id\":\"https:\/\/theplayoffs.news\/fr\/actualite-nhl\/ryan-oreilly-place-liste-blesses-long-terme\/#primaryimage\"},\"image\":{\"@id\":\"https:\/\/theplayoffs.news\/fr\/actualite-nhl\/ryan-oreilly-place-liste-blesses-long-terme\/#primaryimage\"},\"thumbnailUrl\":\"https:\/\/theplayoffs.news\/fr\/wp-content\/uploads\/2023\/03\/Ryan-OReilly-030623.jpg\",\"datePublished\":\"2023-03-07T09:31:45+00:00\",\"dateModified\":\"2023-03-07T09:31:46+00:00\",\"author\":{\"@id\":\"https:\/\/theplayoffs.news\/fr\/#\/schema\/person\/eee5b69ad5d3c51cabe881c839dbe133\"},\"breadcrumb\":{\"@id\":\"https:\/\/theplayoffs.news\/fr\/actualite-nhl\/ryan-oreilly-place-liste-blesses-long-terme\/#breadcrumb\"},\"inLanguage\":\"fr-FR\",\"potentialAction\":[{\"@type\":\"ReadAction\",\"target\":[\"https:\/\/theplayoffs.news\/fr\/actualite-nhl\/ryan-oreilly-place-liste-blesses-long-terme\/\"]}]},{\"@type\":\"ImageObject\",\"inLanguage\":\"fr-FR\",\"@id\":\"https:\/\/theplayoffs.news\/fr\/actualite-nhl\/ryan-oreilly-place-liste-blesses-long-terme\/#primaryimage\",\"url\":\"https:\/\/theplayoffs.news\/fr\/wp-content\/uploads\/2023\/03\/Ryan-OReilly-030623.jpg\",\"contentUrl\":\"https:\/\/theplayoffs.news\/fr\/wp-content\/uploads\/2023\/03\/Ryan-OReilly-030623.jpg\",\"width\":1920,\"height\":1080,\"caption\":\"Ryan O\\\\'Reilly\"},{\"@type\":\"BreadcrumbList\",\"@id\":\"https:\/\/theplayoffs.news\/fr\/actualite-nhl\/ryan-oreilly-place-liste-blesses-long-terme\/#breadcrumb\",\"itemListElement\":[{\"@type\":\"ListItem\",\"position\":1,\"name\":\"Accueil\",\"item\":\"https:\/\/theplayoffs.news\/fr\/\"},{\"@type\":\"ListItem\",\"position\":2,\"name\":\"Ryan O&rsquo;Reilly plac\u00e9 sur la liste des bless\u00e9s \u00e0 long terme\"}]},{\"@type\":\"WebSite\",\"@id\":\"https:\/\/theplayoffs.news\/fr\/#website\",\"url\":\"https:\/\/theplayoffs.news\/fr\/\",\"name\":\"The Playoffs FR\",\"description\":\"NBA-NFL-NHL-MLB\",\"potentialAction\":[{\"@type\":\"SearchAction\",\"target\":{\"@type\":\"EntryPoint\",\"urlTemplate\":\"https:\/\/theplayoffs.news\/fr\/?s={search_term_string}\"},\"query-input\":{\"@type\":\"PropertyValueSpecification\",\"valueRequired\":true,\"valueName\":\"search_term_string\"}}],\"inLanguage\":\"fr-FR\"},{\"@type\":\"Person\",\"@id\":\"https:\/\/theplayoffs.news\/fr\/#\/schema\/person\/eee5b69ad5d3c51cabe881c839dbe133\",\"name\":\"Charles Taudin\",\"image\":{\"@type\":\"ImageObject\",\"inLanguage\":\"fr-FR\",\"@id\":\"https:\/\/theplayoffs.news\/fr\/#\/schema\/person\/image\/\",\"url\":\"https:\/\/secure.gravatar.com\/avatar\/59a1e772205ce9fd255edfcafc93013736822e20261f294c5753b20c41ede9f2?s=96&d=mm&r=g\",\"contentUrl\":\"https:\/\/secure.gravatar.com\/avatar\/59a1e772205ce9fd255edfcafc93013736822e20261f294c5753b20c41ede9f2?s=96&d=mm&r=g\",\"caption\":\"Charles Taudin\"},\"description\":\"R\u00e9dacteur en chef global de The Playoffs, j\u2019ai cr\u00e9\u00e9 The Free Agent, devenu The Playoffs FR, en 2020 durant la pand\u00e9mie. Amoureux depuis des ann\u00e9es des 4 sports majeurs am\u00e9ricains, j\u2019organise maintenant la strat\u00e9gie \u00e9ditoriale et les r\u00e9seaux sociaux de l\u2019ensemble des versions de The Playoffs. Il m\u2019arrive encore d\u2019\u00e9crire sur certains sports que j\u2019affectionne particuli\u00e8rement comme la NFL ou la MLB. Si vous devez retenir qu\u2019une chose : Eli Manning est le vrai GOAT pour avoir battu deux fois Tom Brady.\",\"sameAs\":[\"https:\/\/www.instagram.com\/ctaudin_\/\"],\"url\":\"https:\/\/theplayoffs.news\/fr\/author\/charles-taudin\/\"}]}<\/script>\n<!-- \/ Yoast SEO plugin. -->","yoast_head_json":{"title":"Ryan O&#039;Reilly plac&eacute; sur la liste des bless&eacute;s &agrave; long terme - The Playoffs FR","robots":{"index":"index","follow":"follow","max-snippet":"max-snippet:-1","max-image-preview":"max-image-preview:large","max-video-preview":"max-video-preview:-1"},"canonical":"https:\/\/theplayoffs.news\/fr\/actualite-nhl\/ryan-oreilly-place-liste-blesses-long-terme\/","og_locale":"fr_FR","og_type":"article","og_title":"Ryan O&#039;Reilly plac&eacute; sur la liste des bless&eacute;s &agrave; long terme - The Playoffs FR","og_url":"https:\/\/theplayoffs.news\/fr\/actualite-nhl\/ryan-oreilly-place-liste-blesses-long-terme\/","og_site_name":"The Playoffs FR","article_publisher":"https:\/\/www.facebook.com\/TheFreeAgentFR\/","article_modified_time":"2023-03-07T09:31:46+00:00","og_image":[{"width":1920,"height":1080,"url":"https:\/\/theplayoffs.news\/fr\/wp-content\/uploads\/2023\/03\/Ryan-OReilly-030623.jpg","type":"image\/jpeg"}],"author":"Charles Taudin","twitter_card":"summary_large_image","twitter_creator":"@TheFreeAgentFR","twitter_site":"@TheFreeAgentFR","twitter_misc":{"\u00c9crit par":"Charles Taudin","Dur\u00e9e de lecture estim\u00e9e":"2 minutes"},"schema":{"@context":"https:\/\/schema.org","@graph":[{"@type":"WebPage","@id":"https:\/\/theplayoffs.news\/fr\/actualite-nhl\/ryan-oreilly-place-liste-blesses-long-terme\/","url":"https:\/\/theplayoffs.news\/fr\/actualite-nhl\/ryan-oreilly-place-liste-blesses-long-terme\/","name":"Ryan O\\'Reilly plac\u00e9 sur la liste des bless\u00e9s \u00e0 long terme - The Playoffs FR","isPartOf":{"@id":"https:\/\/theplayoffs.news\/fr\/#website"},"primaryImageOfPage":{"@id":"https:\/\/theplayoffs.news\/fr\/actualite-nhl\/ryan-oreilly-place-liste-blesses-long-terme\/#primaryimage"},"image":{"@id":"https:\/\/theplayoffs.news\/fr\/actualite-nhl\/ryan-oreilly-place-liste-blesses-long-terme\/#primaryimage"},"thumbnailUrl":"https:\/\/theplayoffs.news\/fr\/wp-content\/uploads\/2023\/03\/Ryan-OReilly-030623.jpg","datePublished":"2023-03-07T09:31:45+00:00","dateModified":"2023-03-07T09:31:46+00:00","author":{"@id":"https:\/\/theplayoffs.news\/fr\/#\/schema\/person\/eee5b69ad5d3c51cabe881c839dbe133"},"breadcrumb":{"@id":"https:\/\/theplayoffs.news\/fr\/actualite-nhl\/ryan-oreilly-place-liste-blesses-long-terme\/#breadcrumb"},"inLanguage":"fr-FR","potentialAction":[{"@type":"ReadAction","target":["https:\/\/theplayoffs.news\/fr\/actualite-nhl\/ryan-oreilly-place-liste-blesses-long-terme\/"]}]},{"@type":"ImageObject","inLanguage":"fr-FR","@id":"https:\/\/theplayoffs.news\/fr\/actualite-nhl\/ryan-oreilly-place-liste-blesses-long-terme\/#primaryimage","url":"https:\/\/theplayoffs.news\/fr\/wp-content\/uploads\/2023\/03\/Ryan-OReilly-030623.jpg","contentUrl":"https:\/\/theplayoffs.news\/fr\/wp-content\/uploads\/2023\/03\/Ryan-OReilly-030623.jpg","width":1920,"height":1080,"caption":"Ryan O\\'Reilly"},{"@type":"BreadcrumbList","@id":"https:\/\/theplayoffs.news\/fr\/actualite-nhl\/ryan-oreilly-place-liste-blesses-long-terme\/#breadcrumb","itemListElement":[{"@type":"ListItem","position":1,"name":"Accueil","item":"https:\/\/theplayoffs.news\/fr\/"},{"@type":"ListItem","position":2,"name":"Ryan O&rsquo;Reilly plac\u00e9 sur la liste des bless\u00e9s \u00e0 long terme"}]},{"@type":"WebSite","@id":"https:\/\/theplayoffs.news\/fr\/#website","url":"https:\/\/theplayoffs.news\/fr\/","name":"The Playoffs FR","description":"NBA-NFL-NHL-MLB","potentialAction":[{"@type":"SearchAction","target":{"@type":"EntryPoint","urlTemplate":"https:\/\/theplayoffs.news\/fr\/?s={search_term_string}"},"query-input":{"@type":"PropertyValueSpecification","valueRequired":true,"valueName":"search_term_string"}}],"inLanguage":"fr-FR"},{"@type":"Person","@id":"https:\/\/theplayoffs.news\/fr\/#\/schema\/person\/eee5b69ad5d3c51cabe881c839dbe133","name":"Charles Taudin","image":{"@type":"ImageObject","inLanguage":"fr-FR","@id":"https:\/\/theplayoffs.news\/fr\/#\/schema\/person\/image\/","url":"https:\/\/secure.gravatar.com\/avatar\/59a1e772205ce9fd255edfcafc93013736822e20261f294c5753b20c41ede9f2?s=96&d=mm&r=g","contentUrl":"https:\/\/secure.gravatar.com\/avatar\/59a1e772205ce9fd255edfcafc93013736822e20261f294c5753b20c41ede9f2?s=96&d=mm&r=g","caption":"Charles Taudin"},"description":"R\u00e9dacteur en chef global de The Playoffs, j\u2019ai cr\u00e9\u00e9 The Free Agent, devenu The Playoffs FR, en 2020 durant la pand\u00e9mie. Amoureux depuis des ann\u00e9es des 4 sports majeurs am\u00e9ricains, j\u2019organise maintenant la strat\u00e9gie \u00e9ditoriale et les r\u00e9seaux sociaux de l\u2019ensemble des versions de The Playoffs. Il m\u2019arrive encore d\u2019\u00e9crire sur certains sports que j\u2019affectionne particuli\u00e8rement comme la NFL ou la MLB. Si vous devez retenir qu\u2019une chose : Eli Manning est le vrai GOAT pour avoir battu deux fois Tom Brady.","sameAs":["https:\/\/www.instagram.com\/ctaudin_\/"],"url":"https:\/\/theplayoffs.news\/fr\/author\/charles-taudin\/"}]}},"_links":{"self":[{"href":"https:\/\/theplayoffs.news\/fr\/wp-json\/wp\/v2\/posts\/572088","targetHints":{"allow":["GET"]}}],"collection":[{"href":"https:\/\/theplayoffs.news\/fr\/wp-json\/wp\/v2\/posts"}],"about":[{"href":"https:\/\/theplayoffs.news\/fr\/wp-json\/wp\/v2\/types\/post"}],"author":[{"embeddable":true,"href":"https:\/\/theplayoffs.news\/fr\/wp-json\/wp\/v2\/users\/13"}],"replies":[{"embeddable":true,"href":"https:\/\/theplayoffs.news\/fr\/wp-json\/wp\/v2\/comments?post=572088"}],"version-history":[{"count":2,"href":"https:\/\/theplayoffs.news\/fr\/wp-json\/wp\/v2\/posts\/572088\/revisions"}],"predecessor-version":[{"id":572091,"href":"https:\/\/theplayoffs.news\/fr\/wp-json\/wp\/v2\/posts\/572088\/revisions\/572091"}],"wp:featuredmedia":[{"embeddable":true,"href":"https:\/\/theplayoffs.news\/fr\/wp-json\/wp\/v2\/media\/572089"}],"wp:attachment":[{"href":"https:\/\/theplayoffs.news\/fr\/wp-json\/wp\/v2\/media?parent=572088"}],"wp:term":[{"taxonomy":"category","embeddable":true,"href":"https:\/\/theplayoffs.news\/fr\/wp-json\/wp\/v2\/categories?post=572088"},{"taxonomy":"post_tag","embeddable":true,"href":"https:\/\/theplayoffs.news\/fr\/wp-json\/wp\/v2\/tags?post=572088"},{"taxonomy":"sport","embeddable":true,"href":"https:\/\/theplayoffs.news\/fr\/wp-json\/wp\/v2\/sport?post=572088"},{"taxonomy":"saison","embeddable":true,"href":"https:\/\/theplayoffs.news\/fr\/wp-json\/wp\/v2\/saison?post=572088"}],"curies":[{"name":"wp","href":"https:\/\/api.w.org\/{rel}","templated":true}]}}