{"id":571843,"date":"2023-03-06T08:25:18","date_gmt":"2023-03-06T07:25:18","guid":{"rendered":"https:\/\/theplayoffs.news\/fr\/?p=571843"},"modified":"2023-03-06T08:25:19","modified_gmt":"2023-03-06T07:25:19","slug":"premiere-emotions-frederic-allard","status":"publish","type":"post","link":"https:\/\/theplayoffs.news\/fr\/actualite-nhl\/premiere-emotions-frederic-allard\/","title":{"rendered":"Une premi\u00e8re pleine d&rsquo;\u00e9motions pour Fr\u00e9d\u00e9ric Allard"},"content":{"rendered":"<h2><strong>Le d&eacute;fenseur des Canadiens de Montr&eacute;al, Fr&eacute;d&eacute;ric Allard a v&eacute;cu une premi&egrave;re pleine d&rsquo;&eacute;motion sous les couleurs des Habs.<\/strong><\/h2><p>&Agrave; l&rsquo;occasion de la rencontre qui les opposait aux Golden Knights de Vegas, <a href=\"https:\/\/theplayoffs.news\/fr\/joueur\/frederic-allard-los-angeles-kings-nhl\/\" class=\"trk-cta-link\" data-cta-trk='{\"ctaType\":\"Link\",\"ctaSubType\":\"main\"}'><strong>Fr&eacute;d&eacute;ric Allard<\/strong><\/a> a rev&ecirc;tu pour la premi&egrave;re fois de sa carri&egrave;re le maillot du CH. Et malgr&eacute; la d&eacute;faite, c&rsquo;est l&rsquo;honneur d&rsquo;avoir port&eacute; cette tunique qui l&rsquo;emporte :<\/p><blockquote><p>&laquo; C&rsquo;est indescriptible. Quand je suis arriv&eacute; ici, j&rsquo;avais les larmes aux yeux. Porter l&rsquo;uniforme des Canadiens, c&rsquo;est un r&ecirc;ve &raquo;, admet Allard dimanche soir apr&egrave;s la d&eacute;faite de 4-3 du CH via <a href=\"https:\/\/www.rds.ca\/hockey\/canadiens\/canadiens-frederic-allard-a-realise-un-reve-dimanche-soir-en-portant-l-uniforme-des-canadiens-1.16692428\" class=\"trk-cta-link\" data-cta-trk='{\"ctaType\":\"Link\",\"ctaSubType\":\"main\"}'>RDS<\/a><\/p>\n<p>&laquo; C&rsquo;est une fiert&eacute; de repr&eacute;senter les gens de Montr&eacute;al et de Qu&eacute;bec. C&rsquo;est tr&egrave;s important pour nous. Je ne croyais pas [que j&rsquo;allais &ecirc;tre plus nerveux que lors de mon premier match]. Mais quand je suis arriv&eacute; pour me coucher hier, j&rsquo;ai eu beaucoup plus de mis&egrave;re que je pensais. Savoir que ma famille, mes amis et tout le Qu&eacute;bec regardaient, je crois que c&rsquo;&eacute;tait une pression de plus, mais je l&rsquo;ai amen&eacute;e positivement.<\/p><\/blockquote><h3><strong>Une premi&egrave;re r&eacute;ussie<\/strong><\/h3><p>De l&rsquo;aveu de Martin St louis, les un peu plus de 11 minutes de temps de glace de Allard ont &eacute;t&eacute; tr&egrave;s correct :<\/p><div class=\"c-text\">\n<blockquote><p>&laquo; Je trouve qu&rsquo;il a bien fait, a dit Martin St-Louis. Pour un d&eacute;fenseur, quand tu ne le remarques pas trop, c&rsquo;est bon parfois. Il a gard&eacute; son jeu simple et il nous a donn&eacute; de bonnes minutes. &raquo;<\/p><\/blockquote>\n<\/div><div class=\"sraAdvert advert aem-GridColumn--default--9 aem-GridColumn\">\n<div class=\"c-advert c-advert--sra sraAdvert c-advert--slimCut c-advert-rail__sticky-advert c-advert-disabled\" aria-label=\"Publicit&eacute;\">Allard a admis que ses co&eacute;quipiers l&rsquo;avaient bien aid&eacute; &agrave; ne pas trop y penser et &agrave; se relaxer.<\/div>\n<div class=\"c-advert c-advert--sra sraAdvert c-advert--slimCut c-advert-rail__sticky-advert c-advert-disabled\" aria-label=\"Publicit&eacute;\">Le hockey est souvent fait d&rsquo;opportunit&eacute; et dans une &eacute;quipe qui se cherche comme les Canadiens, Fr&eacute;d&eacute;ric Allard a peut-&ecirc;tre saisi la sienne.<\/div>\n<\/div><p>&nbsp;<\/p>\n","protected":false},"excerpt":{"rendered":"","protected":false},"author":13,"featured_media":571845,"comment_status":"open","ping_status":"closed","sticky":false,"template":"","format":"standard","meta":{"inline_featured_image":false,"kia_subtitle":"","_mux_skip_reasons":[],"proofreadBy":0,"footnotes":""},"categories":[187,26],"tags":[5618,1165],"sport":[],"saison":[],"class_list":["post-571843","post","type-post","status-publish","format-standard","has-post-thumbnail","hentry","category-actualite-nhl","category-nhl","tag-frederic-allard","tag-montreal-canadiens"],"acf":[],"yoast_head":"<!-- This site is optimized with the Yoast SEO plugin v24.2 - https:\/\/yoast.com\/wordpress\/plugins\/seo\/ -->\n<title>Une premi&egrave;re pleine d&#039;&eacute;motions pour Fr&eacute;d&eacute;ric Allard - The Playoffs FR<\/title>\n<meta name=\"robots\" content=\"index, follow, max-snippet:-1, max-image-preview:large, max-video-preview:-1\" \/>\n<link rel=\"canonical\" href=\"https:\/\/theplayoffs.news\/fr\/actualite-nhl\/premiere-emotions-frederic-allard\/\" \/>\n<meta property=\"og:locale\" content=\"fr_FR\" \/>\n<meta property=\"og:type\" content=\"article\" \/>\n<meta property=\"og:title\" content=\"Une premi&egrave;re pleine d&#039;&eacute;motions pour Fr&eacute;d&eacute;ric Allard - The Playoffs FR\" \/>\n<meta property=\"og:url\" content=\"https:\/\/theplayoffs.news\/fr\/actualite-nhl\/premiere-emotions-frederic-allard\/\" \/>\n<meta property=\"og:site_name\" content=\"The Playoffs FR\" \/>\n<meta property=\"article:publisher\" content=\"https:\/\/www.facebook.com\/TheFreeAgentFR\/\" \/>\n<meta property=\"article:modified_time\" content=\"2023-03-06T08:25:19+01:00\" \/>\n<meta property=\"og:image\" content=\"https:\/\/theplayoffs.news\/fr\/wp-content\/uploads\/2023\/03\/ALLARD_GRAB94490e1d-68f7-4d31-97de-40efb71e4519_ORIGINAL.jpg\" \/>\n\t<meta property=\"og:image:width\" content=\"1000\" \/>\n\t<meta property=\"og:image:height\" content=\"563\" \/>\n\t<meta property=\"og:image:type\" content=\"image\/jpeg\" \/>\n<meta name=\"author\" content=\"Charles Taudin\" \/>\n<meta name=\"twitter:card\" content=\"summary_large_image\" \/>\n<meta name=\"twitter:creator\" content=\"@TheFreeAgentFR\" \/>\n<meta name=\"twitter:site\" content=\"@TheFreeAgentFR\" \/>\n<meta name=\"twitter:label1\" content=\"\u00c9crit par\" \/>\n\t<meta name=\"twitter:data1\" content=\"Charles Taudin\" \/>\n\t<meta name=\"twitter:label2\" content=\"Dur\u00e9e de lecture estim\u00e9e\" \/>\n\t<meta name=\"twitter:data2\" content=\"1 minute\" \/>\n<script type=\"application\/ld+json\" class=\"yoast-schema-graph\">{\"@context\":\"https:\/\/schema.org\",\"@graph\":[{\"@type\":\"WebPage\",\"@id\":\"https:\/\/theplayoffs.news\/fr\/actualite-nhl\/premiere-emotions-frederic-allard\/\",\"url\":\"https:\/\/theplayoffs.news\/fr\/actualite-nhl\/premiere-emotions-frederic-allard\/\",\"name\":\"Une premi\u00e8re pleine d\\\\'\u00e9motions pour Fr\u00e9d\u00e9ric Allard - The Playoffs FR\",\"isPartOf\":{\"@id\":\"https:\/\/theplayoffs.news\/fr\/#website\"},\"primaryImageOfPage\":{\"@id\":\"https:\/\/theplayoffs.news\/fr\/actualite-nhl\/premiere-emotions-frederic-allard\/#primaryimage\"},\"image\":{\"@id\":\"https:\/\/theplayoffs.news\/fr\/actualite-nhl\/premiere-emotions-frederic-allard\/#primaryimage\"},\"thumbnailUrl\":\"https:\/\/theplayoffs.news\/fr\/wp-content\/uploads\/2023\/03\/ALLARD_GRAB94490e1d-68f7-4d31-97de-40efb71e4519_ORIGINAL.jpg\",\"datePublished\":\"2023-03-06T07:25:18+00:00\",\"dateModified\":\"2023-03-06T07:25:19+00:00\",\"author\":{\"@id\":\"https:\/\/theplayoffs.news\/fr\/#\/schema\/person\/eee5b69ad5d3c51cabe881c839dbe133\"},\"breadcrumb\":{\"@id\":\"https:\/\/theplayoffs.news\/fr\/actualite-nhl\/premiere-emotions-frederic-allard\/#breadcrumb\"},\"inLanguage\":\"fr-FR\",\"potentialAction\":[{\"@type\":\"ReadAction\",\"target\":[\"https:\/\/theplayoffs.news\/fr\/actualite-nhl\/premiere-emotions-frederic-allard\/\"]}]},{\"@type\":\"ImageObject\",\"inLanguage\":\"fr-FR\",\"@id\":\"https:\/\/theplayoffs.news\/fr\/actualite-nhl\/premiere-emotions-frederic-allard\/#primaryimage\",\"url\":\"https:\/\/theplayoffs.news\/fr\/wp-content\/uploads\/2023\/03\/ALLARD_GRAB94490e1d-68f7-4d31-97de-40efb71e4519_ORIGINAL.jpg\",\"contentUrl\":\"https:\/\/theplayoffs.news\/fr\/wp-content\/uploads\/2023\/03\/ALLARD_GRAB94490e1d-68f7-4d31-97de-40efb71e4519_ORIGINAL.jpg\",\"width\":1000,\"height\":563,\"caption\":\"Fr\u00e9d\u00e9ric Allard\"},{\"@type\":\"BreadcrumbList\",\"@id\":\"https:\/\/theplayoffs.news\/fr\/actualite-nhl\/premiere-emotions-frederic-allard\/#breadcrumb\",\"itemListElement\":[{\"@type\":\"ListItem\",\"position\":1,\"name\":\"Accueil\",\"item\":\"https:\/\/theplayoffs.news\/fr\/\"},{\"@type\":\"ListItem\",\"position\":2,\"name\":\"Une premi\u00e8re pleine d&rsquo;\u00e9motions pour Fr\u00e9d\u00e9ric Allard\"}]},{\"@type\":\"WebSite\",\"@id\":\"https:\/\/theplayoffs.news\/fr\/#website\",\"url\":\"https:\/\/theplayoffs.news\/fr\/\",\"name\":\"The Playoffs FR\",\"description\":\"NBA-NFL-NHL-MLB\",\"potentialAction\":[{\"@type\":\"SearchAction\",\"target\":{\"@type\":\"EntryPoint\",\"urlTemplate\":\"https:\/\/theplayoffs.news\/fr\/?s={search_term_string}\"},\"query-input\":{\"@type\":\"PropertyValueSpecification\",\"valueRequired\":true,\"valueName\":\"search_term_string\"}}],\"inLanguage\":\"fr-FR\"},{\"@type\":\"Person\",\"@id\":\"https:\/\/theplayoffs.news\/fr\/#\/schema\/person\/eee5b69ad5d3c51cabe881c839dbe133\",\"name\":\"Charles Taudin\",\"image\":{\"@type\":\"ImageObject\",\"inLanguage\":\"fr-FR\",\"@id\":\"https:\/\/theplayoffs.news\/fr\/#\/schema\/person\/image\/\",\"url\":\"https:\/\/secure.gravatar.com\/avatar\/59a1e772205ce9fd255edfcafc93013736822e20261f294c5753b20c41ede9f2?s=96&d=mm&r=g\",\"contentUrl\":\"https:\/\/secure.gravatar.com\/avatar\/59a1e772205ce9fd255edfcafc93013736822e20261f294c5753b20c41ede9f2?s=96&d=mm&r=g\",\"caption\":\"Charles Taudin\"},\"description\":\"R\u00e9dacteur en chef global de The Playoffs, j\u2019ai cr\u00e9\u00e9 The Free Agent, devenu The Playoffs FR, en 2020 durant la pand\u00e9mie. Amoureux depuis des ann\u00e9es des 4 sports majeurs am\u00e9ricains, j\u2019organise maintenant la strat\u00e9gie \u00e9ditoriale et les r\u00e9seaux sociaux de l\u2019ensemble des versions de The Playoffs. Il m\u2019arrive encore d\u2019\u00e9crire sur certains sports que j\u2019affectionne particuli\u00e8rement comme la NFL ou la MLB. Si vous devez retenir qu\u2019une chose : Eli Manning est le vrai GOAT pour avoir battu deux fois Tom Brady.\",\"sameAs\":[\"https:\/\/www.instagram.com\/ctaudin_\/\"],\"url\":\"https:\/\/theplayoffs.news\/fr\/author\/charles-taudin\/\"}]}<\/script>\n<!-- \/ Yoast SEO plugin. -->","yoast_head_json":{"title":"Une premi&egrave;re pleine d&#039;&eacute;motions pour Fr&eacute;d&eacute;ric Allard - The Playoffs FR","robots":{"index":"index","follow":"follow","max-snippet":"max-snippet:-1","max-image-preview":"max-image-preview:large","max-video-preview":"max-video-preview:-1"},"canonical":"https:\/\/theplayoffs.news\/fr\/actualite-nhl\/premiere-emotions-frederic-allard\/","og_locale":"fr_FR","og_type":"article","og_title":"Une premi&egrave;re pleine d&#039;&eacute;motions pour Fr&eacute;d&eacute;ric Allard - The Playoffs FR","og_url":"https:\/\/theplayoffs.news\/fr\/actualite-nhl\/premiere-emotions-frederic-allard\/","og_site_name":"The Playoffs FR","article_publisher":"https:\/\/www.facebook.com\/TheFreeAgentFR\/","article_modified_time":"2023-03-06T07:25:19+00:00","og_image":[{"width":1000,"height":563,"url":"https:\/\/theplayoffs.news\/fr\/wp-content\/uploads\/2023\/03\/ALLARD_GRAB94490e1d-68f7-4d31-97de-40efb71e4519_ORIGINAL.jpg","type":"image\/jpeg"}],"author":"Charles Taudin","twitter_card":"summary_large_image","twitter_creator":"@TheFreeAgentFR","twitter_site":"@TheFreeAgentFR","twitter_misc":{"\u00c9crit par":"Charles Taudin","Dur\u00e9e de lecture estim\u00e9e":"1 minute"},"schema":{"@context":"https:\/\/schema.org","@graph":[{"@type":"WebPage","@id":"https:\/\/theplayoffs.news\/fr\/actualite-nhl\/premiere-emotions-frederic-allard\/","url":"https:\/\/theplayoffs.news\/fr\/actualite-nhl\/premiere-emotions-frederic-allard\/","name":"Une premi\u00e8re pleine d\\'\u00e9motions pour Fr\u00e9d\u00e9ric Allard - The Playoffs FR","isPartOf":{"@id":"https:\/\/theplayoffs.news\/fr\/#website"},"primaryImageOfPage":{"@id":"https:\/\/theplayoffs.news\/fr\/actualite-nhl\/premiere-emotions-frederic-allard\/#primaryimage"},"image":{"@id":"https:\/\/theplayoffs.news\/fr\/actualite-nhl\/premiere-emotions-frederic-allard\/#primaryimage"},"thumbnailUrl":"https:\/\/theplayoffs.news\/fr\/wp-content\/uploads\/2023\/03\/ALLARD_GRAB94490e1d-68f7-4d31-97de-40efb71e4519_ORIGINAL.jpg","datePublished":"2023-03-06T07:25:18+00:00","dateModified":"2023-03-06T07:25:19+00:00","author":{"@id":"https:\/\/theplayoffs.news\/fr\/#\/schema\/person\/eee5b69ad5d3c51cabe881c839dbe133"},"breadcrumb":{"@id":"https:\/\/theplayoffs.news\/fr\/actualite-nhl\/premiere-emotions-frederic-allard\/#breadcrumb"},"inLanguage":"fr-FR","potentialAction":[{"@type":"ReadAction","target":["https:\/\/theplayoffs.news\/fr\/actualite-nhl\/premiere-emotions-frederic-allard\/"]}]},{"@type":"ImageObject","inLanguage":"fr-FR","@id":"https:\/\/theplayoffs.news\/fr\/actualite-nhl\/premiere-emotions-frederic-allard\/#primaryimage","url":"https:\/\/theplayoffs.news\/fr\/wp-content\/uploads\/2023\/03\/ALLARD_GRAB94490e1d-68f7-4d31-97de-40efb71e4519_ORIGINAL.jpg","contentUrl":"https:\/\/theplayoffs.news\/fr\/wp-content\/uploads\/2023\/03\/ALLARD_GRAB94490e1d-68f7-4d31-97de-40efb71e4519_ORIGINAL.jpg","width":1000,"height":563,"caption":"Fr\u00e9d\u00e9ric Allard"},{"@type":"BreadcrumbList","@id":"https:\/\/theplayoffs.news\/fr\/actualite-nhl\/premiere-emotions-frederic-allard\/#breadcrumb","itemListElement":[{"@type":"ListItem","position":1,"name":"Accueil","item":"https:\/\/theplayoffs.news\/fr\/"},{"@type":"ListItem","position":2,"name":"Une premi\u00e8re pleine d&rsquo;\u00e9motions pour Fr\u00e9d\u00e9ric Allard"}]},{"@type":"WebSite","@id":"https:\/\/theplayoffs.news\/fr\/#website","url":"https:\/\/theplayoffs.news\/fr\/","name":"The Playoffs FR","description":"NBA-NFL-NHL-MLB","potentialAction":[{"@type":"SearchAction","target":{"@type":"EntryPoint","urlTemplate":"https:\/\/theplayoffs.news\/fr\/?s={search_term_string}"},"query-input":{"@type":"PropertyValueSpecification","valueRequired":true,"valueName":"search_term_string"}}],"inLanguage":"fr-FR"},{"@type":"Person","@id":"https:\/\/theplayoffs.news\/fr\/#\/schema\/person\/eee5b69ad5d3c51cabe881c839dbe133","name":"Charles Taudin","image":{"@type":"ImageObject","inLanguage":"fr-FR","@id":"https:\/\/theplayoffs.news\/fr\/#\/schema\/person\/image\/","url":"https:\/\/secure.gravatar.com\/avatar\/59a1e772205ce9fd255edfcafc93013736822e20261f294c5753b20c41ede9f2?s=96&d=mm&r=g","contentUrl":"https:\/\/secure.gravatar.com\/avatar\/59a1e772205ce9fd255edfcafc93013736822e20261f294c5753b20c41ede9f2?s=96&d=mm&r=g","caption":"Charles Taudin"},"description":"R\u00e9dacteur en chef global de The Playoffs, j\u2019ai cr\u00e9\u00e9 The Free Agent, devenu The Playoffs FR, en 2020 durant la pand\u00e9mie. Amoureux depuis des ann\u00e9es des 4 sports majeurs am\u00e9ricains, j\u2019organise maintenant la strat\u00e9gie \u00e9ditoriale et les r\u00e9seaux sociaux de l\u2019ensemble des versions de The Playoffs. Il m\u2019arrive encore d\u2019\u00e9crire sur certains sports que j\u2019affectionne particuli\u00e8rement comme la NFL ou la MLB. Si vous devez retenir qu\u2019une chose : Eli Manning est le vrai GOAT pour avoir battu deux fois Tom Brady.","sameAs":["https:\/\/www.instagram.com\/ctaudin_\/"],"url":"https:\/\/theplayoffs.news\/fr\/author\/charles-taudin\/"}]}},"_links":{"self":[{"href":"https:\/\/theplayoffs.news\/fr\/wp-json\/wp\/v2\/posts\/571843","targetHints":{"allow":["GET"]}}],"collection":[{"href":"https:\/\/theplayoffs.news\/fr\/wp-json\/wp\/v2\/posts"}],"about":[{"href":"https:\/\/theplayoffs.news\/fr\/wp-json\/wp\/v2\/types\/post"}],"author":[{"embeddable":true,"href":"https:\/\/theplayoffs.news\/fr\/wp-json\/wp\/v2\/users\/13"}],"replies":[{"embeddable":true,"href":"https:\/\/theplayoffs.news\/fr\/wp-json\/wp\/v2\/comments?post=571843"}],"version-history":[{"count":2,"href":"https:\/\/theplayoffs.news\/fr\/wp-json\/wp\/v2\/posts\/571843\/revisions"}],"predecessor-version":[{"id":571847,"href":"https:\/\/theplayoffs.news\/fr\/wp-json\/wp\/v2\/posts\/571843\/revisions\/571847"}],"wp:featuredmedia":[{"embeddable":true,"href":"https:\/\/theplayoffs.news\/fr\/wp-json\/wp\/v2\/media\/571845"}],"wp:attachment":[{"href":"https:\/\/theplayoffs.news\/fr\/wp-json\/wp\/v2\/media?parent=571843"}],"wp:term":[{"taxonomy":"category","embeddable":true,"href":"https:\/\/theplayoffs.news\/fr\/wp-json\/wp\/v2\/categories?post=571843"},{"taxonomy":"post_tag","embeddable":true,"href":"https:\/\/theplayoffs.news\/fr\/wp-json\/wp\/v2\/tags?post=571843"},{"taxonomy":"sport","embeddable":true,"href":"https:\/\/theplayoffs.news\/fr\/wp-json\/wp\/v2\/sport?post=571843"},{"taxonomy":"saison","embeddable":true,"href":"https:\/\/theplayoffs.news\/fr\/wp-json\/wp\/v2\/saison?post=571843"}],"curies":[{"name":"wp","href":"https:\/\/api.w.org\/{rel}","templated":true}]}}