{"id":571821,"date":"2023-03-06T07:05:24","date_gmt":"2023-03-06T06:05:24","guid":{"rendered":"https:\/\/theplayoffs.news\/fr\/?p=571821"},"modified":"2023-03-06T07:08:05","modified_gmt":"2023-03-06T06:08:05","slug":"pas-de-date-de-reprise-pour-morant","status":"publish","type":"post","link":"https:\/\/theplayoffs.news\/fr\/actualite-nba\/pas-de-date-de-reprise-pour-morant\/","title":{"rendered":"Pas de date de reprise pour Morant"},"content":{"rendered":"<h2>Les Grizzlies de Memphis vont jouer leurs deux prochains matchs (au minimum) sans Ja Morant. Le meneur a &eacute;t&eacute; sanctionn&eacute; par sa franchise d&ucirc; &agrave; une vid&eacute;o post&eacute;e sur les r&eacute;seaux sociaux avec une arme &agrave; la main. Taylor Jenkins, son coach, n&rsquo;a pas la date de retour exacte concernant sn joueur.<\/h2><p>C&rsquo;est une affaire qui a beaucoup fait r&eacute;agir depuis sa r&eacute;v&eacute;lation. Samedi soir (samedi apr&egrave;s-midi aux &Eacute;tats-Unis), Ja Morant postait sur ses r&eacute;seaux sociaux une vid&eacute;o o&ugrave; on le voit torse nu, la musique en fond&hellip; et avec <a href=\"https:\/\/www.youtube.com\/watch?v=DiwgeytqdqU&amp;ab_channel=ChazNBA\" class=\"trk-cta-link\" data-cta-trk='{\"ctaType\":\"Link\",\"ctaSubType\":\"main\"}'>une arme &agrave; la main<\/a>. La franchise des Grizzlies de Memphis a d&eacute;cid&eacute; de le mettre en retrait pour 2 matchs minimum. Taylor Jenkins, le coach des Grizzlies, a d&eacute;clar&eacute; qu&rsquo;il n&rsquo;y avait pas de date pr&eacute;vue pour le retour sur les parquets du meneur.<\/p><blockquote class=\"twitter-tweet\" data-width=\"500\" data-dnt=\"true\">\n<p lang=\"en\" dir=\"ltr\">There's no timetable for Ja Morant to return to the Grizzlies, and the All-Star guard knows he has made \"difficult decisions and poor choices\" that he has to be accountable for, head coach Taylor Jenkins said Sunday night. <a href=\"https:\/\/t.co\/jm4KRFR36G\" class=\"trk-cta-link\" data-cta-trk='{\"ctaType\":\"Link\",\"ctaSubType\":\"main\"}'>https:\/\/t.co\/jm4KRFR36G<\/a><\/p>\n<p>&mdash; ESPN (@espn) <a href=\"https:\/\/twitter.com\/espn\/status\/1632597319240634372?ref_src=twsrc%5Etfw\" class=\"trk-cta-link\" data-cta-trk='{\"ctaType\":\"Link\",\"ctaSubType\":\"main\"}'>March 6, 2023<\/a><\/p><\/blockquote><p><script async src=\"https:\/\/platform.twitter.com\/widgets.js\" charset=\"utf-8\"><\/script><\/p><p>Tyler Jenkins a r&eacute;agi &agrave; cela<a href=\"https:\/\/www.espn.com\/nba\/story\/_\/id\/35795099\/no-table-ja-morant-return-grizzlies\" class=\"trk-cta-link\" data-cta-trk='{\"ctaType\":\"Link\",\"ctaSubType\":\"main\"}'> juste avant le match<\/a> de la nuit derni&egrave;re face aux Clippers.<\/p><blockquote><p>&laquo;&nbsp;Nous avons dit que &ccedil;a serait au moins pour ces deux matchs (<em>face aux Clippers puis les Lakers dans la nuit de mardi &agrave; mercredi<\/em>)&nbsp;&raquo;, affirme le coach des Grizzlies. &laquo;&nbsp;Je veux dire, ce sera un processus de gu&eacute;rison continu&hellip; Ce n&rsquo;est pas une question de calendrier&nbsp;&raquo;.<\/p><\/blockquote><p>Jenkins est conscient qu&rsquo;il y a un travail &agrave; faire de la part du joueur afin qu&rsquo;il puisse aller mieux &agrave; l&rsquo;avenir. Cependant, il ne le d&eacute;douane pas pour autant des ses actes.<\/p><blockquote><p>&laquo;&nbsp;On prend cela tr&egrave;s au s&eacute;rieux&nbsp;&raquo;, mart&egrave;le le technicien Grizzly. &laquo;&nbsp;Il y a un accompagnement pour quelqu&rsquo;un qui doit aller mieux et qui a besoin d&rsquo;aide. Mais il y a aussi la responsabilit&eacute; de l&rsquo;&eacute;quipe qui doit &ecirc;tre assur&eacute;&nbsp;&raquo;.<\/p><\/blockquote><p>Ja Morant s&rsquo;est exprim&eacute; <a href=\"https:\/\/twitter.com\/DailyMail\/status\/1632579437760860162\" class=\"trk-cta-link\" data-cta-trk='{\"ctaType\":\"Link\",\"ctaSubType\":\"main\"}'>dans un communiqu&eacute;<\/a>. Il s&rsquo;excuse aupr&egrave;s de sa famille et de ses co&eacute;quipiers, entre autres, et explique qu&rsquo;il va demander de l&rsquo;aide pour traverser cette p&eacute;riode et tenter de trouver une solution afin que cela ne se r&eacute;p&egrave;te pas.<\/p>\n","protected":false},"excerpt":{"rendered":"","protected":false},"author":180310140,"featured_media":571826,"comment_status":"open","ping_status":"closed","sticky":false,"template":"","format":"standard","meta":{"inline_featured_image":false,"kia_subtitle":"","_mux_skip_reasons":[],"proofreadBy":0,"footnotes":""},"categories":[110,10],"tags":[158,818,2848],"sport":[],"saison":[],"class_list":["post-571821","post","type-post","status-publish","format-standard","has-post-thumbnail","hentry","category-actualite-nba","category-nba","tag-ja-morant","tag-memphis-grizzlies","tag-taylor-jenkins"],"acf":[],"yoast_head":"<!-- This site is optimized with the Yoast SEO plugin v24.2 - https:\/\/yoast.com\/wordpress\/plugins\/seo\/ -->\n<title>Pas de date de reprise pour Morant - The Playoffs FR<\/title>\n<meta name=\"robots\" content=\"index, follow, max-snippet:-1, max-image-preview:large, max-video-preview:-1\" \/>\n<link rel=\"canonical\" href=\"https:\/\/theplayoffs.news\/fr\/actualite-nba\/pas-de-date-de-reprise-pour-morant\/\" \/>\n<meta property=\"og:locale\" content=\"fr_FR\" \/>\n<meta property=\"og:type\" content=\"article\" \/>\n<meta property=\"og:title\" content=\"Pas de date de reprise pour Morant - The Playoffs FR\" \/>\n<meta property=\"og:url\" content=\"https:\/\/theplayoffs.news\/fr\/actualite-nba\/pas-de-date-de-reprise-pour-morant\/\" \/>\n<meta property=\"og:site_name\" content=\"The Playoffs FR\" \/>\n<meta property=\"article:publisher\" content=\"https:\/\/www.facebook.com\/TheFreeAgentFR\/\" \/>\n<meta property=\"article:modified_time\" content=\"2023-03-06T07:08:05+01:00\" \/>\n<meta property=\"og:image\" content=\"https:\/\/theplayoffs.news\/fr\/wp-content\/uploads\/2023\/03\/J.Morant.jpg\" \/>\n\t<meta property=\"og:image:width\" content=\"1920\" \/>\n\t<meta property=\"og:image:height\" content=\"1080\" \/>\n\t<meta property=\"og:image:type\" content=\"image\/jpeg\" \/>\n<meta name=\"author\" content=\"Theophile Batica-ferreira\" \/>\n<meta name=\"twitter:card\" content=\"summary_large_image\" \/>\n<meta name=\"twitter:creator\" content=\"@TheFreeAgentFR\" \/>\n<meta name=\"twitter:site\" content=\"@TheFreeAgentFR\" \/>\n<meta name=\"twitter:label1\" content=\"\u00c9crit par\" \/>\n\t<meta name=\"twitter:data1\" content=\"Theophile Batica-ferreira\" \/>\n\t<meta name=\"twitter:label2\" content=\"Dur\u00e9e de lecture estim\u00e9e\" \/>\n\t<meta name=\"twitter:data2\" content=\"2 minutes\" \/>\n<script type=\"application\/ld+json\" class=\"yoast-schema-graph\">{\"@context\":\"https:\/\/schema.org\",\"@graph\":[{\"@type\":\"WebPage\",\"@id\":\"https:\/\/theplayoffs.news\/fr\/actualite-nba\/pas-de-date-de-reprise-pour-morant\/\",\"url\":\"https:\/\/theplayoffs.news\/fr\/actualite-nba\/pas-de-date-de-reprise-pour-morant\/\",\"name\":\"Pas de date de reprise pour Morant - The Playoffs FR\",\"isPartOf\":{\"@id\":\"https:\/\/theplayoffs.news\/fr\/#website\"},\"primaryImageOfPage\":{\"@id\":\"https:\/\/theplayoffs.news\/fr\/actualite-nba\/pas-de-date-de-reprise-pour-morant\/#primaryimage\"},\"image\":{\"@id\":\"https:\/\/theplayoffs.news\/fr\/actualite-nba\/pas-de-date-de-reprise-pour-morant\/#primaryimage\"},\"thumbnailUrl\":\"https:\/\/theplayoffs.news\/fr\/wp-content\/uploads\/2023\/03\/J.Morant.jpg\",\"datePublished\":\"2023-03-06T06:05:24+00:00\",\"dateModified\":\"2023-03-06T06:08:05+00:00\",\"author\":{\"@id\":\"https:\/\/theplayoffs.news\/fr\/#\/schema\/person\/28782e5d11e28ced1db43166cecdaae9\"},\"breadcrumb\":{\"@id\":\"https:\/\/theplayoffs.news\/fr\/actualite-nba\/pas-de-date-de-reprise-pour-morant\/#breadcrumb\"},\"inLanguage\":\"fr-FR\",\"potentialAction\":[{\"@type\":\"ReadAction\",\"target\":[\"https:\/\/theplayoffs.news\/fr\/actualite-nba\/pas-de-date-de-reprise-pour-morant\/\"]}]},{\"@type\":\"ImageObject\",\"inLanguage\":\"fr-FR\",\"@id\":\"https:\/\/theplayoffs.news\/fr\/actualite-nba\/pas-de-date-de-reprise-pour-morant\/#primaryimage\",\"url\":\"https:\/\/theplayoffs.news\/fr\/wp-content\/uploads\/2023\/03\/J.Morant.jpg\",\"contentUrl\":\"https:\/\/theplayoffs.news\/fr\/wp-content\/uploads\/2023\/03\/J.Morant.jpg\",\"width\":1920,\"height\":1080,\"caption\":\"Ja Morant\"},{\"@type\":\"BreadcrumbList\",\"@id\":\"https:\/\/theplayoffs.news\/fr\/actualite-nba\/pas-de-date-de-reprise-pour-morant\/#breadcrumb\",\"itemListElement\":[{\"@type\":\"ListItem\",\"position\":1,\"name\":\"Accueil\",\"item\":\"https:\/\/theplayoffs.news\/fr\/\"},{\"@type\":\"ListItem\",\"position\":2,\"name\":\"Pas de date de reprise pour Morant\"}]},{\"@type\":\"WebSite\",\"@id\":\"https:\/\/theplayoffs.news\/fr\/#website\",\"url\":\"https:\/\/theplayoffs.news\/fr\/\",\"name\":\"The Playoffs FR\",\"description\":\"NBA-NFL-NHL-MLB\",\"potentialAction\":[{\"@type\":\"SearchAction\",\"target\":{\"@type\":\"EntryPoint\",\"urlTemplate\":\"https:\/\/theplayoffs.news\/fr\/?s={search_term_string}\"},\"query-input\":{\"@type\":\"PropertyValueSpecification\",\"valueRequired\":true,\"valueName\":\"search_term_string\"}}],\"inLanguage\":\"fr-FR\"},{\"@type\":\"Person\",\"@id\":\"https:\/\/theplayoffs.news\/fr\/#\/schema\/person\/28782e5d11e28ced1db43166cecdaae9\",\"name\":\"Theophile Batica-ferreira\",\"image\":{\"@type\":\"ImageObject\",\"inLanguage\":\"fr-FR\",\"@id\":\"https:\/\/theplayoffs.news\/fr\/#\/schema\/person\/image\/\",\"url\":\"https:\/\/secure.gravatar.com\/avatar\/2a8200ad0411f8ebd27c6b41622c1d7589cdf53cfc6c271372dbe6fbfd1e8159?s=96&d=mm&r=g\",\"contentUrl\":\"https:\/\/secure.gravatar.com\/avatar\/2a8200ad0411f8ebd27c6b41622c1d7589cdf53cfc6c271372dbe6fbfd1e8159?s=96&d=mm&r=g\",\"caption\":\"Theophile Batica-ferreira\"},\"url\":\"https:\/\/theplayoffs.news\/fr\/author\/theophile-batica-ferreiramediaschool-me\/\"}]}<\/script>\n<!-- \/ Yoast SEO plugin. -->","yoast_head_json":{"title":"Pas de date de reprise pour Morant - The Playoffs FR","robots":{"index":"index","follow":"follow","max-snippet":"max-snippet:-1","max-image-preview":"max-image-preview:large","max-video-preview":"max-video-preview:-1"},"canonical":"https:\/\/theplayoffs.news\/fr\/actualite-nba\/pas-de-date-de-reprise-pour-morant\/","og_locale":"fr_FR","og_type":"article","og_title":"Pas de date de reprise pour Morant - The Playoffs FR","og_url":"https:\/\/theplayoffs.news\/fr\/actualite-nba\/pas-de-date-de-reprise-pour-morant\/","og_site_name":"The Playoffs FR","article_publisher":"https:\/\/www.facebook.com\/TheFreeAgentFR\/","article_modified_time":"2023-03-06T06:08:05+00:00","og_image":[{"width":1920,"height":1080,"url":"https:\/\/theplayoffs.news\/fr\/wp-content\/uploads\/2023\/03\/J.Morant.jpg","type":"image\/jpeg"}],"author":"Theophile Batica-ferreira","twitter_card":"summary_large_image","twitter_creator":"@TheFreeAgentFR","twitter_site":"@TheFreeAgentFR","twitter_misc":{"\u00c9crit par":"Theophile Batica-ferreira","Dur\u00e9e de lecture estim\u00e9e":"2 minutes"},"schema":{"@context":"https:\/\/schema.org","@graph":[{"@type":"WebPage","@id":"https:\/\/theplayoffs.news\/fr\/actualite-nba\/pas-de-date-de-reprise-pour-morant\/","url":"https:\/\/theplayoffs.news\/fr\/actualite-nba\/pas-de-date-de-reprise-pour-morant\/","name":"Pas de date de reprise pour Morant - The Playoffs FR","isPartOf":{"@id":"https:\/\/theplayoffs.news\/fr\/#website"},"primaryImageOfPage":{"@id":"https:\/\/theplayoffs.news\/fr\/actualite-nba\/pas-de-date-de-reprise-pour-morant\/#primaryimage"},"image":{"@id":"https:\/\/theplayoffs.news\/fr\/actualite-nba\/pas-de-date-de-reprise-pour-morant\/#primaryimage"},"thumbnailUrl":"https:\/\/theplayoffs.news\/fr\/wp-content\/uploads\/2023\/03\/J.Morant.jpg","datePublished":"2023-03-06T06:05:24+00:00","dateModified":"2023-03-06T06:08:05+00:00","author":{"@id":"https:\/\/theplayoffs.news\/fr\/#\/schema\/person\/28782e5d11e28ced1db43166cecdaae9"},"breadcrumb":{"@id":"https:\/\/theplayoffs.news\/fr\/actualite-nba\/pas-de-date-de-reprise-pour-morant\/#breadcrumb"},"inLanguage":"fr-FR","potentialAction":[{"@type":"ReadAction","target":["https:\/\/theplayoffs.news\/fr\/actualite-nba\/pas-de-date-de-reprise-pour-morant\/"]}]},{"@type":"ImageObject","inLanguage":"fr-FR","@id":"https:\/\/theplayoffs.news\/fr\/actualite-nba\/pas-de-date-de-reprise-pour-morant\/#primaryimage","url":"https:\/\/theplayoffs.news\/fr\/wp-content\/uploads\/2023\/03\/J.Morant.jpg","contentUrl":"https:\/\/theplayoffs.news\/fr\/wp-content\/uploads\/2023\/03\/J.Morant.jpg","width":1920,"height":1080,"caption":"Ja Morant"},{"@type":"BreadcrumbList","@id":"https:\/\/theplayoffs.news\/fr\/actualite-nba\/pas-de-date-de-reprise-pour-morant\/#breadcrumb","itemListElement":[{"@type":"ListItem","position":1,"name":"Accueil","item":"https:\/\/theplayoffs.news\/fr\/"},{"@type":"ListItem","position":2,"name":"Pas de date de reprise pour Morant"}]},{"@type":"WebSite","@id":"https:\/\/theplayoffs.news\/fr\/#website","url":"https:\/\/theplayoffs.news\/fr\/","name":"The Playoffs FR","description":"NBA-NFL-NHL-MLB","potentialAction":[{"@type":"SearchAction","target":{"@type":"EntryPoint","urlTemplate":"https:\/\/theplayoffs.news\/fr\/?s={search_term_string}"},"query-input":{"@type":"PropertyValueSpecification","valueRequired":true,"valueName":"search_term_string"}}],"inLanguage":"fr-FR"},{"@type":"Person","@id":"https:\/\/theplayoffs.news\/fr\/#\/schema\/person\/28782e5d11e28ced1db43166cecdaae9","name":"Theophile Batica-ferreira","image":{"@type":"ImageObject","inLanguage":"fr-FR","@id":"https:\/\/theplayoffs.news\/fr\/#\/schema\/person\/image\/","url":"https:\/\/secure.gravatar.com\/avatar\/2a8200ad0411f8ebd27c6b41622c1d7589cdf53cfc6c271372dbe6fbfd1e8159?s=96&d=mm&r=g","contentUrl":"https:\/\/secure.gravatar.com\/avatar\/2a8200ad0411f8ebd27c6b41622c1d7589cdf53cfc6c271372dbe6fbfd1e8159?s=96&d=mm&r=g","caption":"Theophile Batica-ferreira"},"url":"https:\/\/theplayoffs.news\/fr\/author\/theophile-batica-ferreiramediaschool-me\/"}]}},"_links":{"self":[{"href":"https:\/\/theplayoffs.news\/fr\/wp-json\/wp\/v2\/posts\/571821","targetHints":{"allow":["GET"]}}],"collection":[{"href":"https:\/\/theplayoffs.news\/fr\/wp-json\/wp\/v2\/posts"}],"about":[{"href":"https:\/\/theplayoffs.news\/fr\/wp-json\/wp\/v2\/types\/post"}],"author":[{"embeddable":true,"href":"https:\/\/theplayoffs.news\/fr\/wp-json\/wp\/v2\/users\/180310140"}],"replies":[{"embeddable":true,"href":"https:\/\/theplayoffs.news\/fr\/wp-json\/wp\/v2\/comments?post=571821"}],"version-history":[{"count":3,"href":"https:\/\/theplayoffs.news\/fr\/wp-json\/wp\/v2\/posts\/571821\/revisions"}],"predecessor-version":[{"id":571829,"href":"https:\/\/theplayoffs.news\/fr\/wp-json\/wp\/v2\/posts\/571821\/revisions\/571829"}],"wp:featuredmedia":[{"embeddable":true,"href":"https:\/\/theplayoffs.news\/fr\/wp-json\/wp\/v2\/media\/571826"}],"wp:attachment":[{"href":"https:\/\/theplayoffs.news\/fr\/wp-json\/wp\/v2\/media?parent=571821"}],"wp:term":[{"taxonomy":"category","embeddable":true,"href":"https:\/\/theplayoffs.news\/fr\/wp-json\/wp\/v2\/categories?post=571821"},{"taxonomy":"post_tag","embeddable":true,"href":"https:\/\/theplayoffs.news\/fr\/wp-json\/wp\/v2\/tags?post=571821"},{"taxonomy":"sport","embeddable":true,"href":"https:\/\/theplayoffs.news\/fr\/wp-json\/wp\/v2\/sport?post=571821"},{"taxonomy":"saison","embeddable":true,"href":"https:\/\/theplayoffs.news\/fr\/wp-json\/wp\/v2\/saison?post=571821"}],"curies":[{"name":"wp","href":"https:\/\/api.w.org\/{rel}","templated":true}]}}