{"id":571804,"date":"2023-03-06T06:55:13","date_gmt":"2023-03-06T05:55:13","guid":{"rendered":"https:\/\/theplayoffs.news\/fr\/?p=571804"},"modified":"2023-03-06T06:56:06","modified_gmt":"2023-03-06T05:56:06","slug":"davis-soffre-un-recital-face-aux-warriors","status":"publish","type":"post","link":"https:\/\/theplayoffs.news\/fr\/actualite-nba\/davis-soffre-un-recital-face-aux-warriors\/","title":{"rendered":"Davis s&rsquo;offre un r\u00e9cital face aux Warriors"},"content":{"rendered":"<h2>Les Lakers se sont impos&eacute;s sur leur parquet face aux Warriors de Golden State (105-113). Anthony Davis a &eacute;t&eacute; sensationnel avec 39 points inscrit dans la partie.<\/h2><p>Lorsqu&rsquo;<strong>Anthony Davis<\/strong> est &agrave; ce niveau-l&agrave;, il n&rsquo;y a rien qui ne peut l&rsquo;arr&ecirc;ter. Les <strong>Warriors de Golden State<\/strong> peuvent en t&eacute;moigner apr&egrave;s cette d&eacute;faite sur le parquet des Lakers (105-113). L&rsquo;int&eacute;rieur a inscrit <strong>39 points<\/strong> et est, bien &eacute;videmment, le <a href=\"https:\/\/twitter.com\/ESPNNBA\/status\/1632520089856557057\" class=\"trk-cta-link\" data-cta-trk='{\"ctaType\":\"Link\",\"ctaSubType\":\"main\"}'>meilleur marqueur de la rencontre<\/a>.<\/p><p>Le match a &eacute;t&eacute; ma&icirc;tris&eacute; de bout en bout par les <strong>Lakers<\/strong> m&ecirc;me si les Warriors se sont rapproch&eacute;s au score &agrave; plusieurs reprises. Le tout a &eacute;t&eacute; men&eacute; par Davis qui finit le match avec <strong>8 rebonds, 6 passes et 2 contres<\/strong> en plus de ses 39 points (14\/25 aux tirs).<\/p><p>&laquo;&nbsp;<em>Unibrow<\/em>&nbsp;&raquo; prend clairement ses responsabilit&eacute;s surtout en l&rsquo;absence de <a href=\"https:\/\/theplayoffs.news\/fr\/nba-basketball\/lebron-james-letat-de-sa-blessure\/\" class=\"trk-cta-link\" data-cta-trk='{\"ctaType\":\"Link\",\"ctaSubType\":\"main\"}'>LeBron James<\/a>. Lors de ce match, il a profit&eacute; du d&eacute;ficit de taille des Warriors pour s&rsquo;imposer dans la raquette adverse.<\/p><blockquote class=\"twitter-tweet\" data-width=\"500\" data-dnt=\"true\">\n<p lang=\"en\" dir=\"ltr\">AD has been on a tear this week &#128548; <a href=\"https:\/\/t.co\/JpyE2TwvcR\" class=\"trk-cta-link\" data-cta-trk='{\"ctaType\":\"Link\",\"ctaSubType\":\"main\"}'>pic.twitter.com\/JpyE2TwvcR<\/a><\/p>\n<p>&mdash; SportsCenter (@SportsCenter) <a href=\"https:\/\/twitter.com\/SportsCenter\/status\/1632548487484121089?ref_src=twsrc%5Etfw\" class=\"trk-cta-link\" data-cta-trk='{\"ctaType\":\"Link\",\"ctaSubType\":\"main\"}'>March 6, 2023<\/a><\/p><\/blockquote><p><script async src=\"https:\/\/platform.twitter.com\/widgets.js\" charset=\"utf-8\"><\/script><\/p><p>Davis a eu des co&eacute;quipiers qui ont r&eacute;pondu pr&eacute;sent comme <strong>Austin Reaves<\/strong> avec ses 16 points (3\/5 &agrave; 3 points), <strong>Troy Brown Jr.<\/strong> finit avec 14 points (4\/7 &agrave; 3 points) et 8 rebonds ou encore <strong>Malik Beasly<\/strong> et ses 12 points.<\/p><p>C&ocirc;t&eacute; Golden State, ce match marquait le retour sur le parquet de <a href=\"https:\/\/theplayoffs.news\/fr\/nba-basketball\/pas-date-de-retour-stephen-curry\/\" class=\"trk-cta-link\" data-cta-trk='{\"ctaType\":\"Link\",\"ctaSubType\":\"main\"}'>Stephen Curry<\/a>. Il n&rsquo;avait plus jou&eacute; un match depuis le 4 f&eacute;vrier dernier. Il termine la partie avec <strong>27 points et 6 passes<\/strong>.<\/p><p>Les Lakers vont accueillir les <strong>Grizzlies<\/strong> lors de leur prochaine rencontre. <a href=\"https:\/\/twitter.com\/espn\/status\/1632597319240634372\" class=\"trk-cta-link\" data-cta-trk='{\"ctaType\":\"Link\",\"ctaSubType\":\"main\"}'>Ja Morant<\/a> (suspendu par la franchise pour 2 match d&ucirc; &agrave; une affaire extra-sportive) et <a href=\"https:\/\/theplayoffs.news\/fr\/nba-basketball\/memphis-grizzlies-brandon-clarke\/\" class=\"trk-cta-link\" data-cta-trk='{\"ctaType\":\"Link\",\"ctaSubType\":\"main\"}'>Brandon Clarke<\/a> seront absents pour cette rencontre. &Agrave; Davis et aux Lakers d&rsquo;en profiter, eux qui souhaitent d&eacute;crocher leur billet pour les s&eacute;ries &eacute;liminatoires.<\/p>\n","protected":false},"excerpt":{"rendered":"","protected":false},"author":180310140,"featured_media":571818,"comment_status":"open","ping_status":"closed","sticky":false,"template":"","format":"standard","meta":{"inline_featured_image":false,"kia_subtitle":"","_mux_skip_reasons":[],"proofreadBy":0,"footnotes":""},"categories":[110,10],"tags":[763,117,68],"sport":[],"saison":[],"class_list":["post-571804","post","type-post","status-publish","format-standard","has-post-thumbnail","hentry","category-actualite-nba","category-nba","tag-anthony-davis","tag-los-angeles-lakers","tag-stephen-curry"],"acf":[],"yoast_head":"<!-- This site is optimized with the Yoast SEO plugin v24.2 - https:\/\/yoast.com\/wordpress\/plugins\/seo\/ -->\n<title>Davis s&#039;offre un r&eacute;cital face aux Warriors - The Playoffs FR<\/title>\n<meta name=\"robots\" content=\"index, follow, max-snippet:-1, max-image-preview:large, max-video-preview:-1\" \/>\n<link rel=\"canonical\" href=\"https:\/\/theplayoffs.news\/fr\/actualite-nba\/davis-soffre-un-recital-face-aux-warriors\/\" \/>\n<meta property=\"og:locale\" content=\"fr_FR\" \/>\n<meta property=\"og:type\" content=\"article\" \/>\n<meta property=\"og:title\" content=\"Davis s&#039;offre un r&eacute;cital face aux Warriors - The Playoffs FR\" \/>\n<meta property=\"og:url\" content=\"https:\/\/theplayoffs.news\/fr\/actualite-nba\/davis-soffre-un-recital-face-aux-warriors\/\" \/>\n<meta property=\"og:site_name\" content=\"The Playoffs FR\" \/>\n<meta property=\"article:publisher\" content=\"https:\/\/www.facebook.com\/TheFreeAgentFR\/\" \/>\n<meta property=\"article:modified_time\" content=\"2023-03-06T06:56:06+01:00\" \/>\n<meta property=\"og:image\" content=\"https:\/\/theplayoffs.news\/fr\/wp-content\/uploads\/2023\/03\/Anthony-Davis.jpg\" \/>\n\t<meta property=\"og:image:width\" content=\"1920\" \/>\n\t<meta property=\"og:image:height\" content=\"1280\" \/>\n\t<meta property=\"og:image:type\" content=\"image\/jpeg\" \/>\n<meta name=\"author\" content=\"Theophile Batica-ferreira\" \/>\n<meta name=\"twitter:card\" content=\"summary_large_image\" \/>\n<meta name=\"twitter:creator\" content=\"@TheFreeAgentFR\" \/>\n<meta name=\"twitter:site\" content=\"@TheFreeAgentFR\" \/>\n<meta name=\"twitter:label1\" content=\"\u00c9crit par\" \/>\n\t<meta name=\"twitter:data1\" content=\"Theophile Batica-ferreira\" \/>\n\t<meta name=\"twitter:label2\" content=\"Dur\u00e9e de lecture estim\u00e9e\" \/>\n\t<meta name=\"twitter:data2\" content=\"1 minute\" \/>\n<script type=\"application\/ld+json\" class=\"yoast-schema-graph\">{\"@context\":\"https:\/\/schema.org\",\"@graph\":[{\"@type\":\"WebPage\",\"@id\":\"https:\/\/theplayoffs.news\/fr\/actualite-nba\/davis-soffre-un-recital-face-aux-warriors\/\",\"url\":\"https:\/\/theplayoffs.news\/fr\/actualite-nba\/davis-soffre-un-recital-face-aux-warriors\/\",\"name\":\"Davis s\\\\'offre un r\u00e9cital face aux Warriors - The Playoffs FR\",\"isPartOf\":{\"@id\":\"https:\/\/theplayoffs.news\/fr\/#website\"},\"primaryImageOfPage\":{\"@id\":\"https:\/\/theplayoffs.news\/fr\/actualite-nba\/davis-soffre-un-recital-face-aux-warriors\/#primaryimage\"},\"image\":{\"@id\":\"https:\/\/theplayoffs.news\/fr\/actualite-nba\/davis-soffre-un-recital-face-aux-warriors\/#primaryimage\"},\"thumbnailUrl\":\"https:\/\/theplayoffs.news\/fr\/wp-content\/uploads\/2023\/03\/Anthony-Davis.jpg\",\"datePublished\":\"2023-03-06T05:55:13+00:00\",\"dateModified\":\"2023-03-06T05:56:06+00:00\",\"author\":{\"@id\":\"https:\/\/theplayoffs.news\/fr\/#\/schema\/person\/28782e5d11e28ced1db43166cecdaae9\"},\"breadcrumb\":{\"@id\":\"https:\/\/theplayoffs.news\/fr\/actualite-nba\/davis-soffre-un-recital-face-aux-warriors\/#breadcrumb\"},\"inLanguage\":\"fr-FR\",\"potentialAction\":[{\"@type\":\"ReadAction\",\"target\":[\"https:\/\/theplayoffs.news\/fr\/actualite-nba\/davis-soffre-un-recital-face-aux-warriors\/\"]}]},{\"@type\":\"ImageObject\",\"inLanguage\":\"fr-FR\",\"@id\":\"https:\/\/theplayoffs.news\/fr\/actualite-nba\/davis-soffre-un-recital-face-aux-warriors\/#primaryimage\",\"url\":\"https:\/\/theplayoffs.news\/fr\/wp-content\/uploads\/2023\/03\/Anthony-Davis.jpg\",\"contentUrl\":\"https:\/\/theplayoffs.news\/fr\/wp-content\/uploads\/2023\/03\/Anthony-Davis.jpg\",\"width\":1920,\"height\":1280,\"caption\":\"Anthony Davis\"},{\"@type\":\"BreadcrumbList\",\"@id\":\"https:\/\/theplayoffs.news\/fr\/actualite-nba\/davis-soffre-un-recital-face-aux-warriors\/#breadcrumb\",\"itemListElement\":[{\"@type\":\"ListItem\",\"position\":1,\"name\":\"Accueil\",\"item\":\"https:\/\/theplayoffs.news\/fr\/\"},{\"@type\":\"ListItem\",\"position\":2,\"name\":\"Davis s&rsquo;offre un r\u00e9cital face aux Warriors\"}]},{\"@type\":\"WebSite\",\"@id\":\"https:\/\/theplayoffs.news\/fr\/#website\",\"url\":\"https:\/\/theplayoffs.news\/fr\/\",\"name\":\"The Playoffs FR\",\"description\":\"NBA-NFL-NHL-MLB\",\"potentialAction\":[{\"@type\":\"SearchAction\",\"target\":{\"@type\":\"EntryPoint\",\"urlTemplate\":\"https:\/\/theplayoffs.news\/fr\/?s={search_term_string}\"},\"query-input\":{\"@type\":\"PropertyValueSpecification\",\"valueRequired\":true,\"valueName\":\"search_term_string\"}}],\"inLanguage\":\"fr-FR\"},{\"@type\":\"Person\",\"@id\":\"https:\/\/theplayoffs.news\/fr\/#\/schema\/person\/28782e5d11e28ced1db43166cecdaae9\",\"name\":\"Theophile Batica-ferreira\",\"image\":{\"@type\":\"ImageObject\",\"inLanguage\":\"fr-FR\",\"@id\":\"https:\/\/theplayoffs.news\/fr\/#\/schema\/person\/image\/\",\"url\":\"https:\/\/secure.gravatar.com\/avatar\/2a8200ad0411f8ebd27c6b41622c1d7589cdf53cfc6c271372dbe6fbfd1e8159?s=96&d=mm&r=g\",\"contentUrl\":\"https:\/\/secure.gravatar.com\/avatar\/2a8200ad0411f8ebd27c6b41622c1d7589cdf53cfc6c271372dbe6fbfd1e8159?s=96&d=mm&r=g\",\"caption\":\"Theophile Batica-ferreira\"},\"url\":\"https:\/\/theplayoffs.news\/fr\/author\/theophile-batica-ferreiramediaschool-me\/\"}]}<\/script>\n<!-- \/ Yoast SEO plugin. -->","yoast_head_json":{"title":"Davis s&#039;offre un r&eacute;cital face aux Warriors - The Playoffs FR","robots":{"index":"index","follow":"follow","max-snippet":"max-snippet:-1","max-image-preview":"max-image-preview:large","max-video-preview":"max-video-preview:-1"},"canonical":"https:\/\/theplayoffs.news\/fr\/actualite-nba\/davis-soffre-un-recital-face-aux-warriors\/","og_locale":"fr_FR","og_type":"article","og_title":"Davis s&#039;offre un r&eacute;cital face aux Warriors - The Playoffs FR","og_url":"https:\/\/theplayoffs.news\/fr\/actualite-nba\/davis-soffre-un-recital-face-aux-warriors\/","og_site_name":"The Playoffs FR","article_publisher":"https:\/\/www.facebook.com\/TheFreeAgentFR\/","article_modified_time":"2023-03-06T05:56:06+00:00","og_image":[{"width":1920,"height":1280,"url":"https:\/\/theplayoffs.news\/fr\/wp-content\/uploads\/2023\/03\/Anthony-Davis.jpg","type":"image\/jpeg"}],"author":"Theophile Batica-ferreira","twitter_card":"summary_large_image","twitter_creator":"@TheFreeAgentFR","twitter_site":"@TheFreeAgentFR","twitter_misc":{"\u00c9crit par":"Theophile Batica-ferreira","Dur\u00e9e de lecture estim\u00e9e":"1 minute"},"schema":{"@context":"https:\/\/schema.org","@graph":[{"@type":"WebPage","@id":"https:\/\/theplayoffs.news\/fr\/actualite-nba\/davis-soffre-un-recital-face-aux-warriors\/","url":"https:\/\/theplayoffs.news\/fr\/actualite-nba\/davis-soffre-un-recital-face-aux-warriors\/","name":"Davis s\\'offre un r\u00e9cital face aux Warriors - The Playoffs FR","isPartOf":{"@id":"https:\/\/theplayoffs.news\/fr\/#website"},"primaryImageOfPage":{"@id":"https:\/\/theplayoffs.news\/fr\/actualite-nba\/davis-soffre-un-recital-face-aux-warriors\/#primaryimage"},"image":{"@id":"https:\/\/theplayoffs.news\/fr\/actualite-nba\/davis-soffre-un-recital-face-aux-warriors\/#primaryimage"},"thumbnailUrl":"https:\/\/theplayoffs.news\/fr\/wp-content\/uploads\/2023\/03\/Anthony-Davis.jpg","datePublished":"2023-03-06T05:55:13+00:00","dateModified":"2023-03-06T05:56:06+00:00","author":{"@id":"https:\/\/theplayoffs.news\/fr\/#\/schema\/person\/28782e5d11e28ced1db43166cecdaae9"},"breadcrumb":{"@id":"https:\/\/theplayoffs.news\/fr\/actualite-nba\/davis-soffre-un-recital-face-aux-warriors\/#breadcrumb"},"inLanguage":"fr-FR","potentialAction":[{"@type":"ReadAction","target":["https:\/\/theplayoffs.news\/fr\/actualite-nba\/davis-soffre-un-recital-face-aux-warriors\/"]}]},{"@type":"ImageObject","inLanguage":"fr-FR","@id":"https:\/\/theplayoffs.news\/fr\/actualite-nba\/davis-soffre-un-recital-face-aux-warriors\/#primaryimage","url":"https:\/\/theplayoffs.news\/fr\/wp-content\/uploads\/2023\/03\/Anthony-Davis.jpg","contentUrl":"https:\/\/theplayoffs.news\/fr\/wp-content\/uploads\/2023\/03\/Anthony-Davis.jpg","width":1920,"height":1280,"caption":"Anthony Davis"},{"@type":"BreadcrumbList","@id":"https:\/\/theplayoffs.news\/fr\/actualite-nba\/davis-soffre-un-recital-face-aux-warriors\/#breadcrumb","itemListElement":[{"@type":"ListItem","position":1,"name":"Accueil","item":"https:\/\/theplayoffs.news\/fr\/"},{"@type":"ListItem","position":2,"name":"Davis s&rsquo;offre un r\u00e9cital face aux Warriors"}]},{"@type":"WebSite","@id":"https:\/\/theplayoffs.news\/fr\/#website","url":"https:\/\/theplayoffs.news\/fr\/","name":"The Playoffs FR","description":"NBA-NFL-NHL-MLB","potentialAction":[{"@type":"SearchAction","target":{"@type":"EntryPoint","urlTemplate":"https:\/\/theplayoffs.news\/fr\/?s={search_term_string}"},"query-input":{"@type":"PropertyValueSpecification","valueRequired":true,"valueName":"search_term_string"}}],"inLanguage":"fr-FR"},{"@type":"Person","@id":"https:\/\/theplayoffs.news\/fr\/#\/schema\/person\/28782e5d11e28ced1db43166cecdaae9","name":"Theophile Batica-ferreira","image":{"@type":"ImageObject","inLanguage":"fr-FR","@id":"https:\/\/theplayoffs.news\/fr\/#\/schema\/person\/image\/","url":"https:\/\/secure.gravatar.com\/avatar\/2a8200ad0411f8ebd27c6b41622c1d7589cdf53cfc6c271372dbe6fbfd1e8159?s=96&d=mm&r=g","contentUrl":"https:\/\/secure.gravatar.com\/avatar\/2a8200ad0411f8ebd27c6b41622c1d7589cdf53cfc6c271372dbe6fbfd1e8159?s=96&d=mm&r=g","caption":"Theophile Batica-ferreira"},"url":"https:\/\/theplayoffs.news\/fr\/author\/theophile-batica-ferreiramediaschool-me\/"}]}},"_links":{"self":[{"href":"https:\/\/theplayoffs.news\/fr\/wp-json\/wp\/v2\/posts\/571804","targetHints":{"allow":["GET"]}}],"collection":[{"href":"https:\/\/theplayoffs.news\/fr\/wp-json\/wp\/v2\/posts"}],"about":[{"href":"https:\/\/theplayoffs.news\/fr\/wp-json\/wp\/v2\/types\/post"}],"author":[{"embeddable":true,"href":"https:\/\/theplayoffs.news\/fr\/wp-json\/wp\/v2\/users\/180310140"}],"replies":[{"embeddable":true,"href":"https:\/\/theplayoffs.news\/fr\/wp-json\/wp\/v2\/comments?post=571804"}],"version-history":[{"count":2,"href":"https:\/\/theplayoffs.news\/fr\/wp-json\/wp\/v2\/posts\/571804\/revisions"}],"predecessor-version":[{"id":571820,"href":"https:\/\/theplayoffs.news\/fr\/wp-json\/wp\/v2\/posts\/571804\/revisions\/571820"}],"wp:featuredmedia":[{"embeddable":true,"href":"https:\/\/theplayoffs.news\/fr\/wp-json\/wp\/v2\/media\/571818"}],"wp:attachment":[{"href":"https:\/\/theplayoffs.news\/fr\/wp-json\/wp\/v2\/media?parent=571804"}],"wp:term":[{"taxonomy":"category","embeddable":true,"href":"https:\/\/theplayoffs.news\/fr\/wp-json\/wp\/v2\/categories?post=571804"},{"taxonomy":"post_tag","embeddable":true,"href":"https:\/\/theplayoffs.news\/fr\/wp-json\/wp\/v2\/tags?post=571804"},{"taxonomy":"sport","embeddable":true,"href":"https:\/\/theplayoffs.news\/fr\/wp-json\/wp\/v2\/sport?post=571804"},{"taxonomy":"saison","embeddable":true,"href":"https:\/\/theplayoffs.news\/fr\/wp-json\/wp\/v2\/saison?post=571804"}],"curies":[{"name":"wp","href":"https:\/\/api.w.org\/{rel}","templated":true}]}}