{"id":571509,"date":"2023-03-05T07:00:59","date_gmt":"2023-03-05T06:00:59","guid":{"rendered":"https:\/\/theplayoffs.news\/fr\/?p=571509"},"modified":"2023-03-05T07:04:05","modified_gmt":"2023-03-05T06:04:05","slug":"memphis-grizzlies-brandon-clarke","status":"publish","type":"post","link":"https:\/\/theplayoffs.news\/fr\/actualite-nba\/memphis-grizzlies-brandon-clarke\/","title":{"rendered":"Memphis Grizzlies, fin de saison pour Brandon Clarke"},"content":{"rendered":"<h2>Memphis Grizzlies, <span id=\"p0\">Brandon Clarke <\/span><span id=\"p0\">souffre d&rsquo;une rupture du tendon d&rsquo;<span id=\"5\">Achille<\/span><\/span><\/h2><p>&nbsp;<\/p><p>&nbsp;<\/p><p><span id=\"p8\">Memphis Grizzlies voient la saison leur ailier <a href=\"https:\/\/theplayoffs.news\/fr\/joueur\/brandon-clarke-memphis-grizzlies-nba\/\" class=\"trk-cta-link\" data-cta-trk='{\"ctaType\":\"Link\",\"ctaSubType\":\"main\"}'>Brandon Clarke<\/a> s&rsquo;achever suite &agrave; une rupture du tendon d&rsquo;Achille contract&eacute;e contre les Denver Nuggets.<\/span><\/p><p>&nbsp;<\/p><p><span id=\"p9\">En fin de premier quart-temps, le joueur ressent une douleur sur un lanc&eacute; franc.<\/span><span id=\"p4\">&nbsp;Le diagnostic est instantan&eacute;, rupture du tendon d&rsquo;Achille du pied gauche et donc fin de saison.<\/span><\/p><p>&nbsp;<\/p><blockquote class=\"twitter-tweet\" data-width=\"500\" data-dnt=\"true\">\n<p lang=\"en\" dir=\"ltr\">Memphis Grizzlies forward Brandon Clarke has suffered a season-ending left Achilles tear, his agent Mark Bartelstein of <a href=\"https:\/\/twitter.com\/PrioritySports?ref_src=twsrc%5Etfw\" class=\"trk-cta-link\" data-cta-trk='{\"ctaType\":\"Link\",\"ctaSubType\":\"main\"}'>@PrioritySports<\/a> tells ESPN. Clarke averages 10 points on 65 percent shooting. <a href=\"https:\/\/t.co\/EnPEPMu51a\" class=\"trk-cta-link\" data-cta-trk='{\"ctaType\":\"Link\",\"ctaSubType\":\"main\"}'>pic.twitter.com\/EnPEPMu51a<\/a><\/p>\n<p>&mdash; Adrian Wojnarowski (@wojespn) <a href=\"https:\/\/twitter.com\/wojespn\/status\/1632096834469474312?ref_src=twsrc%5Etfw\" class=\"trk-cta-link\" data-cta-trk='{\"ctaType\":\"Link\",\"ctaSubType\":\"main\"}'>March 4, 2023<\/a><\/p><\/blockquote><p><script async src=\"https:\/\/platform.twitter.com\/widgets.js\" charset=\"utf-8\"><\/script><\/p><p>&nbsp;<\/p><p>Apr&egrave;s les probl&egrave;mes extra sportif de leur star Ja Morant, c&rsquo;est un autre coup dur pour l&rsquo;&eacute;quipe deuxi&egrave;me de la conf&eacute;rence ouest. Leur calendrier jusqu&rsquo;&agrave; la fin de la saison r&eacute;guli&egrave;re comporte trois confrontations contre les Los Angeles Clippers et autant de matchs contre les Dallas Mavericks.<\/p><p>Il s&rsquo;agit de concurrents directs dans la lutte pour les play-off. Les deux &eacute;v&eacute;nements, Ja Morant et la blessure de Brandon Clarke sont dissoci&eacute;s mais tombent au plus mauvais moment pour les <a href=\"https:\/\/www.statmuse.com\/nba\/team\/memphis-grizzlies-52\/2023\" class=\"trk-cta-link\" data-cta-trk='{\"ctaType\":\"Link\",\"ctaSubType\":\"main\"}'>Memphis Grizzlies.<\/a><\/p><p>&nbsp;<\/p>\n","protected":false},"excerpt":{"rendered":"","protected":false},"author":180309821,"featured_media":571511,"comment_status":"open","ping_status":"closed","sticky":false,"template":"","format":"standard","meta":{"inline_featured_image":false,"kia_subtitle":"","_mux_skip_reasons":[],"proofreadBy":0,"footnotes":""},"categories":[110,10],"tags":[4922,818],"sport":[2783],"saison":[3453],"class_list":["post-571509","post","type-post","status-publish","format-standard","has-post-thumbnail","hentry","category-actualite-nba","category-nba","tag-brandon-clarke","tag-memphis-grizzlies","sport-nba","saison-3453"],"acf":[],"yoast_head":"<!-- This site is optimized with the Yoast SEO plugin v24.2 - https:\/\/yoast.com\/wordpress\/plugins\/seo\/ -->\n<title>Memphis Grizzlies, fin de saison pour Brandon Clarke - The Playoffs FR<\/title>\n<meta name=\"robots\" content=\"index, follow, max-snippet:-1, max-image-preview:large, max-video-preview:-1\" \/>\n<link rel=\"canonical\" href=\"https:\/\/theplayoffs.news\/fr\/actualite-nba\/memphis-grizzlies-brandon-clarke\/\" \/>\n<meta property=\"og:locale\" content=\"fr_FR\" \/>\n<meta property=\"og:type\" content=\"article\" \/>\n<meta property=\"og:title\" content=\"Memphis Grizzlies, fin de saison pour Brandon Clarke - The Playoffs FR\" \/>\n<meta property=\"og:url\" content=\"https:\/\/theplayoffs.news\/fr\/actualite-nba\/memphis-grizzlies-brandon-clarke\/\" \/>\n<meta property=\"og:site_name\" content=\"The Playoffs FR\" \/>\n<meta property=\"article:publisher\" content=\"https:\/\/www.facebook.com\/TheFreeAgentFR\/\" \/>\n<meta property=\"article:modified_time\" content=\"2023-03-05T07:04:05+01:00\" \/>\n<meta property=\"og:image\" content=\"https:\/\/theplayoffs.news\/fr\/wp-content\/uploads\/2023\/03\/brandon-clarke-memphis-grizzlies.jpg\" \/>\n\t<meta property=\"og:image:width\" content=\"400\" \/>\n\t<meta property=\"og:image:height\" content=\"400\" \/>\n\t<meta property=\"og:image:type\" content=\"image\/jpeg\" \/>\n<meta name=\"author\" content=\"Maxime Le Gorjus\" \/>\n<meta name=\"twitter:card\" content=\"summary_large_image\" \/>\n<meta name=\"twitter:creator\" content=\"@TheFreeAgentFR\" \/>\n<meta name=\"twitter:site\" content=\"@TheFreeAgentFR\" \/>\n<meta name=\"twitter:label1\" content=\"\u00c9crit par\" \/>\n\t<meta name=\"twitter:data1\" content=\"Maxime Le Gorjus\" \/>\n\t<meta name=\"twitter:label2\" content=\"Dur\u00e9e de lecture estim\u00e9e\" \/>\n\t<meta name=\"twitter:data2\" content=\"1 minute\" \/>\n<script type=\"application\/ld+json\" class=\"yoast-schema-graph\">{\"@context\":\"https:\/\/schema.org\",\"@graph\":[{\"@type\":\"WebPage\",\"@id\":\"https:\/\/theplayoffs.news\/fr\/actualite-nba\/memphis-grizzlies-brandon-clarke\/\",\"url\":\"https:\/\/theplayoffs.news\/fr\/actualite-nba\/memphis-grizzlies-brandon-clarke\/\",\"name\":\"Memphis Grizzlies, fin de saison pour Brandon Clarke - The Playoffs FR\",\"isPartOf\":{\"@id\":\"https:\/\/theplayoffs.news\/fr\/#website\"},\"primaryImageOfPage\":{\"@id\":\"https:\/\/theplayoffs.news\/fr\/actualite-nba\/memphis-grizzlies-brandon-clarke\/#primaryimage\"},\"image\":{\"@id\":\"https:\/\/theplayoffs.news\/fr\/actualite-nba\/memphis-grizzlies-brandon-clarke\/#primaryimage\"},\"thumbnailUrl\":\"https:\/\/theplayoffs.news\/fr\/wp-content\/uploads\/2023\/03\/brandon-clarke-memphis-grizzlies.jpg\",\"datePublished\":\"2023-03-05T06:00:59+00:00\",\"dateModified\":\"2023-03-05T06:04:05+00:00\",\"author\":{\"@id\":\"https:\/\/theplayoffs.news\/fr\/#\/schema\/person\/e71dc12410195fc77183dda929d3a10c\"},\"breadcrumb\":{\"@id\":\"https:\/\/theplayoffs.news\/fr\/actualite-nba\/memphis-grizzlies-brandon-clarke\/#breadcrumb\"},\"inLanguage\":\"fr-FR\",\"potentialAction\":[{\"@type\":\"ReadAction\",\"target\":[\"https:\/\/theplayoffs.news\/fr\/actualite-nba\/memphis-grizzlies-brandon-clarke\/\"]}]},{\"@type\":\"ImageObject\",\"inLanguage\":\"fr-FR\",\"@id\":\"https:\/\/theplayoffs.news\/fr\/actualite-nba\/memphis-grizzlies-brandon-clarke\/#primaryimage\",\"url\":\"https:\/\/theplayoffs.news\/fr\/wp-content\/uploads\/2023\/03\/brandon-clarke-memphis-grizzlies.jpg\",\"contentUrl\":\"https:\/\/theplayoffs.news\/fr\/wp-content\/uploads\/2023\/03\/brandon-clarke-memphis-grizzlies.jpg\",\"width\":400,\"height\":400,\"caption\":\"Memphis Grizzlies\"},{\"@type\":\"BreadcrumbList\",\"@id\":\"https:\/\/theplayoffs.news\/fr\/actualite-nba\/memphis-grizzlies-brandon-clarke\/#breadcrumb\",\"itemListElement\":[{\"@type\":\"ListItem\",\"position\":1,\"name\":\"Accueil\",\"item\":\"https:\/\/theplayoffs.news\/fr\/\"},{\"@type\":\"ListItem\",\"position\":2,\"name\":\"Memphis Grizzlies, fin de saison pour Brandon Clarke\"}]},{\"@type\":\"WebSite\",\"@id\":\"https:\/\/theplayoffs.news\/fr\/#website\",\"url\":\"https:\/\/theplayoffs.news\/fr\/\",\"name\":\"The Playoffs FR\",\"description\":\"NBA-NFL-NHL-MLB\",\"potentialAction\":[{\"@type\":\"SearchAction\",\"target\":{\"@type\":\"EntryPoint\",\"urlTemplate\":\"https:\/\/theplayoffs.news\/fr\/?s={search_term_string}\"},\"query-input\":{\"@type\":\"PropertyValueSpecification\",\"valueRequired\":true,\"valueName\":\"search_term_string\"}}],\"inLanguage\":\"fr-FR\"},{\"@type\":\"Person\",\"@id\":\"https:\/\/theplayoffs.news\/fr\/#\/schema\/person\/e71dc12410195fc77183dda929d3a10c\",\"name\":\"Maxime Le Gorjus\",\"image\":{\"@type\":\"ImageObject\",\"inLanguage\":\"fr-FR\",\"@id\":\"https:\/\/theplayoffs.news\/fr\/#\/schema\/person\/image\/\",\"url\":\"https:\/\/secure.gravatar.com\/avatar\/e9d907366de9735d771ce06fa32e62740f99d507b84a46e08ed7e5e05c120b42?s=96&d=mm&r=g\",\"contentUrl\":\"https:\/\/secure.gravatar.com\/avatar\/e9d907366de9735d771ce06fa32e62740f99d507b84a46e08ed7e5e05c120b42?s=96&d=mm&r=g\",\"caption\":\"Maxime Le Gorjus\"},\"url\":\"https:\/\/theplayoffs.news\/fr\/author\/maximelegorjus\/\"}]}<\/script>\n<!-- \/ Yoast SEO plugin. -->","yoast_head_json":{"title":"Memphis Grizzlies, fin de saison pour Brandon Clarke - The Playoffs FR","robots":{"index":"index","follow":"follow","max-snippet":"max-snippet:-1","max-image-preview":"max-image-preview:large","max-video-preview":"max-video-preview:-1"},"canonical":"https:\/\/theplayoffs.news\/fr\/actualite-nba\/memphis-grizzlies-brandon-clarke\/","og_locale":"fr_FR","og_type":"article","og_title":"Memphis Grizzlies, fin de saison pour Brandon Clarke - The Playoffs FR","og_url":"https:\/\/theplayoffs.news\/fr\/actualite-nba\/memphis-grizzlies-brandon-clarke\/","og_site_name":"The Playoffs FR","article_publisher":"https:\/\/www.facebook.com\/TheFreeAgentFR\/","article_modified_time":"2023-03-05T06:04:05+00:00","og_image":[{"width":400,"height":400,"url":"https:\/\/theplayoffs.news\/fr\/wp-content\/uploads\/2023\/03\/brandon-clarke-memphis-grizzlies.jpg","type":"image\/jpeg"}],"author":"Maxime Le Gorjus","twitter_card":"summary_large_image","twitter_creator":"@TheFreeAgentFR","twitter_site":"@TheFreeAgentFR","twitter_misc":{"\u00c9crit par":"Maxime Le Gorjus","Dur\u00e9e de lecture estim\u00e9e":"1 minute"},"schema":{"@context":"https:\/\/schema.org","@graph":[{"@type":"WebPage","@id":"https:\/\/theplayoffs.news\/fr\/actualite-nba\/memphis-grizzlies-brandon-clarke\/","url":"https:\/\/theplayoffs.news\/fr\/actualite-nba\/memphis-grizzlies-brandon-clarke\/","name":"Memphis Grizzlies, fin de saison pour Brandon Clarke - The Playoffs FR","isPartOf":{"@id":"https:\/\/theplayoffs.news\/fr\/#website"},"primaryImageOfPage":{"@id":"https:\/\/theplayoffs.news\/fr\/actualite-nba\/memphis-grizzlies-brandon-clarke\/#primaryimage"},"image":{"@id":"https:\/\/theplayoffs.news\/fr\/actualite-nba\/memphis-grizzlies-brandon-clarke\/#primaryimage"},"thumbnailUrl":"https:\/\/theplayoffs.news\/fr\/wp-content\/uploads\/2023\/03\/brandon-clarke-memphis-grizzlies.jpg","datePublished":"2023-03-05T06:00:59+00:00","dateModified":"2023-03-05T06:04:05+00:00","author":{"@id":"https:\/\/theplayoffs.news\/fr\/#\/schema\/person\/e71dc12410195fc77183dda929d3a10c"},"breadcrumb":{"@id":"https:\/\/theplayoffs.news\/fr\/actualite-nba\/memphis-grizzlies-brandon-clarke\/#breadcrumb"},"inLanguage":"fr-FR","potentialAction":[{"@type":"ReadAction","target":["https:\/\/theplayoffs.news\/fr\/actualite-nba\/memphis-grizzlies-brandon-clarke\/"]}]},{"@type":"ImageObject","inLanguage":"fr-FR","@id":"https:\/\/theplayoffs.news\/fr\/actualite-nba\/memphis-grizzlies-brandon-clarke\/#primaryimage","url":"https:\/\/theplayoffs.news\/fr\/wp-content\/uploads\/2023\/03\/brandon-clarke-memphis-grizzlies.jpg","contentUrl":"https:\/\/theplayoffs.news\/fr\/wp-content\/uploads\/2023\/03\/brandon-clarke-memphis-grizzlies.jpg","width":400,"height":400,"caption":"Memphis Grizzlies"},{"@type":"BreadcrumbList","@id":"https:\/\/theplayoffs.news\/fr\/actualite-nba\/memphis-grizzlies-brandon-clarke\/#breadcrumb","itemListElement":[{"@type":"ListItem","position":1,"name":"Accueil","item":"https:\/\/theplayoffs.news\/fr\/"},{"@type":"ListItem","position":2,"name":"Memphis Grizzlies, fin de saison pour Brandon Clarke"}]},{"@type":"WebSite","@id":"https:\/\/theplayoffs.news\/fr\/#website","url":"https:\/\/theplayoffs.news\/fr\/","name":"The Playoffs FR","description":"NBA-NFL-NHL-MLB","potentialAction":[{"@type":"SearchAction","target":{"@type":"EntryPoint","urlTemplate":"https:\/\/theplayoffs.news\/fr\/?s={search_term_string}"},"query-input":{"@type":"PropertyValueSpecification","valueRequired":true,"valueName":"search_term_string"}}],"inLanguage":"fr-FR"},{"@type":"Person","@id":"https:\/\/theplayoffs.news\/fr\/#\/schema\/person\/e71dc12410195fc77183dda929d3a10c","name":"Maxime Le Gorjus","image":{"@type":"ImageObject","inLanguage":"fr-FR","@id":"https:\/\/theplayoffs.news\/fr\/#\/schema\/person\/image\/","url":"https:\/\/secure.gravatar.com\/avatar\/e9d907366de9735d771ce06fa32e62740f99d507b84a46e08ed7e5e05c120b42?s=96&d=mm&r=g","contentUrl":"https:\/\/secure.gravatar.com\/avatar\/e9d907366de9735d771ce06fa32e62740f99d507b84a46e08ed7e5e05c120b42?s=96&d=mm&r=g","caption":"Maxime Le Gorjus"},"url":"https:\/\/theplayoffs.news\/fr\/author\/maximelegorjus\/"}]}},"_links":{"self":[{"href":"https:\/\/theplayoffs.news\/fr\/wp-json\/wp\/v2\/posts\/571509","targetHints":{"allow":["GET"]}}],"collection":[{"href":"https:\/\/theplayoffs.news\/fr\/wp-json\/wp\/v2\/posts"}],"about":[{"href":"https:\/\/theplayoffs.news\/fr\/wp-json\/wp\/v2\/types\/post"}],"author":[{"embeddable":true,"href":"https:\/\/theplayoffs.news\/fr\/wp-json\/wp\/v2\/users\/180309821"}],"replies":[{"embeddable":true,"href":"https:\/\/theplayoffs.news\/fr\/wp-json\/wp\/v2\/comments?post=571509"}],"version-history":[{"count":5,"href":"https:\/\/theplayoffs.news\/fr\/wp-json\/wp\/v2\/posts\/571509\/revisions"}],"predecessor-version":[{"id":571516,"href":"https:\/\/theplayoffs.news\/fr\/wp-json\/wp\/v2\/posts\/571509\/revisions\/571516"}],"wp:featuredmedia":[{"embeddable":true,"href":"https:\/\/theplayoffs.news\/fr\/wp-json\/wp\/v2\/media\/571511"}],"wp:attachment":[{"href":"https:\/\/theplayoffs.news\/fr\/wp-json\/wp\/v2\/media?parent=571509"}],"wp:term":[{"taxonomy":"category","embeddable":true,"href":"https:\/\/theplayoffs.news\/fr\/wp-json\/wp\/v2\/categories?post=571509"},{"taxonomy":"post_tag","embeddable":true,"href":"https:\/\/theplayoffs.news\/fr\/wp-json\/wp\/v2\/tags?post=571509"},{"taxonomy":"sport","embeddable":true,"href":"https:\/\/theplayoffs.news\/fr\/wp-json\/wp\/v2\/sport?post=571509"},{"taxonomy":"saison","embeddable":true,"href":"https:\/\/theplayoffs.news\/fr\/wp-json\/wp\/v2\/saison?post=571509"}],"curies":[{"name":"wp","href":"https:\/\/api.w.org\/{rel}","templated":true}]}}