{"id":571396,"date":"2023-03-04T17:34:08","date_gmt":"2023-03-04T16:34:08","guid":{"rendered":"https:\/\/theplayoffs.news\/fr\/?p=571396"},"modified":"2023-03-04T17:34:09","modified_gmt":"2023-03-04T16:34:09","slug":"les-brooklyn-nets-ajoutent-un-pivot","status":"publish","type":"post","link":"https:\/\/theplayoffs.news\/fr\/actualite-nba\/les-brooklyn-nets-ajoutent-un-pivot\/","title":{"rendered":"Les Brooklyn Nets ajoutent un pivot dans leur effectif"},"content":{"rendered":"<h2><span id=\"p166\">Les Brooklyn Nets renforcent leur&nbsp;<span id=\"172\">raquette<\/span><\/span><\/h2><p>&nbsp;<\/p><p><span id=\"p167\">Les Brooklyn Nets signent <a href=\"https:\/\/www.statmuse.com\/nba\/player\/nerlens-noel-2715\" class=\"trk-cta-link\" data-cta-trk='{\"ctaType\":\"Link\",\"ctaSubType\":\"main\"}'><span id=\"173\" class=\"s-rg-t\">Nerlens<\/span>&nbsp;Noel<\/a>, un joueur de devoir dont les Nets sont la sixi&egrave;me &eacute;quipe en neuf ans, signe un contrat de dix jours.<\/span><\/p><p>&nbsp;<\/p><p><span id=\"p169\"><span id=\"175\" class=\"s-rg-t\">Nerlens<\/span>&nbsp;Noel doit prouver en dix jours qu&rsquo;il m&eacute;rite sa place afin d&rsquo;&ecirc;tre conserv&eacute; dans l&rsquo;effectif.<\/span><\/p><p>&nbsp;<\/p><p><img loading=\"lazy\" decoding=\"async\" class=\"alignnone size-large wp-image-571398\" src=\"https:\/\/theplayoffs.news\/fr\/wp-content\/uploads\/2023\/03\/Nerlens-Noel-1030x1030.jpg\" alt=\"\" width=\"1030\" height=\"1030\" srcset=\"https:\/\/theplayoffs.news\/fr\/wp-content\/uploads\/2023\/03\/Nerlens-Noel-1030x1030.jpg 1030w, https:\/\/theplayoffs.news\/fr\/wp-content\/uploads\/2023\/03\/Nerlens-Noel-300x300.jpg 300w, https:\/\/theplayoffs.news\/fr\/wp-content\/uploads\/2023\/03\/Nerlens-Noel-80x80.jpg 80w, https:\/\/theplayoffs.news\/fr\/wp-content\/uploads\/2023\/03\/Nerlens-Noel-768x768.jpg 768w, https:\/\/theplayoffs.news\/fr\/wp-content\/uploads\/2023\/03\/Nerlens-Noel-400x400.jpg 400w, https:\/\/theplayoffs.news\/fr\/wp-content\/uploads\/2023\/03\/Nerlens-Noel-1000x1000.jpg 1000w, https:\/\/theplayoffs.news\/fr\/wp-content\/uploads\/2023\/03\/Nerlens-Noel-36x36.jpg 36w, https:\/\/theplayoffs.news\/fr\/wp-content\/uploads\/2023\/03\/Nerlens-Noel-180x180.jpg 180w, https:\/\/theplayoffs.news\/fr\/wp-content\/uploads\/2023\/03\/Nerlens-Noel-705x705.jpg 705w, https:\/\/theplayoffs.news\/fr\/wp-content\/uploads\/2023\/03\/Nerlens-Noel-1320x1320.jpg 1320w, https:\/\/theplayoffs.news\/fr\/wp-content\/uploads\/2023\/03\/Nerlens-Noel.jpg 1400w\" sizes=\"auto, (max-width: 1030px) 100vw, 1030px\" \/><\/p><p>&nbsp;<\/p><p>&nbsp;<\/p><p><span id=\"p170\">&nbsp;Les Nets pour leur part ajoutent un pivot de grande taille pour renforcer leur secteur int&eacute;rieur faible compte de l&rsquo;absence pour une dur&eacute;e ind&eacute;termin&eacute;e de <a href=\"https:\/\/theplayoffs.news\/fr\/nba-basketball\/ben-simmons-un-retour-indetermine\/\" class=\"trk-cta-link\" data-cta-trk='{\"ctaType\":\"Link\",\"ctaSubType\":\"main\"}'>Ben&nbsp;<span id=\"176\" class=\"s-rg-t\">Simmons<\/span><\/a>.<\/span><span id=\"p171\">&nbsp;<\/span><\/p><p>&nbsp;<\/p><blockquote class=\"twitter-tweet\" data-width=\"500\" data-dnt=\"true\">\n<p lang=\"en\" dir=\"ltr\">Free agent center Nerlens Noel is signing a deal with the Brooklyn Nets, his agent <a href=\"https:\/\/twitter.com\/GeorgeLangberg?ref_src=twsrc%5Etfw\" class=\"trk-cta-link\" data-cta-trk='{\"ctaType\":\"Link\",\"ctaSubType\":\"main\"}'>@GeorgeLangberg<\/a> tells ESPN. After completing buyout with Pistons, Noel joins a Nets team needing some size off the bench.<\/p>\n<p>&mdash; Adrian Wojnarowski (@wojespn) <a href=\"https:\/\/twitter.com\/wojespn\/status\/1632006501287055360?ref_src=twsrc%5Etfw\" class=\"trk-cta-link\" data-cta-trk='{\"ctaType\":\"Link\",\"ctaSubType\":\"main\"}'>March 4, 2023<\/a><\/p><\/blockquote><p><script async src=\"https:\/\/platform.twitter.com\/widgets.js\" charset=\"utf-8\"><\/script><\/p><p><span id=\"p180\">L&rsquo;effectif des Nets semble plus &eacute;quilibr&eacute; par cette signature.<\/span><span id=\"p181\">&nbsp;Le joueur est lib&eacute;r&eacute; r&eacute;cemment par les Detroit Pistons dans un&nbsp;<span id=\"186\">buy<\/span>out, le joueur est libre de signer dans n&rsquo;importe quelle&nbsp;&eacute;quipe, mais&nbsp;son salaire reste &agrave; la charge des Pistons dans ce cas pr&eacute;cis.<\/span><span id=\"p182\">&nbsp;L&rsquo;int&eacute;r&ecirc;t est de lib&eacute;rer une place dans l&rsquo;effectif afin de pouvoir faire des ajustements &agrave; la marche comme c&rsquo;est le cas pour les Nets.<\/span><\/p><p><span id=\"p183\">Le contrat de 9,24 millions de dollars est pay&eacute; par les Nets &agrave; moins que les Nets d&eacute;cident au bout de dix jours de conserver le joueur.<\/span><span id=\"p184\">&nbsp;Les Pistons devront payer jusqu&rsquo;&agrave; la fin de la saison le diff&eacute;rentiel entre le contrat sign&eacute; et celui des Nets.<\/span><\/p><p><span id=\"p185\">Voici une explication du terme g&eacute;n&eacute;rique de&nbsp;<span id=\"188\">buyout<\/span>.<\/span><\/p>\n","protected":false},"excerpt":{"rendered":"","protected":false},"author":180309821,"featured_media":329670,"comment_status":"open","ping_status":"closed","sticky":false,"template":"","format":"standard","meta":{"inline_featured_image":false,"kia_subtitle":"","_mux_skip_reasons":[],"proofreadBy":0,"footnotes":""},"categories":[110,10],"tags":[499],"sport":[2783],"saison":[3453],"class_list":["post-571396","post","type-post","status-publish","format-standard","has-post-thumbnail","hentry","category-actualite-nba","category-nba","tag-brooklyn-nets","sport-nba","saison-3453"],"acf":[],"yoast_head":"<!-- This site is optimized with the Yoast SEO plugin v24.2 - https:\/\/yoast.com\/wordpress\/plugins\/seo\/ -->\n<title>Les Brooklyn Nets ajoutent un pivot dans leur effectif - The Playoffs FR<\/title>\n<meta name=\"robots\" content=\"index, follow, max-snippet:-1, max-image-preview:large, max-video-preview:-1\" \/>\n<link rel=\"canonical\" href=\"https:\/\/theplayoffs.news\/fr\/actualite-nba\/les-brooklyn-nets-ajoutent-un-pivot\/\" \/>\n<meta property=\"og:locale\" content=\"fr_FR\" \/>\n<meta property=\"og:type\" content=\"article\" \/>\n<meta property=\"og:title\" content=\"Les Brooklyn Nets ajoutent un pivot dans leur effectif - The Playoffs FR\" \/>\n<meta property=\"og:url\" content=\"https:\/\/theplayoffs.news\/fr\/actualite-nba\/les-brooklyn-nets-ajoutent-un-pivot\/\" \/>\n<meta property=\"og:site_name\" content=\"The Playoffs FR\" \/>\n<meta property=\"article:publisher\" content=\"https:\/\/www.facebook.com\/TheFreeAgentFR\/\" \/>\n<meta property=\"article:modified_time\" content=\"2023-03-04T17:34:09+01:00\" \/>\n<meta property=\"og:image\" content=\"https:\/\/theplayoffs.news\/fr\/wp-content\/uploads\/2022\/02\/1200px-Brooklyn_Nets_newlogo.svg.png\" \/>\n\t<meta property=\"og:image:width\" content=\"1200\" \/>\n\t<meta property=\"og:image:height\" content=\"1588\" \/>\n\t<meta property=\"og:image:type\" content=\"image\/png\" \/>\n<meta name=\"author\" content=\"Maxime Le Gorjus\" \/>\n<meta name=\"twitter:card\" content=\"summary_large_image\" \/>\n<meta name=\"twitter:creator\" content=\"@TheFreeAgentFR\" \/>\n<meta name=\"twitter:site\" content=\"@TheFreeAgentFR\" \/>\n<meta name=\"twitter:label1\" content=\"\u00c9crit par\" \/>\n\t<meta name=\"twitter:data1\" content=\"Maxime Le Gorjus\" \/>\n\t<meta name=\"twitter:label2\" content=\"Dur\u00e9e de lecture estim\u00e9e\" \/>\n\t<meta name=\"twitter:data2\" content=\"1 minute\" \/>\n<script type=\"application\/ld+json\" class=\"yoast-schema-graph\">{\"@context\":\"https:\/\/schema.org\",\"@graph\":[{\"@type\":\"WebPage\",\"@id\":\"https:\/\/theplayoffs.news\/fr\/actualite-nba\/les-brooklyn-nets-ajoutent-un-pivot\/\",\"url\":\"https:\/\/theplayoffs.news\/fr\/actualite-nba\/les-brooklyn-nets-ajoutent-un-pivot\/\",\"name\":\"Les Brooklyn Nets ajoutent un pivot dans leur effectif - The Playoffs FR\",\"isPartOf\":{\"@id\":\"https:\/\/theplayoffs.news\/fr\/#website\"},\"primaryImageOfPage\":{\"@id\":\"https:\/\/theplayoffs.news\/fr\/actualite-nba\/les-brooklyn-nets-ajoutent-un-pivot\/#primaryimage\"},\"image\":{\"@id\":\"https:\/\/theplayoffs.news\/fr\/actualite-nba\/les-brooklyn-nets-ajoutent-un-pivot\/#primaryimage\"},\"thumbnailUrl\":\"https:\/\/theplayoffs.news\/fr\/wp-content\/uploads\/2022\/02\/1200px-Brooklyn_Nets_newlogo.svg.png\",\"datePublished\":\"2023-03-04T16:34:08+00:00\",\"dateModified\":\"2023-03-04T16:34:09+00:00\",\"author\":{\"@id\":\"https:\/\/theplayoffs.news\/fr\/#\/schema\/person\/e71dc12410195fc77183dda929d3a10c\"},\"breadcrumb\":{\"@id\":\"https:\/\/theplayoffs.news\/fr\/actualite-nba\/les-brooklyn-nets-ajoutent-un-pivot\/#breadcrumb\"},\"inLanguage\":\"fr-FR\",\"potentialAction\":[{\"@type\":\"ReadAction\",\"target\":[\"https:\/\/theplayoffs.news\/fr\/actualite-nba\/les-brooklyn-nets-ajoutent-un-pivot\/\"]}]},{\"@type\":\"ImageObject\",\"inLanguage\":\"fr-FR\",\"@id\":\"https:\/\/theplayoffs.news\/fr\/actualite-nba\/les-brooklyn-nets-ajoutent-un-pivot\/#primaryimage\",\"url\":\"https:\/\/theplayoffs.news\/fr\/wp-content\/uploads\/2022\/02\/1200px-Brooklyn_Nets_newlogo.svg.png\",\"contentUrl\":\"https:\/\/theplayoffs.news\/fr\/wp-content\/uploads\/2022\/02\/1200px-Brooklyn_Nets_newlogo.svg.png\",\"width\":1200,\"height\":1588,\"caption\":\"Brooklyn Nets\"},{\"@type\":\"BreadcrumbList\",\"@id\":\"https:\/\/theplayoffs.news\/fr\/actualite-nba\/les-brooklyn-nets-ajoutent-un-pivot\/#breadcrumb\",\"itemListElement\":[{\"@type\":\"ListItem\",\"position\":1,\"name\":\"Accueil\",\"item\":\"https:\/\/theplayoffs.news\/fr\/\"},{\"@type\":\"ListItem\",\"position\":2,\"name\":\"Les Brooklyn Nets ajoutent un pivot dans leur effectif\"}]},{\"@type\":\"WebSite\",\"@id\":\"https:\/\/theplayoffs.news\/fr\/#website\",\"url\":\"https:\/\/theplayoffs.news\/fr\/\",\"name\":\"The Playoffs FR\",\"description\":\"NBA-NFL-NHL-MLB\",\"potentialAction\":[{\"@type\":\"SearchAction\",\"target\":{\"@type\":\"EntryPoint\",\"urlTemplate\":\"https:\/\/theplayoffs.news\/fr\/?s={search_term_string}\"},\"query-input\":{\"@type\":\"PropertyValueSpecification\",\"valueRequired\":true,\"valueName\":\"search_term_string\"}}],\"inLanguage\":\"fr-FR\"},{\"@type\":\"Person\",\"@id\":\"https:\/\/theplayoffs.news\/fr\/#\/schema\/person\/e71dc12410195fc77183dda929d3a10c\",\"name\":\"Maxime Le Gorjus\",\"image\":{\"@type\":\"ImageObject\",\"inLanguage\":\"fr-FR\",\"@id\":\"https:\/\/theplayoffs.news\/fr\/#\/schema\/person\/image\/\",\"url\":\"https:\/\/secure.gravatar.com\/avatar\/e9d907366de9735d771ce06fa32e62740f99d507b84a46e08ed7e5e05c120b42?s=96&d=mm&r=g\",\"contentUrl\":\"https:\/\/secure.gravatar.com\/avatar\/e9d907366de9735d771ce06fa32e62740f99d507b84a46e08ed7e5e05c120b42?s=96&d=mm&r=g\",\"caption\":\"Maxime Le Gorjus\"},\"url\":\"https:\/\/theplayoffs.news\/fr\/author\/maximelegorjus\/\"}]}<\/script>\n<!-- \/ Yoast SEO plugin. -->","yoast_head_json":{"title":"Les Brooklyn Nets ajoutent un pivot dans leur effectif - The Playoffs FR","robots":{"index":"index","follow":"follow","max-snippet":"max-snippet:-1","max-image-preview":"max-image-preview:large","max-video-preview":"max-video-preview:-1"},"canonical":"https:\/\/theplayoffs.news\/fr\/actualite-nba\/les-brooklyn-nets-ajoutent-un-pivot\/","og_locale":"fr_FR","og_type":"article","og_title":"Les Brooklyn Nets ajoutent un pivot dans leur effectif - The Playoffs FR","og_url":"https:\/\/theplayoffs.news\/fr\/actualite-nba\/les-brooklyn-nets-ajoutent-un-pivot\/","og_site_name":"The Playoffs FR","article_publisher":"https:\/\/www.facebook.com\/TheFreeAgentFR\/","article_modified_time":"2023-03-04T16:34:09+00:00","og_image":[{"width":1200,"height":1588,"url":"https:\/\/theplayoffs.news\/fr\/wp-content\/uploads\/2022\/02\/1200px-Brooklyn_Nets_newlogo.svg.png","type":"image\/png"}],"author":"Maxime Le Gorjus","twitter_card":"summary_large_image","twitter_creator":"@TheFreeAgentFR","twitter_site":"@TheFreeAgentFR","twitter_misc":{"\u00c9crit par":"Maxime Le Gorjus","Dur\u00e9e de lecture estim\u00e9e":"1 minute"},"schema":{"@context":"https:\/\/schema.org","@graph":[{"@type":"WebPage","@id":"https:\/\/theplayoffs.news\/fr\/actualite-nba\/les-brooklyn-nets-ajoutent-un-pivot\/","url":"https:\/\/theplayoffs.news\/fr\/actualite-nba\/les-brooklyn-nets-ajoutent-un-pivot\/","name":"Les Brooklyn Nets ajoutent un pivot dans leur effectif - The Playoffs FR","isPartOf":{"@id":"https:\/\/theplayoffs.news\/fr\/#website"},"primaryImageOfPage":{"@id":"https:\/\/theplayoffs.news\/fr\/actualite-nba\/les-brooklyn-nets-ajoutent-un-pivot\/#primaryimage"},"image":{"@id":"https:\/\/theplayoffs.news\/fr\/actualite-nba\/les-brooklyn-nets-ajoutent-un-pivot\/#primaryimage"},"thumbnailUrl":"https:\/\/theplayoffs.news\/fr\/wp-content\/uploads\/2022\/02\/1200px-Brooklyn_Nets_newlogo.svg.png","datePublished":"2023-03-04T16:34:08+00:00","dateModified":"2023-03-04T16:34:09+00:00","author":{"@id":"https:\/\/theplayoffs.news\/fr\/#\/schema\/person\/e71dc12410195fc77183dda929d3a10c"},"breadcrumb":{"@id":"https:\/\/theplayoffs.news\/fr\/actualite-nba\/les-brooklyn-nets-ajoutent-un-pivot\/#breadcrumb"},"inLanguage":"fr-FR","potentialAction":[{"@type":"ReadAction","target":["https:\/\/theplayoffs.news\/fr\/actualite-nba\/les-brooklyn-nets-ajoutent-un-pivot\/"]}]},{"@type":"ImageObject","inLanguage":"fr-FR","@id":"https:\/\/theplayoffs.news\/fr\/actualite-nba\/les-brooklyn-nets-ajoutent-un-pivot\/#primaryimage","url":"https:\/\/theplayoffs.news\/fr\/wp-content\/uploads\/2022\/02\/1200px-Brooklyn_Nets_newlogo.svg.png","contentUrl":"https:\/\/theplayoffs.news\/fr\/wp-content\/uploads\/2022\/02\/1200px-Brooklyn_Nets_newlogo.svg.png","width":1200,"height":1588,"caption":"Brooklyn Nets"},{"@type":"BreadcrumbList","@id":"https:\/\/theplayoffs.news\/fr\/actualite-nba\/les-brooklyn-nets-ajoutent-un-pivot\/#breadcrumb","itemListElement":[{"@type":"ListItem","position":1,"name":"Accueil","item":"https:\/\/theplayoffs.news\/fr\/"},{"@type":"ListItem","position":2,"name":"Les Brooklyn Nets ajoutent un pivot dans leur effectif"}]},{"@type":"WebSite","@id":"https:\/\/theplayoffs.news\/fr\/#website","url":"https:\/\/theplayoffs.news\/fr\/","name":"The Playoffs FR","description":"NBA-NFL-NHL-MLB","potentialAction":[{"@type":"SearchAction","target":{"@type":"EntryPoint","urlTemplate":"https:\/\/theplayoffs.news\/fr\/?s={search_term_string}"},"query-input":{"@type":"PropertyValueSpecification","valueRequired":true,"valueName":"search_term_string"}}],"inLanguage":"fr-FR"},{"@type":"Person","@id":"https:\/\/theplayoffs.news\/fr\/#\/schema\/person\/e71dc12410195fc77183dda929d3a10c","name":"Maxime Le Gorjus","image":{"@type":"ImageObject","inLanguage":"fr-FR","@id":"https:\/\/theplayoffs.news\/fr\/#\/schema\/person\/image\/","url":"https:\/\/secure.gravatar.com\/avatar\/e9d907366de9735d771ce06fa32e62740f99d507b84a46e08ed7e5e05c120b42?s=96&d=mm&r=g","contentUrl":"https:\/\/secure.gravatar.com\/avatar\/e9d907366de9735d771ce06fa32e62740f99d507b84a46e08ed7e5e05c120b42?s=96&d=mm&r=g","caption":"Maxime Le Gorjus"},"url":"https:\/\/theplayoffs.news\/fr\/author\/maximelegorjus\/"}]}},"_links":{"self":[{"href":"https:\/\/theplayoffs.news\/fr\/wp-json\/wp\/v2\/posts\/571396","targetHints":{"allow":["GET"]}}],"collection":[{"href":"https:\/\/theplayoffs.news\/fr\/wp-json\/wp\/v2\/posts"}],"about":[{"href":"https:\/\/theplayoffs.news\/fr\/wp-json\/wp\/v2\/types\/post"}],"author":[{"embeddable":true,"href":"https:\/\/theplayoffs.news\/fr\/wp-json\/wp\/v2\/users\/180309821"}],"replies":[{"embeddable":true,"href":"https:\/\/theplayoffs.news\/fr\/wp-json\/wp\/v2\/comments?post=571396"}],"version-history":[{"count":3,"href":"https:\/\/theplayoffs.news\/fr\/wp-json\/wp\/v2\/posts\/571396\/revisions"}],"predecessor-version":[{"id":571401,"href":"https:\/\/theplayoffs.news\/fr\/wp-json\/wp\/v2\/posts\/571396\/revisions\/571401"}],"wp:featuredmedia":[{"embeddable":true,"href":"https:\/\/theplayoffs.news\/fr\/wp-json\/wp\/v2\/media\/329670"}],"wp:attachment":[{"href":"https:\/\/theplayoffs.news\/fr\/wp-json\/wp\/v2\/media?parent=571396"}],"wp:term":[{"taxonomy":"category","embeddable":true,"href":"https:\/\/theplayoffs.news\/fr\/wp-json\/wp\/v2\/categories?post=571396"},{"taxonomy":"post_tag","embeddable":true,"href":"https:\/\/theplayoffs.news\/fr\/wp-json\/wp\/v2\/tags?post=571396"},{"taxonomy":"sport","embeddable":true,"href":"https:\/\/theplayoffs.news\/fr\/wp-json\/wp\/v2\/sport?post=571396"},{"taxonomy":"saison","embeddable":true,"href":"https:\/\/theplayoffs.news\/fr\/wp-json\/wp\/v2\/saison?post=571396"}],"curies":[{"name":"wp","href":"https:\/\/api.w.org\/{rel}","templated":true}]}}