{"id":571384,"date":"2023-03-04T11:17:06","date_gmt":"2023-03-04T10:17:06","guid":{"rendered":"https:\/\/theplayoffs.news\/fr\/?p=571384"},"modified":"2023-03-04T12:42:50","modified_gmt":"2023-03-04T11:42:50","slug":"bryce-young-calme-interrogations-sur-taille","status":"publish","type":"post","link":"https:\/\/theplayoffs.news\/fr\/draft\/bryce-young-calme-interrogations-sur-taille\/","title":{"rendered":"Bryce Young calme les interrogations sur sa taille"},"content":{"rendered":"<h2><strong>Au cours d&rsquo;une interview vendredi, Bryce Young, le quarterback d&rsquo;Alabama, a re&ccedil;u plusieurs questions concernant son poids et sa taille.<\/strong><\/h2><p>Bryce Young, qui pourrait potentiellement &ecirc;tre l&rsquo;un des plus petits quarterback de premier tour &agrave; &ecirc;tre rep&ecirc;ch&eacute; depuis des ann&eacute;es, a indiqu&eacute; qu&rsquo;il pr&eacute;voyait de peser environ &laquo;&nbsp;90 kg&nbsp;&raquo; lors de sa pes&eacute;e au NFL Scouting Combine 2023.<\/p><p>Il a &eacute;galement exprim&eacute; sa conviction que les inqui&eacute;tudes concernant sa masse limit&eacute;e ont &eacute;t&eacute; exag&eacute;r&eacute;es.<\/p><blockquote><p>&laquo;&nbsp;J&rsquo;ai fait cette taille toute ma vie&nbsp;&raquo;, a d&eacute;clar&eacute; Young lors de sa conf&eacute;rence de presse lors du Combine. &laquo;&nbsp;Je sais qui je suis. Je sais ce que je peux faire.&nbsp;&raquo;<br>\n&laquo;&nbsp;Pour &ecirc;tre honn&ecirc;te, je ne sais pas grand-chose sur moi&nbsp;&raquo;, a-t-il d&eacute;clar&eacute;. &laquo;&nbsp;Je suis reconnaissant pour les opinions de tout le monde et pour les m&eacute;dias pour toute la couverture et tout. Mais honn&ecirc;tement, je ne suis pas vraiment sur les r&eacute;seaux sociaux. Je ne regarde pas vraiment ce qui se dit sur moi. Vous savez, je respecte tout le monde .&nbsp;&raquo;<\/p><\/blockquote><p>Ces probl&eacute;matiques de taille et de masse pourraient largement &ecirc;tre compens&eacute;es par les r&eacute;sultats de Bryce Young &agrave; Alabama. Vainqueur du troph&eacute;e Heisman, Bryce Young a compil&eacute; un bilan de 23-4 record, un ratio TD\/Interception de 80:12 tout en lan&ccedil;ant 8,356 yards.<\/p><p>Young est le joueur class&eacute; n &deg; 1 par Scouts Inc. et n &deg; 4 sur le dernier <a href=\"https:\/\/www.espn.com\/nfl\/draft2023\/insider\/story\/_\/id\/34633986\/2023-nfl-draft-rankings-mel-kiper-big-board-top-prospects-every-position\" class=\"trk-cta-link\" data-cta-trk='{\"ctaType\":\"Link\",\"ctaSubType\":\"main\"}'>Big Board de Mel Kiper Jr. d&rsquo;ESPN.<\/a><\/p><p>Vendredi, il a aussi annonc&eacute; avoir rencontr&eacute; les <a href=\"https:\/\/theplayoffs.news\/fr\/equipe\/chicago-bears-nfl\/\" class=\"trk-cta-link\" data-cta-trk='{\"ctaType\":\"Link\",\"ctaSubType\":\"main\"}'>Bears de Chicago<\/a> et les <a href=\"https:\/\/theplayoffs.news\/fr\/equipe\/houston-texans-nfl\/\" class=\"trk-cta-link\" data-cta-trk='{\"ctaType\":\"Link\",\"ctaSubType\":\"main\"}'>Texans de Houston<\/a> lors du Combine.<\/p>\n","protected":false},"excerpt":{"rendered":"","protected":false},"author":13,"featured_media":571385,"comment_status":"open","ping_status":"closed","sticky":false,"template":"","format":"standard","meta":{"inline_featured_image":false,"kia_subtitle":"","_mux_skip_reasons":[],"proofreadBy":0,"footnotes":""},"categories":[82,40],"tags":[5191,4947],"sport":[],"saison":[],"class_list":["post-571384","post","type-post","status-publish","format-standard","has-post-thumbnail","hentry","category-draft","category-nfl","tag-bryce-young","tag-nfl-draft-2023"],"acf":[],"yoast_head":"<!-- This site is optimized with the Yoast SEO plugin v24.2 - https:\/\/yoast.com\/wordpress\/plugins\/seo\/ -->\n<title>Bryce Young calme les interrogations sur sa taille - The Playoffs FR<\/title>\n<meta name=\"robots\" content=\"index, follow, max-snippet:-1, max-image-preview:large, max-video-preview:-1\" \/>\n<link rel=\"canonical\" href=\"https:\/\/theplayoffs.news\/fr\/draft\/bryce-young-calme-interrogations-sur-taille\/\" \/>\n<meta property=\"og:locale\" content=\"fr_FR\" \/>\n<meta property=\"og:type\" content=\"article\" \/>\n<meta property=\"og:title\" content=\"Bryce Young calme les interrogations sur sa taille - The Playoffs FR\" \/>\n<meta property=\"og:url\" content=\"https:\/\/theplayoffs.news\/fr\/draft\/bryce-young-calme-interrogations-sur-taille\/\" \/>\n<meta property=\"og:site_name\" content=\"The Playoffs FR\" \/>\n<meta property=\"article:publisher\" content=\"https:\/\/www.facebook.com\/TheFreeAgentFR\/\" \/>\n<meta property=\"article:modified_time\" content=\"2023-03-04T12:42:50+01:00\" \/>\n<meta property=\"og:image\" content=\"https:\/\/theplayoffs.news\/fr\/wp-content\/uploads\/2023\/03\/102222_MFB_YoungBr_MSU_TS0937_TtTwy.jpg\" \/>\n\t<meta property=\"og:image:width\" content=\"1812\" \/>\n\t<meta property=\"og:image:height\" content=\"1019\" \/>\n\t<meta property=\"og:image:type\" content=\"image\/jpeg\" \/>\n<meta name=\"author\" content=\"Charles Taudin\" \/>\n<meta name=\"twitter:card\" content=\"summary_large_image\" \/>\n<meta name=\"twitter:creator\" content=\"@TheFreeAgentFR\" \/>\n<meta name=\"twitter:site\" content=\"@TheFreeAgentFR\" \/>\n<meta name=\"twitter:label1\" content=\"\u00c9crit par\" \/>\n\t<meta name=\"twitter:data1\" content=\"Charles Taudin\" \/>\n\t<meta name=\"twitter:label2\" content=\"Dur\u00e9e de lecture estim\u00e9e\" \/>\n\t<meta name=\"twitter:data2\" content=\"1 minute\" \/>\n<script type=\"application\/ld+json\" class=\"yoast-schema-graph\">{\"@context\":\"https:\/\/schema.org\",\"@graph\":[{\"@type\":\"WebPage\",\"@id\":\"https:\/\/theplayoffs.news\/fr\/draft\/bryce-young-calme-interrogations-sur-taille\/\",\"url\":\"https:\/\/theplayoffs.news\/fr\/draft\/bryce-young-calme-interrogations-sur-taille\/\",\"name\":\"Bryce Young calme les interrogations sur sa taille - The Playoffs FR\",\"isPartOf\":{\"@id\":\"https:\/\/theplayoffs.news\/fr\/#website\"},\"primaryImageOfPage\":{\"@id\":\"https:\/\/theplayoffs.news\/fr\/draft\/bryce-young-calme-interrogations-sur-taille\/#primaryimage\"},\"image\":{\"@id\":\"https:\/\/theplayoffs.news\/fr\/draft\/bryce-young-calme-interrogations-sur-taille\/#primaryimage\"},\"thumbnailUrl\":\"https:\/\/theplayoffs.news\/fr\/wp-content\/uploads\/2023\/03\/102222_MFB_YoungBr_MSU_TS0937_TtTwy.jpg\",\"datePublished\":\"2023-03-04T10:17:06+00:00\",\"dateModified\":\"2023-03-04T11:42:50+00:00\",\"author\":{\"@id\":\"https:\/\/theplayoffs.news\/fr\/#\/schema\/person\/eee5b69ad5d3c51cabe881c839dbe133\"},\"breadcrumb\":{\"@id\":\"https:\/\/theplayoffs.news\/fr\/draft\/bryce-young-calme-interrogations-sur-taille\/#breadcrumb\"},\"inLanguage\":\"fr-FR\",\"potentialAction\":[{\"@type\":\"ReadAction\",\"target\":[\"https:\/\/theplayoffs.news\/fr\/draft\/bryce-young-calme-interrogations-sur-taille\/\"]}]},{\"@type\":\"ImageObject\",\"inLanguage\":\"fr-FR\",\"@id\":\"https:\/\/theplayoffs.news\/fr\/draft\/bryce-young-calme-interrogations-sur-taille\/#primaryimage\",\"url\":\"https:\/\/theplayoffs.news\/fr\/wp-content\/uploads\/2023\/03\/102222_MFB_YoungBr_MSU_TS0937_TtTwy.jpg\",\"contentUrl\":\"https:\/\/theplayoffs.news\/fr\/wp-content\/uploads\/2023\/03\/102222_MFB_YoungBr_MSU_TS0937_TtTwy.jpg\",\"width\":1812,\"height\":1019,\"caption\":\"Bryce Young\"},{\"@type\":\"BreadcrumbList\",\"@id\":\"https:\/\/theplayoffs.news\/fr\/draft\/bryce-young-calme-interrogations-sur-taille\/#breadcrumb\",\"itemListElement\":[{\"@type\":\"ListItem\",\"position\":1,\"name\":\"Accueil\",\"item\":\"https:\/\/theplayoffs.news\/fr\/\"},{\"@type\":\"ListItem\",\"position\":2,\"name\":\"Bryce Young calme les interrogations sur sa taille\"}]},{\"@type\":\"WebSite\",\"@id\":\"https:\/\/theplayoffs.news\/fr\/#website\",\"url\":\"https:\/\/theplayoffs.news\/fr\/\",\"name\":\"The Playoffs FR\",\"description\":\"NBA-NFL-NHL-MLB\",\"potentialAction\":[{\"@type\":\"SearchAction\",\"target\":{\"@type\":\"EntryPoint\",\"urlTemplate\":\"https:\/\/theplayoffs.news\/fr\/?s={search_term_string}\"},\"query-input\":{\"@type\":\"PropertyValueSpecification\",\"valueRequired\":true,\"valueName\":\"search_term_string\"}}],\"inLanguage\":\"fr-FR\"},{\"@type\":\"Person\",\"@id\":\"https:\/\/theplayoffs.news\/fr\/#\/schema\/person\/eee5b69ad5d3c51cabe881c839dbe133\",\"name\":\"Charles Taudin\",\"image\":{\"@type\":\"ImageObject\",\"inLanguage\":\"fr-FR\",\"@id\":\"https:\/\/theplayoffs.news\/fr\/#\/schema\/person\/image\/\",\"url\":\"https:\/\/secure.gravatar.com\/avatar\/59a1e772205ce9fd255edfcafc93013736822e20261f294c5753b20c41ede9f2?s=96&d=mm&r=g\",\"contentUrl\":\"https:\/\/secure.gravatar.com\/avatar\/59a1e772205ce9fd255edfcafc93013736822e20261f294c5753b20c41ede9f2?s=96&d=mm&r=g\",\"caption\":\"Charles Taudin\"},\"description\":\"R\u00e9dacteur en chef global de The Playoffs, j\u2019ai cr\u00e9\u00e9 The Free Agent, devenu The Playoffs FR, en 2020 durant la pand\u00e9mie. Amoureux depuis des ann\u00e9es des 4 sports majeurs am\u00e9ricains, j\u2019organise maintenant la strat\u00e9gie \u00e9ditoriale et les r\u00e9seaux sociaux de l\u2019ensemble des versions de The Playoffs. Il m\u2019arrive encore d\u2019\u00e9crire sur certains sports que j\u2019affectionne particuli\u00e8rement comme la NFL ou la MLB. Si vous devez retenir qu\u2019une chose : Eli Manning est le vrai GOAT pour avoir battu deux fois Tom Brady.\",\"sameAs\":[\"https:\/\/www.instagram.com\/ctaudin_\/\"],\"url\":\"https:\/\/theplayoffs.news\/fr\/author\/charles-taudin\/\"}]}<\/script>\n<!-- \/ Yoast SEO plugin. -->","yoast_head_json":{"title":"Bryce Young calme les interrogations sur sa taille - The Playoffs FR","robots":{"index":"index","follow":"follow","max-snippet":"max-snippet:-1","max-image-preview":"max-image-preview:large","max-video-preview":"max-video-preview:-1"},"canonical":"https:\/\/theplayoffs.news\/fr\/draft\/bryce-young-calme-interrogations-sur-taille\/","og_locale":"fr_FR","og_type":"article","og_title":"Bryce Young calme les interrogations sur sa taille - The Playoffs FR","og_url":"https:\/\/theplayoffs.news\/fr\/draft\/bryce-young-calme-interrogations-sur-taille\/","og_site_name":"The Playoffs FR","article_publisher":"https:\/\/www.facebook.com\/TheFreeAgentFR\/","article_modified_time":"2023-03-04T11:42:50+00:00","og_image":[{"width":1812,"height":1019,"url":"https:\/\/theplayoffs.news\/fr\/wp-content\/uploads\/2023\/03\/102222_MFB_YoungBr_MSU_TS0937_TtTwy.jpg","type":"image\/jpeg"}],"author":"Charles Taudin","twitter_card":"summary_large_image","twitter_creator":"@TheFreeAgentFR","twitter_site":"@TheFreeAgentFR","twitter_misc":{"\u00c9crit par":"Charles Taudin","Dur\u00e9e de lecture estim\u00e9e":"1 minute"},"schema":{"@context":"https:\/\/schema.org","@graph":[{"@type":"WebPage","@id":"https:\/\/theplayoffs.news\/fr\/draft\/bryce-young-calme-interrogations-sur-taille\/","url":"https:\/\/theplayoffs.news\/fr\/draft\/bryce-young-calme-interrogations-sur-taille\/","name":"Bryce Young calme les interrogations sur sa taille - The Playoffs FR","isPartOf":{"@id":"https:\/\/theplayoffs.news\/fr\/#website"},"primaryImageOfPage":{"@id":"https:\/\/theplayoffs.news\/fr\/draft\/bryce-young-calme-interrogations-sur-taille\/#primaryimage"},"image":{"@id":"https:\/\/theplayoffs.news\/fr\/draft\/bryce-young-calme-interrogations-sur-taille\/#primaryimage"},"thumbnailUrl":"https:\/\/theplayoffs.news\/fr\/wp-content\/uploads\/2023\/03\/102222_MFB_YoungBr_MSU_TS0937_TtTwy.jpg","datePublished":"2023-03-04T10:17:06+00:00","dateModified":"2023-03-04T11:42:50+00:00","author":{"@id":"https:\/\/theplayoffs.news\/fr\/#\/schema\/person\/eee5b69ad5d3c51cabe881c839dbe133"},"breadcrumb":{"@id":"https:\/\/theplayoffs.news\/fr\/draft\/bryce-young-calme-interrogations-sur-taille\/#breadcrumb"},"inLanguage":"fr-FR","potentialAction":[{"@type":"ReadAction","target":["https:\/\/theplayoffs.news\/fr\/draft\/bryce-young-calme-interrogations-sur-taille\/"]}]},{"@type":"ImageObject","inLanguage":"fr-FR","@id":"https:\/\/theplayoffs.news\/fr\/draft\/bryce-young-calme-interrogations-sur-taille\/#primaryimage","url":"https:\/\/theplayoffs.news\/fr\/wp-content\/uploads\/2023\/03\/102222_MFB_YoungBr_MSU_TS0937_TtTwy.jpg","contentUrl":"https:\/\/theplayoffs.news\/fr\/wp-content\/uploads\/2023\/03\/102222_MFB_YoungBr_MSU_TS0937_TtTwy.jpg","width":1812,"height":1019,"caption":"Bryce Young"},{"@type":"BreadcrumbList","@id":"https:\/\/theplayoffs.news\/fr\/draft\/bryce-young-calme-interrogations-sur-taille\/#breadcrumb","itemListElement":[{"@type":"ListItem","position":1,"name":"Accueil","item":"https:\/\/theplayoffs.news\/fr\/"},{"@type":"ListItem","position":2,"name":"Bryce Young calme les interrogations sur sa taille"}]},{"@type":"WebSite","@id":"https:\/\/theplayoffs.news\/fr\/#website","url":"https:\/\/theplayoffs.news\/fr\/","name":"The Playoffs FR","description":"NBA-NFL-NHL-MLB","potentialAction":[{"@type":"SearchAction","target":{"@type":"EntryPoint","urlTemplate":"https:\/\/theplayoffs.news\/fr\/?s={search_term_string}"},"query-input":{"@type":"PropertyValueSpecification","valueRequired":true,"valueName":"search_term_string"}}],"inLanguage":"fr-FR"},{"@type":"Person","@id":"https:\/\/theplayoffs.news\/fr\/#\/schema\/person\/eee5b69ad5d3c51cabe881c839dbe133","name":"Charles Taudin","image":{"@type":"ImageObject","inLanguage":"fr-FR","@id":"https:\/\/theplayoffs.news\/fr\/#\/schema\/person\/image\/","url":"https:\/\/secure.gravatar.com\/avatar\/59a1e772205ce9fd255edfcafc93013736822e20261f294c5753b20c41ede9f2?s=96&d=mm&r=g","contentUrl":"https:\/\/secure.gravatar.com\/avatar\/59a1e772205ce9fd255edfcafc93013736822e20261f294c5753b20c41ede9f2?s=96&d=mm&r=g","caption":"Charles Taudin"},"description":"R\u00e9dacteur en chef global de The Playoffs, j\u2019ai cr\u00e9\u00e9 The Free Agent, devenu The Playoffs FR, en 2020 durant la pand\u00e9mie. Amoureux depuis des ann\u00e9es des 4 sports majeurs am\u00e9ricains, j\u2019organise maintenant la strat\u00e9gie \u00e9ditoriale et les r\u00e9seaux sociaux de l\u2019ensemble des versions de The Playoffs. Il m\u2019arrive encore d\u2019\u00e9crire sur certains sports que j\u2019affectionne particuli\u00e8rement comme la NFL ou la MLB. Si vous devez retenir qu\u2019une chose : Eli Manning est le vrai GOAT pour avoir battu deux fois Tom Brady.","sameAs":["https:\/\/www.instagram.com\/ctaudin_\/"],"url":"https:\/\/theplayoffs.news\/fr\/author\/charles-taudin\/"}]}},"_links":{"self":[{"href":"https:\/\/theplayoffs.news\/fr\/wp-json\/wp\/v2\/posts\/571384","targetHints":{"allow":["GET"]}}],"collection":[{"href":"https:\/\/theplayoffs.news\/fr\/wp-json\/wp\/v2\/posts"}],"about":[{"href":"https:\/\/theplayoffs.news\/fr\/wp-json\/wp\/v2\/types\/post"}],"author":[{"embeddable":true,"href":"https:\/\/theplayoffs.news\/fr\/wp-json\/wp\/v2\/users\/13"}],"replies":[{"embeddable":true,"href":"https:\/\/theplayoffs.news\/fr\/wp-json\/wp\/v2\/comments?post=571384"}],"version-history":[{"count":4,"href":"https:\/\/theplayoffs.news\/fr\/wp-json\/wp\/v2\/posts\/571384\/revisions"}],"predecessor-version":[{"id":571387,"href":"https:\/\/theplayoffs.news\/fr\/wp-json\/wp\/v2\/posts\/571384\/revisions\/571387"}],"wp:featuredmedia":[{"embeddable":true,"href":"https:\/\/theplayoffs.news\/fr\/wp-json\/wp\/v2\/media\/571385"}],"wp:attachment":[{"href":"https:\/\/theplayoffs.news\/fr\/wp-json\/wp\/v2\/media?parent=571384"}],"wp:term":[{"taxonomy":"category","embeddable":true,"href":"https:\/\/theplayoffs.news\/fr\/wp-json\/wp\/v2\/categories?post=571384"},{"taxonomy":"post_tag","embeddable":true,"href":"https:\/\/theplayoffs.news\/fr\/wp-json\/wp\/v2\/tags?post=571384"},{"taxonomy":"sport","embeddable":true,"href":"https:\/\/theplayoffs.news\/fr\/wp-json\/wp\/v2\/sport?post=571384"},{"taxonomy":"saison","embeddable":true,"href":"https:\/\/theplayoffs.news\/fr\/wp-json\/wp\/v2\/saison?post=571384"}],"curies":[{"name":"wp","href":"https:\/\/api.w.org\/{rel}","templated":true}]}}