{"id":570984,"date":"2023-03-03T08:29:15","date_gmt":"2023-03-03T07:29:15","guid":{"rendered":"https:\/\/theplayoffs.news\/fr\/?p=570984"},"modified":"2023-03-03T08:29:15","modified_gmt":"2023-03-03T07:29:15","slug":"david-pastrnak-un-contrat-en-or","status":"publish","type":"post","link":"https:\/\/theplayoffs.news\/fr\/actualite-nhl\/david-pastrnak-un-contrat-en-or\/","title":{"rendered":"David Pastrnak, un contrat en or"},"content":{"rendered":"<h2>David Pastrnak prolonge avec Boston<\/h2><blockquote class=\"twitter-tweet\" data-width=\"500\" data-dnt=\"true\">\n<p lang=\"en\" dir=\"ltr\">And now, we did THAT thing &#128394; <\/p>\n<p>&#128240;: <a href=\"https:\/\/t.co\/E119955Kuq\" class=\"trk-cta-link\" data-cta-trk='{\"ctaType\":\"Link\",\"ctaSubType\":\"main\"}'>https:\/\/t.co\/E119955Kuq<\/a> <a href=\"https:\/\/t.co\/sbNux7duBw\" class=\"trk-cta-link\" data-cta-trk='{\"ctaType\":\"Link\",\"ctaSubType\":\"main\"}'>pic.twitter.com\/sbNux7duBw<\/a><\/p>\n<p>&mdash; Boston Bruins (@NHLBruins) <a href=\"https:\/\/twitter.com\/NHLBruins\/status\/1631312164513280001?ref_src=twsrc%5Etfw\" class=\"trk-cta-link\" data-cta-trk='{\"ctaType\":\"Link\",\"ctaSubType\":\"main\"}'>March 2, 2023<\/a><\/p><\/blockquote><p><script async src=\"https:\/\/platform.twitter.com\/widgets.js\" charset=\"utf-8\"><\/script><\/p><p>Apr&egrave;s avoir acquis <a href=\"https:\/\/theplayoffs.news\/fr\/joueur\/tyler-bertuzzi-nhl-6084112\/\" class=\"trk-cta-link\" data-cta-trk='{\"ctaType\":\"Link\",\"ctaSubType\":\"main\"}'><strong>Tyler Bertuzzi<\/strong><\/a>, les<strong> Bruins de Boston<\/strong> ont enfin conclu, apr&egrave;s une p&eacute;riode de flou, un accord avec leur attaquant vedette <a href=\"https:\/\/theplayoffs.news\/fr\/joueur\/david-pastrnak-nhl-6229556\/\" class=\"trk-cta-link\" data-cta-trk='{\"ctaType\":\"Link\",\"ctaSubType\":\"main\"}'><strong>David Pastrnak<\/strong><\/a> alors qu&rsquo;il allait devenir agent libre sans compensation &agrave; l&rsquo;&eacute;t&eacute; 2023. <strong>Pastrnak<\/strong> a sign&eacute; un nouveau contrat de 8 ans et 11,25M de dollars par ann&eacute;e de contrat, soit un contrat d&rsquo;une valeur de 90M de dollars.<\/p><p>&nbsp;<\/p><h3>David Pastrnak, un contrat &agrave; l&rsquo;image du joueur<\/h3><p>&nbsp;<\/p><p><strong>David Pastrnak<\/strong> n&rsquo;est pas inconnu au succ&egrave;s des <strong>Bruins de Boston<\/strong> &eacute;tant donn&eacute; qu&rsquo;il r&eacute;alise une saison ahurissante avec 42 buts, 38 passes d&eacute;cisives pour un total de 80 points en 60 rencontres disput&eacute;es. Cette saison pourrait s&rsquo;av&eacute;rer &ecirc;tre historique pour <strong>David Pastrnak<\/strong> d&rsquo;apr&egrave;s la projection du site <a href=\"https:\/\/www.eliteprospects.com\/player\/130383\/david-pastrnak\" class=\"trk-cta-link\" data-cta-trk='{\"ctaType\":\"Link\",\"ctaSubType\":\"main\"}'><em>eliteprospects.com<\/em><\/a> qui affirme que le tch&egrave;que de 26 ans devrait inscrire 109 points cette saison avec pas moins de 57 buts. Si cette projection devient r&eacute;alit&eacute;, <strong>David Pastrnak<\/strong> aura alors connu une campagne record puisqu&rsquo;il s&rsquo;agirait de son record en carri&egrave;re en terme de points et de buts marqu&eacute;s sur une saison r&eacute;guli&egrave;re, son record &eacute;tant 48 buts ainsi que 95 points inscrits.<\/p><blockquote class=\"twitter-tweet\" data-width=\"500\" data-dnt=\"true\">\n<p lang=\"en\" dir=\"ltr\">&#127909; <a href=\"https:\/\/twitter.com\/hashtag\/NHLBruins?src=hash&amp;ref_src=twsrc%5Etfw\" class=\"trk-cta-link\" data-cta-trk='{\"ctaType\":\"Link\",\"ctaSubType\":\"main\"}'>#NHLBruins<\/a> president Cam Neely on signing David Pastrnak: \"It was something that was certainly a priority for us. Probably took a little longer than we had hoped for but we finally got across the finish line and we're thrilled to have him for another eight years.\" <a href=\"https:\/\/t.co\/OIxkDWZ4va\" class=\"trk-cta-link\" data-cta-trk='{\"ctaType\":\"Link\",\"ctaSubType\":\"main\"}'>pic.twitter.com\/OIxkDWZ4va<\/a><\/p>\n<p>&mdash; Boston Bruins (@NHLBruins) <a href=\"https:\/\/twitter.com\/NHLBruins\/status\/1631375660621897754?ref_src=twsrc%5Etfw\" class=\"trk-cta-link\" data-cta-trk='{\"ctaType\":\"Link\",\"ctaSubType\":\"main\"}'>March 2, 2023<\/a><\/p><\/blockquote><p><script async src=\"https:\/\/platform.twitter.com\/widgets.js\" charset=\"utf-8\"><\/script><\/p><p>La prolongation de <strong>David &laquo;&nbsp;Pasta&nbsp;&raquo; Pastrnak<\/strong> &agrave; <strong>Boston<\/strong> est une nouvelle rassurante pour les <strong>Bruins<\/strong> et lui-m&ecirc;me (<a href=\"https:\/\/www.youtube.com\/watch?v=_5Qe6slJIV4\" class=\"trk-cta-link\" data-cta-trk='{\"ctaType\":\"Link\",\"ctaSubType\":\"main\"}'><strong>conf&eacute;rence de presse de David Pastrnak<\/strong><\/a>) et permet donc &agrave; <strong>Boston<\/strong> de se concentrer davantage sur leur fin de saison afin de pr&eacute;parer au mieux les play-offs qui s&rsquo;annoncent palpitants. Voici ce que <a href=\"https:\/\/theplayoffs.news\/fr\/joueur\/patrice-bergeron-nhl-4560\/\" class=\"trk-cta-link\" data-cta-trk='{\"ctaType\":\"Link\",\"ctaSubType\":\"main\"}'><strong>Patrice Bergeron<\/strong><\/a>, embl&eacute;matique capitaine des <strong>Boston Bruins<\/strong>, et le pr&eacute;sident des <strong>Bruins Cam Neely<\/strong> ont &agrave; dire &agrave; propos de la prolongation de <strong>Pastrnak<\/strong> :<\/p><blockquote><p>&laquo;&nbsp;C&rsquo;&eacute;tait certainement une priorit&eacute; pour nous. Cela a probablement pris un peu plus de temps que ce que nous esp&eacute;rions, mais nous avons finalement franchi la ligne d&rsquo;arriv&eacute;e et nous sommes ravis de l&rsquo;avoir pour huit ann&eacute;es suppl&eacute;mentaires.&nbsp;&raquo;<\/p>\n<p><strong>Cam Neely<\/strong> &agrave; propos de la prolongation de <strong>Pastrnak<\/strong>, conf&eacute;rence de presse (<strong><em>compte twitter officiel des Boston Bruins<\/em><\/strong>)<\/p>\n<p>&laquo;&nbsp;<strong>Pasta (David Pastrnak)<\/strong> est un joueur hors pair&hellip; et il ne cesse d&rsquo;&eacute;lever son jeu au niveau sup&eacute;rieur. Nous sommes tr&egrave;s heureux pour lui et tr&egrave;s enthousiastes.&nbsp;&raquo;<\/p>\n<p><strong>Patrice Bergeron<\/strong> &agrave; propos de la prolongation de <strong>David Pastrnak<\/strong>, conf&eacute;rence de presse (<strong><em>compte twitter officiel des Boston Bruins<\/em><\/strong>)<\/p><\/blockquote><blockquote class=\"twitter-tweet\" data-width=\"500\" data-dnt=\"true\">\n<p lang=\"en\" dir=\"ltr\">&#127909; Brad Marchand and Patrice Bergeron react to <a href=\"https:\/\/twitter.com\/pastrnak96?ref_src=twsrc%5Etfw\" class=\"trk-cta-link\" data-cta-trk='{\"ctaType\":\"Link\",\"ctaSubType\":\"main\"}'>@pastrnak96<\/a>'s eight-year contract extension and the acquisition of Tyler Bertuzzi: \"Pasta's a game breaker&hellip;and he just keeps taking his game to the next level. We're super happy for him and excited.\" <a href=\"https:\/\/t.co\/Ul1nxffLmW\" class=\"trk-cta-link\" data-cta-trk='{\"ctaType\":\"Link\",\"ctaSubType\":\"main\"}'>pic.twitter.com\/Ul1nxffLmW<\/a><\/p>\n<p>&mdash; Boston Bruins (@NHLBruins) <a href=\"https:\/\/twitter.com\/NHLBruins\/status\/1631372906096742401?ref_src=twsrc%5Etfw\" class=\"trk-cta-link\" data-cta-trk='{\"ctaType\":\"Link\",\"ctaSubType\":\"main\"}'>March 2, 2023<\/a><\/p><\/blockquote><p><script async src=\"https:\/\/platform.twitter.com\/widgets.js\" charset=\"utf-8\"><\/script><\/p><p><strong>David Pastrnak<\/strong> se devra donc d&rsquo;&ecirc;tre, une fois de plus, &agrave; la hauteur des attentes plac&eacute;es en lui tout en emmenant ses co&eacute;quipiers vers un titre qui conclurait magnifiquement la belle saison que les <strong>Bruins<\/strong> effectuent.<\/p>\n","protected":false},"excerpt":{"rendered":"","protected":false},"author":180310148,"featured_media":570990,"comment_status":"open","ping_status":"closed","sticky":false,"template":"","format":"standard","meta":{"inline_featured_image":false,"kia_subtitle":"","_mux_skip_reasons":[],"proofreadBy":0,"footnotes":""},"categories":[187,26],"tags":[5369,253,1188,24],"sport":[],"saison":[],"class_list":["post-570984","post","type-post","status-publish","format-standard","has-post-thumbnail","hentry","category-actualite-nhl","category-nhl","tag-nhlfr","tag-boston-bruins","tag-david-pastrnak","tag-nhl"],"acf":[],"yoast_head":"<!-- This site is optimized with the Yoast SEO plugin v24.2 - https:\/\/yoast.com\/wordpress\/plugins\/seo\/ -->\n<title>David Pastrnak, un contrat en or - The Playoffs FR<\/title>\n<meta name=\"robots\" content=\"index, follow, max-snippet:-1, max-image-preview:large, max-video-preview:-1\" \/>\n<link rel=\"canonical\" href=\"https:\/\/theplayoffs.news\/fr\/actualite-nhl\/david-pastrnak-un-contrat-en-or\/\" \/>\n<meta property=\"og:locale\" content=\"fr_FR\" \/>\n<meta property=\"og:type\" content=\"article\" \/>\n<meta property=\"og:title\" content=\"David Pastrnak, un contrat en or - The Playoffs FR\" \/>\n<meta property=\"og:url\" content=\"https:\/\/theplayoffs.news\/fr\/actualite-nhl\/david-pastrnak-un-contrat-en-or\/\" \/>\n<meta property=\"og:site_name\" content=\"The Playoffs FR\" \/>\n<meta property=\"article:publisher\" content=\"https:\/\/www.facebook.com\/TheFreeAgentFR\/\" \/>\n<meta property=\"article:modified_time\" content=\"2023-03-03T08:29:15+01:00\" \/>\n<meta property=\"og:image\" content=\"https:\/\/theplayoffs.news\/fr\/wp-content\/uploads\/2023\/03\/David-Pastrnak.jpg\" \/>\n\t<meta property=\"og:image:width\" content=\"1280\" \/>\n\t<meta property=\"og:image:height\" content=\"853\" \/>\n\t<meta property=\"og:image:type\" content=\"image\/jpeg\" \/>\n<meta name=\"author\" content=\"Rapha\u00ebl Dangueuger\" \/>\n<meta name=\"twitter:card\" content=\"summary_large_image\" \/>\n<meta name=\"twitter:creator\" content=\"@TheFreeAgentFR\" \/>\n<meta name=\"twitter:site\" content=\"@TheFreeAgentFR\" \/>\n<meta name=\"twitter:label1\" content=\"\u00c9crit par\" \/>\n\t<meta name=\"twitter:data1\" content=\"Rapha\u00ebl Dangueuger\" \/>\n\t<meta name=\"twitter:label2\" content=\"Dur\u00e9e de lecture estim\u00e9e\" \/>\n\t<meta name=\"twitter:data2\" content=\"2 minutes\" \/>\n<script type=\"application\/ld+json\" class=\"yoast-schema-graph\">{\"@context\":\"https:\/\/schema.org\",\"@graph\":[{\"@type\":\"WebPage\",\"@id\":\"https:\/\/theplayoffs.news\/fr\/actualite-nhl\/david-pastrnak-un-contrat-en-or\/\",\"url\":\"https:\/\/theplayoffs.news\/fr\/actualite-nhl\/david-pastrnak-un-contrat-en-or\/\",\"name\":\"David Pastrnak, un contrat en or - The Playoffs FR\",\"isPartOf\":{\"@id\":\"https:\/\/theplayoffs.news\/fr\/#website\"},\"primaryImageOfPage\":{\"@id\":\"https:\/\/theplayoffs.news\/fr\/actualite-nhl\/david-pastrnak-un-contrat-en-or\/#primaryimage\"},\"image\":{\"@id\":\"https:\/\/theplayoffs.news\/fr\/actualite-nhl\/david-pastrnak-un-contrat-en-or\/#primaryimage\"},\"thumbnailUrl\":\"https:\/\/theplayoffs.news\/fr\/wp-content\/uploads\/2023\/03\/David-Pastrnak.jpg\",\"datePublished\":\"2023-03-03T07:29:15+00:00\",\"dateModified\":\"2023-03-03T07:29:15+00:00\",\"author\":{\"@id\":\"https:\/\/theplayoffs.news\/fr\/#\/schema\/person\/4b02b53432403b95b5e8ccbd4da65f97\"},\"breadcrumb\":{\"@id\":\"https:\/\/theplayoffs.news\/fr\/actualite-nhl\/david-pastrnak-un-contrat-en-or\/#breadcrumb\"},\"inLanguage\":\"fr-FR\",\"potentialAction\":[{\"@type\":\"ReadAction\",\"target\":[\"https:\/\/theplayoffs.news\/fr\/actualite-nhl\/david-pastrnak-un-contrat-en-or\/\"]}]},{\"@type\":\"ImageObject\",\"inLanguage\":\"fr-FR\",\"@id\":\"https:\/\/theplayoffs.news\/fr\/actualite-nhl\/david-pastrnak-un-contrat-en-or\/#primaryimage\",\"url\":\"https:\/\/theplayoffs.news\/fr\/wp-content\/uploads\/2023\/03\/David-Pastrnak.jpg\",\"contentUrl\":\"https:\/\/theplayoffs.news\/fr\/wp-content\/uploads\/2023\/03\/David-Pastrnak.jpg\",\"width\":1280,\"height\":853,\"caption\":\"David Pastrnak\"},{\"@type\":\"BreadcrumbList\",\"@id\":\"https:\/\/theplayoffs.news\/fr\/actualite-nhl\/david-pastrnak-un-contrat-en-or\/#breadcrumb\",\"itemListElement\":[{\"@type\":\"ListItem\",\"position\":1,\"name\":\"Accueil\",\"item\":\"https:\/\/theplayoffs.news\/fr\/\"},{\"@type\":\"ListItem\",\"position\":2,\"name\":\"David Pastrnak, un contrat en or\"}]},{\"@type\":\"WebSite\",\"@id\":\"https:\/\/theplayoffs.news\/fr\/#website\",\"url\":\"https:\/\/theplayoffs.news\/fr\/\",\"name\":\"The Playoffs FR\",\"description\":\"NBA-NFL-NHL-MLB\",\"potentialAction\":[{\"@type\":\"SearchAction\",\"target\":{\"@type\":\"EntryPoint\",\"urlTemplate\":\"https:\/\/theplayoffs.news\/fr\/?s={search_term_string}\"},\"query-input\":{\"@type\":\"PropertyValueSpecification\",\"valueRequired\":true,\"valueName\":\"search_term_string\"}}],\"inLanguage\":\"fr-FR\"},{\"@type\":\"Person\",\"@id\":\"https:\/\/theplayoffs.news\/fr\/#\/schema\/person\/4b02b53432403b95b5e8ccbd4da65f97\",\"name\":\"Rapha\u00ebl Dangueuger\",\"image\":{\"@type\":\"ImageObject\",\"inLanguage\":\"fr-FR\",\"@id\":\"https:\/\/theplayoffs.news\/fr\/#\/schema\/person\/image\/\",\"url\":\"https:\/\/secure.gravatar.com\/avatar\/18c9032760c2b9c175c3f0c3b7c2cb563384755cdbc1a585e4cc6d57b742cfed?s=96&d=mm&r=g\",\"contentUrl\":\"https:\/\/secure.gravatar.com\/avatar\/18c9032760c2b9c175c3f0c3b7c2cb563384755cdbc1a585e4cc6d57b742cfed?s=96&d=mm&r=g\",\"caption\":\"Rapha\u00ebl Dangueuger\"},\"url\":\"https:\/\/theplayoffs.news\/fr\/author\/rdangueugeroutlook-fr\/\"}]}<\/script>\n<!-- \/ Yoast SEO plugin. -->","yoast_head_json":{"title":"David Pastrnak, un contrat en or - The Playoffs FR","robots":{"index":"index","follow":"follow","max-snippet":"max-snippet:-1","max-image-preview":"max-image-preview:large","max-video-preview":"max-video-preview:-1"},"canonical":"https:\/\/theplayoffs.news\/fr\/actualite-nhl\/david-pastrnak-un-contrat-en-or\/","og_locale":"fr_FR","og_type":"article","og_title":"David Pastrnak, un contrat en or - The Playoffs FR","og_url":"https:\/\/theplayoffs.news\/fr\/actualite-nhl\/david-pastrnak-un-contrat-en-or\/","og_site_name":"The Playoffs FR","article_publisher":"https:\/\/www.facebook.com\/TheFreeAgentFR\/","og_image":[{"width":1280,"height":853,"url":"https:\/\/theplayoffs.news\/fr\/wp-content\/uploads\/2023\/03\/David-Pastrnak.jpg","type":"image\/jpeg"}],"author":"Rapha\u00ebl Dangueuger","twitter_card":"summary_large_image","twitter_creator":"@TheFreeAgentFR","twitter_site":"@TheFreeAgentFR","twitter_misc":{"\u00c9crit par":"Rapha\u00ebl Dangueuger","Dur\u00e9e de lecture estim\u00e9e":"2 minutes"},"schema":{"@context":"https:\/\/schema.org","@graph":[{"@type":"WebPage","@id":"https:\/\/theplayoffs.news\/fr\/actualite-nhl\/david-pastrnak-un-contrat-en-or\/","url":"https:\/\/theplayoffs.news\/fr\/actualite-nhl\/david-pastrnak-un-contrat-en-or\/","name":"David Pastrnak, un contrat en or - The Playoffs FR","isPartOf":{"@id":"https:\/\/theplayoffs.news\/fr\/#website"},"primaryImageOfPage":{"@id":"https:\/\/theplayoffs.news\/fr\/actualite-nhl\/david-pastrnak-un-contrat-en-or\/#primaryimage"},"image":{"@id":"https:\/\/theplayoffs.news\/fr\/actualite-nhl\/david-pastrnak-un-contrat-en-or\/#primaryimage"},"thumbnailUrl":"https:\/\/theplayoffs.news\/fr\/wp-content\/uploads\/2023\/03\/David-Pastrnak.jpg","datePublished":"2023-03-03T07:29:15+00:00","dateModified":"2023-03-03T07:29:15+00:00","author":{"@id":"https:\/\/theplayoffs.news\/fr\/#\/schema\/person\/4b02b53432403b95b5e8ccbd4da65f97"},"breadcrumb":{"@id":"https:\/\/theplayoffs.news\/fr\/actualite-nhl\/david-pastrnak-un-contrat-en-or\/#breadcrumb"},"inLanguage":"fr-FR","potentialAction":[{"@type":"ReadAction","target":["https:\/\/theplayoffs.news\/fr\/actualite-nhl\/david-pastrnak-un-contrat-en-or\/"]}]},{"@type":"ImageObject","inLanguage":"fr-FR","@id":"https:\/\/theplayoffs.news\/fr\/actualite-nhl\/david-pastrnak-un-contrat-en-or\/#primaryimage","url":"https:\/\/theplayoffs.news\/fr\/wp-content\/uploads\/2023\/03\/David-Pastrnak.jpg","contentUrl":"https:\/\/theplayoffs.news\/fr\/wp-content\/uploads\/2023\/03\/David-Pastrnak.jpg","width":1280,"height":853,"caption":"David Pastrnak"},{"@type":"BreadcrumbList","@id":"https:\/\/theplayoffs.news\/fr\/actualite-nhl\/david-pastrnak-un-contrat-en-or\/#breadcrumb","itemListElement":[{"@type":"ListItem","position":1,"name":"Accueil","item":"https:\/\/theplayoffs.news\/fr\/"},{"@type":"ListItem","position":2,"name":"David Pastrnak, un contrat en or"}]},{"@type":"WebSite","@id":"https:\/\/theplayoffs.news\/fr\/#website","url":"https:\/\/theplayoffs.news\/fr\/","name":"The Playoffs FR","description":"NBA-NFL-NHL-MLB","potentialAction":[{"@type":"SearchAction","target":{"@type":"EntryPoint","urlTemplate":"https:\/\/theplayoffs.news\/fr\/?s={search_term_string}"},"query-input":{"@type":"PropertyValueSpecification","valueRequired":true,"valueName":"search_term_string"}}],"inLanguage":"fr-FR"},{"@type":"Person","@id":"https:\/\/theplayoffs.news\/fr\/#\/schema\/person\/4b02b53432403b95b5e8ccbd4da65f97","name":"Rapha\u00ebl Dangueuger","image":{"@type":"ImageObject","inLanguage":"fr-FR","@id":"https:\/\/theplayoffs.news\/fr\/#\/schema\/person\/image\/","url":"https:\/\/secure.gravatar.com\/avatar\/18c9032760c2b9c175c3f0c3b7c2cb563384755cdbc1a585e4cc6d57b742cfed?s=96&d=mm&r=g","contentUrl":"https:\/\/secure.gravatar.com\/avatar\/18c9032760c2b9c175c3f0c3b7c2cb563384755cdbc1a585e4cc6d57b742cfed?s=96&d=mm&r=g","caption":"Rapha\u00ebl Dangueuger"},"url":"https:\/\/theplayoffs.news\/fr\/author\/rdangueugeroutlook-fr\/"}]}},"_links":{"self":[{"href":"https:\/\/theplayoffs.news\/fr\/wp-json\/wp\/v2\/posts\/570984","targetHints":{"allow":["GET"]}}],"collection":[{"href":"https:\/\/theplayoffs.news\/fr\/wp-json\/wp\/v2\/posts"}],"about":[{"href":"https:\/\/theplayoffs.news\/fr\/wp-json\/wp\/v2\/types\/post"}],"author":[{"embeddable":true,"href":"https:\/\/theplayoffs.news\/fr\/wp-json\/wp\/v2\/users\/180310148"}],"replies":[{"embeddable":true,"href":"https:\/\/theplayoffs.news\/fr\/wp-json\/wp\/v2\/comments?post=570984"}],"version-history":[{"count":3,"href":"https:\/\/theplayoffs.news\/fr\/wp-json\/wp\/v2\/posts\/570984\/revisions"}],"predecessor-version":[{"id":571129,"href":"https:\/\/theplayoffs.news\/fr\/wp-json\/wp\/v2\/posts\/570984\/revisions\/571129"}],"wp:featuredmedia":[{"embeddable":true,"href":"https:\/\/theplayoffs.news\/fr\/wp-json\/wp\/v2\/media\/570990"}],"wp:attachment":[{"href":"https:\/\/theplayoffs.news\/fr\/wp-json\/wp\/v2\/media?parent=570984"}],"wp:term":[{"taxonomy":"category","embeddable":true,"href":"https:\/\/theplayoffs.news\/fr\/wp-json\/wp\/v2\/categories?post=570984"},{"taxonomy":"post_tag","embeddable":true,"href":"https:\/\/theplayoffs.news\/fr\/wp-json\/wp\/v2\/tags?post=570984"},{"taxonomy":"sport","embeddable":true,"href":"https:\/\/theplayoffs.news\/fr\/wp-json\/wp\/v2\/sport?post=570984"},{"taxonomy":"saison","embeddable":true,"href":"https:\/\/theplayoffs.news\/fr\/wp-json\/wp\/v2\/saison?post=570984"}],"curies":[{"name":"wp","href":"https:\/\/api.w.org\/{rel}","templated":true}]}}