{"id":570937,"date":"2023-03-02T20:23:49","date_gmt":"2023-03-02T19:23:49","guid":{"rendered":"https:\/\/theplayoffs.news\/fr\/?p=570937"},"modified":"2023-03-02T20:23:50","modified_gmt":"2023-03-02T19:23:50","slug":"jakub-voracek-envoye-aux-coyotes","status":"publish","type":"post","link":"https:\/\/theplayoffs.news\/fr\/actualite-nhl\/jakub-voracek-envoye-aux-coyotes\/","title":{"rendered":"Jakub Voracek envoy\u00e9 aux Coyotes"},"content":{"rendered":"<h2><strong>Pour accro&icirc;tre leur flexibilit&eacute; financi&egrave;re, les Blue Jackets de Columbus ont &eacute;chang&eacute; l&rsquo;attaquant Jakub Voracek et un choix de sixi&egrave;me ronde avec les Coyotes de l&rsquo;Arizona contre le gardien Jon Gillies.<\/strong><\/h2><p><a href=\"https:\/\/theplayoffs.news\/fr\/joueur\/jakub-voracek-columbus-blue-jackets-nhl\/\" class=\"trk-cta-link\" data-cta-trk='{\"ctaType\":\"Link\",\"ctaSubType\":\"main\"}'><strong>Jakub Voracek<\/strong><\/a>, qui a subi une commotion c&eacute;r&eacute;brale le 4 novembre lors d&rsquo;un match contre l&rsquo;Avalanche du Colorado, demeure sur la liste des bless&eacute;s. Le v&eacute;t&eacute;ran de 33 ans a d&eacute;clar&eacute; avoir eu &laquo;&nbsp;sept ou huit&nbsp;&raquo; commotions c&eacute;r&eacute;brales au cours de sa carri&egrave;re mais n&rsquo;a pas envisag&eacute; de prendre sa retraite.<\/p><p>Cependant, son &eacute;change avec les Coyotes, ainsi que son contrat, sugg&egrave;rent que sa carri&egrave;re de joueur pourrait &ecirc;tre termin&eacute;e. Voracek a sign&eacute; une prolongation de huit ans d&rsquo;une valeur de 8,25 millions de dollars en 2015 avec les Flyers de Philadelphie.<\/p><p>En 2021, il a &eacute;t&eacute; &eacute;chang&eacute; aux Blue Jackets par les Flyers en &eacute;change de Cam Atkinson.<\/p><p>Les Blue Jackets disposeront d&eacute;sormais de 11,154 millions de dollars d&rsquo;espace de plafond avant la saison prochaine, Voracek ayant encore une saison sur son contrat actuel.<\/p><p>Jeudi, les Blue Jackets et les Coyotes &eacute;taient parmi les &eacute;quipes en lice pour remporter la loterie du rep&ecirc;chage de la LNH et s&eacute;lectionner <a href=\"https:\/\/theplayoffs.news\/fr\/nhl\/equipes-meilleures-chances-connor-bedard\/\" class=\"trk-cta-link\" data-cta-trk='{\"ctaType\":\"Link\",\"ctaSubType\":\"main\"}'>Connor Bedard<\/a>, le premier choix pr&eacute;sum&eacute;.<\/p><p>Les Blue Jackets ont le moins de points de toutes les &eacute;quipes de la LNH tandis que les Coyotes sont cinqui&egrave;mes avec une diff&eacute;rence de cinq points les s&eacute;parant.<\/p>\n","protected":false},"excerpt":{"rendered":"","protected":false},"author":13,"featured_media":570938,"comment_status":"open","ping_status":"closed","sticky":false,"template":"","format":"standard","meta":{"inline_featured_image":false,"kia_subtitle":"","_mux_skip_reasons":[],"proofreadBy":0,"footnotes":""},"categories":[187,26],"tags":[350,329,5604],"sport":[],"saison":[],"class_list":["post-570937","post","type-post","status-publish","format-standard","has-post-thumbnail","hentry","category-actualite-nhl","category-nhl","tag-arizona-coyotes","tag-columbus-blue-jackets","tag-jakub-voracek"],"acf":[],"yoast_head":"<!-- This site is optimized with the Yoast SEO plugin v24.2 - https:\/\/yoast.com\/wordpress\/plugins\/seo\/ -->\n<title>Jakub Voracek envoy&eacute; aux Coyotes - The Playoffs FR<\/title>\n<meta name=\"robots\" content=\"index, follow, max-snippet:-1, max-image-preview:large, max-video-preview:-1\" \/>\n<link rel=\"canonical\" href=\"https:\/\/theplayoffs.news\/fr\/actualite-nhl\/jakub-voracek-envoye-aux-coyotes\/\" \/>\n<meta property=\"og:locale\" content=\"fr_FR\" \/>\n<meta property=\"og:type\" content=\"article\" \/>\n<meta property=\"og:title\" content=\"Jakub Voracek envoy&eacute; aux Coyotes - The Playoffs FR\" \/>\n<meta property=\"og:url\" content=\"https:\/\/theplayoffs.news\/fr\/actualite-nhl\/jakub-voracek-envoye-aux-coyotes\/\" \/>\n<meta property=\"og:site_name\" content=\"The Playoffs FR\" \/>\n<meta property=\"article:publisher\" content=\"https:\/\/www.facebook.com\/TheFreeAgentFR\/\" \/>\n<meta property=\"article:modified_time\" content=\"2023-03-02T20:23:50+01:00\" \/>\n<meta property=\"og:image\" content=\"https:\/\/theplayoffs.news\/fr\/wp-content\/uploads\/2023\/03\/tinywow_8500c057-38ef-4141-872b-1a576dcd1209-jackets_1025_ac_41_15249227.jpg\" \/>\n\t<meta property=\"og:image:width\" content=\"1920\" \/>\n\t<meta property=\"og:image:height\" content=\"1265\" \/>\n\t<meta property=\"og:image:type\" content=\"image\/jpeg\" \/>\n<meta name=\"author\" content=\"Charles Taudin\" \/>\n<meta name=\"twitter:card\" content=\"summary_large_image\" \/>\n<meta name=\"twitter:creator\" content=\"@TheFreeAgentFR\" \/>\n<meta name=\"twitter:site\" content=\"@TheFreeAgentFR\" \/>\n<meta name=\"twitter:label1\" content=\"\u00c9crit par\" \/>\n\t<meta name=\"twitter:data1\" content=\"Charles Taudin\" \/>\n\t<meta name=\"twitter:label2\" content=\"Dur\u00e9e de lecture estim\u00e9e\" \/>\n\t<meta name=\"twitter:data2\" content=\"1 minute\" \/>\n<script type=\"application\/ld+json\" class=\"yoast-schema-graph\">{\"@context\":\"https:\/\/schema.org\",\"@graph\":[{\"@type\":\"WebPage\",\"@id\":\"https:\/\/theplayoffs.news\/fr\/actualite-nhl\/jakub-voracek-envoye-aux-coyotes\/\",\"url\":\"https:\/\/theplayoffs.news\/fr\/actualite-nhl\/jakub-voracek-envoye-aux-coyotes\/\",\"name\":\"Jakub Voracek envoy\u00e9 aux Coyotes - The Playoffs FR\",\"isPartOf\":{\"@id\":\"https:\/\/theplayoffs.news\/fr\/#website\"},\"primaryImageOfPage\":{\"@id\":\"https:\/\/theplayoffs.news\/fr\/actualite-nhl\/jakub-voracek-envoye-aux-coyotes\/#primaryimage\"},\"image\":{\"@id\":\"https:\/\/theplayoffs.news\/fr\/actualite-nhl\/jakub-voracek-envoye-aux-coyotes\/#primaryimage\"},\"thumbnailUrl\":\"https:\/\/theplayoffs.news\/fr\/wp-content\/uploads\/2023\/03\/tinywow_8500c057-38ef-4141-872b-1a576dcd1209-jackets_1025_ac_41_15249227.jpg\",\"datePublished\":\"2023-03-02T19:23:49+00:00\",\"dateModified\":\"2023-03-02T19:23:50+00:00\",\"author\":{\"@id\":\"https:\/\/theplayoffs.news\/fr\/#\/schema\/person\/eee5b69ad5d3c51cabe881c839dbe133\"},\"breadcrumb\":{\"@id\":\"https:\/\/theplayoffs.news\/fr\/actualite-nhl\/jakub-voracek-envoye-aux-coyotes\/#breadcrumb\"},\"inLanguage\":\"fr-FR\",\"potentialAction\":[{\"@type\":\"ReadAction\",\"target\":[\"https:\/\/theplayoffs.news\/fr\/actualite-nhl\/jakub-voracek-envoye-aux-coyotes\/\"]}]},{\"@type\":\"ImageObject\",\"inLanguage\":\"fr-FR\",\"@id\":\"https:\/\/theplayoffs.news\/fr\/actualite-nhl\/jakub-voracek-envoye-aux-coyotes\/#primaryimage\",\"url\":\"https:\/\/theplayoffs.news\/fr\/wp-content\/uploads\/2023\/03\/tinywow_8500c057-38ef-4141-872b-1a576dcd1209-jackets_1025_ac_41_15249227.jpg\",\"contentUrl\":\"https:\/\/theplayoffs.news\/fr\/wp-content\/uploads\/2023\/03\/tinywow_8500c057-38ef-4141-872b-1a576dcd1209-jackets_1025_ac_41_15249227.jpg\",\"width\":1920,\"height\":1265,\"caption\":\"Jakub Voracek\"},{\"@type\":\"BreadcrumbList\",\"@id\":\"https:\/\/theplayoffs.news\/fr\/actualite-nhl\/jakub-voracek-envoye-aux-coyotes\/#breadcrumb\",\"itemListElement\":[{\"@type\":\"ListItem\",\"position\":1,\"name\":\"Accueil\",\"item\":\"https:\/\/theplayoffs.news\/fr\/\"},{\"@type\":\"ListItem\",\"position\":2,\"name\":\"Jakub Voracek envoy\u00e9 aux Coyotes\"}]},{\"@type\":\"WebSite\",\"@id\":\"https:\/\/theplayoffs.news\/fr\/#website\",\"url\":\"https:\/\/theplayoffs.news\/fr\/\",\"name\":\"The Playoffs FR\",\"description\":\"NBA-NFL-NHL-MLB\",\"potentialAction\":[{\"@type\":\"SearchAction\",\"target\":{\"@type\":\"EntryPoint\",\"urlTemplate\":\"https:\/\/theplayoffs.news\/fr\/?s={search_term_string}\"},\"query-input\":{\"@type\":\"PropertyValueSpecification\",\"valueRequired\":true,\"valueName\":\"search_term_string\"}}],\"inLanguage\":\"fr-FR\"},{\"@type\":\"Person\",\"@id\":\"https:\/\/theplayoffs.news\/fr\/#\/schema\/person\/eee5b69ad5d3c51cabe881c839dbe133\",\"name\":\"Charles Taudin\",\"image\":{\"@type\":\"ImageObject\",\"inLanguage\":\"fr-FR\",\"@id\":\"https:\/\/theplayoffs.news\/fr\/#\/schema\/person\/image\/\",\"url\":\"https:\/\/secure.gravatar.com\/avatar\/59a1e772205ce9fd255edfcafc93013736822e20261f294c5753b20c41ede9f2?s=96&d=mm&r=g\",\"contentUrl\":\"https:\/\/secure.gravatar.com\/avatar\/59a1e772205ce9fd255edfcafc93013736822e20261f294c5753b20c41ede9f2?s=96&d=mm&r=g\",\"caption\":\"Charles Taudin\"},\"description\":\"R\u00e9dacteur en chef global de The Playoffs, j\u2019ai cr\u00e9\u00e9 The Free Agent, devenu The Playoffs FR, en 2020 durant la pand\u00e9mie. Amoureux depuis des ann\u00e9es des 4 sports majeurs am\u00e9ricains, j\u2019organise maintenant la strat\u00e9gie \u00e9ditoriale et les r\u00e9seaux sociaux de l\u2019ensemble des versions de The Playoffs. Il m\u2019arrive encore d\u2019\u00e9crire sur certains sports que j\u2019affectionne particuli\u00e8rement comme la NFL ou la MLB. Si vous devez retenir qu\u2019une chose : Eli Manning est le vrai GOAT pour avoir battu deux fois Tom Brady.\",\"sameAs\":[\"https:\/\/www.instagram.com\/ctaudin_\/\"],\"url\":\"https:\/\/theplayoffs.news\/fr\/author\/charles-taudin\/\"}]}<\/script>\n<!-- \/ Yoast SEO plugin. -->","yoast_head_json":{"title":"Jakub Voracek envoy&eacute; aux Coyotes - The Playoffs FR","robots":{"index":"index","follow":"follow","max-snippet":"max-snippet:-1","max-image-preview":"max-image-preview:large","max-video-preview":"max-video-preview:-1"},"canonical":"https:\/\/theplayoffs.news\/fr\/actualite-nhl\/jakub-voracek-envoye-aux-coyotes\/","og_locale":"fr_FR","og_type":"article","og_title":"Jakub Voracek envoy&eacute; aux Coyotes - The Playoffs FR","og_url":"https:\/\/theplayoffs.news\/fr\/actualite-nhl\/jakub-voracek-envoye-aux-coyotes\/","og_site_name":"The Playoffs FR","article_publisher":"https:\/\/www.facebook.com\/TheFreeAgentFR\/","article_modified_time":"2023-03-02T19:23:50+00:00","og_image":[{"width":1920,"height":1265,"url":"https:\/\/theplayoffs.news\/fr\/wp-content\/uploads\/2023\/03\/tinywow_8500c057-38ef-4141-872b-1a576dcd1209-jackets_1025_ac_41_15249227.jpg","type":"image\/jpeg"}],"author":"Charles Taudin","twitter_card":"summary_large_image","twitter_creator":"@TheFreeAgentFR","twitter_site":"@TheFreeAgentFR","twitter_misc":{"\u00c9crit par":"Charles Taudin","Dur\u00e9e de lecture estim\u00e9e":"1 minute"},"schema":{"@context":"https:\/\/schema.org","@graph":[{"@type":"WebPage","@id":"https:\/\/theplayoffs.news\/fr\/actualite-nhl\/jakub-voracek-envoye-aux-coyotes\/","url":"https:\/\/theplayoffs.news\/fr\/actualite-nhl\/jakub-voracek-envoye-aux-coyotes\/","name":"Jakub Voracek envoy\u00e9 aux Coyotes - The Playoffs FR","isPartOf":{"@id":"https:\/\/theplayoffs.news\/fr\/#website"},"primaryImageOfPage":{"@id":"https:\/\/theplayoffs.news\/fr\/actualite-nhl\/jakub-voracek-envoye-aux-coyotes\/#primaryimage"},"image":{"@id":"https:\/\/theplayoffs.news\/fr\/actualite-nhl\/jakub-voracek-envoye-aux-coyotes\/#primaryimage"},"thumbnailUrl":"https:\/\/theplayoffs.news\/fr\/wp-content\/uploads\/2023\/03\/tinywow_8500c057-38ef-4141-872b-1a576dcd1209-jackets_1025_ac_41_15249227.jpg","datePublished":"2023-03-02T19:23:49+00:00","dateModified":"2023-03-02T19:23:50+00:00","author":{"@id":"https:\/\/theplayoffs.news\/fr\/#\/schema\/person\/eee5b69ad5d3c51cabe881c839dbe133"},"breadcrumb":{"@id":"https:\/\/theplayoffs.news\/fr\/actualite-nhl\/jakub-voracek-envoye-aux-coyotes\/#breadcrumb"},"inLanguage":"fr-FR","potentialAction":[{"@type":"ReadAction","target":["https:\/\/theplayoffs.news\/fr\/actualite-nhl\/jakub-voracek-envoye-aux-coyotes\/"]}]},{"@type":"ImageObject","inLanguage":"fr-FR","@id":"https:\/\/theplayoffs.news\/fr\/actualite-nhl\/jakub-voracek-envoye-aux-coyotes\/#primaryimage","url":"https:\/\/theplayoffs.news\/fr\/wp-content\/uploads\/2023\/03\/tinywow_8500c057-38ef-4141-872b-1a576dcd1209-jackets_1025_ac_41_15249227.jpg","contentUrl":"https:\/\/theplayoffs.news\/fr\/wp-content\/uploads\/2023\/03\/tinywow_8500c057-38ef-4141-872b-1a576dcd1209-jackets_1025_ac_41_15249227.jpg","width":1920,"height":1265,"caption":"Jakub Voracek"},{"@type":"BreadcrumbList","@id":"https:\/\/theplayoffs.news\/fr\/actualite-nhl\/jakub-voracek-envoye-aux-coyotes\/#breadcrumb","itemListElement":[{"@type":"ListItem","position":1,"name":"Accueil","item":"https:\/\/theplayoffs.news\/fr\/"},{"@type":"ListItem","position":2,"name":"Jakub Voracek envoy\u00e9 aux Coyotes"}]},{"@type":"WebSite","@id":"https:\/\/theplayoffs.news\/fr\/#website","url":"https:\/\/theplayoffs.news\/fr\/","name":"The Playoffs FR","description":"NBA-NFL-NHL-MLB","potentialAction":[{"@type":"SearchAction","target":{"@type":"EntryPoint","urlTemplate":"https:\/\/theplayoffs.news\/fr\/?s={search_term_string}"},"query-input":{"@type":"PropertyValueSpecification","valueRequired":true,"valueName":"search_term_string"}}],"inLanguage":"fr-FR"},{"@type":"Person","@id":"https:\/\/theplayoffs.news\/fr\/#\/schema\/person\/eee5b69ad5d3c51cabe881c839dbe133","name":"Charles Taudin","image":{"@type":"ImageObject","inLanguage":"fr-FR","@id":"https:\/\/theplayoffs.news\/fr\/#\/schema\/person\/image\/","url":"https:\/\/secure.gravatar.com\/avatar\/59a1e772205ce9fd255edfcafc93013736822e20261f294c5753b20c41ede9f2?s=96&d=mm&r=g","contentUrl":"https:\/\/secure.gravatar.com\/avatar\/59a1e772205ce9fd255edfcafc93013736822e20261f294c5753b20c41ede9f2?s=96&d=mm&r=g","caption":"Charles Taudin"},"description":"R\u00e9dacteur en chef global de The Playoffs, j\u2019ai cr\u00e9\u00e9 The Free Agent, devenu The Playoffs FR, en 2020 durant la pand\u00e9mie. Amoureux depuis des ann\u00e9es des 4 sports majeurs am\u00e9ricains, j\u2019organise maintenant la strat\u00e9gie \u00e9ditoriale et les r\u00e9seaux sociaux de l\u2019ensemble des versions de The Playoffs. Il m\u2019arrive encore d\u2019\u00e9crire sur certains sports que j\u2019affectionne particuli\u00e8rement comme la NFL ou la MLB. Si vous devez retenir qu\u2019une chose : Eli Manning est le vrai GOAT pour avoir battu deux fois Tom Brady.","sameAs":["https:\/\/www.instagram.com\/ctaudin_\/"],"url":"https:\/\/theplayoffs.news\/fr\/author\/charles-taudin\/"}]}},"_links":{"self":[{"href":"https:\/\/theplayoffs.news\/fr\/wp-json\/wp\/v2\/posts\/570937","targetHints":{"allow":["GET"]}}],"collection":[{"href":"https:\/\/theplayoffs.news\/fr\/wp-json\/wp\/v2\/posts"}],"about":[{"href":"https:\/\/theplayoffs.news\/fr\/wp-json\/wp\/v2\/types\/post"}],"author":[{"embeddable":true,"href":"https:\/\/theplayoffs.news\/fr\/wp-json\/wp\/v2\/users\/13"}],"replies":[{"embeddable":true,"href":"https:\/\/theplayoffs.news\/fr\/wp-json\/wp\/v2\/comments?post=570937"}],"version-history":[{"count":3,"href":"https:\/\/theplayoffs.news\/fr\/wp-json\/wp\/v2\/posts\/570937\/revisions"}],"predecessor-version":[{"id":570941,"href":"https:\/\/theplayoffs.news\/fr\/wp-json\/wp\/v2\/posts\/570937\/revisions\/570941"}],"wp:featuredmedia":[{"embeddable":true,"href":"https:\/\/theplayoffs.news\/fr\/wp-json\/wp\/v2\/media\/570938"}],"wp:attachment":[{"href":"https:\/\/theplayoffs.news\/fr\/wp-json\/wp\/v2\/media?parent=570937"}],"wp:term":[{"taxonomy":"category","embeddable":true,"href":"https:\/\/theplayoffs.news\/fr\/wp-json\/wp\/v2\/categories?post=570937"},{"taxonomy":"post_tag","embeddable":true,"href":"https:\/\/theplayoffs.news\/fr\/wp-json\/wp\/v2\/tags?post=570937"},{"taxonomy":"sport","embeddable":true,"href":"https:\/\/theplayoffs.news\/fr\/wp-json\/wp\/v2\/sport?post=570937"},{"taxonomy":"saison","embeddable":true,"href":"https:\/\/theplayoffs.news\/fr\/wp-json\/wp\/v2\/saison?post=570937"}],"curies":[{"name":"wp","href":"https:\/\/api.w.org\/{rel}","templated":true}]}}