{"id":570588,"date":"2023-03-01T18:39:59","date_gmt":"2023-03-01T17:39:59","guid":{"rendered":"https:\/\/theplayoffs.news\/fr\/?p=570588"},"modified":"2023-03-01T19:46:53","modified_gmt":"2023-03-01T18:46:53","slug":"aucune-date-de-retour-pour-simmons","status":"publish","type":"post","link":"https:\/\/theplayoffs.news\/fr\/actualite-nba\/aucune-date-de-retour-pour-simmons\/","title":{"rendered":"Aucune date de retour pour Simmons"},"content":{"rendered":"<h2>Ben Simmons n&rsquo;a toujours pas retrouv&eacute; le chemin des parquets et ce depuis le 27 janvier dernier d&ucirc; &agrave; une blessure au genou. Jacque Vaughn ne sait pas quand est-ce que l&rsquo;Australien reviendra en forme.<\/h2><p>Que se passe-t-il avec Ben Simmons ? C&rsquo;est une question &agrave; laquelle nous n&rsquo;avons pas de r&eacute;ponse, pas m&ecirc;me le coach des Nets de Brooklyn Jacque Vaughn. L&rsquo;Australien n&rsquo;a plus mis les pieds sur un parquet depuis le 27 janvier dernier &agrave; cause d&rsquo;une<a href=\"https:\/\/theplayoffs.news\/fr\/nba-basketball\/ben-simmons-absent-encore-au-moins-1-match\/\" class=\"trk-cta-link\" data-cta-trk='{\"ctaType\":\"Link\",\"ctaSubType\":\"main\"}'> blessure au genou<\/a>.<\/p><p>La nuit derni&egrave;re, il &eacute;tait sur le banc des <strong>Nets face aux Bucks<\/strong> (d&eacute;faite 118-104), mais il &eacute;tait bien s&ucirc;r en tenue civil. En conf&eacute;rence de presse, la question a &eacute;t&eacute; pos&eacute; &agrave; Jacque Vaughn de savoir <a href=\"https:\/\/nypost.com\/2023\/03\/01\/nets-have-no-timeline-on-ben-simmons-return\/\" class=\"trk-cta-link\" data-cta-trk='{\"ctaType\":\"Link\",\"ctaSubType\":\"main\"}'>ce qu&rsquo;il en &eacute;tait d&rsquo;un retour de Simmons<\/a>. Il a r&eacute;pondu que ce n&rsquo;&eacute;tait pas cette semaine qu&rsquo;il allait reprendre.<\/p><blockquote><p>&laquo;&nbsp;Il est toujours en train de se remettre en terme de renforcement musculaire&nbsp;&raquo;, d&eacute;clare le coach de Brooklyn. &laquo;&nbsp;Je dirais qu&rsquo;il ne jouera pas mardi, mercredi. C&rsquo;est tout ce que j&rsquo;ai pour vous&nbsp;&raquo;.<\/p><\/blockquote><p>Pour l&rsquo;heure, aucun examen n&rsquo;est &agrave; pr&eacute;voir pour Simmons. L&rsquo;<strong>entra&icirc;neur des Nets<\/strong> reste &eacute;vasif sur un potentiel retour de son joueur.<\/p><blockquote><p>&laquo;&nbsp;Il est en train d&rsquo;essayer de se remettre le plus vite possible avec cette avantage d&ucirc; &agrave; la pause du All-Satr pour pouvoir revenir plus vite que pr&eacute;vu, il s&rsquo;entra&icirc;ne lors de nos deux jours que nous avons (par semaine) et il nous fait un retour sur les sensations qu&rsquo;il a et il continue, nous ne voulons pas revoir des signes de gonflement ou d&rsquo;une autre nature.<\/p><\/blockquote><p><strong>Ben Simmons<\/strong> n&rsquo;est pas pr&ecirc;t de retrouver les parquets aussit&ocirc;t.<\/p>\n","protected":false},"excerpt":{"rendered":"","protected":false},"author":180310140,"featured_media":570589,"comment_status":"open","ping_status":"closed","sticky":false,"template":"","format":"standard","meta":{"inline_featured_image":false,"kia_subtitle":"","_mux_skip_reasons":[],"proofreadBy":0,"footnotes":""},"categories":[110,10],"tags":[518,499],"sport":[],"saison":[],"class_list":["post-570588","post","type-post","status-publish","format-standard","has-post-thumbnail","hentry","category-actualite-nba","category-nba","tag-ben-simmons","tag-brooklyn-nets"],"acf":[],"yoast_head":"<!-- This site is optimized with the Yoast SEO plugin v24.2 - https:\/\/yoast.com\/wordpress\/plugins\/seo\/ -->\n<title>Aucune date de retour pour Simmons - The Playoffs FR<\/title>\n<meta name=\"robots\" content=\"index, follow, max-snippet:-1, max-image-preview:large, max-video-preview:-1\" \/>\n<link rel=\"canonical\" href=\"https:\/\/theplayoffs.news\/fr\/actualite-nba\/aucune-date-de-retour-pour-simmons\/\" \/>\n<meta property=\"og:locale\" content=\"fr_FR\" \/>\n<meta property=\"og:type\" content=\"article\" \/>\n<meta property=\"og:title\" content=\"Aucune date de retour pour Simmons - The Playoffs FR\" \/>\n<meta property=\"og:url\" content=\"https:\/\/theplayoffs.news\/fr\/actualite-nba\/aucune-date-de-retour-pour-simmons\/\" \/>\n<meta property=\"og:site_name\" content=\"The Playoffs FR\" \/>\n<meta property=\"article:publisher\" content=\"https:\/\/www.facebook.com\/TheFreeAgentFR\/\" \/>\n<meta property=\"article:modified_time\" content=\"2023-03-01T19:46:53+01:00\" \/>\n<meta property=\"og:image\" content=\"https:\/\/theplayoffs.news\/fr\/wp-content\/uploads\/2023\/03\/B.Simmons.jpg\" \/>\n\t<meta property=\"og:image:width\" content=\"1920\" \/>\n\t<meta property=\"og:image:height\" content=\"1080\" \/>\n\t<meta property=\"og:image:type\" content=\"image\/jpeg\" \/>\n<meta name=\"author\" content=\"Theophile Batica-ferreira\" \/>\n<meta name=\"twitter:card\" content=\"summary_large_image\" \/>\n<meta name=\"twitter:creator\" content=\"@TheFreeAgentFR\" \/>\n<meta name=\"twitter:site\" content=\"@TheFreeAgentFR\" \/>\n<meta name=\"twitter:label1\" content=\"\u00c9crit par\" \/>\n\t<meta name=\"twitter:data1\" content=\"Theophile Batica-ferreira\" \/>\n\t<meta name=\"twitter:label2\" content=\"Dur\u00e9e de lecture estim\u00e9e\" \/>\n\t<meta name=\"twitter:data2\" content=\"1 minute\" \/>\n<script type=\"application\/ld+json\" class=\"yoast-schema-graph\">{\"@context\":\"https:\/\/schema.org\",\"@graph\":[{\"@type\":\"WebPage\",\"@id\":\"https:\/\/theplayoffs.news\/fr\/actualite-nba\/aucune-date-de-retour-pour-simmons\/\",\"url\":\"https:\/\/theplayoffs.news\/fr\/actualite-nba\/aucune-date-de-retour-pour-simmons\/\",\"name\":\"Aucune date de retour pour Simmons - The Playoffs FR\",\"isPartOf\":{\"@id\":\"https:\/\/theplayoffs.news\/fr\/#website\"},\"primaryImageOfPage\":{\"@id\":\"https:\/\/theplayoffs.news\/fr\/actualite-nba\/aucune-date-de-retour-pour-simmons\/#primaryimage\"},\"image\":{\"@id\":\"https:\/\/theplayoffs.news\/fr\/actualite-nba\/aucune-date-de-retour-pour-simmons\/#primaryimage\"},\"thumbnailUrl\":\"https:\/\/theplayoffs.news\/fr\/wp-content\/uploads\/2023\/03\/B.Simmons.jpg\",\"datePublished\":\"2023-03-01T17:39:59+00:00\",\"dateModified\":\"2023-03-01T18:46:53+00:00\",\"author\":{\"@id\":\"https:\/\/theplayoffs.news\/fr\/#\/schema\/person\/28782e5d11e28ced1db43166cecdaae9\"},\"breadcrumb\":{\"@id\":\"https:\/\/theplayoffs.news\/fr\/actualite-nba\/aucune-date-de-retour-pour-simmons\/#breadcrumb\"},\"inLanguage\":\"fr-FR\",\"potentialAction\":[{\"@type\":\"ReadAction\",\"target\":[\"https:\/\/theplayoffs.news\/fr\/actualite-nba\/aucune-date-de-retour-pour-simmons\/\"]}]},{\"@type\":\"ImageObject\",\"inLanguage\":\"fr-FR\",\"@id\":\"https:\/\/theplayoffs.news\/fr\/actualite-nba\/aucune-date-de-retour-pour-simmons\/#primaryimage\",\"url\":\"https:\/\/theplayoffs.news\/fr\/wp-content\/uploads\/2023\/03\/B.Simmons.jpg\",\"contentUrl\":\"https:\/\/theplayoffs.news\/fr\/wp-content\/uploads\/2023\/03\/B.Simmons.jpg\",\"width\":1920,\"height\":1080,\"caption\":\"Ben Simmons\"},{\"@type\":\"BreadcrumbList\",\"@id\":\"https:\/\/theplayoffs.news\/fr\/actualite-nba\/aucune-date-de-retour-pour-simmons\/#breadcrumb\",\"itemListElement\":[{\"@type\":\"ListItem\",\"position\":1,\"name\":\"Accueil\",\"item\":\"https:\/\/theplayoffs.news\/fr\/\"},{\"@type\":\"ListItem\",\"position\":2,\"name\":\"Aucune date de retour pour Simmons\"}]},{\"@type\":\"WebSite\",\"@id\":\"https:\/\/theplayoffs.news\/fr\/#website\",\"url\":\"https:\/\/theplayoffs.news\/fr\/\",\"name\":\"The Playoffs FR\",\"description\":\"NBA-NFL-NHL-MLB\",\"potentialAction\":[{\"@type\":\"SearchAction\",\"target\":{\"@type\":\"EntryPoint\",\"urlTemplate\":\"https:\/\/theplayoffs.news\/fr\/?s={search_term_string}\"},\"query-input\":{\"@type\":\"PropertyValueSpecification\",\"valueRequired\":true,\"valueName\":\"search_term_string\"}}],\"inLanguage\":\"fr-FR\"},{\"@type\":\"Person\",\"@id\":\"https:\/\/theplayoffs.news\/fr\/#\/schema\/person\/28782e5d11e28ced1db43166cecdaae9\",\"name\":\"Theophile Batica-ferreira\",\"image\":{\"@type\":\"ImageObject\",\"inLanguage\":\"fr-FR\",\"@id\":\"https:\/\/theplayoffs.news\/fr\/#\/schema\/person\/image\/\",\"url\":\"https:\/\/secure.gravatar.com\/avatar\/2a8200ad0411f8ebd27c6b41622c1d7589cdf53cfc6c271372dbe6fbfd1e8159?s=96&d=mm&r=g\",\"contentUrl\":\"https:\/\/secure.gravatar.com\/avatar\/2a8200ad0411f8ebd27c6b41622c1d7589cdf53cfc6c271372dbe6fbfd1e8159?s=96&d=mm&r=g\",\"caption\":\"Theophile Batica-ferreira\"},\"url\":\"https:\/\/theplayoffs.news\/fr\/author\/theophile-batica-ferreiramediaschool-me\/\"}]}<\/script>\n<!-- \/ Yoast SEO plugin. -->","yoast_head_json":{"title":"Aucune date de retour pour Simmons - The Playoffs FR","robots":{"index":"index","follow":"follow","max-snippet":"max-snippet:-1","max-image-preview":"max-image-preview:large","max-video-preview":"max-video-preview:-1"},"canonical":"https:\/\/theplayoffs.news\/fr\/actualite-nba\/aucune-date-de-retour-pour-simmons\/","og_locale":"fr_FR","og_type":"article","og_title":"Aucune date de retour pour Simmons - The Playoffs FR","og_url":"https:\/\/theplayoffs.news\/fr\/actualite-nba\/aucune-date-de-retour-pour-simmons\/","og_site_name":"The Playoffs FR","article_publisher":"https:\/\/www.facebook.com\/TheFreeAgentFR\/","article_modified_time":"2023-03-01T18:46:53+00:00","og_image":[{"width":1920,"height":1080,"url":"https:\/\/theplayoffs.news\/fr\/wp-content\/uploads\/2023\/03\/B.Simmons.jpg","type":"image\/jpeg"}],"author":"Theophile Batica-ferreira","twitter_card":"summary_large_image","twitter_creator":"@TheFreeAgentFR","twitter_site":"@TheFreeAgentFR","twitter_misc":{"\u00c9crit par":"Theophile Batica-ferreira","Dur\u00e9e de lecture estim\u00e9e":"1 minute"},"schema":{"@context":"https:\/\/schema.org","@graph":[{"@type":"WebPage","@id":"https:\/\/theplayoffs.news\/fr\/actualite-nba\/aucune-date-de-retour-pour-simmons\/","url":"https:\/\/theplayoffs.news\/fr\/actualite-nba\/aucune-date-de-retour-pour-simmons\/","name":"Aucune date de retour pour Simmons - The Playoffs FR","isPartOf":{"@id":"https:\/\/theplayoffs.news\/fr\/#website"},"primaryImageOfPage":{"@id":"https:\/\/theplayoffs.news\/fr\/actualite-nba\/aucune-date-de-retour-pour-simmons\/#primaryimage"},"image":{"@id":"https:\/\/theplayoffs.news\/fr\/actualite-nba\/aucune-date-de-retour-pour-simmons\/#primaryimage"},"thumbnailUrl":"https:\/\/theplayoffs.news\/fr\/wp-content\/uploads\/2023\/03\/B.Simmons.jpg","datePublished":"2023-03-01T17:39:59+00:00","dateModified":"2023-03-01T18:46:53+00:00","author":{"@id":"https:\/\/theplayoffs.news\/fr\/#\/schema\/person\/28782e5d11e28ced1db43166cecdaae9"},"breadcrumb":{"@id":"https:\/\/theplayoffs.news\/fr\/actualite-nba\/aucune-date-de-retour-pour-simmons\/#breadcrumb"},"inLanguage":"fr-FR","potentialAction":[{"@type":"ReadAction","target":["https:\/\/theplayoffs.news\/fr\/actualite-nba\/aucune-date-de-retour-pour-simmons\/"]}]},{"@type":"ImageObject","inLanguage":"fr-FR","@id":"https:\/\/theplayoffs.news\/fr\/actualite-nba\/aucune-date-de-retour-pour-simmons\/#primaryimage","url":"https:\/\/theplayoffs.news\/fr\/wp-content\/uploads\/2023\/03\/B.Simmons.jpg","contentUrl":"https:\/\/theplayoffs.news\/fr\/wp-content\/uploads\/2023\/03\/B.Simmons.jpg","width":1920,"height":1080,"caption":"Ben Simmons"},{"@type":"BreadcrumbList","@id":"https:\/\/theplayoffs.news\/fr\/actualite-nba\/aucune-date-de-retour-pour-simmons\/#breadcrumb","itemListElement":[{"@type":"ListItem","position":1,"name":"Accueil","item":"https:\/\/theplayoffs.news\/fr\/"},{"@type":"ListItem","position":2,"name":"Aucune date de retour pour Simmons"}]},{"@type":"WebSite","@id":"https:\/\/theplayoffs.news\/fr\/#website","url":"https:\/\/theplayoffs.news\/fr\/","name":"The Playoffs FR","description":"NBA-NFL-NHL-MLB","potentialAction":[{"@type":"SearchAction","target":{"@type":"EntryPoint","urlTemplate":"https:\/\/theplayoffs.news\/fr\/?s={search_term_string}"},"query-input":{"@type":"PropertyValueSpecification","valueRequired":true,"valueName":"search_term_string"}}],"inLanguage":"fr-FR"},{"@type":"Person","@id":"https:\/\/theplayoffs.news\/fr\/#\/schema\/person\/28782e5d11e28ced1db43166cecdaae9","name":"Theophile Batica-ferreira","image":{"@type":"ImageObject","inLanguage":"fr-FR","@id":"https:\/\/theplayoffs.news\/fr\/#\/schema\/person\/image\/","url":"https:\/\/secure.gravatar.com\/avatar\/2a8200ad0411f8ebd27c6b41622c1d7589cdf53cfc6c271372dbe6fbfd1e8159?s=96&d=mm&r=g","contentUrl":"https:\/\/secure.gravatar.com\/avatar\/2a8200ad0411f8ebd27c6b41622c1d7589cdf53cfc6c271372dbe6fbfd1e8159?s=96&d=mm&r=g","caption":"Theophile Batica-ferreira"},"url":"https:\/\/theplayoffs.news\/fr\/author\/theophile-batica-ferreiramediaschool-me\/"}]}},"_links":{"self":[{"href":"https:\/\/theplayoffs.news\/fr\/wp-json\/wp\/v2\/posts\/570588","targetHints":{"allow":["GET"]}}],"collection":[{"href":"https:\/\/theplayoffs.news\/fr\/wp-json\/wp\/v2\/posts"}],"about":[{"href":"https:\/\/theplayoffs.news\/fr\/wp-json\/wp\/v2\/types\/post"}],"author":[{"embeddable":true,"href":"https:\/\/theplayoffs.news\/fr\/wp-json\/wp\/v2\/users\/180310140"}],"replies":[{"embeddable":true,"href":"https:\/\/theplayoffs.news\/fr\/wp-json\/wp\/v2\/comments?post=570588"}],"version-history":[{"count":2,"href":"https:\/\/theplayoffs.news\/fr\/wp-json\/wp\/v2\/posts\/570588\/revisions"}],"predecessor-version":[{"id":570591,"href":"https:\/\/theplayoffs.news\/fr\/wp-json\/wp\/v2\/posts\/570588\/revisions\/570591"}],"wp:featuredmedia":[{"embeddable":true,"href":"https:\/\/theplayoffs.news\/fr\/wp-json\/wp\/v2\/media\/570589"}],"wp:attachment":[{"href":"https:\/\/theplayoffs.news\/fr\/wp-json\/wp\/v2\/media?parent=570588"}],"wp:term":[{"taxonomy":"category","embeddable":true,"href":"https:\/\/theplayoffs.news\/fr\/wp-json\/wp\/v2\/categories?post=570588"},{"taxonomy":"post_tag","embeddable":true,"href":"https:\/\/theplayoffs.news\/fr\/wp-json\/wp\/v2\/tags?post=570588"},{"taxonomy":"sport","embeddable":true,"href":"https:\/\/theplayoffs.news\/fr\/wp-json\/wp\/v2\/sport?post=570588"},{"taxonomy":"saison","embeddable":true,"href":"https:\/\/theplayoffs.news\/fr\/wp-json\/wp\/v2\/saison?post=570588"}],"curies":[{"name":"wp","href":"https:\/\/api.w.org\/{rel}","templated":true}]}}